{"id":36893,"date":"2019-01-08T09:00:26","date_gmt":"2019-01-08T08:00:26","guid":{"rendered":"https:\/\/vosgesinfo.fr\/saintdieinfo\/2019\/01\/refuge-de-spa-deodatienne-temporairement-ferme-public-a-cause-dune-epidemie-de-toux-chenil\/"},"modified":"2019-01-08T09:00:26","modified_gmt":"2019-01-08T08:00:26","slug":"refuge-de-spa-deodatienne-temporairement-ferme-public-a-cause-dune-epidemie-de-toux-chenil","status":"publish","type":"post","link":"https:\/\/vosgesinfo.fr\/saintdieinfo\/2019\/01\/refuge-de-spa-deodatienne-temporairement-ferme-public-a-cause-dune-epidemie-de-toux-chenil\/","title":{"rendered":"Le refuge de la SPA D\u00e9odatienne temporairement ferm\u00e9 au public \u00e0 cause d&rsquo;une \u00e9pid\u00e9mie de toux du chenil"},"content":{"rendered":"<p><img decoding=\"async\" class=\"aligncenter wp-image-123695 size-medium\" src=\"\/2018\/06\/SPA_D\u00e9odatienne_Logo-349x255.jpg\" alt=\"SPA_D\u00e9odatienne_Logo\" width=\"349\" height=\"255\" \/><\/p>\n<h2><strong><span style=\"font-family: Calibri, sans-serif;\"><span style=\"font-size: large;\">Une \u00e9pid\u00e9mie de toux du chenil, ou trach\u00e9obronchite infectieuse, touche actuellement la D\u00e9odatie&#8230; et la SPA D\u00e9odatienne n&rsquo;est malheureusement pas \u00e9pargn\u00e9e par ce virus tr\u00e8s contagieux, qui contamine exclusivement les chiens.<\/span><\/span><\/strong><\/h2>\n<p><span style=\"font-family: Calibri, sans-serif;\"><span style=\"font-size: large;\">Les sympt\u00f4mes de la toux du chenil sont une toux s\u00e8che et rauque, un \u00e9coulement du nez et des yeux, une perte d&rsquo;app\u00e9tit et de la fi\u00e8vre. En cons\u00e9quence de cette \u00e9pid\u00e9mie et par mesure de pr\u00e9caution, le refuge de l&rsquo;association est actuellement ferm\u00e9 au public, et ce jusqu&rsquo;au 28 janvier prochain. De fait, toutes visites ou adoptions sont actuellement impossibles et les promenades du jeudi apr\u00e8s-midi sont suspendues.<\/span><\/span><\/p>\n<p><span style=\"font-family: Calibri, sans-serif;\"><span style=\"font-size: large;\">Pour endiguer l&rsquo;\u00e9pid\u00e9mie et soigner les animaux malades, la SPA D\u00e9odatienne lance un appel aux dons de liti\u00e8res, couvertures et m\u00e9dicaments. <em>\u00ab\u00a0Nous avons actuellement besoin de liti\u00e8re et de couvertures que nous vous invitons \u00e0 d\u00e9poser au magasin Perle \u00e0 Perle, 13 place G\u00e9n\u00e9ral De Gaulle \u00e0 Saint-Di\u00e9-des-Vosges. Nous sollicitons \u00e9galement votre g\u00e9n\u00e9rosit\u00e9 pour les m\u00e9dicaments afin d&rsquo;all\u00e9ger les frais v\u00e9t\u00e9rinaires pour tous nos loulous touch\u00e9s par le virus. Nous recherchons du Doxyval 20mg, Doxyval 100mg et Doxyval 250mg, ainsi que de la Tolf\u00e9dine 20mg, Tolf\u00e9dine 60mg et Tolf\u00e9dine 120mg. S\u2019il vous reste de ces m\u00e9dicaments dans votre pharmacie, n&rsquo;h\u00e9sitez pas \u00e0 nous les faire parvenir. <\/em><em>Nous vous remercions par avance de l&rsquo;aide que vous pourrez nous apporter.\u00a0\u00bb<\/em><\/span><\/span><\/p>\n<p>J.J.<\/p>\n","protected":false},"excerpt":{"rendered":"<p>Une \u00e9pid\u00e9mie de toux du chenil, ou trach\u00e9obronchite infectieuse, touche actuellement la D\u00e9odatie&#8230; et la SPA D\u00e9odatienne n&rsquo;est malheureusement pas [&hellip;]<\/p>\n","protected":false},"author":46,"featured_media":22589,"comment_status":"open","ping_status":"open","sticky":false,"template":"","format":"standard","meta":{"footnotes":""},"categories":[460,2915,17],"tags":[2944,4791],"class_list":["post-36893","post","type-post","status-publish","format-standard","has-post-thumbnail","hentry","category-a-la-une","category-saint-die-son-canton","category-vie-associative","tag-spa-deodatienne","tag-toux-du-chenil"],"acf":[],"yoast_head":"<!-- This site is optimized with the Yoast SEO plugin v22.5 - https:\/\/yoast.com\/wordpress\/plugins\/seo\/ -->\n<title>Le refuge de la SPA D\u00e9odatienne temporairement ferm\u00e9 au public \u00e0 cause d&#039;une \u00e9pid\u00e9mie de toux du chenil - Saint Die Info<\/title>\n<meta name=\"robots\" content=\"index, follow, max-snippet:-1, max-image-preview:large, max-video-preview:-1\" \/>\n<link rel=\"canonical\" href=\"https:\/\/vosgesinfo.fr\/saintdieinfo\/2019\/01\/refuge-de-spa-deodatienne-temporairement-ferme-public-a-cause-dune-epidemie-de-toux-chenil\/\" \/>\n<meta name=\"twitter:card\" content=\"summary_large_image\" \/>\n<meta name=\"twitter:title\" content=\"Le refuge de la SPA D\u00e9odatienne temporairement ferm\u00e9 au public \u00e0 cause d&#039;une \u00e9pid\u00e9mie de toux du chenil - Saint Die Info\" \/>\n<meta name=\"twitter:description\" content=\"Une \u00e9pid\u00e9mie de toux du chenil, ou trach\u00e9obronchite infectieuse, touche actuellement la D\u00e9odatie&#8230; et la SPA D\u00e9odatienne n&rsquo;est malheureusement pas [&hellip;]\" \/>\n<meta name=\"twitter:image\" content=\"https:\/\/vosgesinfo.fr\/app\/uploads\/sites\/4\/2018\/06\/spa-deodatienne-logo.jpg\" \/>\n<meta name=\"twitter:creator\" content=\"@VosgesInfo88\" \/>\n<meta name=\"twitter:site\" content=\"@VosgesInfo88\" \/>\n<meta name=\"twitter:label1\" content=\"\u00c9crit par\" \/>\n\t<meta name=\"twitter:data1\" content=\"J.J.\" \/>\n\t<meta name=\"twitter:label2\" content=\"Dur\u00e9e de lecture estim\u00e9e\" \/>\n\t<meta name=\"twitter:data2\" content=\"1 minute\" \/>\n<script type=\"application\/ld+json\" class=\"yoast-schema-graph\">{\"@context\":\"https:\/\/schema.org\",\"@graph\":[{\"@type\":\"Article\",\"@id\":\"https:\/\/vosgesinfo.fr\/saintdieinfo\/2019\/01\/refuge-de-spa-deodatienne-temporairement-ferme-public-a-cause-dune-epidemie-de-toux-chenil\/#article\",\"isPartOf\":{\"@id\":\"https:\/\/vosgesinfo.fr\/saintdieinfo\/2019\/01\/refuge-de-spa-deodatienne-temporairement-ferme-public-a-cause-dune-epidemie-de-toux-chenil\/\"},\"author\":{\"name\":\"J.J.\",\"@id\":\"https:\/\/vosgesinfo.fr\/saintdieinfo\/#\/schema\/person\/fa73e9f726d67bb88f46d5b7943cb572\"},\"headline\":\"Le refuge de la SPA D\u00e9odatienne temporairement ferm\u00e9 au public \u00e0 cause d&rsquo;une \u00e9pid\u00e9mie de toux du chenil\",\"datePublished\":\"2019-01-08T08:00:26+00:00\",\"dateModified\":\"2019-01-08T08:00:26+00:00\",\"mainEntityOfPage\":{\"@id\":\"https:\/\/vosgesinfo.fr\/saintdieinfo\/2019\/01\/refuge-de-spa-deodatienne-temporairement-ferme-public-a-cause-dune-epidemie-de-toux-chenil\/\"},\"wordCount\":278,\"commentCount\":0,\"publisher\":{\"@id\":\"https:\/\/vosgesinfo.fr\/saintdieinfo\/#organization\"},\"image\":{\"@id\":\"https:\/\/vosgesinfo.fr\/saintdieinfo\/2019\/01\/refuge-de-spa-deodatienne-temporairement-ferme-public-a-cause-dune-epidemie-de-toux-chenil\/#primaryimage\"},\"thumbnailUrl\":\"https:\/\/vosgesinfo.fr\/app\/uploads\/sites\/4\/2018\/06\/spa-deodatienne-logo.jpg\",\"keywords\":[\"SPA D\u00e9odatienne\",\"Toux du chenil\"],\"articleSection\":[\"A la Une\",\"Saint-Di\u00e9-des-Vosges et son Agglom\u00e9ration\",\"Vie Associative\"],\"inLanguage\":\"fr-FR\",\"potentialAction\":[{\"@type\":\"CommentAction\",\"name\":\"Comment\",\"target\":[\"https:\/\/vosgesinfo.fr\/saintdieinfo\/2019\/01\/refuge-de-spa-deodatienne-temporairement-ferme-public-a-cause-dune-epidemie-de-toux-chenil\/#respond\"]}]},{\"@type\":\"WebPage\",\"@id\":\"https:\/\/vosgesinfo.fr\/saintdieinfo\/2019\/01\/refuge-de-spa-deodatienne-temporairement-ferme-public-a-cause-dune-epidemie-de-toux-chenil\/\",\"url\":\"https:\/\/vosgesinfo.fr\/saintdieinfo\/2019\/01\/refuge-de-spa-deodatienne-temporairement-ferme-public-a-cause-dune-epidemie-de-toux-chenil\/\",\"name\":\"Le refuge de la SPA D\u00e9odatienne temporairement ferm\u00e9 au public \u00e0 cause d'une \u00e9pid\u00e9mie de toux du chenil - Saint Die Info\",\"isPartOf\":{\"@id\":\"https:\/\/vosgesinfo.fr\/saintdieinfo\/#website\"},\"primaryImageOfPage\":{\"@id\":\"https:\/\/vosgesinfo.fr\/saintdieinfo\/2019\/01\/refuge-de-spa-deodatienne-temporairement-ferme-public-a-cause-dune-epidemie-de-toux-chenil\/#primaryimage\"},\"image\":{\"@id\":\"https:\/\/vosgesinfo.fr\/saintdieinfo\/2019\/01\/refuge-de-spa-deodatienne-temporairement-ferme-public-a-cause-dune-epidemie-de-toux-chenil\/#primaryimage\"},\"thumbnailUrl\":\"https:\/\/vosgesinfo.fr\/app\/uploads\/sites\/4\/2018\/06\/spa-deodatienne-logo.jpg\",\"datePublished\":\"2019-01-08T08:00:26+00:00\",\"dateModified\":\"2019-01-08T08:00:26+00:00\",\"breadcrumb\":{\"@id\":\"https:\/\/vosgesinfo.fr\/saintdieinfo\/2019\/01\/refuge-de-spa-deodatienne-temporairement-ferme-public-a-cause-dune-epidemie-de-toux-chenil\/#breadcrumb\"},\"inLanguage\":\"fr-FR\",\"potentialAction\":[{\"@type\":\"ReadAction\",\"target\":[\"https:\/\/vosgesinfo.fr\/saintdieinfo\/2019\/01\/refuge-de-spa-deodatienne-temporairement-ferme-public-a-cause-dune-epidemie-de-toux-chenil\/\"]}]},{\"@type\":\"ImageObject\",\"inLanguage\":\"fr-FR\",\"@id\":\"https:\/\/vosgesinfo.fr\/saintdieinfo\/2019\/01\/refuge-de-spa-deodatienne-temporairement-ferme-public-a-cause-dune-epidemie-de-toux-chenil\/#primaryimage\",\"url\":\"https:\/\/vosgesinfo.fr\/app\/uploads\/sites\/4\/2018\/06\/spa-deodatienne-logo.jpg\",\"contentUrl\":\"https:\/\/vosgesinfo.fr\/app\/uploads\/sites\/4\/2018\/06\/spa-deodatienne-logo.jpg\",\"width\":1240,\"height\":905},{\"@type\":\"BreadcrumbList\",\"@id\":\"https:\/\/vosgesinfo.fr\/saintdieinfo\/2019\/01\/refuge-de-spa-deodatienne-temporairement-ferme-public-a-cause-dune-epidemie-de-toux-chenil\/#breadcrumb\",\"itemListElement\":[{\"@type\":\"ListItem\",\"position\":1,\"name\":\"Home\",\"item\":\"https:\/\/vosgesinfo.fr\/saintdieinfo\/\"},{\"@type\":\"ListItem\",\"position\":2,\"name\":\"Le refuge de la SPA D\u00e9odatienne temporairement ferm\u00e9 au public \u00e0 cause d&rsquo;une \u00e9pid\u00e9mie de toux du chenil\"}]},{\"@type\":\"WebSite\",\"@id\":\"https:\/\/vosgesinfo.fr\/saintdieinfo\/#website\",\"url\":\"https:\/\/vosgesinfo.fr\/saintdieinfo\/\",\"name\":\"Saint Die Info\",\"description\":\"Toute l&#039;actualit\u00e9 de Saint-Di\u00e9-Des-Vosges\",\"publisher\":{\"@id\":\"https:\/\/vosgesinfo.fr\/saintdieinfo\/#organization\"},\"alternateName\":\"Toute l'actualit\u00e9 de Saint-Di\u00e9-Des-Vosges\",\"potentialAction\":[{\"@type\":\"SearchAction\",\"target\":{\"@type\":\"EntryPoint\",\"urlTemplate\":\"https:\/\/vosgesinfo.fr\/saintdieinfo\/?s={search_term_string}\"},\"query-input\":\"required name=search_term_string\"}],\"inLanguage\":\"fr-FR\"},{\"@type\":\"Organization\",\"@id\":\"https:\/\/vosgesinfo.fr\/saintdieinfo\/#organization\",\"name\":\"Saint Die Info\",\"url\":\"https:\/\/vosgesinfo.fr\/saintdieinfo\/\",\"logo\":{\"@type\":\"ImageObject\",\"inLanguage\":\"fr-FR\",\"@id\":\"https:\/\/vosgesinfo.fr\/saintdieinfo\/#\/schema\/logo\/image\/\",\"url\":\"https:\/\/vosgesinfo.fr\/app\/uploads\/sites\/4\/2024\/02\/logo-sdi.jpg\",\"contentUrl\":\"https:\/\/vosgesinfo.fr\/app\/uploads\/sites\/4\/2024\/02\/logo-sdi.jpg\",\"width\":600,\"height\":600,\"caption\":\"Saint Die Info\"},\"image\":{\"@id\":\"https:\/\/vosgesinfo.fr\/saintdieinfo\/#\/schema\/logo\/image\/\"},\"sameAs\":[\"https:\/\/www.facebook.com\/Saintdieinfofr\",\"https:\/\/x.com\/VosgesInfo88\",\"https:\/\/www.youtube.com\/@vosgesinfo\"]},{\"@type\":\"Person\",\"@id\":\"https:\/\/vosgesinfo.fr\/saintdieinfo\/#\/schema\/person\/fa73e9f726d67bb88f46d5b7943cb572\",\"name\":\"J.J.\",\"image\":{\"@type\":\"ImageObject\",\"inLanguage\":\"fr-FR\",\"@id\":\"https:\/\/vosgesinfo.fr\/saintdieinfo\/#\/schema\/person\/image\/\",\"url\":\"https:\/\/secure.gravatar.com\/avatar\/219e749e47ffbcca018a360ae4add7d4cdf1cdaaf8bc7676b27efade3fe65615?s=96&d=mm&r=g\",\"contentUrl\":\"https:\/\/secure.gravatar.com\/avatar\/219e749e47ffbcca018a360ae4add7d4cdf1cdaaf8bc7676b27efade3fe65615?s=96&d=mm&r=g\",\"caption\":\"J.J.\"},\"url\":\"https:\/\/vosgesinfo.fr\/saintdieinfo\/author\/j-j\/\"}]}<\/script>\n<!-- \/ Yoast SEO plugin. -->","yoast_head_json":{"title":"Le refuge de la SPA D\u00e9odatienne temporairement ferm\u00e9 au public \u00e0 cause d'une \u00e9pid\u00e9mie de toux du chenil - Saint Die Info","robots":{"index":"index","follow":"follow","max-snippet":"max-snippet:-1","max-image-preview":"max-image-preview:large","max-video-preview":"max-video-preview:-1"},"canonical":"https:\/\/vosgesinfo.fr\/saintdieinfo\/2019\/01\/refuge-de-spa-deodatienne-temporairement-ferme-public-a-cause-dune-epidemie-de-toux-chenil\/","twitter_card":"summary_large_image","twitter_title":"Le refuge de la SPA D\u00e9odatienne temporairement ferm\u00e9 au public \u00e0 cause d'une \u00e9pid\u00e9mie de toux du chenil - Saint Die Info","twitter_description":"Une \u00e9pid\u00e9mie de toux du chenil, ou trach\u00e9obronchite infectieuse, touche actuellement la D\u00e9odatie&#8230; et la SPA D\u00e9odatienne n&rsquo;est malheureusement pas [&hellip;]","twitter_image":"https:\/\/vosgesinfo.fr\/app\/uploads\/sites\/4\/2018\/06\/spa-deodatienne-logo.jpg","twitter_creator":"@VosgesInfo88","twitter_site":"@VosgesInfo88","twitter_misc":{"\u00c9crit par":"J.J.","Dur\u00e9e de lecture estim\u00e9e":"1 minute"},"schema":{"@context":"https:\/\/schema.org","@graph":[{"@type":"Article","@id":"https:\/\/vosgesinfo.fr\/saintdieinfo\/2019\/01\/refuge-de-spa-deodatienne-temporairement-ferme-public-a-cause-dune-epidemie-de-toux-chenil\/#article","isPartOf":{"@id":"https:\/\/vosgesinfo.fr\/saintdieinfo\/2019\/01\/refuge-de-spa-deodatienne-temporairement-ferme-public-a-cause-dune-epidemie-de-toux-chenil\/"},"author":{"name":"J.J.","@id":"https:\/\/vosgesinfo.fr\/saintdieinfo\/#\/schema\/person\/fa73e9f726d67bb88f46d5b7943cb572"},"headline":"Le refuge de la SPA D\u00e9odatienne temporairement ferm\u00e9 au public \u00e0 cause d&rsquo;une \u00e9pid\u00e9mie de toux du chenil","datePublished":"2019-01-08T08:00:26+00:00","dateModified":"2019-01-08T08:00:26+00:00","mainEntityOfPage":{"@id":"https:\/\/vosgesinfo.fr\/saintdieinfo\/2019\/01\/refuge-de-spa-deodatienne-temporairement-ferme-public-a-cause-dune-epidemie-de-toux-chenil\/"},"wordCount":278,"commentCount":0,"publisher":{"@id":"https:\/\/vosgesinfo.fr\/saintdieinfo\/#organization"},"image":{"@id":"https:\/\/vosgesinfo.fr\/saintdieinfo\/2019\/01\/refuge-de-spa-deodatienne-temporairement-ferme-public-a-cause-dune-epidemie-de-toux-chenil\/#primaryimage"},"thumbnailUrl":"https:\/\/vosgesinfo.fr\/app\/uploads\/sites\/4\/2018\/06\/spa-deodatienne-logo.jpg","keywords":["SPA D\u00e9odatienne","Toux du chenil"],"articleSection":["A la Une","Saint-Di\u00e9-des-Vosges et son Agglom\u00e9ration","Vie Associative"],"inLanguage":"fr-FR","potentialAction":[{"@type":"CommentAction","name":"Comment","target":["https:\/\/vosgesinfo.fr\/saintdieinfo\/2019\/01\/refuge-de-spa-deodatienne-temporairement-ferme-public-a-cause-dune-epidemie-de-toux-chenil\/#respond"]}]},{"@type":"WebPage","@id":"https:\/\/vosgesinfo.fr\/saintdieinfo\/2019\/01\/refuge-de-spa-deodatienne-temporairement-ferme-public-a-cause-dune-epidemie-de-toux-chenil\/","url":"https:\/\/vosgesinfo.fr\/saintdieinfo\/2019\/01\/refuge-de-spa-deodatienne-temporairement-ferme-public-a-cause-dune-epidemie-de-toux-chenil\/","name":"Le refuge de la SPA D\u00e9odatienne temporairement ferm\u00e9 au public \u00e0 cause d'une \u00e9pid\u00e9mie de toux du chenil - Saint Die Info","isPartOf":{"@id":"https:\/\/vosgesinfo.fr\/saintdieinfo\/#website"},"primaryImageOfPage":{"@id":"https:\/\/vosgesinfo.fr\/saintdieinfo\/2019\/01\/refuge-de-spa-deodatienne-temporairement-ferme-public-a-cause-dune-epidemie-de-toux-chenil\/#primaryimage"},"image":{"@id":"https:\/\/vosgesinfo.fr\/saintdieinfo\/2019\/01\/refuge-de-spa-deodatienne-temporairement-ferme-public-a-cause-dune-epidemie-de-toux-chenil\/#primaryimage"},"thumbnailUrl":"https:\/\/vosgesinfo.fr\/app\/uploads\/sites\/4\/2018\/06\/spa-deodatienne-logo.jpg","datePublished":"2019-01-08T08:00:26+00:00","dateModified":"2019-01-08T08:00:26+00:00","breadcrumb":{"@id":"https:\/\/vosgesinfo.fr\/saintdieinfo\/2019\/01\/refuge-de-spa-deodatienne-temporairement-ferme-public-a-cause-dune-epidemie-de-toux-chenil\/#breadcrumb"},"inLanguage":"fr-FR","potentialAction":[{"@type":"ReadAction","target":["https:\/\/vosgesinfo.fr\/saintdieinfo\/2019\/01\/refuge-de-spa-deodatienne-temporairement-ferme-public-a-cause-dune-epidemie-de-toux-chenil\/"]}]},{"@type":"ImageObject","inLanguage":"fr-FR","@id":"https:\/\/vosgesinfo.fr\/saintdieinfo\/2019\/01\/refuge-de-spa-deodatienne-temporairement-ferme-public-a-cause-dune-epidemie-de-toux-chenil\/#primaryimage","url":"https:\/\/vosgesinfo.fr\/app\/uploads\/sites\/4\/2018\/06\/spa-deodatienne-logo.jpg","contentUrl":"https:\/\/vosgesinfo.fr\/app\/uploads\/sites\/4\/2018\/06\/spa-deodatienne-logo.jpg","width":1240,"height":905},{"@type":"BreadcrumbList","@id":"https:\/\/vosgesinfo.fr\/saintdieinfo\/2019\/01\/refuge-de-spa-deodatienne-temporairement-ferme-public-a-cause-dune-epidemie-de-toux-chenil\/#breadcrumb","itemListElement":[{"@type":"ListItem","position":1,"name":"Home","item":"https:\/\/vosgesinfo.fr\/saintdieinfo\/"},{"@type":"ListItem","position":2,"name":"Le refuge de la SPA D\u00e9odatienne temporairement ferm\u00e9 au public \u00e0 cause d&rsquo;une \u00e9pid\u00e9mie de toux du chenil"}]},{"@type":"WebSite","@id":"https:\/\/vosgesinfo.fr\/saintdieinfo\/#website","url":"https:\/\/vosgesinfo.fr\/saintdieinfo\/","name":"Saint Die Info","description":"Toute l&#039;actualit\u00e9 de Saint-Di\u00e9-Des-Vosges","publisher":{"@id":"https:\/\/vosgesinfo.fr\/saintdieinfo\/#organization"},"alternateName":"Toute l'actualit\u00e9 de Saint-Di\u00e9-Des-Vosges","potentialAction":[{"@type":"SearchAction","target":{"@type":"EntryPoint","urlTemplate":"https:\/\/vosgesinfo.fr\/saintdieinfo\/?s={search_term_string}"},"query-input":"required name=search_term_string"}],"inLanguage":"fr-FR"},{"@type":"Organization","@id":"https:\/\/vosgesinfo.fr\/saintdieinfo\/#organization","name":"Saint Die Info","url":"https:\/\/vosgesinfo.fr\/saintdieinfo\/","logo":{"@type":"ImageObject","inLanguage":"fr-FR","@id":"https:\/\/vosgesinfo.fr\/saintdieinfo\/#\/schema\/logo\/image\/","url":"https:\/\/vosgesinfo.fr\/app\/uploads\/sites\/4\/2024\/02\/logo-sdi.jpg","contentUrl":"https:\/\/vosgesinfo.fr\/app\/uploads\/sites\/4\/2024\/02\/logo-sdi.jpg","width":600,"height":600,"caption":"Saint Die Info"},"image":{"@id":"https:\/\/vosgesinfo.fr\/saintdieinfo\/#\/schema\/logo\/image\/"},"sameAs":["https:\/\/www.facebook.com\/Saintdieinfofr","https:\/\/x.com\/VosgesInfo88","https:\/\/www.youtube.com\/@vosgesinfo"]},{"@type":"Person","@id":"https:\/\/vosgesinfo.fr\/saintdieinfo\/#\/schema\/person\/fa73e9f726d67bb88f46d5b7943cb572","name":"J.J.","image":{"@type":"ImageObject","inLanguage":"fr-FR","@id":"https:\/\/vosgesinfo.fr\/saintdieinfo\/#\/schema\/person\/image\/","url":"https:\/\/secure.gravatar.com\/avatar\/219e749e47ffbcca018a360ae4add7d4cdf1cdaaf8bc7676b27efade3fe65615?s=96&d=mm&r=g","contentUrl":"https:\/\/secure.gravatar.com\/avatar\/219e749e47ffbcca018a360ae4add7d4cdf1cdaaf8bc7676b27efade3fe65615?s=96&d=mm&r=g","caption":"J.J."},"url":"https:\/\/vosgesinfo.fr\/saintdieinfo\/author\/j-j\/"}]}},"_links":{"self":[{"href":"https:\/\/vosgesinfo.fr\/saintdieinfo\/wp-json\/wp\/v2\/posts\/36893","targetHints":{"allow":["GET"]}}],"collection":[{"href":"https:\/\/vosgesinfo.fr\/saintdieinfo\/wp-json\/wp\/v2\/posts"}],"about":[{"href":"https:\/\/vosgesinfo.fr\/saintdieinfo\/wp-json\/wp\/v2\/types\/post"}],"author":[{"embeddable":true,"href":"https:\/\/vosgesinfo.fr\/saintdieinfo\/wp-json\/wp\/v2\/users\/46"}],"replies":[{"embeddable":true,"href":"https:\/\/vosgesinfo.fr\/saintdieinfo\/wp-json\/wp\/v2\/comments?post=36893"}],"version-history":[{"count":0,"href":"https:\/\/vosgesinfo.fr\/saintdieinfo\/wp-json\/wp\/v2\/posts\/36893\/revisions"}],"wp:featuredmedia":[{"embeddable":true,"href":"https:\/\/vosgesinfo.fr\/saintdieinfo\/wp-json\/wp\/v2\/media\/22589"}],"wp:attachment":[{"href":"https:\/\/vosgesinfo.fr\/saintdieinfo\/wp-json\/wp\/v2\/media?parent=36893"}],"wp:term":[{"taxonomy":"category","embeddable":true,"href":"https:\/\/vosgesinfo.fr\/saintdieinfo\/wp-json\/wp\/v2\/categories?post=36893"},{"taxonomy":"post_tag","embeddable":true,"href":"https:\/\/vosgesinfo.fr\/saintdieinfo\/wp-json\/wp\/v2\/tags?post=36893"}],"curies":[{"name":"wp","href":"https:\/\/api.w.org\/{rel}","templated":true}]}}