{"id":36898,"date":"2019-01-08T08:30:44","date_gmt":"2019-01-08T07:30:44","guid":{"rendered":"https:\/\/vosgesinfo.fr\/saintdieinfo\/2019\/01\/vingtaine-de-personnes-se-rassemblees-a-saint-die-vosges-contre-pesticides-de-synthese\/"},"modified":"2019-01-08T08:30:44","modified_gmt":"2019-01-08T07:30:44","slug":"vingtaine-de-personnes-se-rassemblees-a-saint-die-vosges-contre-pesticides-de-synthese","status":"publish","type":"post","link":"https:\/\/vosgesinfo.fr\/saintdieinfo\/2019\/01\/vingtaine-de-personnes-se-rassemblees-a-saint-die-vosges-contre-pesticides-de-synthese\/","title":{"rendered":"Une vingtaine de personnes se sont rassembl\u00e9es \u00e0 Saint-Di\u00e9-des-Vosges contre les pesticides de synth\u00e8se"},"content":{"rendered":"<div id=\"attachment_132383\" style=\"width: 810px\" class=\"wp-caption aligncenter\"><a href=\"\/2019\/01\/Rassemblement_SDDV_Nous_Voulons_Coquelicots.jpg\" target=\"_blank\" rel=\"noopener\"><img decoding=\"async\" aria-describedby=\"caption-attachment-132383\" class=\"wp-image-132383 size-full\" src=\"\/2019\/01\/Rassemblement_SDDV_Nous_Voulons_Coquelicots.jpg\" alt=\"Rassemblement_SDDV_Nous_Voulons_Coquelicots\" width=\"800\" height=\"533\" \/><\/a><p id=\"caption-attachment-132383\" class=\"wp-caption-text\">(Cr\u00e9dit photographique Nous Voulons des Coquelicots)<\/p><\/div>\n<h2><span style=\"font-family: Calibri, sans-serif;\"><span style=\"font-size: large;\"><b>Les f\u00eates se finissaient, le froid s&rsquo;invitait&#8230; peu de monde dans les rues ce vendredi 4 janvier mais le rassemblement pour les Coquelicots \u00e9tait tout de m\u00eame l\u00e0 !<\/b><\/span><\/span><\/h2>\n<p><span style=\"font-family: Calibri, sans-serif;\"><span style=\"font-size: large;\">Organis\u00e9 par Les Amis de la Nature et Vosges Nature Environnement, c&rsquo;\u00e9tait leur deuxi\u00e8me rassemblement \u00e0 Saint-Di\u00e9-des-Vosges, auquel a pris part une vingtaine de personnes. Malgr\u00e9 leur \u2013 relativement \u2013 faible nombre, ces personnes ont tout de m\u00eame fait monter le nombre de signatures pour la p\u00e9tition en ligne <strong><a href=\"https:\/\/nousvoulonsdescoquelicots.org\/\" target=\"_blank\" rel=\"noopener\">https:\/\/nousvoulonsdescoquelicots.org\/<\/a><\/strong>, qui appelle \u00e0 l&rsquo;interdiction de tous les pesticides de synth\u00e8se.<\/span><\/span><\/p>\n<p><span style=\"font-family: Calibri, sans-serif;\"><span style=\"font-size: large;\">Ces m\u00eames personnes sont de plus bien d\u00e9cid\u00e9es \u00e0 poursuivre le mouvement et \u00e0 l&rsquo;amplifier dans les mois \u00e0 venir, tout en comptant sur la pr\u00e9sence des D\u00e9odatiens aux prochains rendez-vous. Soit le premier vendredi de chaque mois. Pour conna\u00eetre le prochain point de rassemblement, veuillez consulter le site\u00a0<strong><a href=\"https:\/\/nousvoulonsdescoquelicots.org\/agir-ensemble\/\" target=\"_blank\" rel=\"noopener\">https:\/\/nousvoulonsdescoquelicots.org\/agir-ensemble\/<\/a><\/strong> ou le site Internet de <strong><a href=\"http:\/\/www.vne88.fr\/\" target=\"_blank\" rel=\"noopener\">\u00ab\u00a0Vosges Nature Environnement\u00a0\u00bb.<\/a><\/strong><\/span><\/span><\/p>\n","protected":false},"excerpt":{"rendered":"<p>Les f\u00eates se finissaient, le froid s&rsquo;invitait&#8230; peu de monde dans les rues ce vendredi 4 janvier mais le rassemblement [&hellip;]<\/p>\n","protected":false},"author":44,"featured_media":36899,"comment_status":"open","ping_status":"open","sticky":false,"template":"","format":"standard","meta":{"footnotes":""},"categories":[460,2915,13,17],"tags":[2951,7020,7021,2862],"class_list":["post-36898","post","type-post","status-publish","format-standard","has-post-thumbnail","hentry","category-a-la-une","category-saint-die-son-canton","category-societe","category-vie-associative","tag-amis-de-la-nature","tag-nous-voulons-des-coquelicots","tag-petition-contre-les-pesticides-de-synthese","tag-vosges-nature-environnement"],"acf":[],"yoast_head":"<!-- This site is optimized with the Yoast SEO plugin v22.5 - https:\/\/yoast.com\/wordpress\/plugins\/seo\/ -->\n<title>Une vingtaine de personnes se sont rassembl\u00e9es \u00e0 Saint-Di\u00e9-des-Vosges contre les pesticides de synth\u00e8se - Saint Die Info<\/title>\n<meta name=\"robots\" content=\"index, follow, max-snippet:-1, max-image-preview:large, max-video-preview:-1\" \/>\n<link rel=\"canonical\" href=\"https:\/\/vosgesinfo.fr\/saintdieinfo\/2019\/01\/vingtaine-de-personnes-se-rassemblees-a-saint-die-vosges-contre-pesticides-de-synthese\/\" \/>\n<meta name=\"twitter:card\" content=\"summary_large_image\" \/>\n<meta name=\"twitter:title\" content=\"Une vingtaine de personnes se sont rassembl\u00e9es \u00e0 Saint-Di\u00e9-des-Vosges contre les pesticides de synth\u00e8se - Saint Die Info\" \/>\n<meta name=\"twitter:description\" content=\"Les f\u00eates se finissaient, le froid s&rsquo;invitait&#8230; peu de monde dans les rues ce vendredi 4 janvier mais le rassemblement [&hellip;]\" \/>\n<meta name=\"twitter:image\" content=\"https:\/\/vosgesinfo.fr\/app\/uploads\/sites\/4\/2024\/08\/201901rassemblement-sddv-nous-voulons-coquelicots.jpg\" \/>\n<meta name=\"twitter:creator\" content=\"@VosgesInfo88\" \/>\n<meta name=\"twitter:site\" content=\"@VosgesInfo88\" \/>\n<meta name=\"twitter:label1\" content=\"\u00c9crit par\" \/>\n\t<meta name=\"twitter:data1\" content=\"la r\u00e9daction\" \/>\n\t<meta name=\"twitter:label2\" content=\"Dur\u00e9e de lecture estim\u00e9e\" \/>\n\t<meta name=\"twitter:data2\" content=\"1 minute\" \/>\n<script type=\"application\/ld+json\" class=\"yoast-schema-graph\">{\"@context\":\"https:\/\/schema.org\",\"@graph\":[{\"@type\":\"Article\",\"@id\":\"https:\/\/vosgesinfo.fr\/saintdieinfo\/2019\/01\/vingtaine-de-personnes-se-rassemblees-a-saint-die-vosges-contre-pesticides-de-synthese\/#article\",\"isPartOf\":{\"@id\":\"https:\/\/vosgesinfo.fr\/saintdieinfo\/2019\/01\/vingtaine-de-personnes-se-rassemblees-a-saint-die-vosges-contre-pesticides-de-synthese\/\"},\"author\":{\"name\":\"la r\u00e9daction\",\"@id\":\"https:\/\/vosgesinfo.fr\/saintdieinfo\/#\/schema\/person\/faee6704a21f3977511db84bd1cd450f\"},\"headline\":\"Une vingtaine de personnes se sont rassembl\u00e9es \u00e0 Saint-Di\u00e9-des-Vosges contre les pesticides de synth\u00e8se\",\"datePublished\":\"2019-01-08T07:30:44+00:00\",\"dateModified\":\"2019-01-08T07:30:44+00:00\",\"mainEntityOfPage\":{\"@id\":\"https:\/\/vosgesinfo.fr\/saintdieinfo\/2019\/01\/vingtaine-de-personnes-se-rassemblees-a-saint-die-vosges-contre-pesticides-de-synthese\/\"},\"wordCount\":190,\"commentCount\":0,\"publisher\":{\"@id\":\"https:\/\/vosgesinfo.fr\/saintdieinfo\/#organization\"},\"image\":{\"@id\":\"https:\/\/vosgesinfo.fr\/saintdieinfo\/2019\/01\/vingtaine-de-personnes-se-rassemblees-a-saint-die-vosges-contre-pesticides-de-synthese\/#primaryimage\"},\"thumbnailUrl\":\"https:\/\/vosgesinfo.fr\/app\/uploads\/sites\/4\/2024\/08\/201901rassemblement-sddv-nous-voulons-coquelicots.jpg\",\"keywords\":[\"Amis de la Nature\",\"Nous voulons des coquelicots\",\"P\u00e9tition contre les pesticides de synth\u00e8se\",\"Vosges Nature Environnement\"],\"articleSection\":[\"A la Une\",\"Saint-Di\u00e9-des-Vosges et son Agglom\u00e9ration\",\"Soci\u00e9t\u00e9\",\"Vie Associative\"],\"inLanguage\":\"fr-FR\",\"potentialAction\":[{\"@type\":\"CommentAction\",\"name\":\"Comment\",\"target\":[\"https:\/\/vosgesinfo.fr\/saintdieinfo\/2019\/01\/vingtaine-de-personnes-se-rassemblees-a-saint-die-vosges-contre-pesticides-de-synthese\/#respond\"]}]},{\"@type\":\"WebPage\",\"@id\":\"https:\/\/vosgesinfo.fr\/saintdieinfo\/2019\/01\/vingtaine-de-personnes-se-rassemblees-a-saint-die-vosges-contre-pesticides-de-synthese\/\",\"url\":\"https:\/\/vosgesinfo.fr\/saintdieinfo\/2019\/01\/vingtaine-de-personnes-se-rassemblees-a-saint-die-vosges-contre-pesticides-de-synthese\/\",\"name\":\"Une vingtaine de personnes se sont rassembl\u00e9es \u00e0 Saint-Di\u00e9-des-Vosges contre les pesticides de synth\u00e8se - Saint Die Info\",\"isPartOf\":{\"@id\":\"https:\/\/vosgesinfo.fr\/saintdieinfo\/#website\"},\"primaryImageOfPage\":{\"@id\":\"https:\/\/vosgesinfo.fr\/saintdieinfo\/2019\/01\/vingtaine-de-personnes-se-rassemblees-a-saint-die-vosges-contre-pesticides-de-synthese\/#primaryimage\"},\"image\":{\"@id\":\"https:\/\/vosgesinfo.fr\/saintdieinfo\/2019\/01\/vingtaine-de-personnes-se-rassemblees-a-saint-die-vosges-contre-pesticides-de-synthese\/#primaryimage\"},\"thumbnailUrl\":\"https:\/\/vosgesinfo.fr\/app\/uploads\/sites\/4\/2024\/08\/201901rassemblement-sddv-nous-voulons-coquelicots.jpg\",\"datePublished\":\"2019-01-08T07:30:44+00:00\",\"dateModified\":\"2019-01-08T07:30:44+00:00\",\"breadcrumb\":{\"@id\":\"https:\/\/vosgesinfo.fr\/saintdieinfo\/2019\/01\/vingtaine-de-personnes-se-rassemblees-a-saint-die-vosges-contre-pesticides-de-synthese\/#breadcrumb\"},\"inLanguage\":\"fr-FR\",\"potentialAction\":[{\"@type\":\"ReadAction\",\"target\":[\"https:\/\/vosgesinfo.fr\/saintdieinfo\/2019\/01\/vingtaine-de-personnes-se-rassemblees-a-saint-die-vosges-contre-pesticides-de-synthese\/\"]}]},{\"@type\":\"ImageObject\",\"inLanguage\":\"fr-FR\",\"@id\":\"https:\/\/vosgesinfo.fr\/saintdieinfo\/2019\/01\/vingtaine-de-personnes-se-rassemblees-a-saint-die-vosges-contre-pesticides-de-synthese\/#primaryimage\",\"url\":\"https:\/\/vosgesinfo.fr\/app\/uploads\/sites\/4\/2024\/08\/201901rassemblement-sddv-nous-voulons-coquelicots.jpg\",\"contentUrl\":\"https:\/\/vosgesinfo.fr\/app\/uploads\/sites\/4\/2024\/08\/201901rassemblement-sddv-nous-voulons-coquelicots.jpg\",\"width\":800,\"height\":533},{\"@type\":\"BreadcrumbList\",\"@id\":\"https:\/\/vosgesinfo.fr\/saintdieinfo\/2019\/01\/vingtaine-de-personnes-se-rassemblees-a-saint-die-vosges-contre-pesticides-de-synthese\/#breadcrumb\",\"itemListElement\":[{\"@type\":\"ListItem\",\"position\":1,\"name\":\"Home\",\"item\":\"https:\/\/vosgesinfo.fr\/saintdieinfo\/\"},{\"@type\":\"ListItem\",\"position\":2,\"name\":\"Une vingtaine de personnes se sont rassembl\u00e9es \u00e0 Saint-Di\u00e9-des-Vosges contre les pesticides de synth\u00e8se\"}]},{\"@type\":\"WebSite\",\"@id\":\"https:\/\/vosgesinfo.fr\/saintdieinfo\/#website\",\"url\":\"https:\/\/vosgesinfo.fr\/saintdieinfo\/\",\"name\":\"Saint Die Info\",\"description\":\"Toute l&#039;actualit\u00e9 de Saint-Di\u00e9-Des-Vosges\",\"publisher\":{\"@id\":\"https:\/\/vosgesinfo.fr\/saintdieinfo\/#organization\"},\"alternateName\":\"Toute l'actualit\u00e9 de Saint-Di\u00e9-Des-Vosges\",\"potentialAction\":[{\"@type\":\"SearchAction\",\"target\":{\"@type\":\"EntryPoint\",\"urlTemplate\":\"https:\/\/vosgesinfo.fr\/saintdieinfo\/?s={search_term_string}\"},\"query-input\":\"required name=search_term_string\"}],\"inLanguage\":\"fr-FR\"},{\"@type\":\"Organization\",\"@id\":\"https:\/\/vosgesinfo.fr\/saintdieinfo\/#organization\",\"name\":\"Saint Die Info\",\"url\":\"https:\/\/vosgesinfo.fr\/saintdieinfo\/\",\"logo\":{\"@type\":\"ImageObject\",\"inLanguage\":\"fr-FR\",\"@id\":\"https:\/\/vosgesinfo.fr\/saintdieinfo\/#\/schema\/logo\/image\/\",\"url\":\"https:\/\/vosgesinfo.fr\/app\/uploads\/sites\/4\/2024\/02\/logo-sdi.jpg\",\"contentUrl\":\"https:\/\/vosgesinfo.fr\/app\/uploads\/sites\/4\/2024\/02\/logo-sdi.jpg\",\"width\":600,\"height\":600,\"caption\":\"Saint Die Info\"},\"image\":{\"@id\":\"https:\/\/vosgesinfo.fr\/saintdieinfo\/#\/schema\/logo\/image\/\"},\"sameAs\":[\"https:\/\/www.facebook.com\/Saintdieinfofr\",\"https:\/\/x.com\/VosgesInfo88\",\"https:\/\/www.youtube.com\/@vosgesinfo\"]},{\"@type\":\"Person\",\"@id\":\"https:\/\/vosgesinfo.fr\/saintdieinfo\/#\/schema\/person\/faee6704a21f3977511db84bd1cd450f\",\"name\":\"la r\u00e9daction\",\"image\":{\"@type\":\"ImageObject\",\"inLanguage\":\"fr-FR\",\"@id\":\"https:\/\/vosgesinfo.fr\/saintdieinfo\/#\/schema\/person\/image\/\",\"url\":\"https:\/\/secure.gravatar.com\/avatar\/6673d8bc6a9c17fa9a453eaa3448de834fa308c2ec9635b7aa99441a7c8d2cf6?s=96&d=mm&r=g\",\"contentUrl\":\"https:\/\/secure.gravatar.com\/avatar\/6673d8bc6a9c17fa9a453eaa3448de834fa308c2ec9635b7aa99441a7c8d2cf6?s=96&d=mm&r=g\",\"caption\":\"la r\u00e9daction\"},\"url\":\"https:\/\/vosgesinfo.fr\/saintdieinfo\/author\/redac\/\"}]}<\/script>\n<!-- \/ Yoast SEO plugin. -->","yoast_head_json":{"title":"Une vingtaine de personnes se sont rassembl\u00e9es \u00e0 Saint-Di\u00e9-des-Vosges contre les pesticides de synth\u00e8se - Saint Die Info","robots":{"index":"index","follow":"follow","max-snippet":"max-snippet:-1","max-image-preview":"max-image-preview:large","max-video-preview":"max-video-preview:-1"},"canonical":"https:\/\/vosgesinfo.fr\/saintdieinfo\/2019\/01\/vingtaine-de-personnes-se-rassemblees-a-saint-die-vosges-contre-pesticides-de-synthese\/","twitter_card":"summary_large_image","twitter_title":"Une vingtaine de personnes se sont rassembl\u00e9es \u00e0 Saint-Di\u00e9-des-Vosges contre les pesticides de synth\u00e8se - Saint Die Info","twitter_description":"Les f\u00eates se finissaient, le froid s&rsquo;invitait&#8230; peu de monde dans les rues ce vendredi 4 janvier mais le rassemblement [&hellip;]","twitter_image":"https:\/\/vosgesinfo.fr\/app\/uploads\/sites\/4\/2024\/08\/201901rassemblement-sddv-nous-voulons-coquelicots.jpg","twitter_creator":"@VosgesInfo88","twitter_site":"@VosgesInfo88","twitter_misc":{"\u00c9crit par":"la r\u00e9daction","Dur\u00e9e de lecture estim\u00e9e":"1 minute"},"schema":{"@context":"https:\/\/schema.org","@graph":[{"@type":"Article","@id":"https:\/\/vosgesinfo.fr\/saintdieinfo\/2019\/01\/vingtaine-de-personnes-se-rassemblees-a-saint-die-vosges-contre-pesticides-de-synthese\/#article","isPartOf":{"@id":"https:\/\/vosgesinfo.fr\/saintdieinfo\/2019\/01\/vingtaine-de-personnes-se-rassemblees-a-saint-die-vosges-contre-pesticides-de-synthese\/"},"author":{"name":"la r\u00e9daction","@id":"https:\/\/vosgesinfo.fr\/saintdieinfo\/#\/schema\/person\/faee6704a21f3977511db84bd1cd450f"},"headline":"Une vingtaine de personnes se sont rassembl\u00e9es \u00e0 Saint-Di\u00e9-des-Vosges contre les pesticides de synth\u00e8se","datePublished":"2019-01-08T07:30:44+00:00","dateModified":"2019-01-08T07:30:44+00:00","mainEntityOfPage":{"@id":"https:\/\/vosgesinfo.fr\/saintdieinfo\/2019\/01\/vingtaine-de-personnes-se-rassemblees-a-saint-die-vosges-contre-pesticides-de-synthese\/"},"wordCount":190,"commentCount":0,"publisher":{"@id":"https:\/\/vosgesinfo.fr\/saintdieinfo\/#organization"},"image":{"@id":"https:\/\/vosgesinfo.fr\/saintdieinfo\/2019\/01\/vingtaine-de-personnes-se-rassemblees-a-saint-die-vosges-contre-pesticides-de-synthese\/#primaryimage"},"thumbnailUrl":"https:\/\/vosgesinfo.fr\/app\/uploads\/sites\/4\/2024\/08\/201901rassemblement-sddv-nous-voulons-coquelicots.jpg","keywords":["Amis de la Nature","Nous voulons des coquelicots","P\u00e9tition contre les pesticides de synth\u00e8se","Vosges Nature Environnement"],"articleSection":["A la Une","Saint-Di\u00e9-des-Vosges et son Agglom\u00e9ration","Soci\u00e9t\u00e9","Vie Associative"],"inLanguage":"fr-FR","potentialAction":[{"@type":"CommentAction","name":"Comment","target":["https:\/\/vosgesinfo.fr\/saintdieinfo\/2019\/01\/vingtaine-de-personnes-se-rassemblees-a-saint-die-vosges-contre-pesticides-de-synthese\/#respond"]}]},{"@type":"WebPage","@id":"https:\/\/vosgesinfo.fr\/saintdieinfo\/2019\/01\/vingtaine-de-personnes-se-rassemblees-a-saint-die-vosges-contre-pesticides-de-synthese\/","url":"https:\/\/vosgesinfo.fr\/saintdieinfo\/2019\/01\/vingtaine-de-personnes-se-rassemblees-a-saint-die-vosges-contre-pesticides-de-synthese\/","name":"Une vingtaine de personnes se sont rassembl\u00e9es \u00e0 Saint-Di\u00e9-des-Vosges contre les pesticides de synth\u00e8se - Saint Die Info","isPartOf":{"@id":"https:\/\/vosgesinfo.fr\/saintdieinfo\/#website"},"primaryImageOfPage":{"@id":"https:\/\/vosgesinfo.fr\/saintdieinfo\/2019\/01\/vingtaine-de-personnes-se-rassemblees-a-saint-die-vosges-contre-pesticides-de-synthese\/#primaryimage"},"image":{"@id":"https:\/\/vosgesinfo.fr\/saintdieinfo\/2019\/01\/vingtaine-de-personnes-se-rassemblees-a-saint-die-vosges-contre-pesticides-de-synthese\/#primaryimage"},"thumbnailUrl":"https:\/\/vosgesinfo.fr\/app\/uploads\/sites\/4\/2024\/08\/201901rassemblement-sddv-nous-voulons-coquelicots.jpg","datePublished":"2019-01-08T07:30:44+00:00","dateModified":"2019-01-08T07:30:44+00:00","breadcrumb":{"@id":"https:\/\/vosgesinfo.fr\/saintdieinfo\/2019\/01\/vingtaine-de-personnes-se-rassemblees-a-saint-die-vosges-contre-pesticides-de-synthese\/#breadcrumb"},"inLanguage":"fr-FR","potentialAction":[{"@type":"ReadAction","target":["https:\/\/vosgesinfo.fr\/saintdieinfo\/2019\/01\/vingtaine-de-personnes-se-rassemblees-a-saint-die-vosges-contre-pesticides-de-synthese\/"]}]},{"@type":"ImageObject","inLanguage":"fr-FR","@id":"https:\/\/vosgesinfo.fr\/saintdieinfo\/2019\/01\/vingtaine-de-personnes-se-rassemblees-a-saint-die-vosges-contre-pesticides-de-synthese\/#primaryimage","url":"https:\/\/vosgesinfo.fr\/app\/uploads\/sites\/4\/2024\/08\/201901rassemblement-sddv-nous-voulons-coquelicots.jpg","contentUrl":"https:\/\/vosgesinfo.fr\/app\/uploads\/sites\/4\/2024\/08\/201901rassemblement-sddv-nous-voulons-coquelicots.jpg","width":800,"height":533},{"@type":"BreadcrumbList","@id":"https:\/\/vosgesinfo.fr\/saintdieinfo\/2019\/01\/vingtaine-de-personnes-se-rassemblees-a-saint-die-vosges-contre-pesticides-de-synthese\/#breadcrumb","itemListElement":[{"@type":"ListItem","position":1,"name":"Home","item":"https:\/\/vosgesinfo.fr\/saintdieinfo\/"},{"@type":"ListItem","position":2,"name":"Une vingtaine de personnes se sont rassembl\u00e9es \u00e0 Saint-Di\u00e9-des-Vosges contre les pesticides de synth\u00e8se"}]},{"@type":"WebSite","@id":"https:\/\/vosgesinfo.fr\/saintdieinfo\/#website","url":"https:\/\/vosgesinfo.fr\/saintdieinfo\/","name":"Saint Die Info","description":"Toute l&#039;actualit\u00e9 de Saint-Di\u00e9-Des-Vosges","publisher":{"@id":"https:\/\/vosgesinfo.fr\/saintdieinfo\/#organization"},"alternateName":"Toute l'actualit\u00e9 de Saint-Di\u00e9-Des-Vosges","potentialAction":[{"@type":"SearchAction","target":{"@type":"EntryPoint","urlTemplate":"https:\/\/vosgesinfo.fr\/saintdieinfo\/?s={search_term_string}"},"query-input":"required name=search_term_string"}],"inLanguage":"fr-FR"},{"@type":"Organization","@id":"https:\/\/vosgesinfo.fr\/saintdieinfo\/#organization","name":"Saint Die Info","url":"https:\/\/vosgesinfo.fr\/saintdieinfo\/","logo":{"@type":"ImageObject","inLanguage":"fr-FR","@id":"https:\/\/vosgesinfo.fr\/saintdieinfo\/#\/schema\/logo\/image\/","url":"https:\/\/vosgesinfo.fr\/app\/uploads\/sites\/4\/2024\/02\/logo-sdi.jpg","contentUrl":"https:\/\/vosgesinfo.fr\/app\/uploads\/sites\/4\/2024\/02\/logo-sdi.jpg","width":600,"height":600,"caption":"Saint Die Info"},"image":{"@id":"https:\/\/vosgesinfo.fr\/saintdieinfo\/#\/schema\/logo\/image\/"},"sameAs":["https:\/\/www.facebook.com\/Saintdieinfofr","https:\/\/x.com\/VosgesInfo88","https:\/\/www.youtube.com\/@vosgesinfo"]},{"@type":"Person","@id":"https:\/\/vosgesinfo.fr\/saintdieinfo\/#\/schema\/person\/faee6704a21f3977511db84bd1cd450f","name":"la r\u00e9daction","image":{"@type":"ImageObject","inLanguage":"fr-FR","@id":"https:\/\/vosgesinfo.fr\/saintdieinfo\/#\/schema\/person\/image\/","url":"https:\/\/secure.gravatar.com\/avatar\/6673d8bc6a9c17fa9a453eaa3448de834fa308c2ec9635b7aa99441a7c8d2cf6?s=96&d=mm&r=g","contentUrl":"https:\/\/secure.gravatar.com\/avatar\/6673d8bc6a9c17fa9a453eaa3448de834fa308c2ec9635b7aa99441a7c8d2cf6?s=96&d=mm&r=g","caption":"la r\u00e9daction"},"url":"https:\/\/vosgesinfo.fr\/saintdieinfo\/author\/redac\/"}]}},"_links":{"self":[{"href":"https:\/\/vosgesinfo.fr\/saintdieinfo\/wp-json\/wp\/v2\/posts\/36898","targetHints":{"allow":["GET"]}}],"collection":[{"href":"https:\/\/vosgesinfo.fr\/saintdieinfo\/wp-json\/wp\/v2\/posts"}],"about":[{"href":"https:\/\/vosgesinfo.fr\/saintdieinfo\/wp-json\/wp\/v2\/types\/post"}],"author":[{"embeddable":true,"href":"https:\/\/vosgesinfo.fr\/saintdieinfo\/wp-json\/wp\/v2\/users\/44"}],"replies":[{"embeddable":true,"href":"https:\/\/vosgesinfo.fr\/saintdieinfo\/wp-json\/wp\/v2\/comments?post=36898"}],"version-history":[{"count":0,"href":"https:\/\/vosgesinfo.fr\/saintdieinfo\/wp-json\/wp\/v2\/posts\/36898\/revisions"}],"wp:featuredmedia":[{"embeddable":true,"href":"https:\/\/vosgesinfo.fr\/saintdieinfo\/wp-json\/wp\/v2\/media\/36899"}],"wp:attachment":[{"href":"https:\/\/vosgesinfo.fr\/saintdieinfo\/wp-json\/wp\/v2\/media?parent=36898"}],"wp:term":[{"taxonomy":"category","embeddable":true,"href":"https:\/\/vosgesinfo.fr\/saintdieinfo\/wp-json\/wp\/v2\/categories?post=36898"},{"taxonomy":"post_tag","embeddable":true,"href":"https:\/\/vosgesinfo.fr\/saintdieinfo\/wp-json\/wp\/v2\/tags?post=36898"}],"curies":[{"name":"wp","href":"https:\/\/api.w.org\/{rel}","templated":true}]}}