{"id":36919,"date":"2019-01-09T12:00:16","date_gmt":"2019-01-09T11:00:16","guid":{"rendered":"https:\/\/vosgesinfo.fr\/saintdieinfo\/2019\/01\/vosges-besoin-urgent-de-chauffeurs-poids-lourds-departement\/"},"modified":"2019-01-09T12:00:16","modified_gmt":"2019-01-09T11:00:16","slug":"vosges-besoin-urgent-de-chauffeurs-poids-lourds-departement","status":"publish","type":"post","link":"https:\/\/vosgesinfo.fr\/saintdieinfo\/2019\/01\/vosges-besoin-urgent-de-chauffeurs-poids-lourds-departement\/","title":{"rendered":"Vosges \u2013 Besoin urgent de chauffeurs poids-lourds dans le d\u00e9partement"},"content":{"rendered":"<div id=\"attachment_131115\" style=\"width: 874px\" class=\"wp-caption aligncenter\"><a href=\"\/2018\/12\/Camion_Poid-Lourd.jpg\" target=\"_blank\" rel=\"noopener\"><img decoding=\"async\" aria-describedby=\"caption-attachment-131115\" class=\"wp-image-131115 size-full\" src=\"\/2018\/12\/Camion_Poid-Lourd.jpg\" alt=\"Camion_Poid-Lourd\" width=\"864\" height=\"556\" \/><\/a><p id=\"caption-attachment-131115\" class=\"wp-caption-text\">(Photographie d&rsquo;illustration)<\/p><\/div>\n<h2><strong><span style=\"font-family: Calibri, sans-serif;\"><span style=\"font-size: large;\">Dans les Vosges et comme ailleurs en France, les entreprises de transport font face \u00e0 une p\u00e9nurie de chauffeurs poids-lourds. Concr\u00e8tement, il manque actuellement 250 chauffeurs routiers dans le d\u00e9partement.<\/span><\/span><\/strong><\/h2>\n<p><span style=\"font-family: Calibri, sans-serif;\"><span style=\"font-size: large;\">Depuis ce lundi 7 janvier, des sessions de recrutement sont ainsi organis\u00e9es par ces m\u00eames entreprises pour palier \u00e0 cette p\u00e9nurie, qui s&rsquo;explique notamment par de nombreux d\u00e9parts \u00e0 la retraite et un moindre attrait du m\u00e9tier chez les jeunes. Les vocations se faisant en effet de plus en plus rares. A cela viennent s&rsquo;ajouter des formations co\u00fbteuses pour les entreprises, dont certaines se r\u00e9signent \u00e0 refuser des march\u00e9s \u00e0 cause de cette difficult\u00e9 \u00e0 recruter. Selon la CGT, il manquerait ainsi plus de 30 000 chauffeurs routiers en France.<br \/>\n<\/span><\/span><\/p>\n<p>J.J.<\/p>\n","protected":false},"excerpt":{"rendered":"<p>Dans les Vosges et comme ailleurs en France, les entreprises de transport font face \u00e0 une p\u00e9nurie de chauffeurs poids-lourds. [&hellip;]<\/p>\n","protected":false},"author":46,"featured_media":36920,"comment_status":"open","ping_status":"open","sticky":false,"template":"","format":"standard","meta":{"footnotes":""},"categories":[460,5,18],"tags":[7027,7028,7029],"class_list":["post-36919","post","type-post","status-publish","format-standard","has-post-thumbnail","hentry","category-a-la-une","category-economie","category-vosges","tag-chauffeurs-poids-lourds","tag-chauffeurs-routiers","tag-penurie-de-chauffeurs-poids-lourds-dans-les-vosges"],"acf":[],"yoast_head":"<!-- This site is optimized with the Yoast SEO plugin v22.5 - https:\/\/yoast.com\/wordpress\/plugins\/seo\/ -->\n<title>Vosges \u2013 Besoin urgent de chauffeurs poids-lourds dans le d\u00e9partement - Saint Die Info<\/title>\n<meta name=\"robots\" content=\"index, follow, max-snippet:-1, max-image-preview:large, max-video-preview:-1\" \/>\n<link rel=\"canonical\" href=\"https:\/\/vosgesinfo.fr\/saintdieinfo\/2019\/01\/vosges-besoin-urgent-de-chauffeurs-poids-lourds-departement\/\" \/>\n<meta name=\"twitter:card\" content=\"summary_large_image\" \/>\n<meta name=\"twitter:title\" content=\"Vosges \u2013 Besoin urgent de chauffeurs poids-lourds dans le d\u00e9partement - Saint Die Info\" \/>\n<meta name=\"twitter:description\" content=\"Dans les Vosges et comme ailleurs en France, les entreprises de transport font face \u00e0 une p\u00e9nurie de chauffeurs poids-lourds. [&hellip;]\" \/>\n<meta name=\"twitter:image\" content=\"https:\/\/vosgesinfo.fr\/app\/uploads\/sites\/4\/2024\/08\/201812camion-poid-lourd.jpg\" \/>\n<meta name=\"twitter:creator\" content=\"@VosgesInfo88\" \/>\n<meta name=\"twitter:site\" content=\"@VosgesInfo88\" \/>\n<meta name=\"twitter:label1\" content=\"\u00c9crit par\" \/>\n\t<meta name=\"twitter:data1\" content=\"J.J.\" \/>\n\t<meta name=\"twitter:label2\" content=\"Dur\u00e9e de lecture estim\u00e9e\" \/>\n\t<meta name=\"twitter:data2\" content=\"1 minute\" \/>\n<script type=\"application\/ld+json\" class=\"yoast-schema-graph\">{\"@context\":\"https:\/\/schema.org\",\"@graph\":[{\"@type\":\"Article\",\"@id\":\"https:\/\/vosgesinfo.fr\/saintdieinfo\/2019\/01\/vosges-besoin-urgent-de-chauffeurs-poids-lourds-departement\/#article\",\"isPartOf\":{\"@id\":\"https:\/\/vosgesinfo.fr\/saintdieinfo\/2019\/01\/vosges-besoin-urgent-de-chauffeurs-poids-lourds-departement\/\"},\"author\":{\"name\":\"J.J.\",\"@id\":\"https:\/\/vosgesinfo.fr\/saintdieinfo\/#\/schema\/person\/fa73e9f726d67bb88f46d5b7943cb572\"},\"headline\":\"Vosges \u2013 Besoin urgent de chauffeurs poids-lourds dans le d\u00e9partement\",\"datePublished\":\"2019-01-09T11:00:16+00:00\",\"dateModified\":\"2019-01-09T11:00:16+00:00\",\"mainEntityOfPage\":{\"@id\":\"https:\/\/vosgesinfo.fr\/saintdieinfo\/2019\/01\/vosges-besoin-urgent-de-chauffeurs-poids-lourds-departement\/\"},\"wordCount\":145,\"commentCount\":0,\"publisher\":{\"@id\":\"https:\/\/vosgesinfo.fr\/saintdieinfo\/#organization\"},\"image\":{\"@id\":\"https:\/\/vosgesinfo.fr\/saintdieinfo\/2019\/01\/vosges-besoin-urgent-de-chauffeurs-poids-lourds-departement\/#primaryimage\"},\"thumbnailUrl\":\"https:\/\/vosgesinfo.fr\/app\/uploads\/sites\/4\/2024\/08\/201812camion-poid-lourd.jpg\",\"keywords\":[\"Chauffeurs poids-lourds\",\"Chauffeurs routiers\",\"P\u00e9nurie de chauffeurs poids-lourds dans les Vosges\"],\"articleSection\":[\"A la Une\",\"\u00c9conomie\",\"Vosges\"],\"inLanguage\":\"fr-FR\",\"potentialAction\":[{\"@type\":\"CommentAction\",\"name\":\"Comment\",\"target\":[\"https:\/\/vosgesinfo.fr\/saintdieinfo\/2019\/01\/vosges-besoin-urgent-de-chauffeurs-poids-lourds-departement\/#respond\"]}]},{\"@type\":\"WebPage\",\"@id\":\"https:\/\/vosgesinfo.fr\/saintdieinfo\/2019\/01\/vosges-besoin-urgent-de-chauffeurs-poids-lourds-departement\/\",\"url\":\"https:\/\/vosgesinfo.fr\/saintdieinfo\/2019\/01\/vosges-besoin-urgent-de-chauffeurs-poids-lourds-departement\/\",\"name\":\"Vosges \u2013 Besoin urgent de chauffeurs poids-lourds dans le d\u00e9partement - Saint Die Info\",\"isPartOf\":{\"@id\":\"https:\/\/vosgesinfo.fr\/saintdieinfo\/#website\"},\"primaryImageOfPage\":{\"@id\":\"https:\/\/vosgesinfo.fr\/saintdieinfo\/2019\/01\/vosges-besoin-urgent-de-chauffeurs-poids-lourds-departement\/#primaryimage\"},\"image\":{\"@id\":\"https:\/\/vosgesinfo.fr\/saintdieinfo\/2019\/01\/vosges-besoin-urgent-de-chauffeurs-poids-lourds-departement\/#primaryimage\"},\"thumbnailUrl\":\"https:\/\/vosgesinfo.fr\/app\/uploads\/sites\/4\/2024\/08\/201812camion-poid-lourd.jpg\",\"datePublished\":\"2019-01-09T11:00:16+00:00\",\"dateModified\":\"2019-01-09T11:00:16+00:00\",\"breadcrumb\":{\"@id\":\"https:\/\/vosgesinfo.fr\/saintdieinfo\/2019\/01\/vosges-besoin-urgent-de-chauffeurs-poids-lourds-departement\/#breadcrumb\"},\"inLanguage\":\"fr-FR\",\"potentialAction\":[{\"@type\":\"ReadAction\",\"target\":[\"https:\/\/vosgesinfo.fr\/saintdieinfo\/2019\/01\/vosges-besoin-urgent-de-chauffeurs-poids-lourds-departement\/\"]}]},{\"@type\":\"ImageObject\",\"inLanguage\":\"fr-FR\",\"@id\":\"https:\/\/vosgesinfo.fr\/saintdieinfo\/2019\/01\/vosges-besoin-urgent-de-chauffeurs-poids-lourds-departement\/#primaryimage\",\"url\":\"https:\/\/vosgesinfo.fr\/app\/uploads\/sites\/4\/2024\/08\/201812camion-poid-lourd.jpg\",\"contentUrl\":\"https:\/\/vosgesinfo.fr\/app\/uploads\/sites\/4\/2024\/08\/201812camion-poid-lourd.jpg\",\"width\":864,\"height\":556},{\"@type\":\"BreadcrumbList\",\"@id\":\"https:\/\/vosgesinfo.fr\/saintdieinfo\/2019\/01\/vosges-besoin-urgent-de-chauffeurs-poids-lourds-departement\/#breadcrumb\",\"itemListElement\":[{\"@type\":\"ListItem\",\"position\":1,\"name\":\"Home\",\"item\":\"https:\/\/vosgesinfo.fr\/saintdieinfo\/\"},{\"@type\":\"ListItem\",\"position\":2,\"name\":\"Vosges \u2013 Besoin urgent de chauffeurs poids-lourds dans le d\u00e9partement\"}]},{\"@type\":\"WebSite\",\"@id\":\"https:\/\/vosgesinfo.fr\/saintdieinfo\/#website\",\"url\":\"https:\/\/vosgesinfo.fr\/saintdieinfo\/\",\"name\":\"Saint Die Info\",\"description\":\"Toute l&#039;actualit\u00e9 de Saint-Di\u00e9-Des-Vosges\",\"publisher\":{\"@id\":\"https:\/\/vosgesinfo.fr\/saintdieinfo\/#organization\"},\"alternateName\":\"Toute l'actualit\u00e9 de Saint-Di\u00e9-Des-Vosges\",\"potentialAction\":[{\"@type\":\"SearchAction\",\"target\":{\"@type\":\"EntryPoint\",\"urlTemplate\":\"https:\/\/vosgesinfo.fr\/saintdieinfo\/?s={search_term_string}\"},\"query-input\":\"required name=search_term_string\"}],\"inLanguage\":\"fr-FR\"},{\"@type\":\"Organization\",\"@id\":\"https:\/\/vosgesinfo.fr\/saintdieinfo\/#organization\",\"name\":\"Saint Die Info\",\"url\":\"https:\/\/vosgesinfo.fr\/saintdieinfo\/\",\"logo\":{\"@type\":\"ImageObject\",\"inLanguage\":\"fr-FR\",\"@id\":\"https:\/\/vosgesinfo.fr\/saintdieinfo\/#\/schema\/logo\/image\/\",\"url\":\"https:\/\/vosgesinfo.fr\/app\/uploads\/sites\/4\/2024\/02\/logo-sdi.jpg\",\"contentUrl\":\"https:\/\/vosgesinfo.fr\/app\/uploads\/sites\/4\/2024\/02\/logo-sdi.jpg\",\"width\":600,\"height\":600,\"caption\":\"Saint Die Info\"},\"image\":{\"@id\":\"https:\/\/vosgesinfo.fr\/saintdieinfo\/#\/schema\/logo\/image\/\"},\"sameAs\":[\"https:\/\/www.facebook.com\/Saintdieinfofr\",\"https:\/\/x.com\/VosgesInfo88\",\"https:\/\/www.youtube.com\/@vosgesinfo\"]},{\"@type\":\"Person\",\"@id\":\"https:\/\/vosgesinfo.fr\/saintdieinfo\/#\/schema\/person\/fa73e9f726d67bb88f46d5b7943cb572\",\"name\":\"J.J.\",\"image\":{\"@type\":\"ImageObject\",\"inLanguage\":\"fr-FR\",\"@id\":\"https:\/\/vosgesinfo.fr\/saintdieinfo\/#\/schema\/person\/image\/\",\"url\":\"https:\/\/secure.gravatar.com\/avatar\/219e749e47ffbcca018a360ae4add7d4cdf1cdaaf8bc7676b27efade3fe65615?s=96&d=mm&r=g\",\"contentUrl\":\"https:\/\/secure.gravatar.com\/avatar\/219e749e47ffbcca018a360ae4add7d4cdf1cdaaf8bc7676b27efade3fe65615?s=96&d=mm&r=g\",\"caption\":\"J.J.\"},\"url\":\"https:\/\/vosgesinfo.fr\/saintdieinfo\/author\/j-j\/\"}]}<\/script>\n<!-- \/ Yoast SEO plugin. -->","yoast_head_json":{"title":"Vosges \u2013 Besoin urgent de chauffeurs poids-lourds dans le d\u00e9partement - Saint Die Info","robots":{"index":"index","follow":"follow","max-snippet":"max-snippet:-1","max-image-preview":"max-image-preview:large","max-video-preview":"max-video-preview:-1"},"canonical":"https:\/\/vosgesinfo.fr\/saintdieinfo\/2019\/01\/vosges-besoin-urgent-de-chauffeurs-poids-lourds-departement\/","twitter_card":"summary_large_image","twitter_title":"Vosges \u2013 Besoin urgent de chauffeurs poids-lourds dans le d\u00e9partement - Saint Die Info","twitter_description":"Dans les Vosges et comme ailleurs en France, les entreprises de transport font face \u00e0 une p\u00e9nurie de chauffeurs poids-lourds. [&hellip;]","twitter_image":"https:\/\/vosgesinfo.fr\/app\/uploads\/sites\/4\/2024\/08\/201812camion-poid-lourd.jpg","twitter_creator":"@VosgesInfo88","twitter_site":"@VosgesInfo88","twitter_misc":{"\u00c9crit par":"J.J.","Dur\u00e9e de lecture estim\u00e9e":"1 minute"},"schema":{"@context":"https:\/\/schema.org","@graph":[{"@type":"Article","@id":"https:\/\/vosgesinfo.fr\/saintdieinfo\/2019\/01\/vosges-besoin-urgent-de-chauffeurs-poids-lourds-departement\/#article","isPartOf":{"@id":"https:\/\/vosgesinfo.fr\/saintdieinfo\/2019\/01\/vosges-besoin-urgent-de-chauffeurs-poids-lourds-departement\/"},"author":{"name":"J.J.","@id":"https:\/\/vosgesinfo.fr\/saintdieinfo\/#\/schema\/person\/fa73e9f726d67bb88f46d5b7943cb572"},"headline":"Vosges \u2013 Besoin urgent de chauffeurs poids-lourds dans le d\u00e9partement","datePublished":"2019-01-09T11:00:16+00:00","dateModified":"2019-01-09T11:00:16+00:00","mainEntityOfPage":{"@id":"https:\/\/vosgesinfo.fr\/saintdieinfo\/2019\/01\/vosges-besoin-urgent-de-chauffeurs-poids-lourds-departement\/"},"wordCount":145,"commentCount":0,"publisher":{"@id":"https:\/\/vosgesinfo.fr\/saintdieinfo\/#organization"},"image":{"@id":"https:\/\/vosgesinfo.fr\/saintdieinfo\/2019\/01\/vosges-besoin-urgent-de-chauffeurs-poids-lourds-departement\/#primaryimage"},"thumbnailUrl":"https:\/\/vosgesinfo.fr\/app\/uploads\/sites\/4\/2024\/08\/201812camion-poid-lourd.jpg","keywords":["Chauffeurs poids-lourds","Chauffeurs routiers","P\u00e9nurie de chauffeurs poids-lourds dans les Vosges"],"articleSection":["A la Une","\u00c9conomie","Vosges"],"inLanguage":"fr-FR","potentialAction":[{"@type":"CommentAction","name":"Comment","target":["https:\/\/vosgesinfo.fr\/saintdieinfo\/2019\/01\/vosges-besoin-urgent-de-chauffeurs-poids-lourds-departement\/#respond"]}]},{"@type":"WebPage","@id":"https:\/\/vosgesinfo.fr\/saintdieinfo\/2019\/01\/vosges-besoin-urgent-de-chauffeurs-poids-lourds-departement\/","url":"https:\/\/vosgesinfo.fr\/saintdieinfo\/2019\/01\/vosges-besoin-urgent-de-chauffeurs-poids-lourds-departement\/","name":"Vosges \u2013 Besoin urgent de chauffeurs poids-lourds dans le d\u00e9partement - Saint Die Info","isPartOf":{"@id":"https:\/\/vosgesinfo.fr\/saintdieinfo\/#website"},"primaryImageOfPage":{"@id":"https:\/\/vosgesinfo.fr\/saintdieinfo\/2019\/01\/vosges-besoin-urgent-de-chauffeurs-poids-lourds-departement\/#primaryimage"},"image":{"@id":"https:\/\/vosgesinfo.fr\/saintdieinfo\/2019\/01\/vosges-besoin-urgent-de-chauffeurs-poids-lourds-departement\/#primaryimage"},"thumbnailUrl":"https:\/\/vosgesinfo.fr\/app\/uploads\/sites\/4\/2024\/08\/201812camion-poid-lourd.jpg","datePublished":"2019-01-09T11:00:16+00:00","dateModified":"2019-01-09T11:00:16+00:00","breadcrumb":{"@id":"https:\/\/vosgesinfo.fr\/saintdieinfo\/2019\/01\/vosges-besoin-urgent-de-chauffeurs-poids-lourds-departement\/#breadcrumb"},"inLanguage":"fr-FR","potentialAction":[{"@type":"ReadAction","target":["https:\/\/vosgesinfo.fr\/saintdieinfo\/2019\/01\/vosges-besoin-urgent-de-chauffeurs-poids-lourds-departement\/"]}]},{"@type":"ImageObject","inLanguage":"fr-FR","@id":"https:\/\/vosgesinfo.fr\/saintdieinfo\/2019\/01\/vosges-besoin-urgent-de-chauffeurs-poids-lourds-departement\/#primaryimage","url":"https:\/\/vosgesinfo.fr\/app\/uploads\/sites\/4\/2024\/08\/201812camion-poid-lourd.jpg","contentUrl":"https:\/\/vosgesinfo.fr\/app\/uploads\/sites\/4\/2024\/08\/201812camion-poid-lourd.jpg","width":864,"height":556},{"@type":"BreadcrumbList","@id":"https:\/\/vosgesinfo.fr\/saintdieinfo\/2019\/01\/vosges-besoin-urgent-de-chauffeurs-poids-lourds-departement\/#breadcrumb","itemListElement":[{"@type":"ListItem","position":1,"name":"Home","item":"https:\/\/vosgesinfo.fr\/saintdieinfo\/"},{"@type":"ListItem","position":2,"name":"Vosges \u2013 Besoin urgent de chauffeurs poids-lourds dans le d\u00e9partement"}]},{"@type":"WebSite","@id":"https:\/\/vosgesinfo.fr\/saintdieinfo\/#website","url":"https:\/\/vosgesinfo.fr\/saintdieinfo\/","name":"Saint Die Info","description":"Toute l&#039;actualit\u00e9 de Saint-Di\u00e9-Des-Vosges","publisher":{"@id":"https:\/\/vosgesinfo.fr\/saintdieinfo\/#organization"},"alternateName":"Toute l'actualit\u00e9 de Saint-Di\u00e9-Des-Vosges","potentialAction":[{"@type":"SearchAction","target":{"@type":"EntryPoint","urlTemplate":"https:\/\/vosgesinfo.fr\/saintdieinfo\/?s={search_term_string}"},"query-input":"required name=search_term_string"}],"inLanguage":"fr-FR"},{"@type":"Organization","@id":"https:\/\/vosgesinfo.fr\/saintdieinfo\/#organization","name":"Saint Die Info","url":"https:\/\/vosgesinfo.fr\/saintdieinfo\/","logo":{"@type":"ImageObject","inLanguage":"fr-FR","@id":"https:\/\/vosgesinfo.fr\/saintdieinfo\/#\/schema\/logo\/image\/","url":"https:\/\/vosgesinfo.fr\/app\/uploads\/sites\/4\/2024\/02\/logo-sdi.jpg","contentUrl":"https:\/\/vosgesinfo.fr\/app\/uploads\/sites\/4\/2024\/02\/logo-sdi.jpg","width":600,"height":600,"caption":"Saint Die Info"},"image":{"@id":"https:\/\/vosgesinfo.fr\/saintdieinfo\/#\/schema\/logo\/image\/"},"sameAs":["https:\/\/www.facebook.com\/Saintdieinfofr","https:\/\/x.com\/VosgesInfo88","https:\/\/www.youtube.com\/@vosgesinfo"]},{"@type":"Person","@id":"https:\/\/vosgesinfo.fr\/saintdieinfo\/#\/schema\/person\/fa73e9f726d67bb88f46d5b7943cb572","name":"J.J.","image":{"@type":"ImageObject","inLanguage":"fr-FR","@id":"https:\/\/vosgesinfo.fr\/saintdieinfo\/#\/schema\/person\/image\/","url":"https:\/\/secure.gravatar.com\/avatar\/219e749e47ffbcca018a360ae4add7d4cdf1cdaaf8bc7676b27efade3fe65615?s=96&d=mm&r=g","contentUrl":"https:\/\/secure.gravatar.com\/avatar\/219e749e47ffbcca018a360ae4add7d4cdf1cdaaf8bc7676b27efade3fe65615?s=96&d=mm&r=g","caption":"J.J."},"url":"https:\/\/vosgesinfo.fr\/saintdieinfo\/author\/j-j\/"}]}},"_links":{"self":[{"href":"https:\/\/vosgesinfo.fr\/saintdieinfo\/wp-json\/wp\/v2\/posts\/36919","targetHints":{"allow":["GET"]}}],"collection":[{"href":"https:\/\/vosgesinfo.fr\/saintdieinfo\/wp-json\/wp\/v2\/posts"}],"about":[{"href":"https:\/\/vosgesinfo.fr\/saintdieinfo\/wp-json\/wp\/v2\/types\/post"}],"author":[{"embeddable":true,"href":"https:\/\/vosgesinfo.fr\/saintdieinfo\/wp-json\/wp\/v2\/users\/46"}],"replies":[{"embeddable":true,"href":"https:\/\/vosgesinfo.fr\/saintdieinfo\/wp-json\/wp\/v2\/comments?post=36919"}],"version-history":[{"count":0,"href":"https:\/\/vosgesinfo.fr\/saintdieinfo\/wp-json\/wp\/v2\/posts\/36919\/revisions"}],"wp:featuredmedia":[{"embeddable":true,"href":"https:\/\/vosgesinfo.fr\/saintdieinfo\/wp-json\/wp\/v2\/media\/36920"}],"wp:attachment":[{"href":"https:\/\/vosgesinfo.fr\/saintdieinfo\/wp-json\/wp\/v2\/media?parent=36919"}],"wp:term":[{"taxonomy":"category","embeddable":true,"href":"https:\/\/vosgesinfo.fr\/saintdieinfo\/wp-json\/wp\/v2\/categories?post=36919"},{"taxonomy":"post_tag","embeddable":true,"href":"https:\/\/vosgesinfo.fr\/saintdieinfo\/wp-json\/wp\/v2\/tags?post=36919"}],"curies":[{"name":"wp","href":"https:\/\/api.w.org\/{rel}","templated":true}]}}