{"id":36977,"date":"2019-01-11T08:00:57","date_gmt":"2019-01-11T07:00:57","guid":{"rendered":"https:\/\/vosgesinfo.fr\/saintdieinfo\/2019\/01\/rambervillers-trois-individus-interpelles-gendarmerie-de-multiples-cambriolages\/"},"modified":"2019-01-11T08:00:57","modified_gmt":"2019-01-11T07:00:57","slug":"rambervillers-trois-individus-interpelles-gendarmerie-de-multiples-cambriolages","status":"publish","type":"post","link":"https:\/\/vosgesinfo.fr\/saintdieinfo\/2019\/01\/rambervillers-trois-individus-interpelles-gendarmerie-de-multiples-cambriolages\/","title":{"rendered":"Rambervillers \u2013 Trois individus interpell\u00e9s par la Gendarmerie pour de multiples cambriolages"},"content":{"rendered":"<div id=\"attachment_132491\" style=\"width: 410px\" class=\"wp-caption aligncenter\"><a href=\"\/2019\/01\/Rambervillers-Interpellations_Cambriolages.jpg\" target=\"_blank\" rel=\"noopener\"><img decoding=\"async\" aria-describedby=\"caption-attachment-132491\" class=\"wp-image-132491 size-full\" src=\"\/2019\/01\/Rambervillers-Interpellations_Cambriolages.jpg\" alt=\"Rambervillers-Interpellations_Cambriolages\" width=\"400\" height=\"257\" \/><\/a><p id=\"caption-attachment-132491\" class=\"wp-caption-text\">(Cr\u00e9dit photographique Gendarmerie des Vosges)<\/p><\/div>\n<h2><strong><span style=\"font-family: Calibri, sans-serif;\"><span style=\"font-size: large;\">Agissant dans le cadre d\u2019une enqu\u00eate de flagrance, les gendarmes de la compagnie de Saint-Di\u00e9-des-Vosges ont proc\u00e9d\u00e9, samedi 8 janvier \u00e0 Rambervillers, \u00e0 l\u2019interpellation de 3 individus ayant commis de nombreux cambriolages au pr\u00e9judice de commer\u00e7ants lorrains depuis plusieurs semaines. <\/span><\/span><\/strong><\/h2>\n<p><span style=\"font-family: Calibri, sans-serif;\"><span style=\"font-size: large;\">Les investigations minutieuses men\u00e9es par plusieurs militaires du groupement de gendarmerie des Vosges ont permis ces arrestations. 9 faits perp\u00e9tr\u00e9s entre le 20 d\u00e9cembre 2018 et le 7 janvier 2019 ont \u00e9t\u00e9 formellement imput\u00e9s \u00e0 ces 3 hommes de nationalit\u00e9 roumaine, \u00e2g\u00e9s de 18 \u00e0 22 ans, et domicili\u00e9s sur la commune de Rambervillers. <\/span><\/span><\/p>\n<p><span style=\"font-family: Calibri, sans-serif;\"><span style=\"font-size: large;\">A l\u2019issue de leur garde-\u00e0-vue, ceux-ci ont \u00e9t\u00e9 d\u00e9f\u00e9r\u00e9s au parquet d\u2019Epinal et ont \u00e9t\u00e9 jug\u00e9s ce jeudi 10 janvier en comparution imm\u00e9diate. Le tribunal correctionnel les a condamn\u00e9 \u00e0 une peine de 12 mois de prison dont 3 avec sursis sans mandat de d\u00e9p\u00f4t. Le parquet devrait faire appel de cette d\u00e9cision.<\/span><\/span><\/p>\n","protected":false},"excerpt":{"rendered":"<p>Agissant dans le cadre d\u2019une enqu\u00eate de flagrance, les gendarmes de la compagnie de Saint-Di\u00e9-des-Vosges ont proc\u00e9d\u00e9, samedi 8 janvier [&hellip;]<\/p>\n","protected":false},"author":44,"featured_media":36978,"comment_status":"open","ping_status":"open","sticky":false,"template":"","format":"standard","meta":{"footnotes":""},"categories":[460,2924,2915],"tags":[7067,7068,1303],"class_list":["post-36977","post","type-post","status-publish","format-standard","has-post-thumbnail","hentry","category-a-la-une","category-fait-divers","category-saint-die-son-canton","tag-cambriolages","tag-compagnie-de-gendarmerie-de-saint-die-des-vosges","tag-rambervillers"],"acf":[],"yoast_head":"<!-- This site is optimized with the Yoast SEO plugin v22.5 - https:\/\/yoast.com\/wordpress\/plugins\/seo\/ -->\n<title>Rambervillers \u2013 Trois individus interpell\u00e9s par la Gendarmerie pour de multiples cambriolages - Saint Die Info<\/title>\n<meta name=\"robots\" content=\"index, follow, max-snippet:-1, max-image-preview:large, max-video-preview:-1\" \/>\n<link rel=\"canonical\" href=\"https:\/\/vosgesinfo.fr\/saintdieinfo\/2019\/01\/rambervillers-trois-individus-interpelles-gendarmerie-de-multiples-cambriolages\/\" \/>\n<meta name=\"twitter:card\" content=\"summary_large_image\" \/>\n<meta name=\"twitter:title\" content=\"Rambervillers \u2013 Trois individus interpell\u00e9s par la Gendarmerie pour de multiples cambriolages - Saint Die Info\" \/>\n<meta name=\"twitter:description\" content=\"Agissant dans le cadre d\u2019une enqu\u00eate de flagrance, les gendarmes de la compagnie de Saint-Di\u00e9-des-Vosges ont proc\u00e9d\u00e9, samedi 8 janvier [&hellip;]\" \/>\n<meta name=\"twitter:image\" content=\"https:\/\/vosgesinfo.fr\/app\/uploads\/sites\/4\/2024\/08\/201901rambervillers-interpellations-cambriolages.jpg\" \/>\n<meta name=\"twitter:creator\" content=\"@VosgesInfo88\" \/>\n<meta name=\"twitter:site\" content=\"@VosgesInfo88\" \/>\n<meta name=\"twitter:label1\" content=\"\u00c9crit par\" \/>\n\t<meta name=\"twitter:data1\" content=\"la r\u00e9daction\" \/>\n\t<meta name=\"twitter:label2\" content=\"Dur\u00e9e de lecture estim\u00e9e\" \/>\n\t<meta name=\"twitter:data2\" content=\"1 minute\" \/>\n<script type=\"application\/ld+json\" class=\"yoast-schema-graph\">{\"@context\":\"https:\/\/schema.org\",\"@graph\":[{\"@type\":\"Article\",\"@id\":\"https:\/\/vosgesinfo.fr\/saintdieinfo\/2019\/01\/rambervillers-trois-individus-interpelles-gendarmerie-de-multiples-cambriolages\/#article\",\"isPartOf\":{\"@id\":\"https:\/\/vosgesinfo.fr\/saintdieinfo\/2019\/01\/rambervillers-trois-individus-interpelles-gendarmerie-de-multiples-cambriolages\/\"},\"author\":{\"name\":\"la r\u00e9daction\",\"@id\":\"https:\/\/vosgesinfo.fr\/saintdieinfo\/#\/schema\/person\/faee6704a21f3977511db84bd1cd450f\"},\"headline\":\"Rambervillers \u2013 Trois individus interpell\u00e9s par la Gendarmerie pour de multiples cambriolages\",\"datePublished\":\"2019-01-11T07:00:57+00:00\",\"dateModified\":\"2019-01-11T07:00:57+00:00\",\"mainEntityOfPage\":{\"@id\":\"https:\/\/vosgesinfo.fr\/saintdieinfo\/2019\/01\/rambervillers-trois-individus-interpelles-gendarmerie-de-multiples-cambriolages\/\"},\"wordCount\":179,\"commentCount\":0,\"publisher\":{\"@id\":\"https:\/\/vosgesinfo.fr\/saintdieinfo\/#organization\"},\"image\":{\"@id\":\"https:\/\/vosgesinfo.fr\/saintdieinfo\/2019\/01\/rambervillers-trois-individus-interpelles-gendarmerie-de-multiples-cambriolages\/#primaryimage\"},\"thumbnailUrl\":\"https:\/\/vosgesinfo.fr\/app\/uploads\/sites\/4\/2024\/08\/201901rambervillers-interpellations-cambriolages.jpg\",\"keywords\":[\"Cambriolages\",\"Compagnie de gendarmerie de Saint-Di\u00e9-des-Vosges\",\"Rambervillers\"],\"articleSection\":[\"A la Une\",\"Fait Divers\",\"Saint-Di\u00e9-des-Vosges et son Agglom\u00e9ration\"],\"inLanguage\":\"fr-FR\",\"potentialAction\":[{\"@type\":\"CommentAction\",\"name\":\"Comment\",\"target\":[\"https:\/\/vosgesinfo.fr\/saintdieinfo\/2019\/01\/rambervillers-trois-individus-interpelles-gendarmerie-de-multiples-cambriolages\/#respond\"]}]},{\"@type\":\"WebPage\",\"@id\":\"https:\/\/vosgesinfo.fr\/saintdieinfo\/2019\/01\/rambervillers-trois-individus-interpelles-gendarmerie-de-multiples-cambriolages\/\",\"url\":\"https:\/\/vosgesinfo.fr\/saintdieinfo\/2019\/01\/rambervillers-trois-individus-interpelles-gendarmerie-de-multiples-cambriolages\/\",\"name\":\"Rambervillers \u2013 Trois individus interpell\u00e9s par la Gendarmerie pour de multiples cambriolages - Saint Die Info\",\"isPartOf\":{\"@id\":\"https:\/\/vosgesinfo.fr\/saintdieinfo\/#website\"},\"primaryImageOfPage\":{\"@id\":\"https:\/\/vosgesinfo.fr\/saintdieinfo\/2019\/01\/rambervillers-trois-individus-interpelles-gendarmerie-de-multiples-cambriolages\/#primaryimage\"},\"image\":{\"@id\":\"https:\/\/vosgesinfo.fr\/saintdieinfo\/2019\/01\/rambervillers-trois-individus-interpelles-gendarmerie-de-multiples-cambriolages\/#primaryimage\"},\"thumbnailUrl\":\"https:\/\/vosgesinfo.fr\/app\/uploads\/sites\/4\/2024\/08\/201901rambervillers-interpellations-cambriolages.jpg\",\"datePublished\":\"2019-01-11T07:00:57+00:00\",\"dateModified\":\"2019-01-11T07:00:57+00:00\",\"breadcrumb\":{\"@id\":\"https:\/\/vosgesinfo.fr\/saintdieinfo\/2019\/01\/rambervillers-trois-individus-interpelles-gendarmerie-de-multiples-cambriolages\/#breadcrumb\"},\"inLanguage\":\"fr-FR\",\"potentialAction\":[{\"@type\":\"ReadAction\",\"target\":[\"https:\/\/vosgesinfo.fr\/saintdieinfo\/2019\/01\/rambervillers-trois-individus-interpelles-gendarmerie-de-multiples-cambriolages\/\"]}]},{\"@type\":\"ImageObject\",\"inLanguage\":\"fr-FR\",\"@id\":\"https:\/\/vosgesinfo.fr\/saintdieinfo\/2019\/01\/rambervillers-trois-individus-interpelles-gendarmerie-de-multiples-cambriolages\/#primaryimage\",\"url\":\"https:\/\/vosgesinfo.fr\/app\/uploads\/sites\/4\/2024\/08\/201901rambervillers-interpellations-cambriolages.jpg\",\"contentUrl\":\"https:\/\/vosgesinfo.fr\/app\/uploads\/sites\/4\/2024\/08\/201901rambervillers-interpellations-cambriolages.jpg\",\"width\":400,\"height\":257},{\"@type\":\"BreadcrumbList\",\"@id\":\"https:\/\/vosgesinfo.fr\/saintdieinfo\/2019\/01\/rambervillers-trois-individus-interpelles-gendarmerie-de-multiples-cambriolages\/#breadcrumb\",\"itemListElement\":[{\"@type\":\"ListItem\",\"position\":1,\"name\":\"Home\",\"item\":\"https:\/\/vosgesinfo.fr\/saintdieinfo\/\"},{\"@type\":\"ListItem\",\"position\":2,\"name\":\"Rambervillers \u2013 Trois individus interpell\u00e9s par la Gendarmerie pour de multiples cambriolages\"}]},{\"@type\":\"WebSite\",\"@id\":\"https:\/\/vosgesinfo.fr\/saintdieinfo\/#website\",\"url\":\"https:\/\/vosgesinfo.fr\/saintdieinfo\/\",\"name\":\"Saint Die Info\",\"description\":\"Toute l&#039;actualit\u00e9 de Saint-Di\u00e9-Des-Vosges\",\"publisher\":{\"@id\":\"https:\/\/vosgesinfo.fr\/saintdieinfo\/#organization\"},\"alternateName\":\"Toute l'actualit\u00e9 de Saint-Di\u00e9-Des-Vosges\",\"potentialAction\":[{\"@type\":\"SearchAction\",\"target\":{\"@type\":\"EntryPoint\",\"urlTemplate\":\"https:\/\/vosgesinfo.fr\/saintdieinfo\/?s={search_term_string}\"},\"query-input\":\"required name=search_term_string\"}],\"inLanguage\":\"fr-FR\"},{\"@type\":\"Organization\",\"@id\":\"https:\/\/vosgesinfo.fr\/saintdieinfo\/#organization\",\"name\":\"Saint Die Info\",\"url\":\"https:\/\/vosgesinfo.fr\/saintdieinfo\/\",\"logo\":{\"@type\":\"ImageObject\",\"inLanguage\":\"fr-FR\",\"@id\":\"https:\/\/vosgesinfo.fr\/saintdieinfo\/#\/schema\/logo\/image\/\",\"url\":\"https:\/\/vosgesinfo.fr\/app\/uploads\/sites\/4\/2024\/02\/logo-sdi.jpg\",\"contentUrl\":\"https:\/\/vosgesinfo.fr\/app\/uploads\/sites\/4\/2024\/02\/logo-sdi.jpg\",\"width\":600,\"height\":600,\"caption\":\"Saint Die Info\"},\"image\":{\"@id\":\"https:\/\/vosgesinfo.fr\/saintdieinfo\/#\/schema\/logo\/image\/\"},\"sameAs\":[\"https:\/\/www.facebook.com\/Saintdieinfofr\",\"https:\/\/x.com\/VosgesInfo88\",\"https:\/\/www.youtube.com\/@vosgesinfo\"]},{\"@type\":\"Person\",\"@id\":\"https:\/\/vosgesinfo.fr\/saintdieinfo\/#\/schema\/person\/faee6704a21f3977511db84bd1cd450f\",\"name\":\"la r\u00e9daction\",\"image\":{\"@type\":\"ImageObject\",\"inLanguage\":\"fr-FR\",\"@id\":\"https:\/\/vosgesinfo.fr\/saintdieinfo\/#\/schema\/person\/image\/\",\"url\":\"https:\/\/secure.gravatar.com\/avatar\/6673d8bc6a9c17fa9a453eaa3448de834fa308c2ec9635b7aa99441a7c8d2cf6?s=96&d=mm&r=g\",\"contentUrl\":\"https:\/\/secure.gravatar.com\/avatar\/6673d8bc6a9c17fa9a453eaa3448de834fa308c2ec9635b7aa99441a7c8d2cf6?s=96&d=mm&r=g\",\"caption\":\"la r\u00e9daction\"},\"url\":\"https:\/\/vosgesinfo.fr\/saintdieinfo\/author\/redac\/\"}]}<\/script>\n<!-- \/ Yoast SEO plugin. -->","yoast_head_json":{"title":"Rambervillers \u2013 Trois individus interpell\u00e9s par la Gendarmerie pour de multiples cambriolages - Saint Die Info","robots":{"index":"index","follow":"follow","max-snippet":"max-snippet:-1","max-image-preview":"max-image-preview:large","max-video-preview":"max-video-preview:-1"},"canonical":"https:\/\/vosgesinfo.fr\/saintdieinfo\/2019\/01\/rambervillers-trois-individus-interpelles-gendarmerie-de-multiples-cambriolages\/","twitter_card":"summary_large_image","twitter_title":"Rambervillers \u2013 Trois individus interpell\u00e9s par la Gendarmerie pour de multiples cambriolages - Saint Die Info","twitter_description":"Agissant dans le cadre d\u2019une enqu\u00eate de flagrance, les gendarmes de la compagnie de Saint-Di\u00e9-des-Vosges ont proc\u00e9d\u00e9, samedi 8 janvier [&hellip;]","twitter_image":"https:\/\/vosgesinfo.fr\/app\/uploads\/sites\/4\/2024\/08\/201901rambervillers-interpellations-cambriolages.jpg","twitter_creator":"@VosgesInfo88","twitter_site":"@VosgesInfo88","twitter_misc":{"\u00c9crit par":"la r\u00e9daction","Dur\u00e9e de lecture estim\u00e9e":"1 minute"},"schema":{"@context":"https:\/\/schema.org","@graph":[{"@type":"Article","@id":"https:\/\/vosgesinfo.fr\/saintdieinfo\/2019\/01\/rambervillers-trois-individus-interpelles-gendarmerie-de-multiples-cambriolages\/#article","isPartOf":{"@id":"https:\/\/vosgesinfo.fr\/saintdieinfo\/2019\/01\/rambervillers-trois-individus-interpelles-gendarmerie-de-multiples-cambriolages\/"},"author":{"name":"la r\u00e9daction","@id":"https:\/\/vosgesinfo.fr\/saintdieinfo\/#\/schema\/person\/faee6704a21f3977511db84bd1cd450f"},"headline":"Rambervillers \u2013 Trois individus interpell\u00e9s par la Gendarmerie pour de multiples cambriolages","datePublished":"2019-01-11T07:00:57+00:00","dateModified":"2019-01-11T07:00:57+00:00","mainEntityOfPage":{"@id":"https:\/\/vosgesinfo.fr\/saintdieinfo\/2019\/01\/rambervillers-trois-individus-interpelles-gendarmerie-de-multiples-cambriolages\/"},"wordCount":179,"commentCount":0,"publisher":{"@id":"https:\/\/vosgesinfo.fr\/saintdieinfo\/#organization"},"image":{"@id":"https:\/\/vosgesinfo.fr\/saintdieinfo\/2019\/01\/rambervillers-trois-individus-interpelles-gendarmerie-de-multiples-cambriolages\/#primaryimage"},"thumbnailUrl":"https:\/\/vosgesinfo.fr\/app\/uploads\/sites\/4\/2024\/08\/201901rambervillers-interpellations-cambriolages.jpg","keywords":["Cambriolages","Compagnie de gendarmerie de Saint-Di\u00e9-des-Vosges","Rambervillers"],"articleSection":["A la Une","Fait Divers","Saint-Di\u00e9-des-Vosges et son Agglom\u00e9ration"],"inLanguage":"fr-FR","potentialAction":[{"@type":"CommentAction","name":"Comment","target":["https:\/\/vosgesinfo.fr\/saintdieinfo\/2019\/01\/rambervillers-trois-individus-interpelles-gendarmerie-de-multiples-cambriolages\/#respond"]}]},{"@type":"WebPage","@id":"https:\/\/vosgesinfo.fr\/saintdieinfo\/2019\/01\/rambervillers-trois-individus-interpelles-gendarmerie-de-multiples-cambriolages\/","url":"https:\/\/vosgesinfo.fr\/saintdieinfo\/2019\/01\/rambervillers-trois-individus-interpelles-gendarmerie-de-multiples-cambriolages\/","name":"Rambervillers \u2013 Trois individus interpell\u00e9s par la Gendarmerie pour de multiples cambriolages - Saint Die Info","isPartOf":{"@id":"https:\/\/vosgesinfo.fr\/saintdieinfo\/#website"},"primaryImageOfPage":{"@id":"https:\/\/vosgesinfo.fr\/saintdieinfo\/2019\/01\/rambervillers-trois-individus-interpelles-gendarmerie-de-multiples-cambriolages\/#primaryimage"},"image":{"@id":"https:\/\/vosgesinfo.fr\/saintdieinfo\/2019\/01\/rambervillers-trois-individus-interpelles-gendarmerie-de-multiples-cambriolages\/#primaryimage"},"thumbnailUrl":"https:\/\/vosgesinfo.fr\/app\/uploads\/sites\/4\/2024\/08\/201901rambervillers-interpellations-cambriolages.jpg","datePublished":"2019-01-11T07:00:57+00:00","dateModified":"2019-01-11T07:00:57+00:00","breadcrumb":{"@id":"https:\/\/vosgesinfo.fr\/saintdieinfo\/2019\/01\/rambervillers-trois-individus-interpelles-gendarmerie-de-multiples-cambriolages\/#breadcrumb"},"inLanguage":"fr-FR","potentialAction":[{"@type":"ReadAction","target":["https:\/\/vosgesinfo.fr\/saintdieinfo\/2019\/01\/rambervillers-trois-individus-interpelles-gendarmerie-de-multiples-cambriolages\/"]}]},{"@type":"ImageObject","inLanguage":"fr-FR","@id":"https:\/\/vosgesinfo.fr\/saintdieinfo\/2019\/01\/rambervillers-trois-individus-interpelles-gendarmerie-de-multiples-cambriolages\/#primaryimage","url":"https:\/\/vosgesinfo.fr\/app\/uploads\/sites\/4\/2024\/08\/201901rambervillers-interpellations-cambriolages.jpg","contentUrl":"https:\/\/vosgesinfo.fr\/app\/uploads\/sites\/4\/2024\/08\/201901rambervillers-interpellations-cambriolages.jpg","width":400,"height":257},{"@type":"BreadcrumbList","@id":"https:\/\/vosgesinfo.fr\/saintdieinfo\/2019\/01\/rambervillers-trois-individus-interpelles-gendarmerie-de-multiples-cambriolages\/#breadcrumb","itemListElement":[{"@type":"ListItem","position":1,"name":"Home","item":"https:\/\/vosgesinfo.fr\/saintdieinfo\/"},{"@type":"ListItem","position":2,"name":"Rambervillers \u2013 Trois individus interpell\u00e9s par la Gendarmerie pour de multiples cambriolages"}]},{"@type":"WebSite","@id":"https:\/\/vosgesinfo.fr\/saintdieinfo\/#website","url":"https:\/\/vosgesinfo.fr\/saintdieinfo\/","name":"Saint Die Info","description":"Toute l&#039;actualit\u00e9 de Saint-Di\u00e9-Des-Vosges","publisher":{"@id":"https:\/\/vosgesinfo.fr\/saintdieinfo\/#organization"},"alternateName":"Toute l'actualit\u00e9 de Saint-Di\u00e9-Des-Vosges","potentialAction":[{"@type":"SearchAction","target":{"@type":"EntryPoint","urlTemplate":"https:\/\/vosgesinfo.fr\/saintdieinfo\/?s={search_term_string}"},"query-input":"required name=search_term_string"}],"inLanguage":"fr-FR"},{"@type":"Organization","@id":"https:\/\/vosgesinfo.fr\/saintdieinfo\/#organization","name":"Saint Die Info","url":"https:\/\/vosgesinfo.fr\/saintdieinfo\/","logo":{"@type":"ImageObject","inLanguage":"fr-FR","@id":"https:\/\/vosgesinfo.fr\/saintdieinfo\/#\/schema\/logo\/image\/","url":"https:\/\/vosgesinfo.fr\/app\/uploads\/sites\/4\/2024\/02\/logo-sdi.jpg","contentUrl":"https:\/\/vosgesinfo.fr\/app\/uploads\/sites\/4\/2024\/02\/logo-sdi.jpg","width":600,"height":600,"caption":"Saint Die Info"},"image":{"@id":"https:\/\/vosgesinfo.fr\/saintdieinfo\/#\/schema\/logo\/image\/"},"sameAs":["https:\/\/www.facebook.com\/Saintdieinfofr","https:\/\/x.com\/VosgesInfo88","https:\/\/www.youtube.com\/@vosgesinfo"]},{"@type":"Person","@id":"https:\/\/vosgesinfo.fr\/saintdieinfo\/#\/schema\/person\/faee6704a21f3977511db84bd1cd450f","name":"la r\u00e9daction","image":{"@type":"ImageObject","inLanguage":"fr-FR","@id":"https:\/\/vosgesinfo.fr\/saintdieinfo\/#\/schema\/person\/image\/","url":"https:\/\/secure.gravatar.com\/avatar\/6673d8bc6a9c17fa9a453eaa3448de834fa308c2ec9635b7aa99441a7c8d2cf6?s=96&d=mm&r=g","contentUrl":"https:\/\/secure.gravatar.com\/avatar\/6673d8bc6a9c17fa9a453eaa3448de834fa308c2ec9635b7aa99441a7c8d2cf6?s=96&d=mm&r=g","caption":"la r\u00e9daction"},"url":"https:\/\/vosgesinfo.fr\/saintdieinfo\/author\/redac\/"}]}},"_links":{"self":[{"href":"https:\/\/vosgesinfo.fr\/saintdieinfo\/wp-json\/wp\/v2\/posts\/36977","targetHints":{"allow":["GET"]}}],"collection":[{"href":"https:\/\/vosgesinfo.fr\/saintdieinfo\/wp-json\/wp\/v2\/posts"}],"about":[{"href":"https:\/\/vosgesinfo.fr\/saintdieinfo\/wp-json\/wp\/v2\/types\/post"}],"author":[{"embeddable":true,"href":"https:\/\/vosgesinfo.fr\/saintdieinfo\/wp-json\/wp\/v2\/users\/44"}],"replies":[{"embeddable":true,"href":"https:\/\/vosgesinfo.fr\/saintdieinfo\/wp-json\/wp\/v2\/comments?post=36977"}],"version-history":[{"count":0,"href":"https:\/\/vosgesinfo.fr\/saintdieinfo\/wp-json\/wp\/v2\/posts\/36977\/revisions"}],"wp:featuredmedia":[{"embeddable":true,"href":"https:\/\/vosgesinfo.fr\/saintdieinfo\/wp-json\/wp\/v2\/media\/36978"}],"wp:attachment":[{"href":"https:\/\/vosgesinfo.fr\/saintdieinfo\/wp-json\/wp\/v2\/media?parent=36977"}],"wp:term":[{"taxonomy":"category","embeddable":true,"href":"https:\/\/vosgesinfo.fr\/saintdieinfo\/wp-json\/wp\/v2\/categories?post=36977"},{"taxonomy":"post_tag","embeddable":true,"href":"https:\/\/vosgesinfo.fr\/saintdieinfo\/wp-json\/wp\/v2\/tags?post=36977"}],"curies":[{"name":"wp","href":"https:\/\/api.w.org\/{rel}","templated":true}]}}