{"id":36993,"date":"2019-01-11T09:00:38","date_gmt":"2019-01-11T08:00:38","guid":{"rendered":"https:\/\/vosgesinfo.fr\/saintdieinfo\/2019\/01\/lassociation-jardins-de-chapelle-saint-roch-a-distribue-etrennes-aux-residents-de-lehpad-saint-deodat\/"},"modified":"2019-01-11T09:00:38","modified_gmt":"2019-01-11T08:00:38","slug":"lassociation-jardins-de-chapelle-saint-roch-a-distribue-etrennes-aux-residents-de-lehpad-saint-deodat","status":"publish","type":"post","link":"https:\/\/vosgesinfo.fr\/saintdieinfo\/2019\/01\/lassociation-jardins-de-chapelle-saint-roch-a-distribue-etrennes-aux-residents-de-lehpad-saint-deodat\/","title":{"rendered":"L&rsquo;association des Jardins de la Chapelle Saint-Roch a distribu\u00e9 ses \u00e9trennes aux r\u00e9sidents de l&rsquo;EHPAD Saint-D\u00e9odat"},"content":{"rendered":"<div id=\"attachment_132515\" style=\"width: 970px\" class=\"wp-caption aligncenter\"><a href=\"\/2019\/01\/Etrennes_Jardins_Chapelle_Saint-Roch_EHPAD_Saint-D\u00e9odat-3.jpg\" target=\"_blank\" rel=\"noopener\"><img decoding=\"async\" aria-describedby=\"caption-attachment-132515\" class=\"wp-image-132515 size-large\" src=\"\/2019\/01\/Etrennes_Jardins_Chapelle_Saint-Roch_EHPAD_Saint-D\u00e9odat-3-1024x683.jpg\" alt=\"Etrennes_Jardins_Chapelle_Saint-Roch_EHPAD_Saint-D\u00e9odat (3)\" width=\"960\" height=\"640\" \/><\/a><p id=\"caption-attachment-132515\" class=\"wp-caption-text\">(Cr\u00e9dits photographiques Marc Fourniquet)<\/p><\/div>\n<h2><strong><span style=\"font-family: Calibri, sans-serif;\"><span style=\"font-size: large;\">L&rsquo;association des Jardins de la Chapelle Saint-Roch, repr\u00e9sent\u00e9e par son vice-pr\u00e9sident Paul Kuntz, a distribu\u00e9 ses \u00e9trennes \u00e0 l&rsquo;EHPAD Saint-D\u00e9odat hier jeudi apr\u00e8s-midi.<\/span><\/span><\/strong><\/h2>\n<p><span style=\"font-family: Calibri, sans-serif;\"><span style=\"font-size: large;\">Apr\u00e8s \u00eatre bri\u00e8vement revenu sur les actions pass\u00e9es de l&rsquo;association, ce m\u00eame vice-pr\u00e9sident a ensuite remis pas moins de 88 colis aux r\u00e9sidents de l&rsquo;\u00e9tablissement. Des colis qui contenaient un savon parfum\u00e9, un gel douche et une boite \u00e0 pilule remplie de bonbons sans sucre. Cette distribution de d\u00e9but d&rsquo;ann\u00e9e \u00e9tait \u00e9galement l&rsquo;occasion de rappeler le prochain temps fort des Jardins de la Chapelle Saint-Roch, \u00e0 savoir le concert <em>tribute<\/em> \u00e0 U2 le 30 mars prochain \u00e0 l&rsquo;Espace Georges-Sadoul.<\/span><\/span><\/p>\n<p>J.J.<\/p>\n\n","protected":false},"excerpt":{"rendered":"<p>L&rsquo;association des Jardins de la Chapelle Saint-Roch, repr\u00e9sent\u00e9e par son vice-pr\u00e9sident Paul Kuntz, a distribu\u00e9 ses \u00e9trennes \u00e0 l&rsquo;EHPAD Saint-D\u00e9odat [&hellip;]<\/p>\n","protected":false},"author":46,"featured_media":36994,"comment_status":"open","ping_status":"open","sticky":false,"template":"","format":"standard","meta":{"footnotes":""},"categories":[460,2915,17],"tags":[7075,5781,5203],"class_list":["post-36993","post","type-post","status-publish","format-standard","has-post-thumbnail","hentry","category-a-la-une","category-saint-die-son-canton","category-vie-associative","tag-distribution-des-etrennes","tag-ehpad-saint-deodat","tag-les-jardins-de-la-chapelle-saint-roch"],"acf":[],"yoast_head":"<!-- This site is optimized with the Yoast SEO plugin v22.5 - https:\/\/yoast.com\/wordpress\/plugins\/seo\/ -->\n<title>L&#039;association des Jardins de la Chapelle Saint-Roch a distribu\u00e9 ses \u00e9trennes aux r\u00e9sidents de l&#039;EHPAD Saint-D\u00e9odat - Saint Die Info<\/title>\n<meta name=\"robots\" content=\"index, follow, max-snippet:-1, max-image-preview:large, max-video-preview:-1\" \/>\n<link rel=\"canonical\" href=\"https:\/\/vosgesinfo.fr\/saintdieinfo\/2019\/01\/lassociation-jardins-de-chapelle-saint-roch-a-distribue-etrennes-aux-residents-de-lehpad-saint-deodat\/\" \/>\n<meta name=\"twitter:card\" content=\"summary_large_image\" \/>\n<meta name=\"twitter:title\" content=\"L&#039;association des Jardins de la Chapelle Saint-Roch a distribu\u00e9 ses \u00e9trennes aux r\u00e9sidents de l&#039;EHPAD Saint-D\u00e9odat - Saint Die Info\" \/>\n<meta name=\"twitter:description\" content=\"L&rsquo;association des Jardins de la Chapelle Saint-Roch, repr\u00e9sent\u00e9e par son vice-pr\u00e9sident Paul Kuntz, a distribu\u00e9 ses \u00e9trennes \u00e0 l&rsquo;EHPAD Saint-D\u00e9odat [&hellip;]\" \/>\n<meta name=\"twitter:image\" content=\"https:\/\/vosgesinfo.fr\/app\/uploads\/sites\/4\/2024\/08\/201901etrennes-jardins-chapelle-saint-roch-ehpad-saint-deodat-3.jpg\" \/>\n<meta name=\"twitter:creator\" content=\"@VosgesInfo88\" \/>\n<meta name=\"twitter:site\" content=\"@VosgesInfo88\" \/>\n<meta name=\"twitter:label1\" content=\"\u00c9crit par\" \/>\n\t<meta name=\"twitter:data1\" content=\"J.J.\" \/>\n\t<meta name=\"twitter:label2\" content=\"Dur\u00e9e de lecture estim\u00e9e\" \/>\n\t<meta name=\"twitter:data2\" content=\"1 minute\" \/>\n<script type=\"application\/ld+json\" class=\"yoast-schema-graph\">{\"@context\":\"https:\/\/schema.org\",\"@graph\":[{\"@type\":\"Article\",\"@id\":\"https:\/\/vosgesinfo.fr\/saintdieinfo\/2019\/01\/lassociation-jardins-de-chapelle-saint-roch-a-distribue-etrennes-aux-residents-de-lehpad-saint-deodat\/#article\",\"isPartOf\":{\"@id\":\"https:\/\/vosgesinfo.fr\/saintdieinfo\/2019\/01\/lassociation-jardins-de-chapelle-saint-roch-a-distribue-etrennes-aux-residents-de-lehpad-saint-deodat\/\"},\"author\":{\"name\":\"J.J.\",\"@id\":\"https:\/\/vosgesinfo.fr\/saintdieinfo\/#\/schema\/person\/fa73e9f726d67bb88f46d5b7943cb572\"},\"headline\":\"L&rsquo;association des Jardins de la Chapelle Saint-Roch a distribu\u00e9 ses \u00e9trennes aux r\u00e9sidents de l&rsquo;EHPAD Saint-D\u00e9odat\",\"datePublished\":\"2019-01-11T08:00:38+00:00\",\"dateModified\":\"2019-01-11T08:00:38+00:00\",\"mainEntityOfPage\":{\"@id\":\"https:\/\/vosgesinfo.fr\/saintdieinfo\/2019\/01\/lassociation-jardins-de-chapelle-saint-roch-a-distribue-etrennes-aux-residents-de-lehpad-saint-deodat\/\"},\"wordCount\":155,\"commentCount\":0,\"publisher\":{\"@id\":\"https:\/\/vosgesinfo.fr\/saintdieinfo\/#organization\"},\"image\":{\"@id\":\"https:\/\/vosgesinfo.fr\/saintdieinfo\/2019\/01\/lassociation-jardins-de-chapelle-saint-roch-a-distribue-etrennes-aux-residents-de-lehpad-saint-deodat\/#primaryimage\"},\"thumbnailUrl\":\"https:\/\/vosgesinfo.fr\/app\/uploads\/sites\/4\/2024\/08\/201901etrennes-jardins-chapelle-saint-roch-ehpad-saint-deodat-3.jpg\",\"keywords\":[\"Distribution des \u00e9trennes\",\"EHPAD Saint-D\u00e9odat\",\"Les Jardins de la Chapelle Saint-Roch\"],\"articleSection\":[\"A la Une\",\"Saint-Di\u00e9-des-Vosges et son Agglom\u00e9ration\",\"Vie Associative\"],\"inLanguage\":\"fr-FR\",\"potentialAction\":[{\"@type\":\"CommentAction\",\"name\":\"Comment\",\"target\":[\"https:\/\/vosgesinfo.fr\/saintdieinfo\/2019\/01\/lassociation-jardins-de-chapelle-saint-roch-a-distribue-etrennes-aux-residents-de-lehpad-saint-deodat\/#respond\"]}]},{\"@type\":\"WebPage\",\"@id\":\"https:\/\/vosgesinfo.fr\/saintdieinfo\/2019\/01\/lassociation-jardins-de-chapelle-saint-roch-a-distribue-etrennes-aux-residents-de-lehpad-saint-deodat\/\",\"url\":\"https:\/\/vosgesinfo.fr\/saintdieinfo\/2019\/01\/lassociation-jardins-de-chapelle-saint-roch-a-distribue-etrennes-aux-residents-de-lehpad-saint-deodat\/\",\"name\":\"L'association des Jardins de la Chapelle Saint-Roch a distribu\u00e9 ses \u00e9trennes aux r\u00e9sidents de l'EHPAD Saint-D\u00e9odat - Saint Die Info\",\"isPartOf\":{\"@id\":\"https:\/\/vosgesinfo.fr\/saintdieinfo\/#website\"},\"primaryImageOfPage\":{\"@id\":\"https:\/\/vosgesinfo.fr\/saintdieinfo\/2019\/01\/lassociation-jardins-de-chapelle-saint-roch-a-distribue-etrennes-aux-residents-de-lehpad-saint-deodat\/#primaryimage\"},\"image\":{\"@id\":\"https:\/\/vosgesinfo.fr\/saintdieinfo\/2019\/01\/lassociation-jardins-de-chapelle-saint-roch-a-distribue-etrennes-aux-residents-de-lehpad-saint-deodat\/#primaryimage\"},\"thumbnailUrl\":\"https:\/\/vosgesinfo.fr\/app\/uploads\/sites\/4\/2024\/08\/201901etrennes-jardins-chapelle-saint-roch-ehpad-saint-deodat-3.jpg\",\"datePublished\":\"2019-01-11T08:00:38+00:00\",\"dateModified\":\"2019-01-11T08:00:38+00:00\",\"breadcrumb\":{\"@id\":\"https:\/\/vosgesinfo.fr\/saintdieinfo\/2019\/01\/lassociation-jardins-de-chapelle-saint-roch-a-distribue-etrennes-aux-residents-de-lehpad-saint-deodat\/#breadcrumb\"},\"inLanguage\":\"fr-FR\",\"potentialAction\":[{\"@type\":\"ReadAction\",\"target\":[\"https:\/\/vosgesinfo.fr\/saintdieinfo\/2019\/01\/lassociation-jardins-de-chapelle-saint-roch-a-distribue-etrennes-aux-residents-de-lehpad-saint-deodat\/\"]}]},{\"@type\":\"ImageObject\",\"inLanguage\":\"fr-FR\",\"@id\":\"https:\/\/vosgesinfo.fr\/saintdieinfo\/2019\/01\/lassociation-jardins-de-chapelle-saint-roch-a-distribue-etrennes-aux-residents-de-lehpad-saint-deodat\/#primaryimage\",\"url\":\"https:\/\/vosgesinfo.fr\/app\/uploads\/sites\/4\/2024\/08\/201901etrennes-jardins-chapelle-saint-roch-ehpad-saint-deodat-3.jpg\",\"contentUrl\":\"https:\/\/vosgesinfo.fr\/app\/uploads\/sites\/4\/2024\/08\/201901etrennes-jardins-chapelle-saint-roch-ehpad-saint-deodat-3.jpg\",\"width\":1024,\"height\":683},{\"@type\":\"BreadcrumbList\",\"@id\":\"https:\/\/vosgesinfo.fr\/saintdieinfo\/2019\/01\/lassociation-jardins-de-chapelle-saint-roch-a-distribue-etrennes-aux-residents-de-lehpad-saint-deodat\/#breadcrumb\",\"itemListElement\":[{\"@type\":\"ListItem\",\"position\":1,\"name\":\"Home\",\"item\":\"https:\/\/vosgesinfo.fr\/saintdieinfo\/\"},{\"@type\":\"ListItem\",\"position\":2,\"name\":\"L&rsquo;association des Jardins de la Chapelle Saint-Roch a distribu\u00e9 ses \u00e9trennes aux r\u00e9sidents de l&rsquo;EHPAD Saint-D\u00e9odat\"}]},{\"@type\":\"WebSite\",\"@id\":\"https:\/\/vosgesinfo.fr\/saintdieinfo\/#website\",\"url\":\"https:\/\/vosgesinfo.fr\/saintdieinfo\/\",\"name\":\"Saint Die Info\",\"description\":\"Toute l&#039;actualit\u00e9 de Saint-Di\u00e9-Des-Vosges\",\"publisher\":{\"@id\":\"https:\/\/vosgesinfo.fr\/saintdieinfo\/#organization\"},\"alternateName\":\"Toute l'actualit\u00e9 de Saint-Di\u00e9-Des-Vosges\",\"potentialAction\":[{\"@type\":\"SearchAction\",\"target\":{\"@type\":\"EntryPoint\",\"urlTemplate\":\"https:\/\/vosgesinfo.fr\/saintdieinfo\/?s={search_term_string}\"},\"query-input\":\"required name=search_term_string\"}],\"inLanguage\":\"fr-FR\"},{\"@type\":\"Organization\",\"@id\":\"https:\/\/vosgesinfo.fr\/saintdieinfo\/#organization\",\"name\":\"Saint Die Info\",\"url\":\"https:\/\/vosgesinfo.fr\/saintdieinfo\/\",\"logo\":{\"@type\":\"ImageObject\",\"inLanguage\":\"fr-FR\",\"@id\":\"https:\/\/vosgesinfo.fr\/saintdieinfo\/#\/schema\/logo\/image\/\",\"url\":\"https:\/\/vosgesinfo.fr\/app\/uploads\/sites\/4\/2024\/02\/logo-sdi.jpg\",\"contentUrl\":\"https:\/\/vosgesinfo.fr\/app\/uploads\/sites\/4\/2024\/02\/logo-sdi.jpg\",\"width\":600,\"height\":600,\"caption\":\"Saint Die Info\"},\"image\":{\"@id\":\"https:\/\/vosgesinfo.fr\/saintdieinfo\/#\/schema\/logo\/image\/\"},\"sameAs\":[\"https:\/\/www.facebook.com\/Saintdieinfofr\",\"https:\/\/x.com\/VosgesInfo88\",\"https:\/\/www.youtube.com\/@vosgesinfo\"]},{\"@type\":\"Person\",\"@id\":\"https:\/\/vosgesinfo.fr\/saintdieinfo\/#\/schema\/person\/fa73e9f726d67bb88f46d5b7943cb572\",\"name\":\"J.J.\",\"image\":{\"@type\":\"ImageObject\",\"inLanguage\":\"fr-FR\",\"@id\":\"https:\/\/vosgesinfo.fr\/saintdieinfo\/#\/schema\/person\/image\/\",\"url\":\"https:\/\/secure.gravatar.com\/avatar\/219e749e47ffbcca018a360ae4add7d4cdf1cdaaf8bc7676b27efade3fe65615?s=96&d=mm&r=g\",\"contentUrl\":\"https:\/\/secure.gravatar.com\/avatar\/219e749e47ffbcca018a360ae4add7d4cdf1cdaaf8bc7676b27efade3fe65615?s=96&d=mm&r=g\",\"caption\":\"J.J.\"},\"url\":\"https:\/\/vosgesinfo.fr\/saintdieinfo\/author\/j-j\/\"}]}<\/script>\n<!-- \/ Yoast SEO plugin. -->","yoast_head_json":{"title":"L'association des Jardins de la Chapelle Saint-Roch a distribu\u00e9 ses \u00e9trennes aux r\u00e9sidents de l'EHPAD Saint-D\u00e9odat - Saint Die Info","robots":{"index":"index","follow":"follow","max-snippet":"max-snippet:-1","max-image-preview":"max-image-preview:large","max-video-preview":"max-video-preview:-1"},"canonical":"https:\/\/vosgesinfo.fr\/saintdieinfo\/2019\/01\/lassociation-jardins-de-chapelle-saint-roch-a-distribue-etrennes-aux-residents-de-lehpad-saint-deodat\/","twitter_card":"summary_large_image","twitter_title":"L'association des Jardins de la Chapelle Saint-Roch a distribu\u00e9 ses \u00e9trennes aux r\u00e9sidents de l'EHPAD Saint-D\u00e9odat - Saint Die Info","twitter_description":"L&rsquo;association des Jardins de la Chapelle Saint-Roch, repr\u00e9sent\u00e9e par son vice-pr\u00e9sident Paul Kuntz, a distribu\u00e9 ses \u00e9trennes \u00e0 l&rsquo;EHPAD Saint-D\u00e9odat [&hellip;]","twitter_image":"https:\/\/vosgesinfo.fr\/app\/uploads\/sites\/4\/2024\/08\/201901etrennes-jardins-chapelle-saint-roch-ehpad-saint-deodat-3.jpg","twitter_creator":"@VosgesInfo88","twitter_site":"@VosgesInfo88","twitter_misc":{"\u00c9crit par":"J.J.","Dur\u00e9e de lecture estim\u00e9e":"1 minute"},"schema":{"@context":"https:\/\/schema.org","@graph":[{"@type":"Article","@id":"https:\/\/vosgesinfo.fr\/saintdieinfo\/2019\/01\/lassociation-jardins-de-chapelle-saint-roch-a-distribue-etrennes-aux-residents-de-lehpad-saint-deodat\/#article","isPartOf":{"@id":"https:\/\/vosgesinfo.fr\/saintdieinfo\/2019\/01\/lassociation-jardins-de-chapelle-saint-roch-a-distribue-etrennes-aux-residents-de-lehpad-saint-deodat\/"},"author":{"name":"J.J.","@id":"https:\/\/vosgesinfo.fr\/saintdieinfo\/#\/schema\/person\/fa73e9f726d67bb88f46d5b7943cb572"},"headline":"L&rsquo;association des Jardins de la Chapelle Saint-Roch a distribu\u00e9 ses \u00e9trennes aux r\u00e9sidents de l&rsquo;EHPAD Saint-D\u00e9odat","datePublished":"2019-01-11T08:00:38+00:00","dateModified":"2019-01-11T08:00:38+00:00","mainEntityOfPage":{"@id":"https:\/\/vosgesinfo.fr\/saintdieinfo\/2019\/01\/lassociation-jardins-de-chapelle-saint-roch-a-distribue-etrennes-aux-residents-de-lehpad-saint-deodat\/"},"wordCount":155,"commentCount":0,"publisher":{"@id":"https:\/\/vosgesinfo.fr\/saintdieinfo\/#organization"},"image":{"@id":"https:\/\/vosgesinfo.fr\/saintdieinfo\/2019\/01\/lassociation-jardins-de-chapelle-saint-roch-a-distribue-etrennes-aux-residents-de-lehpad-saint-deodat\/#primaryimage"},"thumbnailUrl":"https:\/\/vosgesinfo.fr\/app\/uploads\/sites\/4\/2024\/08\/201901etrennes-jardins-chapelle-saint-roch-ehpad-saint-deodat-3.jpg","keywords":["Distribution des \u00e9trennes","EHPAD Saint-D\u00e9odat","Les Jardins de la Chapelle Saint-Roch"],"articleSection":["A la Une","Saint-Di\u00e9-des-Vosges et son Agglom\u00e9ration","Vie Associative"],"inLanguage":"fr-FR","potentialAction":[{"@type":"CommentAction","name":"Comment","target":["https:\/\/vosgesinfo.fr\/saintdieinfo\/2019\/01\/lassociation-jardins-de-chapelle-saint-roch-a-distribue-etrennes-aux-residents-de-lehpad-saint-deodat\/#respond"]}]},{"@type":"WebPage","@id":"https:\/\/vosgesinfo.fr\/saintdieinfo\/2019\/01\/lassociation-jardins-de-chapelle-saint-roch-a-distribue-etrennes-aux-residents-de-lehpad-saint-deodat\/","url":"https:\/\/vosgesinfo.fr\/saintdieinfo\/2019\/01\/lassociation-jardins-de-chapelle-saint-roch-a-distribue-etrennes-aux-residents-de-lehpad-saint-deodat\/","name":"L'association des Jardins de la Chapelle Saint-Roch a distribu\u00e9 ses \u00e9trennes aux r\u00e9sidents de l'EHPAD Saint-D\u00e9odat - Saint Die Info","isPartOf":{"@id":"https:\/\/vosgesinfo.fr\/saintdieinfo\/#website"},"primaryImageOfPage":{"@id":"https:\/\/vosgesinfo.fr\/saintdieinfo\/2019\/01\/lassociation-jardins-de-chapelle-saint-roch-a-distribue-etrennes-aux-residents-de-lehpad-saint-deodat\/#primaryimage"},"image":{"@id":"https:\/\/vosgesinfo.fr\/saintdieinfo\/2019\/01\/lassociation-jardins-de-chapelle-saint-roch-a-distribue-etrennes-aux-residents-de-lehpad-saint-deodat\/#primaryimage"},"thumbnailUrl":"https:\/\/vosgesinfo.fr\/app\/uploads\/sites\/4\/2024\/08\/201901etrennes-jardins-chapelle-saint-roch-ehpad-saint-deodat-3.jpg","datePublished":"2019-01-11T08:00:38+00:00","dateModified":"2019-01-11T08:00:38+00:00","breadcrumb":{"@id":"https:\/\/vosgesinfo.fr\/saintdieinfo\/2019\/01\/lassociation-jardins-de-chapelle-saint-roch-a-distribue-etrennes-aux-residents-de-lehpad-saint-deodat\/#breadcrumb"},"inLanguage":"fr-FR","potentialAction":[{"@type":"ReadAction","target":["https:\/\/vosgesinfo.fr\/saintdieinfo\/2019\/01\/lassociation-jardins-de-chapelle-saint-roch-a-distribue-etrennes-aux-residents-de-lehpad-saint-deodat\/"]}]},{"@type":"ImageObject","inLanguage":"fr-FR","@id":"https:\/\/vosgesinfo.fr\/saintdieinfo\/2019\/01\/lassociation-jardins-de-chapelle-saint-roch-a-distribue-etrennes-aux-residents-de-lehpad-saint-deodat\/#primaryimage","url":"https:\/\/vosgesinfo.fr\/app\/uploads\/sites\/4\/2024\/08\/201901etrennes-jardins-chapelle-saint-roch-ehpad-saint-deodat-3.jpg","contentUrl":"https:\/\/vosgesinfo.fr\/app\/uploads\/sites\/4\/2024\/08\/201901etrennes-jardins-chapelle-saint-roch-ehpad-saint-deodat-3.jpg","width":1024,"height":683},{"@type":"BreadcrumbList","@id":"https:\/\/vosgesinfo.fr\/saintdieinfo\/2019\/01\/lassociation-jardins-de-chapelle-saint-roch-a-distribue-etrennes-aux-residents-de-lehpad-saint-deodat\/#breadcrumb","itemListElement":[{"@type":"ListItem","position":1,"name":"Home","item":"https:\/\/vosgesinfo.fr\/saintdieinfo\/"},{"@type":"ListItem","position":2,"name":"L&rsquo;association des Jardins de la Chapelle Saint-Roch a distribu\u00e9 ses \u00e9trennes aux r\u00e9sidents de l&rsquo;EHPAD Saint-D\u00e9odat"}]},{"@type":"WebSite","@id":"https:\/\/vosgesinfo.fr\/saintdieinfo\/#website","url":"https:\/\/vosgesinfo.fr\/saintdieinfo\/","name":"Saint Die Info","description":"Toute l&#039;actualit\u00e9 de Saint-Di\u00e9-Des-Vosges","publisher":{"@id":"https:\/\/vosgesinfo.fr\/saintdieinfo\/#organization"},"alternateName":"Toute l'actualit\u00e9 de Saint-Di\u00e9-Des-Vosges","potentialAction":[{"@type":"SearchAction","target":{"@type":"EntryPoint","urlTemplate":"https:\/\/vosgesinfo.fr\/saintdieinfo\/?s={search_term_string}"},"query-input":"required name=search_term_string"}],"inLanguage":"fr-FR"},{"@type":"Organization","@id":"https:\/\/vosgesinfo.fr\/saintdieinfo\/#organization","name":"Saint Die Info","url":"https:\/\/vosgesinfo.fr\/saintdieinfo\/","logo":{"@type":"ImageObject","inLanguage":"fr-FR","@id":"https:\/\/vosgesinfo.fr\/saintdieinfo\/#\/schema\/logo\/image\/","url":"https:\/\/vosgesinfo.fr\/app\/uploads\/sites\/4\/2024\/02\/logo-sdi.jpg","contentUrl":"https:\/\/vosgesinfo.fr\/app\/uploads\/sites\/4\/2024\/02\/logo-sdi.jpg","width":600,"height":600,"caption":"Saint Die Info"},"image":{"@id":"https:\/\/vosgesinfo.fr\/saintdieinfo\/#\/schema\/logo\/image\/"},"sameAs":["https:\/\/www.facebook.com\/Saintdieinfofr","https:\/\/x.com\/VosgesInfo88","https:\/\/www.youtube.com\/@vosgesinfo"]},{"@type":"Person","@id":"https:\/\/vosgesinfo.fr\/saintdieinfo\/#\/schema\/person\/fa73e9f726d67bb88f46d5b7943cb572","name":"J.J.","image":{"@type":"ImageObject","inLanguage":"fr-FR","@id":"https:\/\/vosgesinfo.fr\/saintdieinfo\/#\/schema\/person\/image\/","url":"https:\/\/secure.gravatar.com\/avatar\/219e749e47ffbcca018a360ae4add7d4cdf1cdaaf8bc7676b27efade3fe65615?s=96&d=mm&r=g","contentUrl":"https:\/\/secure.gravatar.com\/avatar\/219e749e47ffbcca018a360ae4add7d4cdf1cdaaf8bc7676b27efade3fe65615?s=96&d=mm&r=g","caption":"J.J."},"url":"https:\/\/vosgesinfo.fr\/saintdieinfo\/author\/j-j\/"}]}},"_links":{"self":[{"href":"https:\/\/vosgesinfo.fr\/saintdieinfo\/wp-json\/wp\/v2\/posts\/36993","targetHints":{"allow":["GET"]}}],"collection":[{"href":"https:\/\/vosgesinfo.fr\/saintdieinfo\/wp-json\/wp\/v2\/posts"}],"about":[{"href":"https:\/\/vosgesinfo.fr\/saintdieinfo\/wp-json\/wp\/v2\/types\/post"}],"author":[{"embeddable":true,"href":"https:\/\/vosgesinfo.fr\/saintdieinfo\/wp-json\/wp\/v2\/users\/46"}],"replies":[{"embeddable":true,"href":"https:\/\/vosgesinfo.fr\/saintdieinfo\/wp-json\/wp\/v2\/comments?post=36993"}],"version-history":[{"count":0,"href":"https:\/\/vosgesinfo.fr\/saintdieinfo\/wp-json\/wp\/v2\/posts\/36993\/revisions"}],"wp:featuredmedia":[{"embeddable":true,"href":"https:\/\/vosgesinfo.fr\/saintdieinfo\/wp-json\/wp\/v2\/media\/36994"}],"wp:attachment":[{"href":"https:\/\/vosgesinfo.fr\/saintdieinfo\/wp-json\/wp\/v2\/media?parent=36993"}],"wp:term":[{"taxonomy":"category","embeddable":true,"href":"https:\/\/vosgesinfo.fr\/saintdieinfo\/wp-json\/wp\/v2\/categories?post=36993"},{"taxonomy":"post_tag","embeddable":true,"href":"https:\/\/vosgesinfo.fr\/saintdieinfo\/wp-json\/wp\/v2\/tags?post=36993"}],"curies":[{"name":"wp","href":"https:\/\/api.w.org\/{rel}","templated":true}]}}