{"id":37005,"date":"2019-01-11T15:00:39","date_gmt":"2019-01-11T14:00:39","guid":{"rendered":"https:\/\/vosgesinfo.fr\/saintdieinfo\/2019\/01\/semaine-electorale-conseil-municipal-jeunes-de-saint-die-vosges\/"},"modified":"2019-01-11T15:00:39","modified_gmt":"2019-01-11T14:00:39","slug":"semaine-electorale-conseil-municipal-jeunes-de-saint-die-vosges","status":"publish","type":"post","link":"https:\/\/vosgesinfo.fr\/saintdieinfo\/2019\/01\/semaine-electorale-conseil-municipal-jeunes-de-saint-die-vosges\/","title":{"rendered":"Semaine \u00e9lectorale pour le Conseil Municipal des Jeunes de Saint-Di\u00e9-des-Vosges"},"content":{"rendered":"<p><a href=\"\/2019\/01\/Elections_CMJ_SDDV-6.jpg\" target=\"_blank\" rel=\"noopener\"><img decoding=\"async\" class=\"aligncenter wp-image-132536 size-full\" src=\"\/2019\/01\/Elections_CMJ_SDDV-6.jpg\" alt=\"Elections_CMJ_SDDV (6)\" width=\"1000\" height=\"666\" \/><\/a><\/p>\n<h2><strong><span style=\"font-family: Calibri, sans-serif;\"><span style=\"font-size: large;\">Cette deuxi\u00e8me semaine de 2019 \u00e9tait synonyme d&rsquo;\u00e9lections \u00e0 Saint-Di\u00e9-des-Vosges. Car c&rsquo;est cette semaine que les nouveaux membres du Conseil Municipal des Jeunes de la ville ont \u00e9t\u00e9 \u00e9lus.<\/span><\/span><\/strong><\/h2>\n<p><span style=\"font-family: Calibri, sans-serif;\"><span style=\"font-size: large;\">Chaque jour de lundi \u00e0 vendredi, les classes de CE2, CM1 et CM2 des 11 \u00e9coles primaires d\u00e9odatiennes se sont ainsi succ\u00e9d\u00e9 au Grand Salon de l&rsquo;H\u00f4tel de Ville, o\u00f9 les \u00e9l\u00e8ves ont vot\u00e9 pour leurs repr\u00e9sentants au sein du CMJ. Au total, 610 jeunes \u00e9lecteurs se sont prononc\u00e9s ces derniers jours, d\u00e9posant pour chacun d&rsquo;entre eux un bulletin de vote en faveur de l&rsquo;un des candidats de leur \u00e9cole en lice. Au terme de ces \u00e9lections, qui se sont d\u00e9roul\u00e9es dans les m\u00eames conditions qu&rsquo;un scrutin officiel, les 20 nouveaux membres du CMJ ont \u00e9t\u00e9 \u00e9lus pour un mandat de 2 ans. Soit 2 membres pour 9 \u00e9coles et un seul membre pour les 2 \u00e9coles ayant un effectif moindre. Le tout en sachant que pas moins de 70 candidats s&rsquo;\u00e9taient pr\u00e9sent\u00e9s.<\/span><\/span><\/p>\n<p><span style=\"font-family: Calibri, sans-serif;\"><span style=\"font-size: large;\">Ce vendredi apr\u00e8s-midi, ce fut au tour de la classe de St\u00e9phane Pitoy de l&rsquo;\u00e9cole Camille-Claudel du quartier Marzelay de s&rsquo;exprimer dans l&rsquo;urne&#8230; et d&rsquo;apporter par la m\u00eame occasion une conclusion \u00e0 ces \u00e9lections bisannuelles. Mais avant de proc\u00e9der au vote puis au d\u00e9pouillement, qui a vu Baptiste G\u00e9rard \u00eatre \u00e9lu haut la main, Claude Buchoud et Louis Simon, respectivement pr\u00e9sident et responsable du CMJ d\u00e9odatien, ont pr\u00e9sent\u00e9 aux \u00e9coliers le Grand Salon de l&rsquo;H\u00f4tel ainsi que le d\u00e9roul\u00e9 de l&rsquo;\u00e9lection. Et Claude Buchoud de souligner que <em>\u00ab\u00a0les 20 jeunes \u00e9lus seront rejoints au sein du CMJ par des coll\u00e9giens et lyc\u00e9ens, qui seront s\u00e9lectionn\u00e9s suite \u00e0 un appel \u00e0 candidatures. En g\u00e9n\u00e9ral, ce sont d&rsquo;anciens du CMJ. Ce qui portera le nombre de membres \u00e0 une quarantaine.\u00a0\u00bb<\/em><\/span><\/span><\/p>\n<p><span style=\"font-family: Calibri, sans-serif;\"><span style=\"font-size: large;\">A la mi-f\u00e9vrier, tous les membres du CMJ se retrouveront du c\u00f4t\u00e9 de l&rsquo;internat du lyc\u00e9e Jules-Ferry pour un week-end d&rsquo;int\u00e9gration, afin de faire plus ample connaissance avec leurs nouveaux camarades \u00e9lus. Il s&rsquo;agira ensuite de r\u00e9fl\u00e9chir sur quels projets travailler. <em>\u00ab\u00a0Selon les suggestions des commissions seront cr\u00e9\u00e9es, avec par exemple des commissions relatives \u00e0 l&rsquo;environnement ou \u00e0 la citoyennet\u00e9. Quant \u00e0 la fr\u00e9quence des r\u00e9unions, rien n&rsquo;est d\u00e9fini \u00e0 l&rsquo;avance mais en g\u00e9n\u00e9ral le CMJ se r\u00e9uni environ une fois par mois\u00a0\u00bb<\/em> pr\u00e9cise Claude Buchoud. Le CMJ participe activement \u00e0 la vie de la cit\u00e9, apportant notamment son aide lors de chaque \u00e9dition de \u00ab\u00a0Un jardin dans ma ville\u00a0\u00bb.<br \/>\n<\/span><\/span><\/p>\n<p>J.J.<\/p>\n\n","protected":false},"excerpt":{"rendered":"<p>Cette deuxi\u00e8me semaine de 2019 \u00e9tait synonyme d&rsquo;\u00e9lections \u00e0 Saint-Di\u00e9-des-Vosges. Car c&rsquo;est cette semaine que les nouveaux membres du Conseil [&hellip;]<\/p>\n","protected":false},"author":46,"featured_media":37006,"comment_status":"open","ping_status":"open","sticky":false,"template":"","format":"standard","meta":{"footnotes":""},"categories":[460,3532,20,2915],"tags":[3907,3908,7080,3318],"class_list":["post-37005","post","type-post","status-publish","format-standard","has-post-thumbnail","hentry","category-a-la-une","category-enfants","category-loisirs","category-saint-die-son-canton","tag-cmj","tag-conseil-municipal-des-jeunes-de-saint-die-des-vosges","tag-elections-du-cmj","tag-grand-salon-de-lhotel-de-ville"],"acf":[],"yoast_head":"<!-- This site is optimized with the Yoast SEO plugin v22.5 - https:\/\/yoast.com\/wordpress\/plugins\/seo\/ -->\n<title>Semaine \u00e9lectorale pour le Conseil Municipal des Jeunes de Saint-Di\u00e9-des-Vosges - Saint Die Info<\/title>\n<meta name=\"robots\" content=\"index, follow, max-snippet:-1, max-image-preview:large, max-video-preview:-1\" \/>\n<link rel=\"canonical\" href=\"https:\/\/vosgesinfo.fr\/saintdieinfo\/2019\/01\/semaine-electorale-conseil-municipal-jeunes-de-saint-die-vosges\/\" \/>\n<meta name=\"twitter:card\" content=\"summary_large_image\" \/>\n<meta name=\"twitter:title\" content=\"Semaine \u00e9lectorale pour le Conseil Municipal des Jeunes de Saint-Di\u00e9-des-Vosges - Saint Die Info\" \/>\n<meta name=\"twitter:description\" content=\"Cette deuxi\u00e8me semaine de 2019 \u00e9tait synonyme d&rsquo;\u00e9lections \u00e0 Saint-Di\u00e9-des-Vosges. Car c&rsquo;est cette semaine que les nouveaux membres du Conseil [&hellip;]\" \/>\n<meta name=\"twitter:image\" content=\"https:\/\/vosgesinfo.fr\/app\/uploads\/sites\/4\/2024\/08\/201901elections-cmj-sddv-6.jpg\" \/>\n<meta name=\"twitter:creator\" content=\"@VosgesInfo88\" \/>\n<meta name=\"twitter:site\" content=\"@VosgesInfo88\" \/>\n<meta name=\"twitter:label1\" content=\"\u00c9crit par\" \/>\n\t<meta name=\"twitter:data1\" content=\"J.J.\" \/>\n\t<meta name=\"twitter:label2\" content=\"Dur\u00e9e de lecture estim\u00e9e\" \/>\n\t<meta name=\"twitter:data2\" content=\"2 minutes\" \/>\n<script type=\"application\/ld+json\" class=\"yoast-schema-graph\">{\"@context\":\"https:\/\/schema.org\",\"@graph\":[{\"@type\":\"Article\",\"@id\":\"https:\/\/vosgesinfo.fr\/saintdieinfo\/2019\/01\/semaine-electorale-conseil-municipal-jeunes-de-saint-die-vosges\/#article\",\"isPartOf\":{\"@id\":\"https:\/\/vosgesinfo.fr\/saintdieinfo\/2019\/01\/semaine-electorale-conseil-municipal-jeunes-de-saint-die-vosges\/\"},\"author\":{\"name\":\"J.J.\",\"@id\":\"https:\/\/vosgesinfo.fr\/saintdieinfo\/#\/schema\/person\/fa73e9f726d67bb88f46d5b7943cb572\"},\"headline\":\"Semaine \u00e9lectorale pour le Conseil Municipal des Jeunes de Saint-Di\u00e9-des-Vosges\",\"datePublished\":\"2019-01-11T14:00:39+00:00\",\"dateModified\":\"2019-01-11T14:00:39+00:00\",\"mainEntityOfPage\":{\"@id\":\"https:\/\/vosgesinfo.fr\/saintdieinfo\/2019\/01\/semaine-electorale-conseil-municipal-jeunes-de-saint-die-vosges\/\"},\"wordCount\":463,\"commentCount\":0,\"publisher\":{\"@id\":\"https:\/\/vosgesinfo.fr\/saintdieinfo\/#organization\"},\"image\":{\"@id\":\"https:\/\/vosgesinfo.fr\/saintdieinfo\/2019\/01\/semaine-electorale-conseil-municipal-jeunes-de-saint-die-vosges\/#primaryimage\"},\"thumbnailUrl\":\"https:\/\/vosgesinfo.fr\/app\/uploads\/sites\/4\/2024\/08\/201901elections-cmj-sddv-6.jpg\",\"keywords\":[\"CMJ\",\"Conseil Municipal des Jeunes de Saint-Di\u00e9-des-Vosges\",\"Elections du CMJ\",\"Grand Salon de l'H\u00f4tel de Ville\"],\"articleSection\":[\"A la Une\",\"Enfants\",\"Loisirs\",\"Saint-Di\u00e9-des-Vosges et son Agglom\u00e9ration\"],\"inLanguage\":\"fr-FR\",\"potentialAction\":[{\"@type\":\"CommentAction\",\"name\":\"Comment\",\"target\":[\"https:\/\/vosgesinfo.fr\/saintdieinfo\/2019\/01\/semaine-electorale-conseil-municipal-jeunes-de-saint-die-vosges\/#respond\"]}]},{\"@type\":\"WebPage\",\"@id\":\"https:\/\/vosgesinfo.fr\/saintdieinfo\/2019\/01\/semaine-electorale-conseil-municipal-jeunes-de-saint-die-vosges\/\",\"url\":\"https:\/\/vosgesinfo.fr\/saintdieinfo\/2019\/01\/semaine-electorale-conseil-municipal-jeunes-de-saint-die-vosges\/\",\"name\":\"Semaine \u00e9lectorale pour le Conseil Municipal des Jeunes de Saint-Di\u00e9-des-Vosges - Saint Die Info\",\"isPartOf\":{\"@id\":\"https:\/\/vosgesinfo.fr\/saintdieinfo\/#website\"},\"primaryImageOfPage\":{\"@id\":\"https:\/\/vosgesinfo.fr\/saintdieinfo\/2019\/01\/semaine-electorale-conseil-municipal-jeunes-de-saint-die-vosges\/#primaryimage\"},\"image\":{\"@id\":\"https:\/\/vosgesinfo.fr\/saintdieinfo\/2019\/01\/semaine-electorale-conseil-municipal-jeunes-de-saint-die-vosges\/#primaryimage\"},\"thumbnailUrl\":\"https:\/\/vosgesinfo.fr\/app\/uploads\/sites\/4\/2024\/08\/201901elections-cmj-sddv-6.jpg\",\"datePublished\":\"2019-01-11T14:00:39+00:00\",\"dateModified\":\"2019-01-11T14:00:39+00:00\",\"breadcrumb\":{\"@id\":\"https:\/\/vosgesinfo.fr\/saintdieinfo\/2019\/01\/semaine-electorale-conseil-municipal-jeunes-de-saint-die-vosges\/#breadcrumb\"},\"inLanguage\":\"fr-FR\",\"potentialAction\":[{\"@type\":\"ReadAction\",\"target\":[\"https:\/\/vosgesinfo.fr\/saintdieinfo\/2019\/01\/semaine-electorale-conseil-municipal-jeunes-de-saint-die-vosges\/\"]}]},{\"@type\":\"ImageObject\",\"inLanguage\":\"fr-FR\",\"@id\":\"https:\/\/vosgesinfo.fr\/saintdieinfo\/2019\/01\/semaine-electorale-conseil-municipal-jeunes-de-saint-die-vosges\/#primaryimage\",\"url\":\"https:\/\/vosgesinfo.fr\/app\/uploads\/sites\/4\/2024\/08\/201901elections-cmj-sddv-6.jpg\",\"contentUrl\":\"https:\/\/vosgesinfo.fr\/app\/uploads\/sites\/4\/2024\/08\/201901elections-cmj-sddv-6.jpg\",\"width\":1000,\"height\":666},{\"@type\":\"BreadcrumbList\",\"@id\":\"https:\/\/vosgesinfo.fr\/saintdieinfo\/2019\/01\/semaine-electorale-conseil-municipal-jeunes-de-saint-die-vosges\/#breadcrumb\",\"itemListElement\":[{\"@type\":\"ListItem\",\"position\":1,\"name\":\"Home\",\"item\":\"https:\/\/vosgesinfo.fr\/saintdieinfo\/\"},{\"@type\":\"ListItem\",\"position\":2,\"name\":\"Semaine \u00e9lectorale pour le Conseil Municipal des Jeunes de Saint-Di\u00e9-des-Vosges\"}]},{\"@type\":\"WebSite\",\"@id\":\"https:\/\/vosgesinfo.fr\/saintdieinfo\/#website\",\"url\":\"https:\/\/vosgesinfo.fr\/saintdieinfo\/\",\"name\":\"Saint Die Info\",\"description\":\"Toute l&#039;actualit\u00e9 de Saint-Di\u00e9-Des-Vosges\",\"publisher\":{\"@id\":\"https:\/\/vosgesinfo.fr\/saintdieinfo\/#organization\"},\"alternateName\":\"Toute l'actualit\u00e9 de Saint-Di\u00e9-Des-Vosges\",\"potentialAction\":[{\"@type\":\"SearchAction\",\"target\":{\"@type\":\"EntryPoint\",\"urlTemplate\":\"https:\/\/vosgesinfo.fr\/saintdieinfo\/?s={search_term_string}\"},\"query-input\":\"required name=search_term_string\"}],\"inLanguage\":\"fr-FR\"},{\"@type\":\"Organization\",\"@id\":\"https:\/\/vosgesinfo.fr\/saintdieinfo\/#organization\",\"name\":\"Saint Die Info\",\"url\":\"https:\/\/vosgesinfo.fr\/saintdieinfo\/\",\"logo\":{\"@type\":\"ImageObject\",\"inLanguage\":\"fr-FR\",\"@id\":\"https:\/\/vosgesinfo.fr\/saintdieinfo\/#\/schema\/logo\/image\/\",\"url\":\"https:\/\/vosgesinfo.fr\/app\/uploads\/sites\/4\/2024\/02\/logo-sdi.jpg\",\"contentUrl\":\"https:\/\/vosgesinfo.fr\/app\/uploads\/sites\/4\/2024\/02\/logo-sdi.jpg\",\"width\":600,\"height\":600,\"caption\":\"Saint Die Info\"},\"image\":{\"@id\":\"https:\/\/vosgesinfo.fr\/saintdieinfo\/#\/schema\/logo\/image\/\"},\"sameAs\":[\"https:\/\/www.facebook.com\/Saintdieinfofr\",\"https:\/\/x.com\/VosgesInfo88\",\"https:\/\/www.youtube.com\/@vosgesinfo\"]},{\"@type\":\"Person\",\"@id\":\"https:\/\/vosgesinfo.fr\/saintdieinfo\/#\/schema\/person\/fa73e9f726d67bb88f46d5b7943cb572\",\"name\":\"J.J.\",\"image\":{\"@type\":\"ImageObject\",\"inLanguage\":\"fr-FR\",\"@id\":\"https:\/\/vosgesinfo.fr\/saintdieinfo\/#\/schema\/person\/image\/\",\"url\":\"https:\/\/secure.gravatar.com\/avatar\/219e749e47ffbcca018a360ae4add7d4cdf1cdaaf8bc7676b27efade3fe65615?s=96&d=mm&r=g\",\"contentUrl\":\"https:\/\/secure.gravatar.com\/avatar\/219e749e47ffbcca018a360ae4add7d4cdf1cdaaf8bc7676b27efade3fe65615?s=96&d=mm&r=g\",\"caption\":\"J.J.\"},\"url\":\"https:\/\/vosgesinfo.fr\/saintdieinfo\/author\/j-j\/\"}]}<\/script>\n<!-- \/ Yoast SEO plugin. -->","yoast_head_json":{"title":"Semaine \u00e9lectorale pour le Conseil Municipal des Jeunes de Saint-Di\u00e9-des-Vosges - Saint Die Info","robots":{"index":"index","follow":"follow","max-snippet":"max-snippet:-1","max-image-preview":"max-image-preview:large","max-video-preview":"max-video-preview:-1"},"canonical":"https:\/\/vosgesinfo.fr\/saintdieinfo\/2019\/01\/semaine-electorale-conseil-municipal-jeunes-de-saint-die-vosges\/","twitter_card":"summary_large_image","twitter_title":"Semaine \u00e9lectorale pour le Conseil Municipal des Jeunes de Saint-Di\u00e9-des-Vosges - Saint Die Info","twitter_description":"Cette deuxi\u00e8me semaine de 2019 \u00e9tait synonyme d&rsquo;\u00e9lections \u00e0 Saint-Di\u00e9-des-Vosges. Car c&rsquo;est cette semaine que les nouveaux membres du Conseil [&hellip;]","twitter_image":"https:\/\/vosgesinfo.fr\/app\/uploads\/sites\/4\/2024\/08\/201901elections-cmj-sddv-6.jpg","twitter_creator":"@VosgesInfo88","twitter_site":"@VosgesInfo88","twitter_misc":{"\u00c9crit par":"J.J.","Dur\u00e9e de lecture estim\u00e9e":"2 minutes"},"schema":{"@context":"https:\/\/schema.org","@graph":[{"@type":"Article","@id":"https:\/\/vosgesinfo.fr\/saintdieinfo\/2019\/01\/semaine-electorale-conseil-municipal-jeunes-de-saint-die-vosges\/#article","isPartOf":{"@id":"https:\/\/vosgesinfo.fr\/saintdieinfo\/2019\/01\/semaine-electorale-conseil-municipal-jeunes-de-saint-die-vosges\/"},"author":{"name":"J.J.","@id":"https:\/\/vosgesinfo.fr\/saintdieinfo\/#\/schema\/person\/fa73e9f726d67bb88f46d5b7943cb572"},"headline":"Semaine \u00e9lectorale pour le Conseil Municipal des Jeunes de Saint-Di\u00e9-des-Vosges","datePublished":"2019-01-11T14:00:39+00:00","dateModified":"2019-01-11T14:00:39+00:00","mainEntityOfPage":{"@id":"https:\/\/vosgesinfo.fr\/saintdieinfo\/2019\/01\/semaine-electorale-conseil-municipal-jeunes-de-saint-die-vosges\/"},"wordCount":463,"commentCount":0,"publisher":{"@id":"https:\/\/vosgesinfo.fr\/saintdieinfo\/#organization"},"image":{"@id":"https:\/\/vosgesinfo.fr\/saintdieinfo\/2019\/01\/semaine-electorale-conseil-municipal-jeunes-de-saint-die-vosges\/#primaryimage"},"thumbnailUrl":"https:\/\/vosgesinfo.fr\/app\/uploads\/sites\/4\/2024\/08\/201901elections-cmj-sddv-6.jpg","keywords":["CMJ","Conseil Municipal des Jeunes de Saint-Di\u00e9-des-Vosges","Elections du CMJ","Grand Salon de l'H\u00f4tel de Ville"],"articleSection":["A la Une","Enfants","Loisirs","Saint-Di\u00e9-des-Vosges et son Agglom\u00e9ration"],"inLanguage":"fr-FR","potentialAction":[{"@type":"CommentAction","name":"Comment","target":["https:\/\/vosgesinfo.fr\/saintdieinfo\/2019\/01\/semaine-electorale-conseil-municipal-jeunes-de-saint-die-vosges\/#respond"]}]},{"@type":"WebPage","@id":"https:\/\/vosgesinfo.fr\/saintdieinfo\/2019\/01\/semaine-electorale-conseil-municipal-jeunes-de-saint-die-vosges\/","url":"https:\/\/vosgesinfo.fr\/saintdieinfo\/2019\/01\/semaine-electorale-conseil-municipal-jeunes-de-saint-die-vosges\/","name":"Semaine \u00e9lectorale pour le Conseil Municipal des Jeunes de Saint-Di\u00e9-des-Vosges - Saint Die Info","isPartOf":{"@id":"https:\/\/vosgesinfo.fr\/saintdieinfo\/#website"},"primaryImageOfPage":{"@id":"https:\/\/vosgesinfo.fr\/saintdieinfo\/2019\/01\/semaine-electorale-conseil-municipal-jeunes-de-saint-die-vosges\/#primaryimage"},"image":{"@id":"https:\/\/vosgesinfo.fr\/saintdieinfo\/2019\/01\/semaine-electorale-conseil-municipal-jeunes-de-saint-die-vosges\/#primaryimage"},"thumbnailUrl":"https:\/\/vosgesinfo.fr\/app\/uploads\/sites\/4\/2024\/08\/201901elections-cmj-sddv-6.jpg","datePublished":"2019-01-11T14:00:39+00:00","dateModified":"2019-01-11T14:00:39+00:00","breadcrumb":{"@id":"https:\/\/vosgesinfo.fr\/saintdieinfo\/2019\/01\/semaine-electorale-conseil-municipal-jeunes-de-saint-die-vosges\/#breadcrumb"},"inLanguage":"fr-FR","potentialAction":[{"@type":"ReadAction","target":["https:\/\/vosgesinfo.fr\/saintdieinfo\/2019\/01\/semaine-electorale-conseil-municipal-jeunes-de-saint-die-vosges\/"]}]},{"@type":"ImageObject","inLanguage":"fr-FR","@id":"https:\/\/vosgesinfo.fr\/saintdieinfo\/2019\/01\/semaine-electorale-conseil-municipal-jeunes-de-saint-die-vosges\/#primaryimage","url":"https:\/\/vosgesinfo.fr\/app\/uploads\/sites\/4\/2024\/08\/201901elections-cmj-sddv-6.jpg","contentUrl":"https:\/\/vosgesinfo.fr\/app\/uploads\/sites\/4\/2024\/08\/201901elections-cmj-sddv-6.jpg","width":1000,"height":666},{"@type":"BreadcrumbList","@id":"https:\/\/vosgesinfo.fr\/saintdieinfo\/2019\/01\/semaine-electorale-conseil-municipal-jeunes-de-saint-die-vosges\/#breadcrumb","itemListElement":[{"@type":"ListItem","position":1,"name":"Home","item":"https:\/\/vosgesinfo.fr\/saintdieinfo\/"},{"@type":"ListItem","position":2,"name":"Semaine \u00e9lectorale pour le Conseil Municipal des Jeunes de Saint-Di\u00e9-des-Vosges"}]},{"@type":"WebSite","@id":"https:\/\/vosgesinfo.fr\/saintdieinfo\/#website","url":"https:\/\/vosgesinfo.fr\/saintdieinfo\/","name":"Saint Die Info","description":"Toute l&#039;actualit\u00e9 de Saint-Di\u00e9-Des-Vosges","publisher":{"@id":"https:\/\/vosgesinfo.fr\/saintdieinfo\/#organization"},"alternateName":"Toute l'actualit\u00e9 de Saint-Di\u00e9-Des-Vosges","potentialAction":[{"@type":"SearchAction","target":{"@type":"EntryPoint","urlTemplate":"https:\/\/vosgesinfo.fr\/saintdieinfo\/?s={search_term_string}"},"query-input":"required name=search_term_string"}],"inLanguage":"fr-FR"},{"@type":"Organization","@id":"https:\/\/vosgesinfo.fr\/saintdieinfo\/#organization","name":"Saint Die Info","url":"https:\/\/vosgesinfo.fr\/saintdieinfo\/","logo":{"@type":"ImageObject","inLanguage":"fr-FR","@id":"https:\/\/vosgesinfo.fr\/saintdieinfo\/#\/schema\/logo\/image\/","url":"https:\/\/vosgesinfo.fr\/app\/uploads\/sites\/4\/2024\/02\/logo-sdi.jpg","contentUrl":"https:\/\/vosgesinfo.fr\/app\/uploads\/sites\/4\/2024\/02\/logo-sdi.jpg","width":600,"height":600,"caption":"Saint Die Info"},"image":{"@id":"https:\/\/vosgesinfo.fr\/saintdieinfo\/#\/schema\/logo\/image\/"},"sameAs":["https:\/\/www.facebook.com\/Saintdieinfofr","https:\/\/x.com\/VosgesInfo88","https:\/\/www.youtube.com\/@vosgesinfo"]},{"@type":"Person","@id":"https:\/\/vosgesinfo.fr\/saintdieinfo\/#\/schema\/person\/fa73e9f726d67bb88f46d5b7943cb572","name":"J.J.","image":{"@type":"ImageObject","inLanguage":"fr-FR","@id":"https:\/\/vosgesinfo.fr\/saintdieinfo\/#\/schema\/person\/image\/","url":"https:\/\/secure.gravatar.com\/avatar\/219e749e47ffbcca018a360ae4add7d4cdf1cdaaf8bc7676b27efade3fe65615?s=96&d=mm&r=g","contentUrl":"https:\/\/secure.gravatar.com\/avatar\/219e749e47ffbcca018a360ae4add7d4cdf1cdaaf8bc7676b27efade3fe65615?s=96&d=mm&r=g","caption":"J.J."},"url":"https:\/\/vosgesinfo.fr\/saintdieinfo\/author\/j-j\/"}]}},"_links":{"self":[{"href":"https:\/\/vosgesinfo.fr\/saintdieinfo\/wp-json\/wp\/v2\/posts\/37005","targetHints":{"allow":["GET"]}}],"collection":[{"href":"https:\/\/vosgesinfo.fr\/saintdieinfo\/wp-json\/wp\/v2\/posts"}],"about":[{"href":"https:\/\/vosgesinfo.fr\/saintdieinfo\/wp-json\/wp\/v2\/types\/post"}],"author":[{"embeddable":true,"href":"https:\/\/vosgesinfo.fr\/saintdieinfo\/wp-json\/wp\/v2\/users\/46"}],"replies":[{"embeddable":true,"href":"https:\/\/vosgesinfo.fr\/saintdieinfo\/wp-json\/wp\/v2\/comments?post=37005"}],"version-history":[{"count":0,"href":"https:\/\/vosgesinfo.fr\/saintdieinfo\/wp-json\/wp\/v2\/posts\/37005\/revisions"}],"wp:featuredmedia":[{"embeddable":true,"href":"https:\/\/vosgesinfo.fr\/saintdieinfo\/wp-json\/wp\/v2\/media\/37006"}],"wp:attachment":[{"href":"https:\/\/vosgesinfo.fr\/saintdieinfo\/wp-json\/wp\/v2\/media?parent=37005"}],"wp:term":[{"taxonomy":"category","embeddable":true,"href":"https:\/\/vosgesinfo.fr\/saintdieinfo\/wp-json\/wp\/v2\/categories?post=37005"},{"taxonomy":"post_tag","embeddable":true,"href":"https:\/\/vosgesinfo.fr\/saintdieinfo\/wp-json\/wp\/v2\/tags?post=37005"}],"curies":[{"name":"wp","href":"https:\/\/api.w.org\/{rel}","templated":true}]}}