{"id":37026,"date":"2019-01-12T08:00:18","date_gmt":"2019-01-12T07:00:18","guid":{"rendered":"https:\/\/vosgesinfo.fr\/saintdieinfo\/2019\/01\/vosges-eric-leandri-patron-de-qwant-de-passage-a-epinal\/"},"modified":"2019-01-12T08:00:18","modified_gmt":"2019-01-12T07:00:18","slug":"vosges-eric-leandri-patron-de-qwant-de-passage-a-epinal","status":"publish","type":"post","link":"https:\/\/vosgesinfo.fr\/saintdieinfo\/2019\/01\/vosges-eric-leandri-patron-de-qwant-de-passage-a-epinal\/","title":{"rendered":"Vosges \u2013 Eric L\u00e9andri, le patron de Qwant, de passage \u00e0 Epinal"},"content":{"rendered":"<div id=\"attachment_132557\" style=\"width: 970px\" class=\"wp-caption aligncenter\"><a href=\"\/2019\/01\/qwant-epinal-25.jpg\" target=\"_blank\" rel=\"noopener\"><img decoding=\"async\" aria-describedby=\"caption-attachment-132557\" class=\"wp-image-132557 size-large\" src=\"\/2019\/01\/qwant-epinal-25-1024x768.jpg\" alt=\"qwant-epinal-25\" width=\"960\" height=\"720\" \/><\/a><p id=\"caption-attachment-132557\" class=\"wp-caption-text\">(Photographie d&rsquo;archives)<\/p><\/div>\n<h2><span style=\"font-size: 14pt;\">Eric L\u00e9andri, le patron du moteur de recherche Qwant sera \u00e0 Epinal ce mardi 15 janvier. Il pr\u00e9sentera le moteur de recherche\u00a0<span class=\"x_MsoHyperlink\"><a href=\"https:\/\/www.qwant.com\/?l=fr\" target=\"_blank\" rel=\"noopener noreferrer\" data-auth=\"NotApplicable\">\u00ab\u00a0Qwant Junior\u00a0\u00bb<\/a><\/span>\u00a0qui est utilis\u00e9 par une des \u00e9coles spinaliennes.<\/span><\/h2>\n<p class=\"x_MsoNormal\">Cette rencontre permettra \u00e9galement \u00e0\u00a0Eric L\u00e9andri de pr\u00e9senter les axes de d\u00e9veloppement qui vont \u00eatre men\u00e9s par Qwant, et plus particuli\u00e8rement sur le site d\u2019Epinal, et \u00e0 Michel Heinrich, maire d\u2019Epinal d\u2019\u00e9voquer les partenariats envisag\u00e9s.<\/p>\n<p class=\"x_MsoNormal\">Qwant est install\u00e9 dans les locaux de la maison romaine d\u2019Epinal. Le moteur de recherche concurrent direct de Google veut proposer de nouveaux services. Le moteur de recherche respectueux de la vie priv\u00e9e n\u2019identifie pas les internautes. Pas de cookie ou de traqueur sur ce moteur de recherche.\u00a0La soci\u00e9t\u00e9 Qwant s\u2019est implant\u00e9e \u00e0 Epinal gr\u00e2ce \u00e0 l\u2019appui de la communaut\u00e9 d\u2019agglom\u00e9ration d\u2019Epinal.<\/p>\n<p class=\"x_MsoNormal\">Qwant Junior s\u2019adresse aux 6-12 ans. Le logiciel est utilis\u00e9 par une des \u00e9coles spinaliennes. Il respecte la vie priv\u00e9e et exclut les contenus inappropri\u00e9s.\u00a0Web, actualit\u00e9s, images et vid\u00e9os permettent de faire des recherches sur des th\u00e8mes souhait\u00e9s. Sont exclus de toutes recherches tous les sujets inadapt\u00e9s aux enfants (comme la violence, la pornographie, la consommation de drogues, l\u2019incitation \u00e0 la haine\u2026).<\/p>\n<p class=\"x_MsoNormal\">18 personnes travaillent actuellement pour Qwant sur le site de la maison romaine \u00e0 Epinal.<\/p>\n<p class=\"x_MsoNormal\">C.K.N.<\/p>\n","protected":false},"excerpt":{"rendered":"<p>Eric L\u00e9andri, le patron du moteur de recherche Qwant sera \u00e0 Epinal ce mardi 15 janvier. Il pr\u00e9sentera le moteur [&hellip;]<\/p>\n","protected":false},"author":44,"featured_media":37027,"comment_status":"open","ping_status":"open","sticky":false,"template":"","format":"standard","meta":{"footnotes":""},"categories":[460,18],"tags":[41,7085,7086],"class_list":["post-37026","post","type-post","status-publish","format-standard","has-post-thumbnail","hentry","category-a-la-une","category-vosges","tag-epinal","tag-eric-leandri","tag-qwant"],"acf":[],"yoast_head":"<!-- This site is optimized with the Yoast SEO plugin v22.5 - https:\/\/yoast.com\/wordpress\/plugins\/seo\/ -->\n<title>Vosges \u2013 Eric L\u00e9andri, le patron de Qwant, de passage \u00e0 Epinal - Saint Die Info<\/title>\n<meta name=\"robots\" content=\"index, follow, max-snippet:-1, max-image-preview:large, max-video-preview:-1\" \/>\n<link rel=\"canonical\" href=\"https:\/\/vosgesinfo.fr\/saintdieinfo\/2019\/01\/vosges-eric-leandri-patron-de-qwant-de-passage-a-epinal\/\" \/>\n<meta name=\"twitter:card\" content=\"summary_large_image\" \/>\n<meta name=\"twitter:title\" content=\"Vosges \u2013 Eric L\u00e9andri, le patron de Qwant, de passage \u00e0 Epinal - Saint Die Info\" \/>\n<meta name=\"twitter:description\" content=\"Eric L\u00e9andri, le patron du moteur de recherche Qwant sera \u00e0 Epinal ce mardi 15 janvier. Il pr\u00e9sentera le moteur [&hellip;]\" \/>\n<meta name=\"twitter:image\" content=\"https:\/\/vosgesinfo.fr\/app\/uploads\/sites\/4\/2024\/08\/201901qwant-epinal-25.jpg\" \/>\n<meta name=\"twitter:creator\" content=\"@VosgesInfo88\" \/>\n<meta name=\"twitter:site\" content=\"@VosgesInfo88\" \/>\n<meta name=\"twitter:label1\" content=\"\u00c9crit par\" \/>\n\t<meta name=\"twitter:data1\" content=\"la r\u00e9daction\" \/>\n\t<meta name=\"twitter:label2\" content=\"Dur\u00e9e de lecture estim\u00e9e\" \/>\n\t<meta name=\"twitter:data2\" content=\"1 minute\" \/>\n<script type=\"application\/ld+json\" class=\"yoast-schema-graph\">{\"@context\":\"https:\/\/schema.org\",\"@graph\":[{\"@type\":\"Article\",\"@id\":\"https:\/\/vosgesinfo.fr\/saintdieinfo\/2019\/01\/vosges-eric-leandri-patron-de-qwant-de-passage-a-epinal\/#article\",\"isPartOf\":{\"@id\":\"https:\/\/vosgesinfo.fr\/saintdieinfo\/2019\/01\/vosges-eric-leandri-patron-de-qwant-de-passage-a-epinal\/\"},\"author\":{\"name\":\"la r\u00e9daction\",\"@id\":\"https:\/\/vosgesinfo.fr\/saintdieinfo\/#\/schema\/person\/faee6704a21f3977511db84bd1cd450f\"},\"headline\":\"Vosges \u2013 Eric L\u00e9andri, le patron de Qwant, de passage \u00e0 Epinal\",\"datePublished\":\"2019-01-12T07:00:18+00:00\",\"dateModified\":\"2019-01-12T07:00:18+00:00\",\"mainEntityOfPage\":{\"@id\":\"https:\/\/vosgesinfo.fr\/saintdieinfo\/2019\/01\/vosges-eric-leandri-patron-de-qwant-de-passage-a-epinal\/\"},\"wordCount\":255,\"commentCount\":0,\"publisher\":{\"@id\":\"https:\/\/vosgesinfo.fr\/saintdieinfo\/#organization\"},\"image\":{\"@id\":\"https:\/\/vosgesinfo.fr\/saintdieinfo\/2019\/01\/vosges-eric-leandri-patron-de-qwant-de-passage-a-epinal\/#primaryimage\"},\"thumbnailUrl\":\"https:\/\/vosgesinfo.fr\/app\/uploads\/sites\/4\/2024\/08\/201901qwant-epinal-25.jpg\",\"keywords\":[\"Epinal\",\"Eric L\u00e9andri\",\"Qwant\"],\"articleSection\":[\"A la Une\",\"Vosges\"],\"inLanguage\":\"fr-FR\",\"potentialAction\":[{\"@type\":\"CommentAction\",\"name\":\"Comment\",\"target\":[\"https:\/\/vosgesinfo.fr\/saintdieinfo\/2019\/01\/vosges-eric-leandri-patron-de-qwant-de-passage-a-epinal\/#respond\"]}]},{\"@type\":\"WebPage\",\"@id\":\"https:\/\/vosgesinfo.fr\/saintdieinfo\/2019\/01\/vosges-eric-leandri-patron-de-qwant-de-passage-a-epinal\/\",\"url\":\"https:\/\/vosgesinfo.fr\/saintdieinfo\/2019\/01\/vosges-eric-leandri-patron-de-qwant-de-passage-a-epinal\/\",\"name\":\"Vosges \u2013 Eric L\u00e9andri, le patron de Qwant, de passage \u00e0 Epinal - Saint Die Info\",\"isPartOf\":{\"@id\":\"https:\/\/vosgesinfo.fr\/saintdieinfo\/#website\"},\"primaryImageOfPage\":{\"@id\":\"https:\/\/vosgesinfo.fr\/saintdieinfo\/2019\/01\/vosges-eric-leandri-patron-de-qwant-de-passage-a-epinal\/#primaryimage\"},\"image\":{\"@id\":\"https:\/\/vosgesinfo.fr\/saintdieinfo\/2019\/01\/vosges-eric-leandri-patron-de-qwant-de-passage-a-epinal\/#primaryimage\"},\"thumbnailUrl\":\"https:\/\/vosgesinfo.fr\/app\/uploads\/sites\/4\/2024\/08\/201901qwant-epinal-25.jpg\",\"datePublished\":\"2019-01-12T07:00:18+00:00\",\"dateModified\":\"2019-01-12T07:00:18+00:00\",\"breadcrumb\":{\"@id\":\"https:\/\/vosgesinfo.fr\/saintdieinfo\/2019\/01\/vosges-eric-leandri-patron-de-qwant-de-passage-a-epinal\/#breadcrumb\"},\"inLanguage\":\"fr-FR\",\"potentialAction\":[{\"@type\":\"ReadAction\",\"target\":[\"https:\/\/vosgesinfo.fr\/saintdieinfo\/2019\/01\/vosges-eric-leandri-patron-de-qwant-de-passage-a-epinal\/\"]}]},{\"@type\":\"ImageObject\",\"inLanguage\":\"fr-FR\",\"@id\":\"https:\/\/vosgesinfo.fr\/saintdieinfo\/2019\/01\/vosges-eric-leandri-patron-de-qwant-de-passage-a-epinal\/#primaryimage\",\"url\":\"https:\/\/vosgesinfo.fr\/app\/uploads\/sites\/4\/2024\/08\/201901qwant-epinal-25.jpg\",\"contentUrl\":\"https:\/\/vosgesinfo.fr\/app\/uploads\/sites\/4\/2024\/08\/201901qwant-epinal-25.jpg\",\"width\":2560,\"height\":1920},{\"@type\":\"BreadcrumbList\",\"@id\":\"https:\/\/vosgesinfo.fr\/saintdieinfo\/2019\/01\/vosges-eric-leandri-patron-de-qwant-de-passage-a-epinal\/#breadcrumb\",\"itemListElement\":[{\"@type\":\"ListItem\",\"position\":1,\"name\":\"Home\",\"item\":\"https:\/\/vosgesinfo.fr\/saintdieinfo\/\"},{\"@type\":\"ListItem\",\"position\":2,\"name\":\"Vosges \u2013 Eric L\u00e9andri, le patron de Qwant, de passage \u00e0 Epinal\"}]},{\"@type\":\"WebSite\",\"@id\":\"https:\/\/vosgesinfo.fr\/saintdieinfo\/#website\",\"url\":\"https:\/\/vosgesinfo.fr\/saintdieinfo\/\",\"name\":\"Saint Die Info\",\"description\":\"Toute l&#039;actualit\u00e9 de Saint-Di\u00e9-Des-Vosges\",\"publisher\":{\"@id\":\"https:\/\/vosgesinfo.fr\/saintdieinfo\/#organization\"},\"alternateName\":\"Toute l'actualit\u00e9 de Saint-Di\u00e9-Des-Vosges\",\"potentialAction\":[{\"@type\":\"SearchAction\",\"target\":{\"@type\":\"EntryPoint\",\"urlTemplate\":\"https:\/\/vosgesinfo.fr\/saintdieinfo\/?s={search_term_string}\"},\"query-input\":\"required name=search_term_string\"}],\"inLanguage\":\"fr-FR\"},{\"@type\":\"Organization\",\"@id\":\"https:\/\/vosgesinfo.fr\/saintdieinfo\/#organization\",\"name\":\"Saint Die Info\",\"url\":\"https:\/\/vosgesinfo.fr\/saintdieinfo\/\",\"logo\":{\"@type\":\"ImageObject\",\"inLanguage\":\"fr-FR\",\"@id\":\"https:\/\/vosgesinfo.fr\/saintdieinfo\/#\/schema\/logo\/image\/\",\"url\":\"https:\/\/vosgesinfo.fr\/app\/uploads\/sites\/4\/2024\/02\/logo-sdi.jpg\",\"contentUrl\":\"https:\/\/vosgesinfo.fr\/app\/uploads\/sites\/4\/2024\/02\/logo-sdi.jpg\",\"width\":600,\"height\":600,\"caption\":\"Saint Die Info\"},\"image\":{\"@id\":\"https:\/\/vosgesinfo.fr\/saintdieinfo\/#\/schema\/logo\/image\/\"},\"sameAs\":[\"https:\/\/www.facebook.com\/Saintdieinfofr\",\"https:\/\/x.com\/VosgesInfo88\",\"https:\/\/www.youtube.com\/@vosgesinfo\"]},{\"@type\":\"Person\",\"@id\":\"https:\/\/vosgesinfo.fr\/saintdieinfo\/#\/schema\/person\/faee6704a21f3977511db84bd1cd450f\",\"name\":\"la r\u00e9daction\",\"image\":{\"@type\":\"ImageObject\",\"inLanguage\":\"fr-FR\",\"@id\":\"https:\/\/vosgesinfo.fr\/saintdieinfo\/#\/schema\/person\/image\/\",\"url\":\"https:\/\/secure.gravatar.com\/avatar\/6673d8bc6a9c17fa9a453eaa3448de834fa308c2ec9635b7aa99441a7c8d2cf6?s=96&d=mm&r=g\",\"contentUrl\":\"https:\/\/secure.gravatar.com\/avatar\/6673d8bc6a9c17fa9a453eaa3448de834fa308c2ec9635b7aa99441a7c8d2cf6?s=96&d=mm&r=g\",\"caption\":\"la r\u00e9daction\"},\"url\":\"https:\/\/vosgesinfo.fr\/saintdieinfo\/author\/redac\/\"}]}<\/script>\n<!-- \/ Yoast SEO plugin. -->","yoast_head_json":{"title":"Vosges \u2013 Eric L\u00e9andri, le patron de Qwant, de passage \u00e0 Epinal - Saint Die Info","robots":{"index":"index","follow":"follow","max-snippet":"max-snippet:-1","max-image-preview":"max-image-preview:large","max-video-preview":"max-video-preview:-1"},"canonical":"https:\/\/vosgesinfo.fr\/saintdieinfo\/2019\/01\/vosges-eric-leandri-patron-de-qwant-de-passage-a-epinal\/","twitter_card":"summary_large_image","twitter_title":"Vosges \u2013 Eric L\u00e9andri, le patron de Qwant, de passage \u00e0 Epinal - Saint Die Info","twitter_description":"Eric L\u00e9andri, le patron du moteur de recherche Qwant sera \u00e0 Epinal ce mardi 15 janvier. Il pr\u00e9sentera le moteur [&hellip;]","twitter_image":"https:\/\/vosgesinfo.fr\/app\/uploads\/sites\/4\/2024\/08\/201901qwant-epinal-25.jpg","twitter_creator":"@VosgesInfo88","twitter_site":"@VosgesInfo88","twitter_misc":{"\u00c9crit par":"la r\u00e9daction","Dur\u00e9e de lecture estim\u00e9e":"1 minute"},"schema":{"@context":"https:\/\/schema.org","@graph":[{"@type":"Article","@id":"https:\/\/vosgesinfo.fr\/saintdieinfo\/2019\/01\/vosges-eric-leandri-patron-de-qwant-de-passage-a-epinal\/#article","isPartOf":{"@id":"https:\/\/vosgesinfo.fr\/saintdieinfo\/2019\/01\/vosges-eric-leandri-patron-de-qwant-de-passage-a-epinal\/"},"author":{"name":"la r\u00e9daction","@id":"https:\/\/vosgesinfo.fr\/saintdieinfo\/#\/schema\/person\/faee6704a21f3977511db84bd1cd450f"},"headline":"Vosges \u2013 Eric L\u00e9andri, le patron de Qwant, de passage \u00e0 Epinal","datePublished":"2019-01-12T07:00:18+00:00","dateModified":"2019-01-12T07:00:18+00:00","mainEntityOfPage":{"@id":"https:\/\/vosgesinfo.fr\/saintdieinfo\/2019\/01\/vosges-eric-leandri-patron-de-qwant-de-passage-a-epinal\/"},"wordCount":255,"commentCount":0,"publisher":{"@id":"https:\/\/vosgesinfo.fr\/saintdieinfo\/#organization"},"image":{"@id":"https:\/\/vosgesinfo.fr\/saintdieinfo\/2019\/01\/vosges-eric-leandri-patron-de-qwant-de-passage-a-epinal\/#primaryimage"},"thumbnailUrl":"https:\/\/vosgesinfo.fr\/app\/uploads\/sites\/4\/2024\/08\/201901qwant-epinal-25.jpg","keywords":["Epinal","Eric L\u00e9andri","Qwant"],"articleSection":["A la Une","Vosges"],"inLanguage":"fr-FR","potentialAction":[{"@type":"CommentAction","name":"Comment","target":["https:\/\/vosgesinfo.fr\/saintdieinfo\/2019\/01\/vosges-eric-leandri-patron-de-qwant-de-passage-a-epinal\/#respond"]}]},{"@type":"WebPage","@id":"https:\/\/vosgesinfo.fr\/saintdieinfo\/2019\/01\/vosges-eric-leandri-patron-de-qwant-de-passage-a-epinal\/","url":"https:\/\/vosgesinfo.fr\/saintdieinfo\/2019\/01\/vosges-eric-leandri-patron-de-qwant-de-passage-a-epinal\/","name":"Vosges \u2013 Eric L\u00e9andri, le patron de Qwant, de passage \u00e0 Epinal - Saint Die Info","isPartOf":{"@id":"https:\/\/vosgesinfo.fr\/saintdieinfo\/#website"},"primaryImageOfPage":{"@id":"https:\/\/vosgesinfo.fr\/saintdieinfo\/2019\/01\/vosges-eric-leandri-patron-de-qwant-de-passage-a-epinal\/#primaryimage"},"image":{"@id":"https:\/\/vosgesinfo.fr\/saintdieinfo\/2019\/01\/vosges-eric-leandri-patron-de-qwant-de-passage-a-epinal\/#primaryimage"},"thumbnailUrl":"https:\/\/vosgesinfo.fr\/app\/uploads\/sites\/4\/2024\/08\/201901qwant-epinal-25.jpg","datePublished":"2019-01-12T07:00:18+00:00","dateModified":"2019-01-12T07:00:18+00:00","breadcrumb":{"@id":"https:\/\/vosgesinfo.fr\/saintdieinfo\/2019\/01\/vosges-eric-leandri-patron-de-qwant-de-passage-a-epinal\/#breadcrumb"},"inLanguage":"fr-FR","potentialAction":[{"@type":"ReadAction","target":["https:\/\/vosgesinfo.fr\/saintdieinfo\/2019\/01\/vosges-eric-leandri-patron-de-qwant-de-passage-a-epinal\/"]}]},{"@type":"ImageObject","inLanguage":"fr-FR","@id":"https:\/\/vosgesinfo.fr\/saintdieinfo\/2019\/01\/vosges-eric-leandri-patron-de-qwant-de-passage-a-epinal\/#primaryimage","url":"https:\/\/vosgesinfo.fr\/app\/uploads\/sites\/4\/2024\/08\/201901qwant-epinal-25.jpg","contentUrl":"https:\/\/vosgesinfo.fr\/app\/uploads\/sites\/4\/2024\/08\/201901qwant-epinal-25.jpg","width":2560,"height":1920},{"@type":"BreadcrumbList","@id":"https:\/\/vosgesinfo.fr\/saintdieinfo\/2019\/01\/vosges-eric-leandri-patron-de-qwant-de-passage-a-epinal\/#breadcrumb","itemListElement":[{"@type":"ListItem","position":1,"name":"Home","item":"https:\/\/vosgesinfo.fr\/saintdieinfo\/"},{"@type":"ListItem","position":2,"name":"Vosges \u2013 Eric L\u00e9andri, le patron de Qwant, de passage \u00e0 Epinal"}]},{"@type":"WebSite","@id":"https:\/\/vosgesinfo.fr\/saintdieinfo\/#website","url":"https:\/\/vosgesinfo.fr\/saintdieinfo\/","name":"Saint Die Info","description":"Toute l&#039;actualit\u00e9 de Saint-Di\u00e9-Des-Vosges","publisher":{"@id":"https:\/\/vosgesinfo.fr\/saintdieinfo\/#organization"},"alternateName":"Toute l'actualit\u00e9 de Saint-Di\u00e9-Des-Vosges","potentialAction":[{"@type":"SearchAction","target":{"@type":"EntryPoint","urlTemplate":"https:\/\/vosgesinfo.fr\/saintdieinfo\/?s={search_term_string}"},"query-input":"required name=search_term_string"}],"inLanguage":"fr-FR"},{"@type":"Organization","@id":"https:\/\/vosgesinfo.fr\/saintdieinfo\/#organization","name":"Saint Die Info","url":"https:\/\/vosgesinfo.fr\/saintdieinfo\/","logo":{"@type":"ImageObject","inLanguage":"fr-FR","@id":"https:\/\/vosgesinfo.fr\/saintdieinfo\/#\/schema\/logo\/image\/","url":"https:\/\/vosgesinfo.fr\/app\/uploads\/sites\/4\/2024\/02\/logo-sdi.jpg","contentUrl":"https:\/\/vosgesinfo.fr\/app\/uploads\/sites\/4\/2024\/02\/logo-sdi.jpg","width":600,"height":600,"caption":"Saint Die Info"},"image":{"@id":"https:\/\/vosgesinfo.fr\/saintdieinfo\/#\/schema\/logo\/image\/"},"sameAs":["https:\/\/www.facebook.com\/Saintdieinfofr","https:\/\/x.com\/VosgesInfo88","https:\/\/www.youtube.com\/@vosgesinfo"]},{"@type":"Person","@id":"https:\/\/vosgesinfo.fr\/saintdieinfo\/#\/schema\/person\/faee6704a21f3977511db84bd1cd450f","name":"la r\u00e9daction","image":{"@type":"ImageObject","inLanguage":"fr-FR","@id":"https:\/\/vosgesinfo.fr\/saintdieinfo\/#\/schema\/person\/image\/","url":"https:\/\/secure.gravatar.com\/avatar\/6673d8bc6a9c17fa9a453eaa3448de834fa308c2ec9635b7aa99441a7c8d2cf6?s=96&d=mm&r=g","contentUrl":"https:\/\/secure.gravatar.com\/avatar\/6673d8bc6a9c17fa9a453eaa3448de834fa308c2ec9635b7aa99441a7c8d2cf6?s=96&d=mm&r=g","caption":"la r\u00e9daction"},"url":"https:\/\/vosgesinfo.fr\/saintdieinfo\/author\/redac\/"}]}},"_links":{"self":[{"href":"https:\/\/vosgesinfo.fr\/saintdieinfo\/wp-json\/wp\/v2\/posts\/37026","targetHints":{"allow":["GET"]}}],"collection":[{"href":"https:\/\/vosgesinfo.fr\/saintdieinfo\/wp-json\/wp\/v2\/posts"}],"about":[{"href":"https:\/\/vosgesinfo.fr\/saintdieinfo\/wp-json\/wp\/v2\/types\/post"}],"author":[{"embeddable":true,"href":"https:\/\/vosgesinfo.fr\/saintdieinfo\/wp-json\/wp\/v2\/users\/44"}],"replies":[{"embeddable":true,"href":"https:\/\/vosgesinfo.fr\/saintdieinfo\/wp-json\/wp\/v2\/comments?post=37026"}],"version-history":[{"count":0,"href":"https:\/\/vosgesinfo.fr\/saintdieinfo\/wp-json\/wp\/v2\/posts\/37026\/revisions"}],"wp:featuredmedia":[{"embeddable":true,"href":"https:\/\/vosgesinfo.fr\/saintdieinfo\/wp-json\/wp\/v2\/media\/37027"}],"wp:attachment":[{"href":"https:\/\/vosgesinfo.fr\/saintdieinfo\/wp-json\/wp\/v2\/media?parent=37026"}],"wp:term":[{"taxonomy":"category","embeddable":true,"href":"https:\/\/vosgesinfo.fr\/saintdieinfo\/wp-json\/wp\/v2\/categories?post=37026"},{"taxonomy":"post_tag","embeddable":true,"href":"https:\/\/vosgesinfo.fr\/saintdieinfo\/wp-json\/wp\/v2\/tags?post=37026"}],"curies":[{"name":"wp","href":"https:\/\/api.w.org\/{rel}","templated":true}]}}