{"id":37143,"date":"2019-01-02T07:45:21","date_gmt":"2019-01-02T06:45:21","guid":{"rendered":"https:\/\/vosgesinfo.fr\/saintdieinfo\/2019\/01\/rappel-samedi-soupes-solidaire-kemberg-seront-de-retour-3\/"},"modified":"2019-01-02T07:45:21","modified_gmt":"2019-01-02T06:45:21","slug":"rappel-samedi-soupes-solidaire-kemberg-seront-de-retour-3","status":"publish","type":"post","link":"https:\/\/vosgesinfo.fr\/saintdieinfo\/2019\/01\/rappel-samedi-soupes-solidaire-kemberg-seront-de-retour-3\/","title":{"rendered":"Rappel \u2013 Samedi, les soupes solidaire du Kemberg seront de retour"},"content":{"rendered":"<div id=\"attachment_115398\" style=\"width: 1010px\" class=\"wp-caption aligncenter\"><a href=\"\/2018\/01\/Soupes_Solidaires_Kemberg-7.jpg\" target=\"_blank\" rel=\"noopener\"><img decoding=\"async\" aria-describedby=\"caption-attachment-115398\" class=\"wp-image-115398 size-full\" src=\"\/2018\/01\/Soupes_Solidaires_Kemberg-7.jpg\" alt=\"Soupes_Solidaires_Kemberg (7)\" width=\"1000\" height=\"668\" \/><\/a><p id=\"caption-attachment-115398\" class=\"wp-caption-text\">(Photographie d&rsquo;archives)<\/p><\/div>\n<h2><strong>Ce samedi 5 janvier, les soupes solidaires de l\u2019association Le Kemberg seront de retour !<br \/>\n<\/strong><\/h2>\n<p>Dans un premier temps de 10h \u00e0 12h \u00e0 la Maison de Quartier de Foucharupt, situ\u00e9e au 57 rue du 3\u00e8me BCP, puis dans un second temps de 14h \u00e0 17h30 \u00e0 l\u2019angle du quai du Mar\u00e9chal-Leclerc et du pont de la R\u00e9publique, au centre-ville d\u00e9odatien. Pour cette quatri\u00e8me \u00e9dition, 7 sortes de bonnes et onctueuses soupes faites maison seront propos\u00e9es, aux saveurs d\u2019Halloween, de l\u2019automne, du b\u00fbcheron, du jardin, des champignons, de l\u2019Andalousie et du Kemberg. 10 euros le grand bocal \u2013 3 euros la d\u00e9gustation sur place. Et comme les ann\u00e9es pr\u00e9c\u00e9dentes, l\u2019ensemble des b\u00e9n\u00e9fices seront ensuite revers\u00e9s au profit de l\u2019AFSA \u2013 Association Fran\u00e7aise du Syndrome d\u2019Angelman \u2013 une maladie dont souffre la petite Marie de Saulcy-sur-Meurthe.<\/p>\n<p>J.J.<\/p>\n","protected":false},"excerpt":{"rendered":"<p>Ce samedi 5 janvier, les soupes solidaires de l\u2019association Le Kemberg seront de retour ! Dans un premier temps de [&hellip;]<\/p>\n","protected":false},"author":46,"featured_media":33102,"comment_status":"open","ping_status":"open","sticky":false,"template":"","format":"standard","meta":{"footnotes":""},"categories":[460,2915,17],"tags":[6017,5283,6018,6019,6020,5126,6021,6022,6023],"class_list":["post-37143","post","type-post","status-publish","format-standard","has-post-thumbnail","hentry","category-a-la-une","category-saint-die-son-canton","category-vie-associative","tag-association-francaise-du-syndrome-dangelman","tag-association-le-kemberg","tag-le-kemberg","tag-maison-de-quartier-de-foucharupt","tag-pont-de-la-republique","tag-quai-du-marechal-leclerc","tag-soupes-solidaires","tag-syndrome-dangelman","tag-vente-de-soupes"],"acf":[],"yoast_head":"<!-- This site is optimized with the Yoast SEO plugin v22.5 - https:\/\/yoast.com\/wordpress\/plugins\/seo\/ -->\n<title>Rappel \u2013 Samedi, les soupes solidaire du Kemberg seront de retour - Saint Die Info<\/title>\n<meta name=\"robots\" content=\"index, follow, max-snippet:-1, max-image-preview:large, max-video-preview:-1\" \/>\n<link rel=\"canonical\" href=\"https:\/\/vosgesinfo.fr\/saintdieinfo\/2019\/01\/rappel-samedi-soupes-solidaire-kemberg-seront-de-retour-3\/\" \/>\n<meta name=\"twitter:card\" content=\"summary_large_image\" \/>\n<meta name=\"twitter:title\" content=\"Rappel \u2013 Samedi, les soupes solidaire du Kemberg seront de retour - Saint Die Info\" \/>\n<meta name=\"twitter:description\" content=\"Ce samedi 5 janvier, les soupes solidaires de l\u2019association Le Kemberg seront de retour ! Dans un premier temps de [&hellip;]\" \/>\n<meta name=\"twitter:image\" content=\"https:\/\/vosgesinfo.fr\/app\/uploads\/sites\/4\/2018\/01\/soupes-solidaires-kemberg-7.jpg\" \/>\n<meta name=\"twitter:creator\" content=\"@VosgesInfo88\" \/>\n<meta name=\"twitter:site\" content=\"@VosgesInfo88\" \/>\n<meta name=\"twitter:label1\" content=\"\u00c9crit par\" \/>\n\t<meta name=\"twitter:data1\" content=\"J.J.\" \/>\n\t<meta name=\"twitter:label2\" content=\"Dur\u00e9e de lecture estim\u00e9e\" \/>\n\t<meta name=\"twitter:data2\" content=\"1 minute\" \/>\n<script type=\"application\/ld+json\" class=\"yoast-schema-graph\">{\"@context\":\"https:\/\/schema.org\",\"@graph\":[{\"@type\":\"Article\",\"@id\":\"https:\/\/vosgesinfo.fr\/saintdieinfo\/2019\/01\/rappel-samedi-soupes-solidaire-kemberg-seront-de-retour-3\/#article\",\"isPartOf\":{\"@id\":\"https:\/\/vosgesinfo.fr\/saintdieinfo\/2019\/01\/rappel-samedi-soupes-solidaire-kemberg-seront-de-retour-3\/\"},\"author\":{\"name\":\"J.J.\",\"@id\":\"https:\/\/vosgesinfo.fr\/saintdieinfo\/#\/schema\/person\/fa73e9f726d67bb88f46d5b7943cb572\"},\"headline\":\"Rappel \u2013 Samedi, les soupes solidaire du Kemberg seront de retour\",\"datePublished\":\"2019-01-02T06:45:21+00:00\",\"dateModified\":\"2019-01-02T06:45:21+00:00\",\"mainEntityOfPage\":{\"@id\":\"https:\/\/vosgesinfo.fr\/saintdieinfo\/2019\/01\/rappel-samedi-soupes-solidaire-kemberg-seront-de-retour-3\/\"},\"wordCount\":167,\"commentCount\":0,\"publisher\":{\"@id\":\"https:\/\/vosgesinfo.fr\/saintdieinfo\/#organization\"},\"image\":{\"@id\":\"https:\/\/vosgesinfo.fr\/saintdieinfo\/2019\/01\/rappel-samedi-soupes-solidaire-kemberg-seront-de-retour-3\/#primaryimage\"},\"thumbnailUrl\":\"https:\/\/vosgesinfo.fr\/app\/uploads\/sites\/4\/2018\/01\/soupes-solidaires-kemberg-7.jpg\",\"keywords\":[\"Association Fran\u00e7aise du Syndrome d'Angelman\",\"Association Le Kemberg\",\"Le Kemberg\",\"Maison de Quartier de Foucharupt\",\"Pont de la R\u00e9publique\",\"Quai du Mar\u00e9chal-Leclerc\",\"Soupes solidaires\",\"Syndrome d'Angelman\",\"Vente de soupes\"],\"articleSection\":[\"A la Une\",\"Saint-Di\u00e9-des-Vosges et son Agglom\u00e9ration\",\"Vie Associative\"],\"inLanguage\":\"fr-FR\",\"potentialAction\":[{\"@type\":\"CommentAction\",\"name\":\"Comment\",\"target\":[\"https:\/\/vosgesinfo.fr\/saintdieinfo\/2019\/01\/rappel-samedi-soupes-solidaire-kemberg-seront-de-retour-3\/#respond\"]}]},{\"@type\":\"WebPage\",\"@id\":\"https:\/\/vosgesinfo.fr\/saintdieinfo\/2019\/01\/rappel-samedi-soupes-solidaire-kemberg-seront-de-retour-3\/\",\"url\":\"https:\/\/vosgesinfo.fr\/saintdieinfo\/2019\/01\/rappel-samedi-soupes-solidaire-kemberg-seront-de-retour-3\/\",\"name\":\"Rappel \u2013 Samedi, les soupes solidaire du Kemberg seront de retour - Saint Die Info\",\"isPartOf\":{\"@id\":\"https:\/\/vosgesinfo.fr\/saintdieinfo\/#website\"},\"primaryImageOfPage\":{\"@id\":\"https:\/\/vosgesinfo.fr\/saintdieinfo\/2019\/01\/rappel-samedi-soupes-solidaire-kemberg-seront-de-retour-3\/#primaryimage\"},\"image\":{\"@id\":\"https:\/\/vosgesinfo.fr\/saintdieinfo\/2019\/01\/rappel-samedi-soupes-solidaire-kemberg-seront-de-retour-3\/#primaryimage\"},\"thumbnailUrl\":\"https:\/\/vosgesinfo.fr\/app\/uploads\/sites\/4\/2018\/01\/soupes-solidaires-kemberg-7.jpg\",\"datePublished\":\"2019-01-02T06:45:21+00:00\",\"dateModified\":\"2019-01-02T06:45:21+00:00\",\"breadcrumb\":{\"@id\":\"https:\/\/vosgesinfo.fr\/saintdieinfo\/2019\/01\/rappel-samedi-soupes-solidaire-kemberg-seront-de-retour-3\/#breadcrumb\"},\"inLanguage\":\"fr-FR\",\"potentialAction\":[{\"@type\":\"ReadAction\",\"target\":[\"https:\/\/vosgesinfo.fr\/saintdieinfo\/2019\/01\/rappel-samedi-soupes-solidaire-kemberg-seront-de-retour-3\/\"]}]},{\"@type\":\"ImageObject\",\"inLanguage\":\"fr-FR\",\"@id\":\"https:\/\/vosgesinfo.fr\/saintdieinfo\/2019\/01\/rappel-samedi-soupes-solidaire-kemberg-seront-de-retour-3\/#primaryimage\",\"url\":\"https:\/\/vosgesinfo.fr\/app\/uploads\/sites\/4\/2018\/01\/soupes-solidaires-kemberg-7.jpg\",\"contentUrl\":\"https:\/\/vosgesinfo.fr\/app\/uploads\/sites\/4\/2018\/01\/soupes-solidaires-kemberg-7.jpg\",\"width\":1000,\"height\":668},{\"@type\":\"BreadcrumbList\",\"@id\":\"https:\/\/vosgesinfo.fr\/saintdieinfo\/2019\/01\/rappel-samedi-soupes-solidaire-kemberg-seront-de-retour-3\/#breadcrumb\",\"itemListElement\":[{\"@type\":\"ListItem\",\"position\":1,\"name\":\"Home\",\"item\":\"https:\/\/vosgesinfo.fr\/saintdieinfo\/\"},{\"@type\":\"ListItem\",\"position\":2,\"name\":\"Rappel \u2013 Samedi, les soupes solidaire du Kemberg seront de retour\"}]},{\"@type\":\"WebSite\",\"@id\":\"https:\/\/vosgesinfo.fr\/saintdieinfo\/#website\",\"url\":\"https:\/\/vosgesinfo.fr\/saintdieinfo\/\",\"name\":\"Saint Die Info\",\"description\":\"Toute l&#039;actualit\u00e9 de Saint-Di\u00e9-Des-Vosges\",\"publisher\":{\"@id\":\"https:\/\/vosgesinfo.fr\/saintdieinfo\/#organization\"},\"alternateName\":\"Toute l'actualit\u00e9 de Saint-Di\u00e9-Des-Vosges\",\"potentialAction\":[{\"@type\":\"SearchAction\",\"target\":{\"@type\":\"EntryPoint\",\"urlTemplate\":\"https:\/\/vosgesinfo.fr\/saintdieinfo\/?s={search_term_string}\"},\"query-input\":\"required name=search_term_string\"}],\"inLanguage\":\"fr-FR\"},{\"@type\":\"Organization\",\"@id\":\"https:\/\/vosgesinfo.fr\/saintdieinfo\/#organization\",\"name\":\"Saint Die Info\",\"url\":\"https:\/\/vosgesinfo.fr\/saintdieinfo\/\",\"logo\":{\"@type\":\"ImageObject\",\"inLanguage\":\"fr-FR\",\"@id\":\"https:\/\/vosgesinfo.fr\/saintdieinfo\/#\/schema\/logo\/image\/\",\"url\":\"https:\/\/vosgesinfo.fr\/app\/uploads\/sites\/4\/2024\/02\/logo-sdi.jpg\",\"contentUrl\":\"https:\/\/vosgesinfo.fr\/app\/uploads\/sites\/4\/2024\/02\/logo-sdi.jpg\",\"width\":600,\"height\":600,\"caption\":\"Saint Die Info\"},\"image\":{\"@id\":\"https:\/\/vosgesinfo.fr\/saintdieinfo\/#\/schema\/logo\/image\/\"},\"sameAs\":[\"https:\/\/www.facebook.com\/Saintdieinfofr\",\"https:\/\/x.com\/VosgesInfo88\",\"https:\/\/www.youtube.com\/@vosgesinfo\"]},{\"@type\":\"Person\",\"@id\":\"https:\/\/vosgesinfo.fr\/saintdieinfo\/#\/schema\/person\/fa73e9f726d67bb88f46d5b7943cb572\",\"name\":\"J.J.\",\"image\":{\"@type\":\"ImageObject\",\"inLanguage\":\"fr-FR\",\"@id\":\"https:\/\/vosgesinfo.fr\/saintdieinfo\/#\/schema\/person\/image\/\",\"url\":\"https:\/\/secure.gravatar.com\/avatar\/219e749e47ffbcca018a360ae4add7d4cdf1cdaaf8bc7676b27efade3fe65615?s=96&d=mm&r=g\",\"contentUrl\":\"https:\/\/secure.gravatar.com\/avatar\/219e749e47ffbcca018a360ae4add7d4cdf1cdaaf8bc7676b27efade3fe65615?s=96&d=mm&r=g\",\"caption\":\"J.J.\"},\"url\":\"https:\/\/vosgesinfo.fr\/saintdieinfo\/author\/j-j\/\"}]}<\/script>\n<!-- \/ Yoast SEO plugin. -->","yoast_head_json":{"title":"Rappel \u2013 Samedi, les soupes solidaire du Kemberg seront de retour - Saint Die Info","robots":{"index":"index","follow":"follow","max-snippet":"max-snippet:-1","max-image-preview":"max-image-preview:large","max-video-preview":"max-video-preview:-1"},"canonical":"https:\/\/vosgesinfo.fr\/saintdieinfo\/2019\/01\/rappel-samedi-soupes-solidaire-kemberg-seront-de-retour-3\/","twitter_card":"summary_large_image","twitter_title":"Rappel \u2013 Samedi, les soupes solidaire du Kemberg seront de retour - Saint Die Info","twitter_description":"Ce samedi 5 janvier, les soupes solidaires de l\u2019association Le Kemberg seront de retour ! Dans un premier temps de [&hellip;]","twitter_image":"https:\/\/vosgesinfo.fr\/app\/uploads\/sites\/4\/2018\/01\/soupes-solidaires-kemberg-7.jpg","twitter_creator":"@VosgesInfo88","twitter_site":"@VosgesInfo88","twitter_misc":{"\u00c9crit par":"J.J.","Dur\u00e9e de lecture estim\u00e9e":"1 minute"},"schema":{"@context":"https:\/\/schema.org","@graph":[{"@type":"Article","@id":"https:\/\/vosgesinfo.fr\/saintdieinfo\/2019\/01\/rappel-samedi-soupes-solidaire-kemberg-seront-de-retour-3\/#article","isPartOf":{"@id":"https:\/\/vosgesinfo.fr\/saintdieinfo\/2019\/01\/rappel-samedi-soupes-solidaire-kemberg-seront-de-retour-3\/"},"author":{"name":"J.J.","@id":"https:\/\/vosgesinfo.fr\/saintdieinfo\/#\/schema\/person\/fa73e9f726d67bb88f46d5b7943cb572"},"headline":"Rappel \u2013 Samedi, les soupes solidaire du Kemberg seront de retour","datePublished":"2019-01-02T06:45:21+00:00","dateModified":"2019-01-02T06:45:21+00:00","mainEntityOfPage":{"@id":"https:\/\/vosgesinfo.fr\/saintdieinfo\/2019\/01\/rappel-samedi-soupes-solidaire-kemberg-seront-de-retour-3\/"},"wordCount":167,"commentCount":0,"publisher":{"@id":"https:\/\/vosgesinfo.fr\/saintdieinfo\/#organization"},"image":{"@id":"https:\/\/vosgesinfo.fr\/saintdieinfo\/2019\/01\/rappel-samedi-soupes-solidaire-kemberg-seront-de-retour-3\/#primaryimage"},"thumbnailUrl":"https:\/\/vosgesinfo.fr\/app\/uploads\/sites\/4\/2018\/01\/soupes-solidaires-kemberg-7.jpg","keywords":["Association Fran\u00e7aise du Syndrome d'Angelman","Association Le Kemberg","Le Kemberg","Maison de Quartier de Foucharupt","Pont de la R\u00e9publique","Quai du Mar\u00e9chal-Leclerc","Soupes solidaires","Syndrome d'Angelman","Vente de soupes"],"articleSection":["A la Une","Saint-Di\u00e9-des-Vosges et son Agglom\u00e9ration","Vie Associative"],"inLanguage":"fr-FR","potentialAction":[{"@type":"CommentAction","name":"Comment","target":["https:\/\/vosgesinfo.fr\/saintdieinfo\/2019\/01\/rappel-samedi-soupes-solidaire-kemberg-seront-de-retour-3\/#respond"]}]},{"@type":"WebPage","@id":"https:\/\/vosgesinfo.fr\/saintdieinfo\/2019\/01\/rappel-samedi-soupes-solidaire-kemberg-seront-de-retour-3\/","url":"https:\/\/vosgesinfo.fr\/saintdieinfo\/2019\/01\/rappel-samedi-soupes-solidaire-kemberg-seront-de-retour-3\/","name":"Rappel \u2013 Samedi, les soupes solidaire du Kemberg seront de retour - Saint Die Info","isPartOf":{"@id":"https:\/\/vosgesinfo.fr\/saintdieinfo\/#website"},"primaryImageOfPage":{"@id":"https:\/\/vosgesinfo.fr\/saintdieinfo\/2019\/01\/rappel-samedi-soupes-solidaire-kemberg-seront-de-retour-3\/#primaryimage"},"image":{"@id":"https:\/\/vosgesinfo.fr\/saintdieinfo\/2019\/01\/rappel-samedi-soupes-solidaire-kemberg-seront-de-retour-3\/#primaryimage"},"thumbnailUrl":"https:\/\/vosgesinfo.fr\/app\/uploads\/sites\/4\/2018\/01\/soupes-solidaires-kemberg-7.jpg","datePublished":"2019-01-02T06:45:21+00:00","dateModified":"2019-01-02T06:45:21+00:00","breadcrumb":{"@id":"https:\/\/vosgesinfo.fr\/saintdieinfo\/2019\/01\/rappel-samedi-soupes-solidaire-kemberg-seront-de-retour-3\/#breadcrumb"},"inLanguage":"fr-FR","potentialAction":[{"@type":"ReadAction","target":["https:\/\/vosgesinfo.fr\/saintdieinfo\/2019\/01\/rappel-samedi-soupes-solidaire-kemberg-seront-de-retour-3\/"]}]},{"@type":"ImageObject","inLanguage":"fr-FR","@id":"https:\/\/vosgesinfo.fr\/saintdieinfo\/2019\/01\/rappel-samedi-soupes-solidaire-kemberg-seront-de-retour-3\/#primaryimage","url":"https:\/\/vosgesinfo.fr\/app\/uploads\/sites\/4\/2018\/01\/soupes-solidaires-kemberg-7.jpg","contentUrl":"https:\/\/vosgesinfo.fr\/app\/uploads\/sites\/4\/2018\/01\/soupes-solidaires-kemberg-7.jpg","width":1000,"height":668},{"@type":"BreadcrumbList","@id":"https:\/\/vosgesinfo.fr\/saintdieinfo\/2019\/01\/rappel-samedi-soupes-solidaire-kemberg-seront-de-retour-3\/#breadcrumb","itemListElement":[{"@type":"ListItem","position":1,"name":"Home","item":"https:\/\/vosgesinfo.fr\/saintdieinfo\/"},{"@type":"ListItem","position":2,"name":"Rappel \u2013 Samedi, les soupes solidaire du Kemberg seront de retour"}]},{"@type":"WebSite","@id":"https:\/\/vosgesinfo.fr\/saintdieinfo\/#website","url":"https:\/\/vosgesinfo.fr\/saintdieinfo\/","name":"Saint Die Info","description":"Toute l&#039;actualit\u00e9 de Saint-Di\u00e9-Des-Vosges","publisher":{"@id":"https:\/\/vosgesinfo.fr\/saintdieinfo\/#organization"},"alternateName":"Toute l'actualit\u00e9 de Saint-Di\u00e9-Des-Vosges","potentialAction":[{"@type":"SearchAction","target":{"@type":"EntryPoint","urlTemplate":"https:\/\/vosgesinfo.fr\/saintdieinfo\/?s={search_term_string}"},"query-input":"required name=search_term_string"}],"inLanguage":"fr-FR"},{"@type":"Organization","@id":"https:\/\/vosgesinfo.fr\/saintdieinfo\/#organization","name":"Saint Die Info","url":"https:\/\/vosgesinfo.fr\/saintdieinfo\/","logo":{"@type":"ImageObject","inLanguage":"fr-FR","@id":"https:\/\/vosgesinfo.fr\/saintdieinfo\/#\/schema\/logo\/image\/","url":"https:\/\/vosgesinfo.fr\/app\/uploads\/sites\/4\/2024\/02\/logo-sdi.jpg","contentUrl":"https:\/\/vosgesinfo.fr\/app\/uploads\/sites\/4\/2024\/02\/logo-sdi.jpg","width":600,"height":600,"caption":"Saint Die Info"},"image":{"@id":"https:\/\/vosgesinfo.fr\/saintdieinfo\/#\/schema\/logo\/image\/"},"sameAs":["https:\/\/www.facebook.com\/Saintdieinfofr","https:\/\/x.com\/VosgesInfo88","https:\/\/www.youtube.com\/@vosgesinfo"]},{"@type":"Person","@id":"https:\/\/vosgesinfo.fr\/saintdieinfo\/#\/schema\/person\/fa73e9f726d67bb88f46d5b7943cb572","name":"J.J.","image":{"@type":"ImageObject","inLanguage":"fr-FR","@id":"https:\/\/vosgesinfo.fr\/saintdieinfo\/#\/schema\/person\/image\/","url":"https:\/\/secure.gravatar.com\/avatar\/219e749e47ffbcca018a360ae4add7d4cdf1cdaaf8bc7676b27efade3fe65615?s=96&d=mm&r=g","contentUrl":"https:\/\/secure.gravatar.com\/avatar\/219e749e47ffbcca018a360ae4add7d4cdf1cdaaf8bc7676b27efade3fe65615?s=96&d=mm&r=g","caption":"J.J."},"url":"https:\/\/vosgesinfo.fr\/saintdieinfo\/author\/j-j\/"}]}},"_links":{"self":[{"href":"https:\/\/vosgesinfo.fr\/saintdieinfo\/wp-json\/wp\/v2\/posts\/37143","targetHints":{"allow":["GET"]}}],"collection":[{"href":"https:\/\/vosgesinfo.fr\/saintdieinfo\/wp-json\/wp\/v2\/posts"}],"about":[{"href":"https:\/\/vosgesinfo.fr\/saintdieinfo\/wp-json\/wp\/v2\/types\/post"}],"author":[{"embeddable":true,"href":"https:\/\/vosgesinfo.fr\/saintdieinfo\/wp-json\/wp\/v2\/users\/46"}],"replies":[{"embeddable":true,"href":"https:\/\/vosgesinfo.fr\/saintdieinfo\/wp-json\/wp\/v2\/comments?post=37143"}],"version-history":[{"count":0,"href":"https:\/\/vosgesinfo.fr\/saintdieinfo\/wp-json\/wp\/v2\/posts\/37143\/revisions"}],"wp:featuredmedia":[{"embeddable":true,"href":"https:\/\/vosgesinfo.fr\/saintdieinfo\/wp-json\/wp\/v2\/media\/33102"}],"wp:attachment":[{"href":"https:\/\/vosgesinfo.fr\/saintdieinfo\/wp-json\/wp\/v2\/media?parent=37143"}],"wp:term":[{"taxonomy":"category","embeddable":true,"href":"https:\/\/vosgesinfo.fr\/saintdieinfo\/wp-json\/wp\/v2\/categories?post=37143"},{"taxonomy":"post_tag","embeddable":true,"href":"https:\/\/vosgesinfo.fr\/saintdieinfo\/wp-json\/wp\/v2\/tags?post=37143"}],"curies":[{"name":"wp","href":"https:\/\/api.w.org\/{rel}","templated":true}]}}