{"id":37243,"date":"2019-08-03T10:00:30","date_gmt":"2019-08-03T08:00:30","guid":{"rendered":"https:\/\/vosgesinfo.fr\/saintdieinfo\/2019\/08\/week-end-deodatien-afrique-solidarites-sest-ouvert-a-lespace-francois-mitterrand\/"},"modified":"2019-08-03T10:00:30","modified_gmt":"2019-08-03T08:00:30","slug":"week-end-deodatien-afrique-solidarites-sest-ouvert-a-lespace-francois-mitterrand","status":"publish","type":"post","link":"https:\/\/vosgesinfo.fr\/saintdieinfo\/2019\/08\/week-end-deodatien-afrique-solidarites-sest-ouvert-a-lespace-francois-mitterrand\/","title":{"rendered":"Le week-end d\u00e9odatien \u00ab\u00a0Afrique et solidarit\u00e9s\u00a0\u00bb s&rsquo;est ouvert \u00e0 l&rsquo;Espace Fran\u00e7ois-Mitterrand"},"content":{"rendered":"<p><a href=\"\/2019\/08\/Inauguration_Week-End_Afrique_Solidarit\u00e9s-5.jpg\" target=\"_blank\" rel=\"noopener\"><img decoding=\"async\" class=\"aligncenter wp-image-143104 size-full\" src=\"\/2019\/08\/Inauguration_Week-End_Afrique_Solidarit\u00e9s-5.jpg\" alt=\"Inauguration_Week-End_Afrique_Solidarit\u00e9s (5)\" width=\"1000\" height=\"667\" \/><\/a><\/p>\n<h2><strong><span style=\"font-family: Calibri, sans-serif;\"><span style=\"font-size: large;\">Ces vendredi 2, samedi 3 et dimanche 4 ao\u00fbt, l&rsquo;Espace Fran\u00e7ois-Mitterrand se drape des couleurs de l&rsquo;Afrique (<a href=\"https:\/\/saintdieinfo.fr\/2019\/08\/trois-journees-deodatiennes-signe-de-lafrique-solidarites\/\" target=\"_blank\" rel=\"noopener\">lire notre pr\u00e9c\u00e9dent article<\/a>).<\/span><\/span><\/strong><\/h2>\n<p><!--more--><\/p>\n<p><span style=\"font-family: Calibri, sans-serif;\"><span style=\"font-size: large;\">3 journ\u00e9es festives et conviviales organis\u00e9es par l&rsquo;association \u00ab\u00a0Bokk Waref\u00a0\u00bb (\u00ab\u00a0Partager les responsabilit\u00e9s\u00a0\u00bb en wolof, langue du S\u00e9n\u00e9gal), en partenariat avec la Ville de Saint-Di\u00e9-des-Vosges, et auxquelles participent \u00ab\u00a0Artisans du Monde\u00a0\u00bb et les associations \u00ab\u00a0Awale\u00a0\u00bb, \u00ab\u00a0Envers du Monde\u00a0\u00bb, \u00ab\u00a0La Case en Falafa\u00a0\u00bb, \u00ab\u00a0Terres de Plumes\u00a0\u00bb, \u00ab\u00a0Tutaonana\u00a0\u00bb, ainsi que l&rsquo;association s\u00e9n\u00e9galo-mauritanienne d\u00e9odatienne et les associations des femmes africaines de Saint-Di\u00e9-des-Vosges et G\u00e9rardmer.<\/span><\/span><\/p>\n<p><span style=\"font-family: Calibri, sans-serif;\"><span style=\"font-size: large;\">C&rsquo;est par un grand repas s\u00e9n\u00e9galais, partag\u00e9 par 65 convives, que s&rsquo;est ouvert ce long week-end sous le signe de l&rsquo;Afrique et des solidarit\u00e9s. Mais avant de savourer un bon maf\u00e9 au boeuf \u2013 un plat s\u00e9n\u00e9galais \u2013 c&rsquo;est aux c\u00f4t\u00e9s de l&rsquo;adjointe \u00e0 la Culture Claude Kiener que Claude Buchoud, pr\u00e9sident de l&rsquo;association \u00ab\u00a0Bokk Waref\u00a0\u00bb, a pr\u00e9sent\u00e9 les diff\u00e9rents stands du march\u00e9 africain, qui accueillera les visiteurs de 10h \u00e0 19h demain samedi et dimanche. Objets issus de l&rsquo;artisanat, v\u00eatements, chaussures, bijoux, peintures sur verre, sacs cabas, produits alimentaires&#8230; le choix est vaste et solidaire, puisque les ventes r\u00e9alis\u00e9es ce week-end contribueront \u00e0 financer les projets des diff\u00e9rentes associations pr\u00e9sentes. Pour \u00ab\u00a0Bokk Waref\u00a0\u00bb, il s&rsquo;agit de r\u00e9colter des fonds pour la r\u00e9alisation d&rsquo;une biblioth\u00e8que municipale \u00e0 Meckh\u00e9 au S\u00e9n\u00e9gal, une ville jumel\u00e9e avec Saint-Di\u00e9-des-Vosges depuis maintenant 28 ans.<\/span><\/span><\/p>\n<p>J.J.<\/p>\n\n","protected":false},"excerpt":{"rendered":"<p>Ces vendredi 2, samedi 3 et dimanche 4 ao\u00fbt, l&rsquo;Espace Fran\u00e7ois-Mitterrand se drape des couleurs de l&rsquo;Afrique (lire notre pr\u00e9c\u00e9dent [&hellip;]<\/p>\n","protected":false},"author":46,"featured_media":37244,"comment_status":"open","ping_status":"open","sticky":false,"template":"","format":"standard","meta":{"footnotes":""},"categories":[460,2915,17],"tags":[7105,7106,3089,7107,7122,3240,7109],"class_list":["post-37243","post","type-post","status-publish","format-standard","has-post-thumbnail","hentry","category-a-la-une","category-saint-die-son-canton","category-vie-associative","tag-afrique","tag-bokk-waref","tag-espace-francois-mitterrand","tag-marche-africain","tag-repas-senagalais","tag-ville-de-saint-die-des-vosges","tag-week-end-afrique-et-solidarites"],"acf":[],"yoast_head":"<!-- This site is optimized with the Yoast SEO plugin v22.5 - https:\/\/yoast.com\/wordpress\/plugins\/seo\/ -->\n<title>Le week-end d\u00e9odatien &quot;Afrique et solidarit\u00e9s&quot; s&#039;est ouvert \u00e0 l&#039;Espace Fran\u00e7ois-Mitterrand - Saint Die Info<\/title>\n<meta name=\"robots\" content=\"index, follow, max-snippet:-1, max-image-preview:large, max-video-preview:-1\" \/>\n<link rel=\"canonical\" href=\"https:\/\/vosgesinfo.fr\/saintdieinfo\/2019\/08\/week-end-deodatien-afrique-solidarites-sest-ouvert-a-lespace-francois-mitterrand\/\" \/>\n<meta name=\"twitter:card\" content=\"summary_large_image\" \/>\n<meta name=\"twitter:title\" content=\"Le week-end d\u00e9odatien &quot;Afrique et solidarit\u00e9s&quot; s&#039;est ouvert \u00e0 l&#039;Espace Fran\u00e7ois-Mitterrand - Saint Die Info\" \/>\n<meta name=\"twitter:description\" content=\"Ces vendredi 2, samedi 3 et dimanche 4 ao\u00fbt, l&rsquo;Espace Fran\u00e7ois-Mitterrand se drape des couleurs de l&rsquo;Afrique (lire notre pr\u00e9c\u00e9dent [&hellip;]\" \/>\n<meta name=\"twitter:image\" content=\"https:\/\/vosgesinfo.fr\/app\/uploads\/sites\/4\/2024\/08\/201908inauguration-week-end-afrique-solidarites-5.jpg\" \/>\n<meta name=\"twitter:creator\" content=\"@VosgesInfo88\" \/>\n<meta name=\"twitter:site\" content=\"@VosgesInfo88\" \/>\n<meta name=\"twitter:label1\" content=\"\u00c9crit par\" \/>\n\t<meta name=\"twitter:data1\" content=\"J.J.\" \/>\n\t<meta name=\"twitter:label2\" content=\"Dur\u00e9e de lecture estim\u00e9e\" \/>\n\t<meta name=\"twitter:data2\" content=\"1 minute\" \/>\n<script type=\"application\/ld+json\" class=\"yoast-schema-graph\">{\"@context\":\"https:\/\/schema.org\",\"@graph\":[{\"@type\":\"Article\",\"@id\":\"https:\/\/vosgesinfo.fr\/saintdieinfo\/2019\/08\/week-end-deodatien-afrique-solidarites-sest-ouvert-a-lespace-francois-mitterrand\/#article\",\"isPartOf\":{\"@id\":\"https:\/\/vosgesinfo.fr\/saintdieinfo\/2019\/08\/week-end-deodatien-afrique-solidarites-sest-ouvert-a-lespace-francois-mitterrand\/\"},\"author\":{\"name\":\"J.J.\",\"@id\":\"https:\/\/vosgesinfo.fr\/saintdieinfo\/#\/schema\/person\/fa73e9f726d67bb88f46d5b7943cb572\"},\"headline\":\"Le week-end d\u00e9odatien \u00ab\u00a0Afrique et solidarit\u00e9s\u00a0\u00bb s&rsquo;est ouvert \u00e0 l&rsquo;Espace Fran\u00e7ois-Mitterrand\",\"datePublished\":\"2019-08-03T08:00:30+00:00\",\"dateModified\":\"2019-08-03T08:00:30+00:00\",\"mainEntityOfPage\":{\"@id\":\"https:\/\/vosgesinfo.fr\/saintdieinfo\/2019\/08\/week-end-deodatien-afrique-solidarites-sest-ouvert-a-lespace-francois-mitterrand\/\"},\"wordCount\":282,\"commentCount\":0,\"publisher\":{\"@id\":\"https:\/\/vosgesinfo.fr\/saintdieinfo\/#organization\"},\"image\":{\"@id\":\"https:\/\/vosgesinfo.fr\/saintdieinfo\/2019\/08\/week-end-deodatien-afrique-solidarites-sest-ouvert-a-lespace-francois-mitterrand\/#primaryimage\"},\"thumbnailUrl\":\"https:\/\/vosgesinfo.fr\/app\/uploads\/sites\/4\/2024\/08\/201908inauguration-week-end-afrique-solidarites-5.jpg\",\"keywords\":[\"Afrique\",\"Bokk Waref\",\"Espace Fran\u00e7ois-Mitterrand\",\"March\u00e9 africain\",\"Repas s\u00e9nagalais\",\"Ville de Saint-Di\u00e9-des-Vosges\",\"Week-end Afrique et Solidarit\u00e9s\"],\"articleSection\":[\"A la Une\",\"Saint-Di\u00e9-des-Vosges et son Agglom\u00e9ration\",\"Vie Associative\"],\"inLanguage\":\"fr-FR\",\"potentialAction\":[{\"@type\":\"CommentAction\",\"name\":\"Comment\",\"target\":[\"https:\/\/vosgesinfo.fr\/saintdieinfo\/2019\/08\/week-end-deodatien-afrique-solidarites-sest-ouvert-a-lespace-francois-mitterrand\/#respond\"]}]},{\"@type\":\"WebPage\",\"@id\":\"https:\/\/vosgesinfo.fr\/saintdieinfo\/2019\/08\/week-end-deodatien-afrique-solidarites-sest-ouvert-a-lespace-francois-mitterrand\/\",\"url\":\"https:\/\/vosgesinfo.fr\/saintdieinfo\/2019\/08\/week-end-deodatien-afrique-solidarites-sest-ouvert-a-lespace-francois-mitterrand\/\",\"name\":\"Le week-end d\u00e9odatien \\\"Afrique et solidarit\u00e9s\\\" s'est ouvert \u00e0 l'Espace Fran\u00e7ois-Mitterrand - Saint Die Info\",\"isPartOf\":{\"@id\":\"https:\/\/vosgesinfo.fr\/saintdieinfo\/#website\"},\"primaryImageOfPage\":{\"@id\":\"https:\/\/vosgesinfo.fr\/saintdieinfo\/2019\/08\/week-end-deodatien-afrique-solidarites-sest-ouvert-a-lespace-francois-mitterrand\/#primaryimage\"},\"image\":{\"@id\":\"https:\/\/vosgesinfo.fr\/saintdieinfo\/2019\/08\/week-end-deodatien-afrique-solidarites-sest-ouvert-a-lespace-francois-mitterrand\/#primaryimage\"},\"thumbnailUrl\":\"https:\/\/vosgesinfo.fr\/app\/uploads\/sites\/4\/2024\/08\/201908inauguration-week-end-afrique-solidarites-5.jpg\",\"datePublished\":\"2019-08-03T08:00:30+00:00\",\"dateModified\":\"2019-08-03T08:00:30+00:00\",\"breadcrumb\":{\"@id\":\"https:\/\/vosgesinfo.fr\/saintdieinfo\/2019\/08\/week-end-deodatien-afrique-solidarites-sest-ouvert-a-lespace-francois-mitterrand\/#breadcrumb\"},\"inLanguage\":\"fr-FR\",\"potentialAction\":[{\"@type\":\"ReadAction\",\"target\":[\"https:\/\/vosgesinfo.fr\/saintdieinfo\/2019\/08\/week-end-deodatien-afrique-solidarites-sest-ouvert-a-lespace-francois-mitterrand\/\"]}]},{\"@type\":\"ImageObject\",\"inLanguage\":\"fr-FR\",\"@id\":\"https:\/\/vosgesinfo.fr\/saintdieinfo\/2019\/08\/week-end-deodatien-afrique-solidarites-sest-ouvert-a-lespace-francois-mitterrand\/#primaryimage\",\"url\":\"https:\/\/vosgesinfo.fr\/app\/uploads\/sites\/4\/2024\/08\/201908inauguration-week-end-afrique-solidarites-5.jpg\",\"contentUrl\":\"https:\/\/vosgesinfo.fr\/app\/uploads\/sites\/4\/2024\/08\/201908inauguration-week-end-afrique-solidarites-5.jpg\",\"width\":1000,\"height\":667},{\"@type\":\"BreadcrumbList\",\"@id\":\"https:\/\/vosgesinfo.fr\/saintdieinfo\/2019\/08\/week-end-deodatien-afrique-solidarites-sest-ouvert-a-lespace-francois-mitterrand\/#breadcrumb\",\"itemListElement\":[{\"@type\":\"ListItem\",\"position\":1,\"name\":\"Home\",\"item\":\"https:\/\/vosgesinfo.fr\/saintdieinfo\/\"},{\"@type\":\"ListItem\",\"position\":2,\"name\":\"Le week-end d\u00e9odatien \u00ab\u00a0Afrique et solidarit\u00e9s\u00a0\u00bb s&rsquo;est ouvert \u00e0 l&rsquo;Espace Fran\u00e7ois-Mitterrand\"}]},{\"@type\":\"WebSite\",\"@id\":\"https:\/\/vosgesinfo.fr\/saintdieinfo\/#website\",\"url\":\"https:\/\/vosgesinfo.fr\/saintdieinfo\/\",\"name\":\"Saint Die Info\",\"description\":\"Toute l&#039;actualit\u00e9 de Saint-Di\u00e9-Des-Vosges\",\"publisher\":{\"@id\":\"https:\/\/vosgesinfo.fr\/saintdieinfo\/#organization\"},\"alternateName\":\"Toute l'actualit\u00e9 de Saint-Di\u00e9-Des-Vosges\",\"potentialAction\":[{\"@type\":\"SearchAction\",\"target\":{\"@type\":\"EntryPoint\",\"urlTemplate\":\"https:\/\/vosgesinfo.fr\/saintdieinfo\/?s={search_term_string}\"},\"query-input\":\"required name=search_term_string\"}],\"inLanguage\":\"fr-FR\"},{\"@type\":\"Organization\",\"@id\":\"https:\/\/vosgesinfo.fr\/saintdieinfo\/#organization\",\"name\":\"Saint Die Info\",\"url\":\"https:\/\/vosgesinfo.fr\/saintdieinfo\/\",\"logo\":{\"@type\":\"ImageObject\",\"inLanguage\":\"fr-FR\",\"@id\":\"https:\/\/vosgesinfo.fr\/saintdieinfo\/#\/schema\/logo\/image\/\",\"url\":\"https:\/\/vosgesinfo.fr\/app\/uploads\/sites\/4\/2024\/02\/logo-sdi.jpg\",\"contentUrl\":\"https:\/\/vosgesinfo.fr\/app\/uploads\/sites\/4\/2024\/02\/logo-sdi.jpg\",\"width\":600,\"height\":600,\"caption\":\"Saint Die Info\"},\"image\":{\"@id\":\"https:\/\/vosgesinfo.fr\/saintdieinfo\/#\/schema\/logo\/image\/\"},\"sameAs\":[\"https:\/\/www.facebook.com\/Saintdieinfofr\",\"https:\/\/x.com\/VosgesInfo88\",\"https:\/\/www.youtube.com\/@vosgesinfo\"]},{\"@type\":\"Person\",\"@id\":\"https:\/\/vosgesinfo.fr\/saintdieinfo\/#\/schema\/person\/fa73e9f726d67bb88f46d5b7943cb572\",\"name\":\"J.J.\",\"image\":{\"@type\":\"ImageObject\",\"inLanguage\":\"fr-FR\",\"@id\":\"https:\/\/vosgesinfo.fr\/saintdieinfo\/#\/schema\/person\/image\/\",\"url\":\"https:\/\/secure.gravatar.com\/avatar\/219e749e47ffbcca018a360ae4add7d4cdf1cdaaf8bc7676b27efade3fe65615?s=96&d=mm&r=g\",\"contentUrl\":\"https:\/\/secure.gravatar.com\/avatar\/219e749e47ffbcca018a360ae4add7d4cdf1cdaaf8bc7676b27efade3fe65615?s=96&d=mm&r=g\",\"caption\":\"J.J.\"},\"url\":\"https:\/\/vosgesinfo.fr\/saintdieinfo\/author\/j-j\/\"}]}<\/script>\n<!-- \/ Yoast SEO plugin. -->","yoast_head_json":{"title":"Le week-end d\u00e9odatien \"Afrique et solidarit\u00e9s\" s'est ouvert \u00e0 l'Espace Fran\u00e7ois-Mitterrand - Saint Die Info","robots":{"index":"index","follow":"follow","max-snippet":"max-snippet:-1","max-image-preview":"max-image-preview:large","max-video-preview":"max-video-preview:-1"},"canonical":"https:\/\/vosgesinfo.fr\/saintdieinfo\/2019\/08\/week-end-deodatien-afrique-solidarites-sest-ouvert-a-lespace-francois-mitterrand\/","twitter_card":"summary_large_image","twitter_title":"Le week-end d\u00e9odatien \"Afrique et solidarit\u00e9s\" s'est ouvert \u00e0 l'Espace Fran\u00e7ois-Mitterrand - Saint Die Info","twitter_description":"Ces vendredi 2, samedi 3 et dimanche 4 ao\u00fbt, l&rsquo;Espace Fran\u00e7ois-Mitterrand se drape des couleurs de l&rsquo;Afrique (lire notre pr\u00e9c\u00e9dent [&hellip;]","twitter_image":"https:\/\/vosgesinfo.fr\/app\/uploads\/sites\/4\/2024\/08\/201908inauguration-week-end-afrique-solidarites-5.jpg","twitter_creator":"@VosgesInfo88","twitter_site":"@VosgesInfo88","twitter_misc":{"\u00c9crit par":"J.J.","Dur\u00e9e de lecture estim\u00e9e":"1 minute"},"schema":{"@context":"https:\/\/schema.org","@graph":[{"@type":"Article","@id":"https:\/\/vosgesinfo.fr\/saintdieinfo\/2019\/08\/week-end-deodatien-afrique-solidarites-sest-ouvert-a-lespace-francois-mitterrand\/#article","isPartOf":{"@id":"https:\/\/vosgesinfo.fr\/saintdieinfo\/2019\/08\/week-end-deodatien-afrique-solidarites-sest-ouvert-a-lespace-francois-mitterrand\/"},"author":{"name":"J.J.","@id":"https:\/\/vosgesinfo.fr\/saintdieinfo\/#\/schema\/person\/fa73e9f726d67bb88f46d5b7943cb572"},"headline":"Le week-end d\u00e9odatien \u00ab\u00a0Afrique et solidarit\u00e9s\u00a0\u00bb s&rsquo;est ouvert \u00e0 l&rsquo;Espace Fran\u00e7ois-Mitterrand","datePublished":"2019-08-03T08:00:30+00:00","dateModified":"2019-08-03T08:00:30+00:00","mainEntityOfPage":{"@id":"https:\/\/vosgesinfo.fr\/saintdieinfo\/2019\/08\/week-end-deodatien-afrique-solidarites-sest-ouvert-a-lespace-francois-mitterrand\/"},"wordCount":282,"commentCount":0,"publisher":{"@id":"https:\/\/vosgesinfo.fr\/saintdieinfo\/#organization"},"image":{"@id":"https:\/\/vosgesinfo.fr\/saintdieinfo\/2019\/08\/week-end-deodatien-afrique-solidarites-sest-ouvert-a-lespace-francois-mitterrand\/#primaryimage"},"thumbnailUrl":"https:\/\/vosgesinfo.fr\/app\/uploads\/sites\/4\/2024\/08\/201908inauguration-week-end-afrique-solidarites-5.jpg","keywords":["Afrique","Bokk Waref","Espace Fran\u00e7ois-Mitterrand","March\u00e9 africain","Repas s\u00e9nagalais","Ville de Saint-Di\u00e9-des-Vosges","Week-end Afrique et Solidarit\u00e9s"],"articleSection":["A la Une","Saint-Di\u00e9-des-Vosges et son Agglom\u00e9ration","Vie Associative"],"inLanguage":"fr-FR","potentialAction":[{"@type":"CommentAction","name":"Comment","target":["https:\/\/vosgesinfo.fr\/saintdieinfo\/2019\/08\/week-end-deodatien-afrique-solidarites-sest-ouvert-a-lespace-francois-mitterrand\/#respond"]}]},{"@type":"WebPage","@id":"https:\/\/vosgesinfo.fr\/saintdieinfo\/2019\/08\/week-end-deodatien-afrique-solidarites-sest-ouvert-a-lespace-francois-mitterrand\/","url":"https:\/\/vosgesinfo.fr\/saintdieinfo\/2019\/08\/week-end-deodatien-afrique-solidarites-sest-ouvert-a-lespace-francois-mitterrand\/","name":"Le week-end d\u00e9odatien \"Afrique et solidarit\u00e9s\" s'est ouvert \u00e0 l'Espace Fran\u00e7ois-Mitterrand - Saint Die Info","isPartOf":{"@id":"https:\/\/vosgesinfo.fr\/saintdieinfo\/#website"},"primaryImageOfPage":{"@id":"https:\/\/vosgesinfo.fr\/saintdieinfo\/2019\/08\/week-end-deodatien-afrique-solidarites-sest-ouvert-a-lespace-francois-mitterrand\/#primaryimage"},"image":{"@id":"https:\/\/vosgesinfo.fr\/saintdieinfo\/2019\/08\/week-end-deodatien-afrique-solidarites-sest-ouvert-a-lespace-francois-mitterrand\/#primaryimage"},"thumbnailUrl":"https:\/\/vosgesinfo.fr\/app\/uploads\/sites\/4\/2024\/08\/201908inauguration-week-end-afrique-solidarites-5.jpg","datePublished":"2019-08-03T08:00:30+00:00","dateModified":"2019-08-03T08:00:30+00:00","breadcrumb":{"@id":"https:\/\/vosgesinfo.fr\/saintdieinfo\/2019\/08\/week-end-deodatien-afrique-solidarites-sest-ouvert-a-lespace-francois-mitterrand\/#breadcrumb"},"inLanguage":"fr-FR","potentialAction":[{"@type":"ReadAction","target":["https:\/\/vosgesinfo.fr\/saintdieinfo\/2019\/08\/week-end-deodatien-afrique-solidarites-sest-ouvert-a-lespace-francois-mitterrand\/"]}]},{"@type":"ImageObject","inLanguage":"fr-FR","@id":"https:\/\/vosgesinfo.fr\/saintdieinfo\/2019\/08\/week-end-deodatien-afrique-solidarites-sest-ouvert-a-lespace-francois-mitterrand\/#primaryimage","url":"https:\/\/vosgesinfo.fr\/app\/uploads\/sites\/4\/2024\/08\/201908inauguration-week-end-afrique-solidarites-5.jpg","contentUrl":"https:\/\/vosgesinfo.fr\/app\/uploads\/sites\/4\/2024\/08\/201908inauguration-week-end-afrique-solidarites-5.jpg","width":1000,"height":667},{"@type":"BreadcrumbList","@id":"https:\/\/vosgesinfo.fr\/saintdieinfo\/2019\/08\/week-end-deodatien-afrique-solidarites-sest-ouvert-a-lespace-francois-mitterrand\/#breadcrumb","itemListElement":[{"@type":"ListItem","position":1,"name":"Home","item":"https:\/\/vosgesinfo.fr\/saintdieinfo\/"},{"@type":"ListItem","position":2,"name":"Le week-end d\u00e9odatien \u00ab\u00a0Afrique et solidarit\u00e9s\u00a0\u00bb s&rsquo;est ouvert \u00e0 l&rsquo;Espace Fran\u00e7ois-Mitterrand"}]},{"@type":"WebSite","@id":"https:\/\/vosgesinfo.fr\/saintdieinfo\/#website","url":"https:\/\/vosgesinfo.fr\/saintdieinfo\/","name":"Saint Die Info","description":"Toute l&#039;actualit\u00e9 de Saint-Di\u00e9-Des-Vosges","publisher":{"@id":"https:\/\/vosgesinfo.fr\/saintdieinfo\/#organization"},"alternateName":"Toute l'actualit\u00e9 de Saint-Di\u00e9-Des-Vosges","potentialAction":[{"@type":"SearchAction","target":{"@type":"EntryPoint","urlTemplate":"https:\/\/vosgesinfo.fr\/saintdieinfo\/?s={search_term_string}"},"query-input":"required name=search_term_string"}],"inLanguage":"fr-FR"},{"@type":"Organization","@id":"https:\/\/vosgesinfo.fr\/saintdieinfo\/#organization","name":"Saint Die Info","url":"https:\/\/vosgesinfo.fr\/saintdieinfo\/","logo":{"@type":"ImageObject","inLanguage":"fr-FR","@id":"https:\/\/vosgesinfo.fr\/saintdieinfo\/#\/schema\/logo\/image\/","url":"https:\/\/vosgesinfo.fr\/app\/uploads\/sites\/4\/2024\/02\/logo-sdi.jpg","contentUrl":"https:\/\/vosgesinfo.fr\/app\/uploads\/sites\/4\/2024\/02\/logo-sdi.jpg","width":600,"height":600,"caption":"Saint Die Info"},"image":{"@id":"https:\/\/vosgesinfo.fr\/saintdieinfo\/#\/schema\/logo\/image\/"},"sameAs":["https:\/\/www.facebook.com\/Saintdieinfofr","https:\/\/x.com\/VosgesInfo88","https:\/\/www.youtube.com\/@vosgesinfo"]},{"@type":"Person","@id":"https:\/\/vosgesinfo.fr\/saintdieinfo\/#\/schema\/person\/fa73e9f726d67bb88f46d5b7943cb572","name":"J.J.","image":{"@type":"ImageObject","inLanguage":"fr-FR","@id":"https:\/\/vosgesinfo.fr\/saintdieinfo\/#\/schema\/person\/image\/","url":"https:\/\/secure.gravatar.com\/avatar\/219e749e47ffbcca018a360ae4add7d4cdf1cdaaf8bc7676b27efade3fe65615?s=96&d=mm&r=g","contentUrl":"https:\/\/secure.gravatar.com\/avatar\/219e749e47ffbcca018a360ae4add7d4cdf1cdaaf8bc7676b27efade3fe65615?s=96&d=mm&r=g","caption":"J.J."},"url":"https:\/\/vosgesinfo.fr\/saintdieinfo\/author\/j-j\/"}]}},"_links":{"self":[{"href":"https:\/\/vosgesinfo.fr\/saintdieinfo\/wp-json\/wp\/v2\/posts\/37243","targetHints":{"allow":["GET"]}}],"collection":[{"href":"https:\/\/vosgesinfo.fr\/saintdieinfo\/wp-json\/wp\/v2\/posts"}],"about":[{"href":"https:\/\/vosgesinfo.fr\/saintdieinfo\/wp-json\/wp\/v2\/types\/post"}],"author":[{"embeddable":true,"href":"https:\/\/vosgesinfo.fr\/saintdieinfo\/wp-json\/wp\/v2\/users\/46"}],"replies":[{"embeddable":true,"href":"https:\/\/vosgesinfo.fr\/saintdieinfo\/wp-json\/wp\/v2\/comments?post=37243"}],"version-history":[{"count":0,"href":"https:\/\/vosgesinfo.fr\/saintdieinfo\/wp-json\/wp\/v2\/posts\/37243\/revisions"}],"wp:featuredmedia":[{"embeddable":true,"href":"https:\/\/vosgesinfo.fr\/saintdieinfo\/wp-json\/wp\/v2\/media\/37244"}],"wp:attachment":[{"href":"https:\/\/vosgesinfo.fr\/saintdieinfo\/wp-json\/wp\/v2\/media?parent=37243"}],"wp:term":[{"taxonomy":"category","embeddable":true,"href":"https:\/\/vosgesinfo.fr\/saintdieinfo\/wp-json\/wp\/v2\/categories?post=37243"},{"taxonomy":"post_tag","embeddable":true,"href":"https:\/\/vosgesinfo.fr\/saintdieinfo\/wp-json\/wp\/v2\/tags?post=37243"}],"curies":[{"name":"wp","href":"https:\/\/api.w.org\/{rel}","templated":true}]}}