{"id":37263,"date":"2019-08-03T09:00:34","date_gmt":"2019-08-03T07:00:34","guid":{"rendered":"https:\/\/vosgesinfo.fr\/saintdieinfo\/2019\/08\/securite-routiere-week-end-de-chasse-croise-vacanciers\/"},"modified":"2019-08-03T09:00:34","modified_gmt":"2019-08-03T07:00:34","slug":"securite-routiere-week-end-de-chasse-croise-vacanciers","status":"publish","type":"post","link":"https:\/\/vosgesinfo.fr\/saintdieinfo\/2019\/08\/securite-routiere-week-end-de-chasse-croise-vacanciers\/","title":{"rendered":"S\u00e9curit\u00e9 Routi\u00e8re \u2013 Week-end de chass\u00e9-crois\u00e9 des vacanciers"},"content":{"rendered":"<div id=\"attachment_95063\" style=\"width: 490px\" class=\"wp-caption aligncenter\"><a href=\"\/2016\/10\/Controle_Gendarmerie_01.jpg\" target=\"_blank\" rel=\"noopener\"><img decoding=\"async\" aria-describedby=\"caption-attachment-95063\" class=\"wp-image-95063 size-full\" src=\"\/2016\/10\/Controle_Gendarmerie_01.jpg\" alt=\"Controle_Gendarmerie_01\" width=\"480\" height=\"210\" \/><\/a><p id=\"caption-attachment-95063\" class=\"wp-caption-text\">(Photographie d&rsquo;illustration)<\/p><\/div>\n<h2><span style=\"font-size: 14pt;\"><strong>\u00c0 l\u2019occasion de ce week-end de chass\u00e9-crois\u00e9 des vacanciers sur les routes et autoroutes, class\u00e9 noir dans le sens des d\u00e9parts ce samedi par Bison Fut\u00e9 (<a class=\"broken_link\" href=\"https:\/\/www.bisonfute.gouv.fr\/previsions,10741.html\" target=\"_blank\" rel=\"noopener\">https:\/\/www.bisonfute.gouv.fr\/previsions,10741.html<\/a>), il est important de rappeler quelques principes de prudence qui permettront \u00e0 chacun d\u2019arriver sur son lieu de vacances ou de rentrer chez soi sain et sauf.<\/strong><\/span><\/h2>\n<p><!--more--><\/p>\n<p>Ainsi, Ottman ZAIR, Directeur du Cabinet du Pr\u00e9fet des Vosges, a assist\u00e9 \u00e0 une action de s\u00e9curit\u00e9 routi\u00e8re aux c\u00f4t\u00e9s de la Direction D\u00e9partementale des Territoires des Vosges (Coordinatrice D\u00e9partementale S\u00e9curit\u00e9 Routi\u00e8re et Intervenants D\u00e9partementaux de S\u00e9curit\u00e9 Routi\u00e8re) et de l\u2019Escadron D\u00e9partemental de S\u00e9curit\u00e9 Routi\u00e8re de la Gendarmerie Nationale, en partenariat avec APRR, sur l\u2019aire de Sandaucourt de l\u2019autoroute A31, dans le sens Nord-Sud.<\/p>\n<p>Cette aire est notamment fr\u00e9quent\u00e9e par des automobilistes du Grand Est mais \u00e9galement de nationalit\u00e9s allemande, belge et luxembourgeoise qui se rendent dans le Sud de la France. Sur le territoire national, au premier semestre 2019, la mortalit\u00e9 sur autoroute, selon les premi\u00e8res estimations, serait de 145 tu\u00e9s contre 109 en moyenne sur les 5 ans (2013-2017), soit une augmentation de 36 tu\u00e9s.<\/p>\n<p>Les Vosges disposent d\u2019un r\u00e9seau autoroutier trop faible pour une exploitation statistique (50 km environ). Cependant, lors des 5 derni\u00e8res ann\u00e9es, 36 accidents graves sont \u00e0 d\u00e9nombrer sur les routes vosgiennes lors de la semaine de chass\u00e9-crois\u00e9 (du 26 juillet au 6 ao\u00fbt).<\/p>\n<h3><strong>Enfin, de mani\u00e8re plus g\u00e9n\u00e9rale, entre le 1er janvier et le 28 juillet 2019, nous comptabilisons dans le d\u00e9partement :<\/strong><\/h3>\n<p>\u2013 12 accidents mortels (contre 16 en 2018) soit \u2013 25 %;<\/p>\n<p>\u2013 80 accidents corporels (contre 99 en 2018) soit \u2013 20 % ;<\/p>\n<p>\u2013 12 tu\u00e9s (contre 17 en 2018)soit \u2013 29,5 % ;<\/p>\n<p>\u2013 111 bless\u00e9s (contre 121 en 2018) soit \u2013 8,30 %.<\/p>\n<h3><strong>Les personnes qui ont pris le temps d\u2019\u00e9couter les conseils qui leur ont \u00e9t\u00e9 prodigu\u00e9s, ont ainsi pu prendre conscience des risques qui peuvent \u00eatre \u00e9vit\u00e9s et qui sont bien souvent g\u00e9n\u00e9rateurs ou facteurs aggravants d\u2019accidents :<\/strong><\/h3>\n<p>\u2192 la fatigue et la somnolence Trop d\u2019accidents commencent par un b\u00e2illement \u2026 sur l\u2019autoroute, un accident mortel sur trois est associ\u00e9 \u00e0 la somnolence.<\/p>\n<p>Pourtant, les usagers de la route ont souvent du mal \u00e0 \u00e9valuer ce risque et ses cons\u00e9quences.<\/p>\n<p>Du 4 juillet au 1er septembre inclus, la S\u00e9curit\u00e9 routi\u00e8re invite les conducteurs \u00e0 faire des pauses sur le trajet des vacances tout en cultivant leur talent.<\/p>\n<p>Alors que la fatigue au volant est responsable de 25 % des accidents mortels sur autoroute, le concours #OnPosePourLaPause incite juillettistes et ao\u00fbtiens \u00e0 poster des clich\u00e9s de leurs pauses sur Instagram en mentionnant le hashtag #OnPosePourLaPause. <strong><a href=\"https:\/\/www.securite-routiere.gouv.fr\/concours-photo-pose-pour-la-pause\/concours-2019\" target=\"_blank\" rel=\"noopener\">https:\/\/www.securite-routiere.gouv.fr\/concours-photo-pose-pour-la-pause\/concours-2019<\/a><\/strong><\/p>\n<p>\u2192 la vitesse La vitesse est la premi\u00e8re cause de mortalit\u00e9 routi\u00e8re en France. Elle est \u00e0 la fois un facteur d\u00e9clencheur de l\u2019accident, mais aussi un facteur aggravant.<\/p>\n<p>\u2192 les distracteurs, dont le t\u00e9l\u00e9phone L\u2019usage du t\u00e9l\u00e9phone au volant est particuli\u00e8rement r\u00e9pandu, et pourtant il multiplie par trois le risque d\u2019accident.<\/p>\n<p>Cette action a \u00e9galement \u00e9t\u00e9 l\u2019occasion de sensibiliser les personnes aux questions de la pr\u00e9paration d\u2019un long trajet, notamment au travers de la v\u00e9rification du bon \u00e9tat de marche de leur v\u00e9hicule et d\u2019un chargement adapt\u00e9, au bon usage des si\u00e8ges auto et des dispositifs de retenue pour les enfants et au respect des distances de s\u00e9curit\u00e9. Parce que la s\u00e9curit\u00e9 routi\u00e8re est l\u2019affaire de tous, adoptons des comportements responsables.<\/p>\n","protected":false},"excerpt":{"rendered":"<p>\u00c0 l\u2019occasion de ce week-end de chass\u00e9-crois\u00e9 des vacanciers sur les routes et autoroutes, class\u00e9 noir dans le sens des [&hellip;]<\/p>\n","protected":false},"author":44,"featured_media":37264,"comment_status":"open","ping_status":"open","sticky":false,"template":"","format":"standard","meta":{"footnotes":""},"categories":[460,2924,18],"tags":[1158,1393,1530,7125],"class_list":["post-37263","post","type-post","status-publish","format-standard","has-post-thumbnail","hentry","category-a-la-une","category-fait-divers","category-vosges","tag-bison-fute","tag-gendarmerie-des-vosges","tag-securite-routiere","tag-week-end-de-chasse-croise-des-vacanciers"],"acf":[],"yoast_head":"<!-- This site is optimized with the Yoast SEO plugin v22.5 - https:\/\/yoast.com\/wordpress\/plugins\/seo\/ -->\n<title>S\u00e9curit\u00e9 Routi\u00e8re \u2013 Week-end de chass\u00e9-crois\u00e9 des vacanciers - Saint Die Info<\/title>\n<meta name=\"robots\" content=\"index, follow, max-snippet:-1, max-image-preview:large, max-video-preview:-1\" \/>\n<link rel=\"canonical\" href=\"https:\/\/vosgesinfo.fr\/saintdieinfo\/2019\/08\/securite-routiere-week-end-de-chasse-croise-vacanciers\/\" \/>\n<meta name=\"twitter:card\" content=\"summary_large_image\" \/>\n<meta name=\"twitter:title\" content=\"S\u00e9curit\u00e9 Routi\u00e8re \u2013 Week-end de chass\u00e9-crois\u00e9 des vacanciers - Saint Die Info\" \/>\n<meta name=\"twitter:description\" content=\"\u00c0 l\u2019occasion de ce week-end de chass\u00e9-crois\u00e9 des vacanciers sur les routes et autoroutes, class\u00e9 noir dans le sens des [&hellip;]\" \/>\n<meta name=\"twitter:image\" content=\"https:\/\/vosgesinfo.fr\/app\/uploads\/sites\/4\/2024\/08\/201610controle-gendarmerie-01.jpg\" \/>\n<meta name=\"twitter:creator\" content=\"@VosgesInfo88\" \/>\n<meta name=\"twitter:site\" content=\"@VosgesInfo88\" \/>\n<meta name=\"twitter:label1\" content=\"\u00c9crit par\" \/>\n\t<meta name=\"twitter:data1\" content=\"la r\u00e9daction\" \/>\n\t<meta name=\"twitter:label2\" content=\"Dur\u00e9e de lecture estim\u00e9e\" \/>\n\t<meta name=\"twitter:data2\" content=\"3 minutes\" \/>\n<script type=\"application\/ld+json\" class=\"yoast-schema-graph\">{\"@context\":\"https:\/\/schema.org\",\"@graph\":[{\"@type\":\"Article\",\"@id\":\"https:\/\/vosgesinfo.fr\/saintdieinfo\/2019\/08\/securite-routiere-week-end-de-chasse-croise-vacanciers\/#article\",\"isPartOf\":{\"@id\":\"https:\/\/vosgesinfo.fr\/saintdieinfo\/2019\/08\/securite-routiere-week-end-de-chasse-croise-vacanciers\/\"},\"author\":{\"name\":\"la r\u00e9daction\",\"@id\":\"https:\/\/vosgesinfo.fr\/saintdieinfo\/#\/schema\/person\/faee6704a21f3977511db84bd1cd450f\"},\"headline\":\"S\u00e9curit\u00e9 Routi\u00e8re \u2013 Week-end de chass\u00e9-crois\u00e9 des vacanciers\",\"datePublished\":\"2019-08-03T07:00:34+00:00\",\"dateModified\":\"2019-08-03T07:00:34+00:00\",\"mainEntityOfPage\":{\"@id\":\"https:\/\/vosgesinfo.fr\/saintdieinfo\/2019\/08\/securite-routiere-week-end-de-chasse-croise-vacanciers\/\"},\"wordCount\":608,\"commentCount\":0,\"publisher\":{\"@id\":\"https:\/\/vosgesinfo.fr\/saintdieinfo\/#organization\"},\"image\":{\"@id\":\"https:\/\/vosgesinfo.fr\/saintdieinfo\/2019\/08\/securite-routiere-week-end-de-chasse-croise-vacanciers\/#primaryimage\"},\"thumbnailUrl\":\"https:\/\/vosgesinfo.fr\/app\/uploads\/sites\/4\/2024\/08\/201610controle-gendarmerie-01.jpg\",\"keywords\":[\"Bison Fut\u00e9\",\"gendarmerie des Vosges\",\"S\u00e9curit\u00e9 routi\u00e8re\",\"Week-end de chass\u00e9-crois\u00e9 des vacanciers\"],\"articleSection\":[\"A la Une\",\"Fait Divers\",\"Vosges\"],\"inLanguage\":\"fr-FR\",\"potentialAction\":[{\"@type\":\"CommentAction\",\"name\":\"Comment\",\"target\":[\"https:\/\/vosgesinfo.fr\/saintdieinfo\/2019\/08\/securite-routiere-week-end-de-chasse-croise-vacanciers\/#respond\"]}]},{\"@type\":\"WebPage\",\"@id\":\"https:\/\/vosgesinfo.fr\/saintdieinfo\/2019\/08\/securite-routiere-week-end-de-chasse-croise-vacanciers\/\",\"url\":\"https:\/\/vosgesinfo.fr\/saintdieinfo\/2019\/08\/securite-routiere-week-end-de-chasse-croise-vacanciers\/\",\"name\":\"S\u00e9curit\u00e9 Routi\u00e8re \u2013 Week-end de chass\u00e9-crois\u00e9 des vacanciers - Saint Die Info\",\"isPartOf\":{\"@id\":\"https:\/\/vosgesinfo.fr\/saintdieinfo\/#website\"},\"primaryImageOfPage\":{\"@id\":\"https:\/\/vosgesinfo.fr\/saintdieinfo\/2019\/08\/securite-routiere-week-end-de-chasse-croise-vacanciers\/#primaryimage\"},\"image\":{\"@id\":\"https:\/\/vosgesinfo.fr\/saintdieinfo\/2019\/08\/securite-routiere-week-end-de-chasse-croise-vacanciers\/#primaryimage\"},\"thumbnailUrl\":\"https:\/\/vosgesinfo.fr\/app\/uploads\/sites\/4\/2024\/08\/201610controle-gendarmerie-01.jpg\",\"datePublished\":\"2019-08-03T07:00:34+00:00\",\"dateModified\":\"2019-08-03T07:00:34+00:00\",\"breadcrumb\":{\"@id\":\"https:\/\/vosgesinfo.fr\/saintdieinfo\/2019\/08\/securite-routiere-week-end-de-chasse-croise-vacanciers\/#breadcrumb\"},\"inLanguage\":\"fr-FR\",\"potentialAction\":[{\"@type\":\"ReadAction\",\"target\":[\"https:\/\/vosgesinfo.fr\/saintdieinfo\/2019\/08\/securite-routiere-week-end-de-chasse-croise-vacanciers\/\"]}]},{\"@type\":\"ImageObject\",\"inLanguage\":\"fr-FR\",\"@id\":\"https:\/\/vosgesinfo.fr\/saintdieinfo\/2019\/08\/securite-routiere-week-end-de-chasse-croise-vacanciers\/#primaryimage\",\"url\":\"https:\/\/vosgesinfo.fr\/app\/uploads\/sites\/4\/2024\/08\/201610controle-gendarmerie-01.jpg\",\"contentUrl\":\"https:\/\/vosgesinfo.fr\/app\/uploads\/sites\/4\/2024\/08\/201610controle-gendarmerie-01.jpg\",\"width\":480,\"height\":210},{\"@type\":\"BreadcrumbList\",\"@id\":\"https:\/\/vosgesinfo.fr\/saintdieinfo\/2019\/08\/securite-routiere-week-end-de-chasse-croise-vacanciers\/#breadcrumb\",\"itemListElement\":[{\"@type\":\"ListItem\",\"position\":1,\"name\":\"Home\",\"item\":\"https:\/\/vosgesinfo.fr\/saintdieinfo\/\"},{\"@type\":\"ListItem\",\"position\":2,\"name\":\"S\u00e9curit\u00e9 Routi\u00e8re \u2013 Week-end de chass\u00e9-crois\u00e9 des vacanciers\"}]},{\"@type\":\"WebSite\",\"@id\":\"https:\/\/vosgesinfo.fr\/saintdieinfo\/#website\",\"url\":\"https:\/\/vosgesinfo.fr\/saintdieinfo\/\",\"name\":\"Saint Die Info\",\"description\":\"Toute l&#039;actualit\u00e9 de Saint-Di\u00e9-Des-Vosges\",\"publisher\":{\"@id\":\"https:\/\/vosgesinfo.fr\/saintdieinfo\/#organization\"},\"alternateName\":\"Toute l'actualit\u00e9 de Saint-Di\u00e9-Des-Vosges\",\"potentialAction\":[{\"@type\":\"SearchAction\",\"target\":{\"@type\":\"EntryPoint\",\"urlTemplate\":\"https:\/\/vosgesinfo.fr\/saintdieinfo\/?s={search_term_string}\"},\"query-input\":\"required name=search_term_string\"}],\"inLanguage\":\"fr-FR\"},{\"@type\":\"Organization\",\"@id\":\"https:\/\/vosgesinfo.fr\/saintdieinfo\/#organization\",\"name\":\"Saint Die Info\",\"url\":\"https:\/\/vosgesinfo.fr\/saintdieinfo\/\",\"logo\":{\"@type\":\"ImageObject\",\"inLanguage\":\"fr-FR\",\"@id\":\"https:\/\/vosgesinfo.fr\/saintdieinfo\/#\/schema\/logo\/image\/\",\"url\":\"https:\/\/vosgesinfo.fr\/app\/uploads\/sites\/4\/2024\/02\/logo-sdi.jpg\",\"contentUrl\":\"https:\/\/vosgesinfo.fr\/app\/uploads\/sites\/4\/2024\/02\/logo-sdi.jpg\",\"width\":600,\"height\":600,\"caption\":\"Saint Die Info\"},\"image\":{\"@id\":\"https:\/\/vosgesinfo.fr\/saintdieinfo\/#\/schema\/logo\/image\/\"},\"sameAs\":[\"https:\/\/www.facebook.com\/Saintdieinfofr\",\"https:\/\/x.com\/VosgesInfo88\",\"https:\/\/www.youtube.com\/@vosgesinfo\"]},{\"@type\":\"Person\",\"@id\":\"https:\/\/vosgesinfo.fr\/saintdieinfo\/#\/schema\/person\/faee6704a21f3977511db84bd1cd450f\",\"name\":\"la r\u00e9daction\",\"image\":{\"@type\":\"ImageObject\",\"inLanguage\":\"fr-FR\",\"@id\":\"https:\/\/vosgesinfo.fr\/saintdieinfo\/#\/schema\/person\/image\/\",\"url\":\"https:\/\/secure.gravatar.com\/avatar\/6673d8bc6a9c17fa9a453eaa3448de834fa308c2ec9635b7aa99441a7c8d2cf6?s=96&d=mm&r=g\",\"contentUrl\":\"https:\/\/secure.gravatar.com\/avatar\/6673d8bc6a9c17fa9a453eaa3448de834fa308c2ec9635b7aa99441a7c8d2cf6?s=96&d=mm&r=g\",\"caption\":\"la r\u00e9daction\"},\"url\":\"https:\/\/vosgesinfo.fr\/saintdieinfo\/author\/redac\/\"}]}<\/script>\n<!-- \/ Yoast SEO plugin. -->","yoast_head_json":{"title":"S\u00e9curit\u00e9 Routi\u00e8re \u2013 Week-end de chass\u00e9-crois\u00e9 des vacanciers - Saint Die Info","robots":{"index":"index","follow":"follow","max-snippet":"max-snippet:-1","max-image-preview":"max-image-preview:large","max-video-preview":"max-video-preview:-1"},"canonical":"https:\/\/vosgesinfo.fr\/saintdieinfo\/2019\/08\/securite-routiere-week-end-de-chasse-croise-vacanciers\/","twitter_card":"summary_large_image","twitter_title":"S\u00e9curit\u00e9 Routi\u00e8re \u2013 Week-end de chass\u00e9-crois\u00e9 des vacanciers - Saint Die Info","twitter_description":"\u00c0 l\u2019occasion de ce week-end de chass\u00e9-crois\u00e9 des vacanciers sur les routes et autoroutes, class\u00e9 noir dans le sens des [&hellip;]","twitter_image":"https:\/\/vosgesinfo.fr\/app\/uploads\/sites\/4\/2024\/08\/201610controle-gendarmerie-01.jpg","twitter_creator":"@VosgesInfo88","twitter_site":"@VosgesInfo88","twitter_misc":{"\u00c9crit par":"la r\u00e9daction","Dur\u00e9e de lecture estim\u00e9e":"3 minutes"},"schema":{"@context":"https:\/\/schema.org","@graph":[{"@type":"Article","@id":"https:\/\/vosgesinfo.fr\/saintdieinfo\/2019\/08\/securite-routiere-week-end-de-chasse-croise-vacanciers\/#article","isPartOf":{"@id":"https:\/\/vosgesinfo.fr\/saintdieinfo\/2019\/08\/securite-routiere-week-end-de-chasse-croise-vacanciers\/"},"author":{"name":"la r\u00e9daction","@id":"https:\/\/vosgesinfo.fr\/saintdieinfo\/#\/schema\/person\/faee6704a21f3977511db84bd1cd450f"},"headline":"S\u00e9curit\u00e9 Routi\u00e8re \u2013 Week-end de chass\u00e9-crois\u00e9 des vacanciers","datePublished":"2019-08-03T07:00:34+00:00","dateModified":"2019-08-03T07:00:34+00:00","mainEntityOfPage":{"@id":"https:\/\/vosgesinfo.fr\/saintdieinfo\/2019\/08\/securite-routiere-week-end-de-chasse-croise-vacanciers\/"},"wordCount":608,"commentCount":0,"publisher":{"@id":"https:\/\/vosgesinfo.fr\/saintdieinfo\/#organization"},"image":{"@id":"https:\/\/vosgesinfo.fr\/saintdieinfo\/2019\/08\/securite-routiere-week-end-de-chasse-croise-vacanciers\/#primaryimage"},"thumbnailUrl":"https:\/\/vosgesinfo.fr\/app\/uploads\/sites\/4\/2024\/08\/201610controle-gendarmerie-01.jpg","keywords":["Bison Fut\u00e9","gendarmerie des Vosges","S\u00e9curit\u00e9 routi\u00e8re","Week-end de chass\u00e9-crois\u00e9 des vacanciers"],"articleSection":["A la Une","Fait Divers","Vosges"],"inLanguage":"fr-FR","potentialAction":[{"@type":"CommentAction","name":"Comment","target":["https:\/\/vosgesinfo.fr\/saintdieinfo\/2019\/08\/securite-routiere-week-end-de-chasse-croise-vacanciers\/#respond"]}]},{"@type":"WebPage","@id":"https:\/\/vosgesinfo.fr\/saintdieinfo\/2019\/08\/securite-routiere-week-end-de-chasse-croise-vacanciers\/","url":"https:\/\/vosgesinfo.fr\/saintdieinfo\/2019\/08\/securite-routiere-week-end-de-chasse-croise-vacanciers\/","name":"S\u00e9curit\u00e9 Routi\u00e8re \u2013 Week-end de chass\u00e9-crois\u00e9 des vacanciers - Saint Die Info","isPartOf":{"@id":"https:\/\/vosgesinfo.fr\/saintdieinfo\/#website"},"primaryImageOfPage":{"@id":"https:\/\/vosgesinfo.fr\/saintdieinfo\/2019\/08\/securite-routiere-week-end-de-chasse-croise-vacanciers\/#primaryimage"},"image":{"@id":"https:\/\/vosgesinfo.fr\/saintdieinfo\/2019\/08\/securite-routiere-week-end-de-chasse-croise-vacanciers\/#primaryimage"},"thumbnailUrl":"https:\/\/vosgesinfo.fr\/app\/uploads\/sites\/4\/2024\/08\/201610controle-gendarmerie-01.jpg","datePublished":"2019-08-03T07:00:34+00:00","dateModified":"2019-08-03T07:00:34+00:00","breadcrumb":{"@id":"https:\/\/vosgesinfo.fr\/saintdieinfo\/2019\/08\/securite-routiere-week-end-de-chasse-croise-vacanciers\/#breadcrumb"},"inLanguage":"fr-FR","potentialAction":[{"@type":"ReadAction","target":["https:\/\/vosgesinfo.fr\/saintdieinfo\/2019\/08\/securite-routiere-week-end-de-chasse-croise-vacanciers\/"]}]},{"@type":"ImageObject","inLanguage":"fr-FR","@id":"https:\/\/vosgesinfo.fr\/saintdieinfo\/2019\/08\/securite-routiere-week-end-de-chasse-croise-vacanciers\/#primaryimage","url":"https:\/\/vosgesinfo.fr\/app\/uploads\/sites\/4\/2024\/08\/201610controle-gendarmerie-01.jpg","contentUrl":"https:\/\/vosgesinfo.fr\/app\/uploads\/sites\/4\/2024\/08\/201610controle-gendarmerie-01.jpg","width":480,"height":210},{"@type":"BreadcrumbList","@id":"https:\/\/vosgesinfo.fr\/saintdieinfo\/2019\/08\/securite-routiere-week-end-de-chasse-croise-vacanciers\/#breadcrumb","itemListElement":[{"@type":"ListItem","position":1,"name":"Home","item":"https:\/\/vosgesinfo.fr\/saintdieinfo\/"},{"@type":"ListItem","position":2,"name":"S\u00e9curit\u00e9 Routi\u00e8re \u2013 Week-end de chass\u00e9-crois\u00e9 des vacanciers"}]},{"@type":"WebSite","@id":"https:\/\/vosgesinfo.fr\/saintdieinfo\/#website","url":"https:\/\/vosgesinfo.fr\/saintdieinfo\/","name":"Saint Die Info","description":"Toute l&#039;actualit\u00e9 de Saint-Di\u00e9-Des-Vosges","publisher":{"@id":"https:\/\/vosgesinfo.fr\/saintdieinfo\/#organization"},"alternateName":"Toute l'actualit\u00e9 de Saint-Di\u00e9-Des-Vosges","potentialAction":[{"@type":"SearchAction","target":{"@type":"EntryPoint","urlTemplate":"https:\/\/vosgesinfo.fr\/saintdieinfo\/?s={search_term_string}"},"query-input":"required name=search_term_string"}],"inLanguage":"fr-FR"},{"@type":"Organization","@id":"https:\/\/vosgesinfo.fr\/saintdieinfo\/#organization","name":"Saint Die Info","url":"https:\/\/vosgesinfo.fr\/saintdieinfo\/","logo":{"@type":"ImageObject","inLanguage":"fr-FR","@id":"https:\/\/vosgesinfo.fr\/saintdieinfo\/#\/schema\/logo\/image\/","url":"https:\/\/vosgesinfo.fr\/app\/uploads\/sites\/4\/2024\/02\/logo-sdi.jpg","contentUrl":"https:\/\/vosgesinfo.fr\/app\/uploads\/sites\/4\/2024\/02\/logo-sdi.jpg","width":600,"height":600,"caption":"Saint Die Info"},"image":{"@id":"https:\/\/vosgesinfo.fr\/saintdieinfo\/#\/schema\/logo\/image\/"},"sameAs":["https:\/\/www.facebook.com\/Saintdieinfofr","https:\/\/x.com\/VosgesInfo88","https:\/\/www.youtube.com\/@vosgesinfo"]},{"@type":"Person","@id":"https:\/\/vosgesinfo.fr\/saintdieinfo\/#\/schema\/person\/faee6704a21f3977511db84bd1cd450f","name":"la r\u00e9daction","image":{"@type":"ImageObject","inLanguage":"fr-FR","@id":"https:\/\/vosgesinfo.fr\/saintdieinfo\/#\/schema\/person\/image\/","url":"https:\/\/secure.gravatar.com\/avatar\/6673d8bc6a9c17fa9a453eaa3448de834fa308c2ec9635b7aa99441a7c8d2cf6?s=96&d=mm&r=g","contentUrl":"https:\/\/secure.gravatar.com\/avatar\/6673d8bc6a9c17fa9a453eaa3448de834fa308c2ec9635b7aa99441a7c8d2cf6?s=96&d=mm&r=g","caption":"la r\u00e9daction"},"url":"https:\/\/vosgesinfo.fr\/saintdieinfo\/author\/redac\/"}]}},"_links":{"self":[{"href":"https:\/\/vosgesinfo.fr\/saintdieinfo\/wp-json\/wp\/v2\/posts\/37263","targetHints":{"allow":["GET"]}}],"collection":[{"href":"https:\/\/vosgesinfo.fr\/saintdieinfo\/wp-json\/wp\/v2\/posts"}],"about":[{"href":"https:\/\/vosgesinfo.fr\/saintdieinfo\/wp-json\/wp\/v2\/types\/post"}],"author":[{"embeddable":true,"href":"https:\/\/vosgesinfo.fr\/saintdieinfo\/wp-json\/wp\/v2\/users\/44"}],"replies":[{"embeddable":true,"href":"https:\/\/vosgesinfo.fr\/saintdieinfo\/wp-json\/wp\/v2\/comments?post=37263"}],"version-history":[{"count":0,"href":"https:\/\/vosgesinfo.fr\/saintdieinfo\/wp-json\/wp\/v2\/posts\/37263\/revisions"}],"wp:featuredmedia":[{"embeddable":true,"href":"https:\/\/vosgesinfo.fr\/saintdieinfo\/wp-json\/wp\/v2\/media\/37264"}],"wp:attachment":[{"href":"https:\/\/vosgesinfo.fr\/saintdieinfo\/wp-json\/wp\/v2\/media?parent=37263"}],"wp:term":[{"taxonomy":"category","embeddable":true,"href":"https:\/\/vosgesinfo.fr\/saintdieinfo\/wp-json\/wp\/v2\/categories?post=37263"},{"taxonomy":"post_tag","embeddable":true,"href":"https:\/\/vosgesinfo.fr\/saintdieinfo\/wp-json\/wp\/v2\/tags?post=37263"}],"curies":[{"name":"wp","href":"https:\/\/api.w.org\/{rel}","templated":true}]}}