{"id":37306,"date":"2019-08-05T16:15:19","date_gmt":"2019-08-05T14:15:19","guid":{"rendered":"https:\/\/vosgesinfo.fr\/saintdieinfo\/2019\/08\/changement-judo-club-deodatien\/"},"modified":"2019-08-05T16:15:19","modified_gmt":"2019-08-05T14:15:19","slug":"changement-judo-club-deodatien","status":"publish","type":"post","link":"https:\/\/vosgesinfo.fr\/saintdieinfo\/2019\/08\/changement-judo-club-deodatien\/","title":{"rendered":"Du changement au Judo Club D\u00e9odatien"},"content":{"rendered":"<div id=\"attachment_143189\" style=\"width: 970px\" class=\"wp-caption aligncenter\"><a href=\"\/2019\/08\/Judo_Club_D\u00e9odatien.jpg\" target=\"_blank\" rel=\"noopener\"><img decoding=\"async\" aria-describedby=\"caption-attachment-143189\" class=\"wp-image-143189 size-large\" src=\"\/2019\/08\/Judo_Club_D\u00e9odatien-1024x367.jpg\" alt=\"Judo_Club_D\u00e9odatien\" width=\"960\" height=\"344\" \/><\/a><p id=\"caption-attachment-143189\" class=\"wp-caption-text\">(Cr\u00e9dit photographique Judo Club D\u00e9odatien)<\/p><\/div>\n<h2><strong><span style=\"font-family: Calibri, sans-serif;\"><span style=\"font-size: large;\">Fort de 155 adh\u00e9rents, le Judo Club D\u00e9odatien est fermement install\u00e9 dans le paysage sportif de Saint-Di\u00e9-des-Vosges. Depuis maintenant quelques semaines, un vent de changement souffle sur le club apr\u00e8s l&rsquo;\u00e9lection d&rsquo;un nouveau bureau.<\/span><\/span><\/strong><!--more--><\/h2>\n<p><span style=\"font-family: Calibri, sans-serif;\"><span style=\"font-size: large;\">Car apr\u00e8s 7 ann\u00e9es de bons et loyaux services, B\u00e9atrice Valence a d\u00e9cid\u00e9 de c\u00e9der la pr\u00e9sidence de l&rsquo;association sportive \u00e0 Damien Jamet, qui retrouve un poste qu&rsquo;il avait d\u00e9j\u00e0 occup\u00e9 par le pass\u00e9. Pour ce retour, le d\u00e9sormais nouveau pr\u00e9sident est entour\u00e9 de Yorik Simon, vice-pr\u00e9sident et tr\u00e9sorier, de G\u00e9rald Sheer, tr\u00e9sorier-adjoint, de St\u00e9phanie Chevallier, secr\u00e9taire, et de Michael Demangeat, secr\u00e9taire-adjoint.<\/span><\/span><\/p>\n<p><span style=\"font-family: Calibri, sans-serif;\"><span style=\"font-size: large;\"><em>\u00ab\u00a0Notre projet est d&rsquo;inscrire le club dans une nouvelle dynamique, en d\u00e9veloppant et diversifiant nos activit\u00e9s afin de capter de nouveaux publics. Je pense tout particuli\u00e8rement aux adolescents et adultes d\u00e9butants\u00a0\u00bb<\/em> pr\u00e9cise Damien Jamet, qui tient par ailleurs \u00e0 saluer le mandat effectu\u00e9 par B\u00e9atrice Valence.<\/span><\/span><\/p>\n<p><span style=\"font-family: Calibri, sans-serif;\"><span style=\"font-size: large;\">Pour marquer cette nouvelle dynamique, le site Internet du club a fait peau neuve (rendez-vous sur <strong><a href=\"http:\/\/www.judosaintdie.fr\/\" target=\"_blank\" rel=\"noopener\">www.judosaintdie.fr<\/a><\/strong>), et un certain nombre d&rsquo;actions et pistes de r\u00e9flexions ont \u00e9t\u00e9 lanc\u00e9es.<\/span><\/span><\/p>\n<p><span style=\"font-family: Calibri, sans-serif;\"><span style=\"font-size: large;\">Le jeudi 22 ao\u00fbt prochain, de 18h30 \u00e0 21h30, une s\u00e9ance de d\u00e9couverte du Ju-jitsu br\u00e9silien \u2013 JJB \u2013 sera ainsi propos\u00e9e, aux adh\u00e9rents comme aux non adh\u00e9rents. Une s\u00e9ance qui sera anim\u00e9e par Micka\u00ebl Camara, ceinture noire de JJB et vice-champion d&rsquo;Europe en 2003. <em>\u00ab\u00a0Comme le Mixed Martial Arts \u2013 MMA \u2013 sera l\u00e9galis\u00e9 en France en 2020, nous avons eu l&rsquo;id\u00e9e d&rsquo;organiser cette s\u00e9ance d&rsquo;initiation. Car le JJB est une composante importante du MMA. Et si la s\u00e9ance fonctionne bien, alors on pourra envisager d&rsquo;ouvrir une section JJB au sein du club\u00a0\u00bb<\/em> explique Damien Jamet.<\/span><\/span><\/p>\n<p><span style=\"font-family: Calibri, sans-serif;\"><span style=\"font-size: large;\">Plus globalement, un cycle de d\u00e9couverte de diff\u00e9rentes disciplines sera mis en place par le club, avec au programme, outre du JJB, de la lutte, du wing chun, de la canne de combat et \u00e9ventuellement de l&rsquo;halt\u00e9rophilie. <em>\u00ab\u00a0Le but \u00e9tant aussi de travailler main dans la main avec d&rsquo;autres associations de sports de combat\u00a0\u00bb<\/em> ajoute le pr\u00e9sident du Judo Club D\u00e9odatien.<\/span><\/span><\/p>\n<p><span style=\"font-family: Calibri, sans-serif;\"><span style=\"font-size: large;\">De plus, une section self-d\u00e9fense verra le jour d\u00e8s la rentr\u00e9e de septembre. C&rsquo;est G\u00e9rard Claudel qui se chargera d&rsquo;animer les s\u00e9ances hebdomadaires, qui se tiendront chaque jeudi de 19h \u00e0 20h. Le tout sans oublier le projet de se rendre au Grand Slam Judo 2020, qui se d\u00e9roulera \u00e0 Paris en f\u00e9vrier 2020.<\/span><\/span><\/p>\n<p>J.J.<\/p>\n","protected":false},"excerpt":{"rendered":"<p>Fort de 155 adh\u00e9rents, le Judo Club D\u00e9odatien est fermement install\u00e9 dans le paysage sportif de Saint-Di\u00e9-des-Vosges. Depuis maintenant quelques [&hellip;]<\/p>\n","protected":false},"author":46,"featured_media":37307,"comment_status":"open","ping_status":"open","sticky":false,"template":"","format":"standard","meta":{"footnotes":""},"categories":[460,2915,14],"tags":[7146,2109,6610],"class_list":["post-37306","post","type-post","status-publish","format-standard","has-post-thumbnail","hentry","category-a-la-une","category-saint-die-son-canton","category-sport","tag-club-sportif-de-saint-die-des-vosges","tag-judo","tag-judo-club-deodatien"],"acf":[],"yoast_head":"<!-- This site is optimized with the Yoast SEO plugin v22.5 - https:\/\/yoast.com\/wordpress\/plugins\/seo\/ -->\n<title>Du changement au Judo Club D\u00e9odatien - Saint Die Info<\/title>\n<meta name=\"robots\" content=\"index, follow, max-snippet:-1, max-image-preview:large, max-video-preview:-1\" \/>\n<link rel=\"canonical\" href=\"https:\/\/vosgesinfo.fr\/saintdieinfo\/2019\/08\/changement-judo-club-deodatien\/\" \/>\n<meta name=\"twitter:card\" content=\"summary_large_image\" \/>\n<meta name=\"twitter:title\" content=\"Du changement au Judo Club D\u00e9odatien - Saint Die Info\" \/>\n<meta name=\"twitter:description\" content=\"Fort de 155 adh\u00e9rents, le Judo Club D\u00e9odatien est fermement install\u00e9 dans le paysage sportif de Saint-Di\u00e9-des-Vosges. Depuis maintenant quelques [&hellip;]\" \/>\n<meta name=\"twitter:image\" content=\"https:\/\/vosgesinfo.fr\/app\/uploads\/sites\/4\/2024\/08\/201908judo-club-deodatien.jpg\" \/>\n<meta name=\"twitter:creator\" content=\"@VosgesInfo88\" \/>\n<meta name=\"twitter:site\" content=\"@VosgesInfo88\" \/>\n<meta name=\"twitter:label1\" content=\"\u00c9crit par\" \/>\n\t<meta name=\"twitter:data1\" content=\"J.J.\" \/>\n\t<meta name=\"twitter:label2\" content=\"Dur\u00e9e de lecture estim\u00e9e\" \/>\n\t<meta name=\"twitter:data2\" content=\"2 minutes\" \/>\n<script type=\"application\/ld+json\" class=\"yoast-schema-graph\">{\"@context\":\"https:\/\/schema.org\",\"@graph\":[{\"@type\":\"Article\",\"@id\":\"https:\/\/vosgesinfo.fr\/saintdieinfo\/2019\/08\/changement-judo-club-deodatien\/#article\",\"isPartOf\":{\"@id\":\"https:\/\/vosgesinfo.fr\/saintdieinfo\/2019\/08\/changement-judo-club-deodatien\/\"},\"author\":{\"name\":\"J.J.\",\"@id\":\"https:\/\/vosgesinfo.fr\/saintdieinfo\/#\/schema\/person\/fa73e9f726d67bb88f46d5b7943cb572\"},\"headline\":\"Du changement au Judo Club D\u00e9odatien\",\"datePublished\":\"2019-08-05T14:15:19+00:00\",\"dateModified\":\"2019-08-05T14:15:19+00:00\",\"mainEntityOfPage\":{\"@id\":\"https:\/\/vosgesinfo.fr\/saintdieinfo\/2019\/08\/changement-judo-club-deodatien\/\"},\"wordCount\":461,\"commentCount\":0,\"publisher\":{\"@id\":\"https:\/\/vosgesinfo.fr\/saintdieinfo\/#organization\"},\"image\":{\"@id\":\"https:\/\/vosgesinfo.fr\/saintdieinfo\/2019\/08\/changement-judo-club-deodatien\/#primaryimage\"},\"thumbnailUrl\":\"https:\/\/vosgesinfo.fr\/app\/uploads\/sites\/4\/2024\/08\/201908judo-club-deodatien.jpg\",\"keywords\":[\"Club sportif de Saint-Di\u00e9-des-Vosges\",\"judo\",\"Judo Club D\u00e9odatien\"],\"articleSection\":[\"A la Une\",\"Saint-Di\u00e9-des-Vosges et son Agglom\u00e9ration\",\"Sport\"],\"inLanguage\":\"fr-FR\",\"potentialAction\":[{\"@type\":\"CommentAction\",\"name\":\"Comment\",\"target\":[\"https:\/\/vosgesinfo.fr\/saintdieinfo\/2019\/08\/changement-judo-club-deodatien\/#respond\"]}]},{\"@type\":\"WebPage\",\"@id\":\"https:\/\/vosgesinfo.fr\/saintdieinfo\/2019\/08\/changement-judo-club-deodatien\/\",\"url\":\"https:\/\/vosgesinfo.fr\/saintdieinfo\/2019\/08\/changement-judo-club-deodatien\/\",\"name\":\"Du changement au Judo Club D\u00e9odatien - Saint Die Info\",\"isPartOf\":{\"@id\":\"https:\/\/vosgesinfo.fr\/saintdieinfo\/#website\"},\"primaryImageOfPage\":{\"@id\":\"https:\/\/vosgesinfo.fr\/saintdieinfo\/2019\/08\/changement-judo-club-deodatien\/#primaryimage\"},\"image\":{\"@id\":\"https:\/\/vosgesinfo.fr\/saintdieinfo\/2019\/08\/changement-judo-club-deodatien\/#primaryimage\"},\"thumbnailUrl\":\"https:\/\/vosgesinfo.fr\/app\/uploads\/sites\/4\/2024\/08\/201908judo-club-deodatien.jpg\",\"datePublished\":\"2019-08-05T14:15:19+00:00\",\"dateModified\":\"2019-08-05T14:15:19+00:00\",\"breadcrumb\":{\"@id\":\"https:\/\/vosgesinfo.fr\/saintdieinfo\/2019\/08\/changement-judo-club-deodatien\/#breadcrumb\"},\"inLanguage\":\"fr-FR\",\"potentialAction\":[{\"@type\":\"ReadAction\",\"target\":[\"https:\/\/vosgesinfo.fr\/saintdieinfo\/2019\/08\/changement-judo-club-deodatien\/\"]}]},{\"@type\":\"ImageObject\",\"inLanguage\":\"fr-FR\",\"@id\":\"https:\/\/vosgesinfo.fr\/saintdieinfo\/2019\/08\/changement-judo-club-deodatien\/#primaryimage\",\"url\":\"https:\/\/vosgesinfo.fr\/app\/uploads\/sites\/4\/2024\/08\/201908judo-club-deodatien.jpg\",\"contentUrl\":\"https:\/\/vosgesinfo.fr\/app\/uploads\/sites\/4\/2024\/08\/201908judo-club-deodatien.jpg\",\"width\":1396,\"height\":500},{\"@type\":\"BreadcrumbList\",\"@id\":\"https:\/\/vosgesinfo.fr\/saintdieinfo\/2019\/08\/changement-judo-club-deodatien\/#breadcrumb\",\"itemListElement\":[{\"@type\":\"ListItem\",\"position\":1,\"name\":\"Home\",\"item\":\"https:\/\/vosgesinfo.fr\/saintdieinfo\/\"},{\"@type\":\"ListItem\",\"position\":2,\"name\":\"Du changement au Judo Club D\u00e9odatien\"}]},{\"@type\":\"WebSite\",\"@id\":\"https:\/\/vosgesinfo.fr\/saintdieinfo\/#website\",\"url\":\"https:\/\/vosgesinfo.fr\/saintdieinfo\/\",\"name\":\"Saint Die Info\",\"description\":\"Toute l&#039;actualit\u00e9 de Saint-Di\u00e9-Des-Vosges\",\"publisher\":{\"@id\":\"https:\/\/vosgesinfo.fr\/saintdieinfo\/#organization\"},\"alternateName\":\"Toute l'actualit\u00e9 de Saint-Di\u00e9-Des-Vosges\",\"potentialAction\":[{\"@type\":\"SearchAction\",\"target\":{\"@type\":\"EntryPoint\",\"urlTemplate\":\"https:\/\/vosgesinfo.fr\/saintdieinfo\/?s={search_term_string}\"},\"query-input\":\"required name=search_term_string\"}],\"inLanguage\":\"fr-FR\"},{\"@type\":\"Organization\",\"@id\":\"https:\/\/vosgesinfo.fr\/saintdieinfo\/#organization\",\"name\":\"Saint Die Info\",\"url\":\"https:\/\/vosgesinfo.fr\/saintdieinfo\/\",\"logo\":{\"@type\":\"ImageObject\",\"inLanguage\":\"fr-FR\",\"@id\":\"https:\/\/vosgesinfo.fr\/saintdieinfo\/#\/schema\/logo\/image\/\",\"url\":\"https:\/\/vosgesinfo.fr\/app\/uploads\/sites\/4\/2024\/02\/logo-sdi.jpg\",\"contentUrl\":\"https:\/\/vosgesinfo.fr\/app\/uploads\/sites\/4\/2024\/02\/logo-sdi.jpg\",\"width\":600,\"height\":600,\"caption\":\"Saint Die Info\"},\"image\":{\"@id\":\"https:\/\/vosgesinfo.fr\/saintdieinfo\/#\/schema\/logo\/image\/\"},\"sameAs\":[\"https:\/\/www.facebook.com\/Saintdieinfofr\",\"https:\/\/x.com\/VosgesInfo88\",\"https:\/\/www.youtube.com\/@vosgesinfo\"]},{\"@type\":\"Person\",\"@id\":\"https:\/\/vosgesinfo.fr\/saintdieinfo\/#\/schema\/person\/fa73e9f726d67bb88f46d5b7943cb572\",\"name\":\"J.J.\",\"image\":{\"@type\":\"ImageObject\",\"inLanguage\":\"fr-FR\",\"@id\":\"https:\/\/vosgesinfo.fr\/saintdieinfo\/#\/schema\/person\/image\/\",\"url\":\"https:\/\/secure.gravatar.com\/avatar\/219e749e47ffbcca018a360ae4add7d4cdf1cdaaf8bc7676b27efade3fe65615?s=96&d=mm&r=g\",\"contentUrl\":\"https:\/\/secure.gravatar.com\/avatar\/219e749e47ffbcca018a360ae4add7d4cdf1cdaaf8bc7676b27efade3fe65615?s=96&d=mm&r=g\",\"caption\":\"J.J.\"},\"url\":\"https:\/\/vosgesinfo.fr\/saintdieinfo\/author\/j-j\/\"}]}<\/script>\n<!-- \/ Yoast SEO plugin. -->","yoast_head_json":{"title":"Du changement au Judo Club D\u00e9odatien - Saint Die Info","robots":{"index":"index","follow":"follow","max-snippet":"max-snippet:-1","max-image-preview":"max-image-preview:large","max-video-preview":"max-video-preview:-1"},"canonical":"https:\/\/vosgesinfo.fr\/saintdieinfo\/2019\/08\/changement-judo-club-deodatien\/","twitter_card":"summary_large_image","twitter_title":"Du changement au Judo Club D\u00e9odatien - Saint Die Info","twitter_description":"Fort de 155 adh\u00e9rents, le Judo Club D\u00e9odatien est fermement install\u00e9 dans le paysage sportif de Saint-Di\u00e9-des-Vosges. Depuis maintenant quelques [&hellip;]","twitter_image":"https:\/\/vosgesinfo.fr\/app\/uploads\/sites\/4\/2024\/08\/201908judo-club-deodatien.jpg","twitter_creator":"@VosgesInfo88","twitter_site":"@VosgesInfo88","twitter_misc":{"\u00c9crit par":"J.J.","Dur\u00e9e de lecture estim\u00e9e":"2 minutes"},"schema":{"@context":"https:\/\/schema.org","@graph":[{"@type":"Article","@id":"https:\/\/vosgesinfo.fr\/saintdieinfo\/2019\/08\/changement-judo-club-deodatien\/#article","isPartOf":{"@id":"https:\/\/vosgesinfo.fr\/saintdieinfo\/2019\/08\/changement-judo-club-deodatien\/"},"author":{"name":"J.J.","@id":"https:\/\/vosgesinfo.fr\/saintdieinfo\/#\/schema\/person\/fa73e9f726d67bb88f46d5b7943cb572"},"headline":"Du changement au Judo Club D\u00e9odatien","datePublished":"2019-08-05T14:15:19+00:00","dateModified":"2019-08-05T14:15:19+00:00","mainEntityOfPage":{"@id":"https:\/\/vosgesinfo.fr\/saintdieinfo\/2019\/08\/changement-judo-club-deodatien\/"},"wordCount":461,"commentCount":0,"publisher":{"@id":"https:\/\/vosgesinfo.fr\/saintdieinfo\/#organization"},"image":{"@id":"https:\/\/vosgesinfo.fr\/saintdieinfo\/2019\/08\/changement-judo-club-deodatien\/#primaryimage"},"thumbnailUrl":"https:\/\/vosgesinfo.fr\/app\/uploads\/sites\/4\/2024\/08\/201908judo-club-deodatien.jpg","keywords":["Club sportif de Saint-Di\u00e9-des-Vosges","judo","Judo Club D\u00e9odatien"],"articleSection":["A la Une","Saint-Di\u00e9-des-Vosges et son Agglom\u00e9ration","Sport"],"inLanguage":"fr-FR","potentialAction":[{"@type":"CommentAction","name":"Comment","target":["https:\/\/vosgesinfo.fr\/saintdieinfo\/2019\/08\/changement-judo-club-deodatien\/#respond"]}]},{"@type":"WebPage","@id":"https:\/\/vosgesinfo.fr\/saintdieinfo\/2019\/08\/changement-judo-club-deodatien\/","url":"https:\/\/vosgesinfo.fr\/saintdieinfo\/2019\/08\/changement-judo-club-deodatien\/","name":"Du changement au Judo Club D\u00e9odatien - Saint Die Info","isPartOf":{"@id":"https:\/\/vosgesinfo.fr\/saintdieinfo\/#website"},"primaryImageOfPage":{"@id":"https:\/\/vosgesinfo.fr\/saintdieinfo\/2019\/08\/changement-judo-club-deodatien\/#primaryimage"},"image":{"@id":"https:\/\/vosgesinfo.fr\/saintdieinfo\/2019\/08\/changement-judo-club-deodatien\/#primaryimage"},"thumbnailUrl":"https:\/\/vosgesinfo.fr\/app\/uploads\/sites\/4\/2024\/08\/201908judo-club-deodatien.jpg","datePublished":"2019-08-05T14:15:19+00:00","dateModified":"2019-08-05T14:15:19+00:00","breadcrumb":{"@id":"https:\/\/vosgesinfo.fr\/saintdieinfo\/2019\/08\/changement-judo-club-deodatien\/#breadcrumb"},"inLanguage":"fr-FR","potentialAction":[{"@type":"ReadAction","target":["https:\/\/vosgesinfo.fr\/saintdieinfo\/2019\/08\/changement-judo-club-deodatien\/"]}]},{"@type":"ImageObject","inLanguage":"fr-FR","@id":"https:\/\/vosgesinfo.fr\/saintdieinfo\/2019\/08\/changement-judo-club-deodatien\/#primaryimage","url":"https:\/\/vosgesinfo.fr\/app\/uploads\/sites\/4\/2024\/08\/201908judo-club-deodatien.jpg","contentUrl":"https:\/\/vosgesinfo.fr\/app\/uploads\/sites\/4\/2024\/08\/201908judo-club-deodatien.jpg","width":1396,"height":500},{"@type":"BreadcrumbList","@id":"https:\/\/vosgesinfo.fr\/saintdieinfo\/2019\/08\/changement-judo-club-deodatien\/#breadcrumb","itemListElement":[{"@type":"ListItem","position":1,"name":"Home","item":"https:\/\/vosgesinfo.fr\/saintdieinfo\/"},{"@type":"ListItem","position":2,"name":"Du changement au Judo Club D\u00e9odatien"}]},{"@type":"WebSite","@id":"https:\/\/vosgesinfo.fr\/saintdieinfo\/#website","url":"https:\/\/vosgesinfo.fr\/saintdieinfo\/","name":"Saint Die Info","description":"Toute l&#039;actualit\u00e9 de Saint-Di\u00e9-Des-Vosges","publisher":{"@id":"https:\/\/vosgesinfo.fr\/saintdieinfo\/#organization"},"alternateName":"Toute l'actualit\u00e9 de Saint-Di\u00e9-Des-Vosges","potentialAction":[{"@type":"SearchAction","target":{"@type":"EntryPoint","urlTemplate":"https:\/\/vosgesinfo.fr\/saintdieinfo\/?s={search_term_string}"},"query-input":"required name=search_term_string"}],"inLanguage":"fr-FR"},{"@type":"Organization","@id":"https:\/\/vosgesinfo.fr\/saintdieinfo\/#organization","name":"Saint Die Info","url":"https:\/\/vosgesinfo.fr\/saintdieinfo\/","logo":{"@type":"ImageObject","inLanguage":"fr-FR","@id":"https:\/\/vosgesinfo.fr\/saintdieinfo\/#\/schema\/logo\/image\/","url":"https:\/\/vosgesinfo.fr\/app\/uploads\/sites\/4\/2024\/02\/logo-sdi.jpg","contentUrl":"https:\/\/vosgesinfo.fr\/app\/uploads\/sites\/4\/2024\/02\/logo-sdi.jpg","width":600,"height":600,"caption":"Saint Die Info"},"image":{"@id":"https:\/\/vosgesinfo.fr\/saintdieinfo\/#\/schema\/logo\/image\/"},"sameAs":["https:\/\/www.facebook.com\/Saintdieinfofr","https:\/\/x.com\/VosgesInfo88","https:\/\/www.youtube.com\/@vosgesinfo"]},{"@type":"Person","@id":"https:\/\/vosgesinfo.fr\/saintdieinfo\/#\/schema\/person\/fa73e9f726d67bb88f46d5b7943cb572","name":"J.J.","image":{"@type":"ImageObject","inLanguage":"fr-FR","@id":"https:\/\/vosgesinfo.fr\/saintdieinfo\/#\/schema\/person\/image\/","url":"https:\/\/secure.gravatar.com\/avatar\/219e749e47ffbcca018a360ae4add7d4cdf1cdaaf8bc7676b27efade3fe65615?s=96&d=mm&r=g","contentUrl":"https:\/\/secure.gravatar.com\/avatar\/219e749e47ffbcca018a360ae4add7d4cdf1cdaaf8bc7676b27efade3fe65615?s=96&d=mm&r=g","caption":"J.J."},"url":"https:\/\/vosgesinfo.fr\/saintdieinfo\/author\/j-j\/"}]}},"_links":{"self":[{"href":"https:\/\/vosgesinfo.fr\/saintdieinfo\/wp-json\/wp\/v2\/posts\/37306","targetHints":{"allow":["GET"]}}],"collection":[{"href":"https:\/\/vosgesinfo.fr\/saintdieinfo\/wp-json\/wp\/v2\/posts"}],"about":[{"href":"https:\/\/vosgesinfo.fr\/saintdieinfo\/wp-json\/wp\/v2\/types\/post"}],"author":[{"embeddable":true,"href":"https:\/\/vosgesinfo.fr\/saintdieinfo\/wp-json\/wp\/v2\/users\/46"}],"replies":[{"embeddable":true,"href":"https:\/\/vosgesinfo.fr\/saintdieinfo\/wp-json\/wp\/v2\/comments?post=37306"}],"version-history":[{"count":0,"href":"https:\/\/vosgesinfo.fr\/saintdieinfo\/wp-json\/wp\/v2\/posts\/37306\/revisions"}],"wp:featuredmedia":[{"embeddable":true,"href":"https:\/\/vosgesinfo.fr\/saintdieinfo\/wp-json\/wp\/v2\/media\/37307"}],"wp:attachment":[{"href":"https:\/\/vosgesinfo.fr\/saintdieinfo\/wp-json\/wp\/v2\/media?parent=37306"}],"wp:term":[{"taxonomy":"category","embeddable":true,"href":"https:\/\/vosgesinfo.fr\/saintdieinfo\/wp-json\/wp\/v2\/categories?post=37306"},{"taxonomy":"post_tag","embeddable":true,"href":"https:\/\/vosgesinfo.fr\/saintdieinfo\/wp-json\/wp\/v2\/tags?post=37306"}],"curies":[{"name":"wp","href":"https:\/\/api.w.org\/{rel}","templated":true}]}}