{"id":37322,"date":"2019-08-06T07:00:41","date_gmt":"2019-08-06T05:00:41","guid":{"rendered":"https:\/\/vosgesinfo.fr\/saintdieinfo\/2019\/08\/ete-grand-a-saint-die-vosges-programme-de-semaine-18\/"},"modified":"2019-08-06T07:00:41","modified_gmt":"2019-08-06T05:00:41","slug":"ete-grand-a-saint-die-vosges-programme-de-semaine-18","status":"publish","type":"post","link":"https:\/\/vosgesinfo.fr\/saintdieinfo\/2019\/08\/ete-grand-a-saint-die-vosges-programme-de-semaine-18\/","title":{"rendered":"Et\u00e9 en grand \u00e0 Saint-Di\u00e9-des-Vosges : le programme de la semaine"},"content":{"rendered":"<p><a href=\"\/2019\/06\/Et\u00e9_en_Grand_2019_Affiche.jpg\" target=\"_blank\" rel=\"noopener\"><img decoding=\"async\" class=\"aligncenter wp-image-140483 size-large\" src=\"\/2019\/06\/Et\u00e9_en_Grand_2019_Affiche-682x1024.jpg\" alt=\"Et\u00e9_en_Grand_2019_Affiche\" width=\"682\" height=\"1024\" \/><\/a><\/p>\n<h3><strong><span style=\"font-family: Calibri, sans-serif;\"><span style=\"font-size: large;\">Mardi 6 ao\u00fbt<\/span><\/span><\/strong><\/h3>\n<ul>\n<li><span style=\"font-family: Calibri, sans-serif;\"><span style=\"font-size: large;\">A partir de 8 h \/ terrain de golf. Golf &#8211; Comp\u00e9tition Carrosserie AD.<\/span><\/span><\/li>\n<li><span style=\"font-family: Calibri, sans-serif;\"><span style=\"font-size: large;\">De 14 h \u00e0 17 h \/ parc de jeux Ohl-des-Marais. Saint-Roch. Stands de lecture, chant, danse, musique, guitare, tricot, p\u00e9tanque, jeux de soci\u00e9t\u00e9, piscine \u00e0 boules, fabrication de bijoux. Organis\u00e9 par le service Politique de la Ville.<\/span><\/span><\/li>\n<li><span style=\"font-family: Calibri, sans-serif;\"><span style=\"font-size: large;\">De 14 h 30 \u00e0 17 h 30 \/ parc Jean-Mansuy \u2013 D\u00e9part. Monument aux Morts. Balade \u00e0 poneys pour enfants. 1 seul tour par enfant.<\/span><\/span><\/li>\n<li><span style=\"font-family: Calibri, sans-serif;\"><span style=\"font-size: large;\">De 15 h \u00e0 15 h 30 et de 17 h \u00e0 17 h 30 \/ M\u00e9diath\u00e8que Victor-Hugo. Il \u00e9tait une fois un loup&#8230; heure du conte pour les enfants de 3 \u00e0 7 ans. Contact : <strong><a href=\"mailto:fanny.vouaux@ca-saint-die.fr\" target=\"_blank\" rel=\"noopener\">fanny.vouaux@ca-saint-die.fr<\/a><\/strong><\/span><\/span><\/li>\n<li><span style=\"font-family: Calibri, sans-serif;\"><span style=\"font-size: large;\">De 15 h \u00e0 17 h 30 \/ parc Jean-Mansuy-Jardin japonais. \u00abLe Mus\u00e9o Tour\u00bb : dessinez-nous un chat. D\u00e8s 5 ans. Repli en cas d\u2019intemp\u00e9ries au Mus\u00e9e Pierre-No\u00ebl.<\/span><\/span><\/li>\n<li><span style=\"font-family: Calibri, sans-serif;\"><span style=\"font-size: large;\">A 21 h \/ Place du March\u00e9. \u00abBoucan\u00bb par le Cirk\u2019Biz\u2019Art. Tout public \u00e0 partir de 8 ans. Dur\u00e9e 60 mn. Cirque.<\/span><\/span><\/li>\n<\/ul>\n<h3><strong><span style=\"font-family: Calibri, sans-serif;\"><span style=\"font-size: large;\">Mercredi 7 ao\u00fbt<\/span><\/span><\/strong><\/h3>\n<ul>\n<li><span style=\"font-family: Calibri, sans-serif;\"><span style=\"font-size: large;\">A 12 h \/ salle Carbonnar. Repas Convivialit\u00e9 et Partage. Tarif : 4 \u20ac adultes et 3 \u20ac enfant de moins de 12 ans.<\/span><\/span><\/li>\n<li><span style=\"font-family: Calibri, sans-serif;\"><span style=\"font-size: large;\">De 14 h \u00e0 15 h \/ RDV Office du Tourisme 10 mn avant le d\u00e9part Saint-Di\u00e9-des-Vosges et ses \u00e9nigmes. D\u00e9couverte accompagn\u00e9e, suivie d\u2019un go\u00fbter pour les enfants de 5 \u00e0 12 ans. Limit\u00e9 \u00e0 12 enfants. Pars \u00e0 l\u2019aventure dans la ville pour mieux la conna\u00eetre. Tarif : 1 \u20ac.<\/span><\/span><\/li>\n<li><span style=\"font-family: Calibri, sans-serif;\"><span style=\"font-size: large;\">A 15 h \/ Parc de L\u2019Ev\u00e9ch\u00e9. \u00abPas si b\u00ea\u00eates\u00bb par La Compagnie Les Zanimos. Jeune public d\u00e8s 4 ans \u2013 dur\u00e9e 40 mn. Repli au Mus\u00e9e Pierre-No\u00ebl en cas de pluie.<\/span><\/span><\/li>\n<\/ul>\n<h3><strong><span style=\"font-family: Calibri, sans-serif;\"><span style=\"font-size: large;\">Jeudi 8 ao\u00fbt<\/span><\/span><\/strong><\/h3>\n<ul>\n<li><span style=\"font-family: Calibri, sans-serif;\"><span style=\"font-size: large;\">De 14 h \u00e0 17 h \/ parc de jeux Ohl-des-Marais Saint-Roch. Stands de lecture, chant, danse, musique, guitare, tricot, p\u00e9tanque, jeux de soci\u00e9t\u00e9, piscine \u00e0 boules, fabrication de bijoux. Organis\u00e9 par le service Politique de la Ville.<\/span><\/span><\/li>\n<li><span style=\"font-family: Calibri, sans-serif;\"><span style=\"font-size: large;\">De 15 h \u00e0 16 h \/ place du March\u00e9. Tourn\u00e9e cirque itin\u00e9rante. Spectacle de cirque propos\u00e9 par les \u00e9l\u00e8ves de l\u2019Association l\u2019Ecole des Nez Rouges. Avant leur d\u00e9part en tourn\u00e9e itin\u00e9rante dans toute la France, les jeunes de l\u2019Association vous proposent leur cr\u00e9ation. De 0 \u00e0 99 ans. Contact : Ecole des Nez Rouges \u2013 <strong>03 29 56 29 53<\/strong> \u2013 <strong><a href=\"mailto:nezrouges@orange.fr\" target=\"_blank\" rel=\"noopener\">nezrouges@orange.fr<\/a><\/strong><\/span><\/span><\/li>\n<\/ul>\n<ul>\n<li><span style=\"font-family: Calibri, sans-serif;\"><span style=\"font-size: large;\">A 16 h \/ Mus\u00e9e Pierre-No\u00ebl. \u00abLe Mus\u00e9o Tour\u00bb : visite comment\u00e9e. Partez \u00e0 la d\u00e9couverte de nos collections permanentes en suivant le guide. D\u00e8s 12 ans.<\/span><\/span><\/li>\n<\/ul>\n<h3><strong><span style=\"font-family: Calibri, sans-serif;\"><span style=\"font-size: large;\">Vendredi 9 ao\u00fbt<\/span><\/span><\/strong><\/h3>\n<ul>\n<li><span style=\"font-family: Calibri, sans-serif;\"><span style=\"font-size: large;\">D\u00e9part \u00e0 13 h 30 \/ rdv 15 mn avant grand parking. Palais Omnisports J.-Claudel pour co-voiturage. Randonn\u00e9e avec le Club Vosgien \u00abRaids de Robache &#8211; Camp celtique\u00bb. 10 km &#8211; D\u00e9nivel\u00e9 : 250 m. Tarif : 1,50 \u20ac d\u2019assurance pour les non-adh\u00e9rents au Club. Niveau 2 (facile). Contact : <strong><a href=\"mailto:clubvosgien-saintdie@orange.fr\" target=\"_blank\" rel=\"noopener\">clubvosgien-saintdie@orange.fr<\/a><\/strong><\/span><\/span><\/li>\n<li><span style=\"font-family: Calibri, sans-serif;\"><span style=\"font-size: large;\">De 18 h 30 \u00e0 23 h 30 \/ place du G\u00e9n\u00e9ral-de-Gaulle. Repas-concert (bolognaises). Tarif : 10 \u20ac organis\u00e9 par l\u2019UDAC. Anim\u00e9 par Duo Snapshot en 1re partie et Fun Party en seconde partie.<\/span><\/span><\/li>\n<li><span style=\"font-family: Calibri, sans-serif;\"><span style=\"font-size: large;\">A 19 h \/ boulodrome &#8211; parc des Sports E.-etJ.-Woehrl\u00e9. Tournoi de p\u00e9tanque. Inscriptions gratuites sur place \u00e0 partir de 18 h 30.<\/span><\/span><\/li>\n<li><span style=\"font-family: Calibri, sans-serif;\"><span style=\"font-size: large;\">A 21 h \/ Why not Caf\u00e9. Soir\u00e9e concert.<\/span><\/span><\/li>\n<\/ul>\n<h3><strong><span style=\"font-family: Calibri, sans-serif;\"><span style=\"font-size: large;\">Samedi 10 ao\u00fbt<\/span><\/span><\/strong><\/h3>\n<ul>\n<li><span style=\"font-family: Calibri, sans-serif;\"><span style=\"font-size: large;\">De 15 h \u00e0 18 h \/ sous la Tour de la Libert\u00e9. Echecs en F\u00eate. Accueil au public pour s\u2019initier, jouer&#8230; mini-tournois, cross \u00e9checs&#8230; De 5 \u00e0 99 ans. En cas d\u2019intemp\u00e9ries, repli \u00e0 la salle d\u2019Echecs \u00e0 l\u2019Espace Fran\u00e7ois-Mitterrand. Contact : Sandrine Perrin &#8211; <strong>06 82 52 53 98<\/strong> \u2013 <strong><a href=\"mailto:sand.perrin54@wanadoo.fr\" target=\"_blank\" rel=\"noopener\">sand.perrin54@wanadoo.fr<\/a><\/strong><\/span><\/span><\/li>\n<li><span style=\"font-family: Calibri, sans-serif;\"><span style=\"font-size: large;\">A partir de 16 h \/ Halle de Kellermann. Barbecue g\u00e9ant avec animations musicales, organis\u00e9 par l&rsquo;Association s\u00e9n\u00e9galo-mauritanienne. Contact : Mamadou Seck \u2013 <strong>06 88 85 70 68.<\/strong><\/span><\/span><\/li>\n<li><span style=\"font-family: Calibri, sans-serif;\"><span style=\"font-size: large;\">De 17 h \u00e0 18 h 30 \/ La Cour des Arts &#8211; 15 rue d\u2019Alsace. \u00abLe Fabuleux Voyage des Fr\u00e8res Koukougnoff\u00bb de Ghislain Bourquin et David L\u2019huillier. 10 \u20ac \u2013 Gratuit pour les -12ans. Spectacle tout public.<\/span><\/span><\/li>\n<li><span style=\"font-family: Calibri, sans-serif;\"><span style=\"font-size: large;\">A partir de 20 h \/ Place du March\u00e9. D\u00e9monstration et initiation de danses country. Contact : Association les Santiags de l\u2019Est. <strong>06 20 86 45 40<\/strong> \u2013 <strong><a href=\"mailto:lessantiagsdelest@yahoo.fr\" target=\"_blank\" rel=\"noopener\">lessantiagsdelest@yahoo.fr<\/a><\/strong><\/span><\/span><\/li>\n<\/ul>\n<h3><strong><span style=\"font-family: Calibri, sans-serif;\"><span style=\"font-size: large;\">Dimanche 11 ao\u00fbt<\/span><\/span><\/strong><\/h3>\n<ul>\n<li><span style=\"font-family: Calibri, sans-serif;\"><span style=\"font-size: large;\">A 8 h 30 \/ D\u00e9part place de la Fa\u00efencerie (covoiturage). Randonn\u00e9e du Hohneck au Kastelberg Randonn\u00e9e p\u00e9destre Le Hohneck, Schiessrothried, Kerbholz, retour par le Sentier des N\u00e9v\u00e9s. Randonn\u00e9e de difficult\u00e9 moyenne de plus de 5 heures avec une d\u00e9nivel\u00e9e de 650 m\u00e8tres. Pr\u00e9voir \u00e9quipement adapt\u00e9. Repas tir\u00e9 du sac. Contact : Les Amis de la Nature Saint-Di\u00e9 \u2013 Jean-Charles Martin \u2013 <strong><a href=\"mailto:martinjca@orange.fr\" target=\"_blank\" rel=\"noopener\">martinjca@orange.fr<\/a><\/strong><\/span><\/span><\/li>\n<\/ul>\n<ul>\n<li><span style=\"font-family: Calibri, sans-serif;\"><span style=\"font-size: large;\">A 17 h \/ La Cour des Arts &#8211; 15 rue d\u2019Alsace. Inauguration et ap\u00e9ro \u00abrouge lim\u00e9\u00bb pour \u00abLa grande brocante de la Cour des Arts\u00bb : pendant un mois &#8211; une selection d\u2019objets chin\u00e9s originaux renouvel\u00e9s chaque dimanche.<\/span><\/span><\/li>\n<li><span style=\"font-family: Calibri, sans-serif;\"><span style=\"font-size: large;\">De 18 h \u00e0 20 h \/ bar Le Dauphin &#8211; 17 rue Dauphine. Ap\u00e9ro-concert.<\/span><\/span><\/li>\n<li><span style=\"font-family: Calibri, sans-serif;\"><span style=\"font-size: large;\">De 18 h \u00e0 20 h \/ London Tavern &#8211; 16 rue J.-Mengin. Ap\u00e9ro-concert avec L\u2019Homme des tavernes.<\/span><\/span><\/li>\n<\/ul>\n","protected":false},"excerpt":{"rendered":"<p>Mardi 6 ao\u00fbt A partir de 8 h \/ terrain de golf. Golf &#8211; Comp\u00e9tition Carrosserie AD. De 14 h [&hellip;]<\/p>\n","protected":false},"author":44,"featured_media":37323,"comment_status":"open","ping_status":"open","sticky":false,"template":"","format":"standard","meta":{"footnotes":""},"categories":[460,3532,20,2915],"tags":[2967,3240],"class_list":["post-37322","post","type-post","status-publish","format-standard","has-post-thumbnail","hentry","category-a-la-une","category-enfants","category-loisirs","category-saint-die-son-canton","tag-ete-en-grand-a-saint-die-des-vosges","tag-ville-de-saint-die-des-vosges"],"acf":[],"yoast_head":"<!-- This site is optimized with the Yoast SEO plugin v22.5 - https:\/\/yoast.com\/wordpress\/plugins\/seo\/ -->\n<title>Et\u00e9 en grand \u00e0 Saint-Di\u00e9-des-Vosges : le programme de la semaine - Saint Die Info<\/title>\n<meta name=\"robots\" content=\"index, follow, max-snippet:-1, max-image-preview:large, max-video-preview:-1\" \/>\n<link rel=\"canonical\" href=\"https:\/\/vosgesinfo.fr\/saintdieinfo\/2019\/08\/ete-grand-a-saint-die-vosges-programme-de-semaine-18\/\" \/>\n<meta name=\"twitter:card\" content=\"summary_large_image\" \/>\n<meta name=\"twitter:title\" content=\"Et\u00e9 en grand \u00e0 Saint-Di\u00e9-des-Vosges : le programme de la semaine - Saint Die Info\" \/>\n<meta name=\"twitter:description\" content=\"Mardi 6 ao\u00fbt A partir de 8 h \/ terrain de golf. Golf &#8211; Comp\u00e9tition Carrosserie AD. De 14 h [&hellip;]\" \/>\n<meta name=\"twitter:image\" content=\"https:\/\/vosgesinfo.fr\/app\/uploads\/sites\/4\/2024\/08\/201906ete-en-grand-2019-affiche.jpg\" \/>\n<meta name=\"twitter:creator\" content=\"@VosgesInfo88\" \/>\n<meta name=\"twitter:site\" content=\"@VosgesInfo88\" \/>\n<meta name=\"twitter:label1\" content=\"\u00c9crit par\" \/>\n\t<meta name=\"twitter:data1\" content=\"la r\u00e9daction\" \/>\n\t<meta name=\"twitter:label2\" content=\"Dur\u00e9e de lecture estim\u00e9e\" \/>\n\t<meta name=\"twitter:data2\" content=\"4 minutes\" \/>\n<script type=\"application\/ld+json\" class=\"yoast-schema-graph\">{\"@context\":\"https:\/\/schema.org\",\"@graph\":[{\"@type\":\"Article\",\"@id\":\"https:\/\/vosgesinfo.fr\/saintdieinfo\/2019\/08\/ete-grand-a-saint-die-vosges-programme-de-semaine-18\/#article\",\"isPartOf\":{\"@id\":\"https:\/\/vosgesinfo.fr\/saintdieinfo\/2019\/08\/ete-grand-a-saint-die-vosges-programme-de-semaine-18\/\"},\"author\":{\"name\":\"la r\u00e9daction\",\"@id\":\"https:\/\/vosgesinfo.fr\/saintdieinfo\/#\/schema\/person\/faee6704a21f3977511db84bd1cd450f\"},\"headline\":\"Et\u00e9 en grand \u00e0 Saint-Di\u00e9-des-Vosges : le programme de la semaine\",\"datePublished\":\"2019-08-06T05:00:41+00:00\",\"dateModified\":\"2019-08-06T05:00:41+00:00\",\"mainEntityOfPage\":{\"@id\":\"https:\/\/vosgesinfo.fr\/saintdieinfo\/2019\/08\/ete-grand-a-saint-die-vosges-programme-de-semaine-18\/\"},\"wordCount\":755,\"commentCount\":0,\"publisher\":{\"@id\":\"https:\/\/vosgesinfo.fr\/saintdieinfo\/#organization\"},\"image\":{\"@id\":\"https:\/\/vosgesinfo.fr\/saintdieinfo\/2019\/08\/ete-grand-a-saint-die-vosges-programme-de-semaine-18\/#primaryimage\"},\"thumbnailUrl\":\"https:\/\/vosgesinfo.fr\/app\/uploads\/sites\/4\/2024\/08\/201906ete-en-grand-2019-affiche.jpg\",\"keywords\":[\"Et\u00e9 en grand \u00e0 Saint-Di\u00e9-des-Vosges\",\"Ville de Saint-Di\u00e9-des-Vosges\"],\"articleSection\":[\"A la Une\",\"Enfants\",\"Loisirs\",\"Saint-Di\u00e9-des-Vosges et son Agglom\u00e9ration\"],\"inLanguage\":\"fr-FR\",\"potentialAction\":[{\"@type\":\"CommentAction\",\"name\":\"Comment\",\"target\":[\"https:\/\/vosgesinfo.fr\/saintdieinfo\/2019\/08\/ete-grand-a-saint-die-vosges-programme-de-semaine-18\/#respond\"]}]},{\"@type\":\"WebPage\",\"@id\":\"https:\/\/vosgesinfo.fr\/saintdieinfo\/2019\/08\/ete-grand-a-saint-die-vosges-programme-de-semaine-18\/\",\"url\":\"https:\/\/vosgesinfo.fr\/saintdieinfo\/2019\/08\/ete-grand-a-saint-die-vosges-programme-de-semaine-18\/\",\"name\":\"Et\u00e9 en grand \u00e0 Saint-Di\u00e9-des-Vosges : le programme de la semaine - Saint Die Info\",\"isPartOf\":{\"@id\":\"https:\/\/vosgesinfo.fr\/saintdieinfo\/#website\"},\"primaryImageOfPage\":{\"@id\":\"https:\/\/vosgesinfo.fr\/saintdieinfo\/2019\/08\/ete-grand-a-saint-die-vosges-programme-de-semaine-18\/#primaryimage\"},\"image\":{\"@id\":\"https:\/\/vosgesinfo.fr\/saintdieinfo\/2019\/08\/ete-grand-a-saint-die-vosges-programme-de-semaine-18\/#primaryimage\"},\"thumbnailUrl\":\"https:\/\/vosgesinfo.fr\/app\/uploads\/sites\/4\/2024\/08\/201906ete-en-grand-2019-affiche.jpg\",\"datePublished\":\"2019-08-06T05:00:41+00:00\",\"dateModified\":\"2019-08-06T05:00:41+00:00\",\"breadcrumb\":{\"@id\":\"https:\/\/vosgesinfo.fr\/saintdieinfo\/2019\/08\/ete-grand-a-saint-die-vosges-programme-de-semaine-18\/#breadcrumb\"},\"inLanguage\":\"fr-FR\",\"potentialAction\":[{\"@type\":\"ReadAction\",\"target\":[\"https:\/\/vosgesinfo.fr\/saintdieinfo\/2019\/08\/ete-grand-a-saint-die-vosges-programme-de-semaine-18\/\"]}]},{\"@type\":\"ImageObject\",\"inLanguage\":\"fr-FR\",\"@id\":\"https:\/\/vosgesinfo.fr\/saintdieinfo\/2019\/08\/ete-grand-a-saint-die-vosges-programme-de-semaine-18\/#primaryimage\",\"url\":\"https:\/\/vosgesinfo.fr\/app\/uploads\/sites\/4\/2024\/08\/201906ete-en-grand-2019-affiche.jpg\",\"contentUrl\":\"https:\/\/vosgesinfo.fr\/app\/uploads\/sites\/4\/2024\/08\/201906ete-en-grand-2019-affiche.jpg\",\"width\":1181,\"height\":1772},{\"@type\":\"BreadcrumbList\",\"@id\":\"https:\/\/vosgesinfo.fr\/saintdieinfo\/2019\/08\/ete-grand-a-saint-die-vosges-programme-de-semaine-18\/#breadcrumb\",\"itemListElement\":[{\"@type\":\"ListItem\",\"position\":1,\"name\":\"Home\",\"item\":\"https:\/\/vosgesinfo.fr\/saintdieinfo\/\"},{\"@type\":\"ListItem\",\"position\":2,\"name\":\"Et\u00e9 en grand \u00e0 Saint-Di\u00e9-des-Vosges : le programme de la semaine\"}]},{\"@type\":\"WebSite\",\"@id\":\"https:\/\/vosgesinfo.fr\/saintdieinfo\/#website\",\"url\":\"https:\/\/vosgesinfo.fr\/saintdieinfo\/\",\"name\":\"Saint Die Info\",\"description\":\"Toute l&#039;actualit\u00e9 de Saint-Di\u00e9-Des-Vosges\",\"publisher\":{\"@id\":\"https:\/\/vosgesinfo.fr\/saintdieinfo\/#organization\"},\"alternateName\":\"Toute l'actualit\u00e9 de Saint-Di\u00e9-Des-Vosges\",\"potentialAction\":[{\"@type\":\"SearchAction\",\"target\":{\"@type\":\"EntryPoint\",\"urlTemplate\":\"https:\/\/vosgesinfo.fr\/saintdieinfo\/?s={search_term_string}\"},\"query-input\":\"required name=search_term_string\"}],\"inLanguage\":\"fr-FR\"},{\"@type\":\"Organization\",\"@id\":\"https:\/\/vosgesinfo.fr\/saintdieinfo\/#organization\",\"name\":\"Saint Die Info\",\"url\":\"https:\/\/vosgesinfo.fr\/saintdieinfo\/\",\"logo\":{\"@type\":\"ImageObject\",\"inLanguage\":\"fr-FR\",\"@id\":\"https:\/\/vosgesinfo.fr\/saintdieinfo\/#\/schema\/logo\/image\/\",\"url\":\"https:\/\/vosgesinfo.fr\/app\/uploads\/sites\/4\/2024\/02\/logo-sdi.jpg\",\"contentUrl\":\"https:\/\/vosgesinfo.fr\/app\/uploads\/sites\/4\/2024\/02\/logo-sdi.jpg\",\"width\":600,\"height\":600,\"caption\":\"Saint Die Info\"},\"image\":{\"@id\":\"https:\/\/vosgesinfo.fr\/saintdieinfo\/#\/schema\/logo\/image\/\"},\"sameAs\":[\"https:\/\/www.facebook.com\/Saintdieinfofr\",\"https:\/\/x.com\/VosgesInfo88\",\"https:\/\/www.youtube.com\/@vosgesinfo\"]},{\"@type\":\"Person\",\"@id\":\"https:\/\/vosgesinfo.fr\/saintdieinfo\/#\/schema\/person\/faee6704a21f3977511db84bd1cd450f\",\"name\":\"la r\u00e9daction\",\"image\":{\"@type\":\"ImageObject\",\"inLanguage\":\"fr-FR\",\"@id\":\"https:\/\/vosgesinfo.fr\/saintdieinfo\/#\/schema\/person\/image\/\",\"url\":\"https:\/\/secure.gravatar.com\/avatar\/6673d8bc6a9c17fa9a453eaa3448de834fa308c2ec9635b7aa99441a7c8d2cf6?s=96&d=mm&r=g\",\"contentUrl\":\"https:\/\/secure.gravatar.com\/avatar\/6673d8bc6a9c17fa9a453eaa3448de834fa308c2ec9635b7aa99441a7c8d2cf6?s=96&d=mm&r=g\",\"caption\":\"la r\u00e9daction\"},\"url\":\"https:\/\/vosgesinfo.fr\/saintdieinfo\/author\/redac\/\"}]}<\/script>\n<!-- \/ Yoast SEO plugin. -->","yoast_head_json":{"title":"Et\u00e9 en grand \u00e0 Saint-Di\u00e9-des-Vosges : le programme de la semaine - Saint Die Info","robots":{"index":"index","follow":"follow","max-snippet":"max-snippet:-1","max-image-preview":"max-image-preview:large","max-video-preview":"max-video-preview:-1"},"canonical":"https:\/\/vosgesinfo.fr\/saintdieinfo\/2019\/08\/ete-grand-a-saint-die-vosges-programme-de-semaine-18\/","twitter_card":"summary_large_image","twitter_title":"Et\u00e9 en grand \u00e0 Saint-Di\u00e9-des-Vosges : le programme de la semaine - Saint Die Info","twitter_description":"Mardi 6 ao\u00fbt A partir de 8 h \/ terrain de golf. Golf &#8211; Comp\u00e9tition Carrosserie AD. De 14 h [&hellip;]","twitter_image":"https:\/\/vosgesinfo.fr\/app\/uploads\/sites\/4\/2024\/08\/201906ete-en-grand-2019-affiche.jpg","twitter_creator":"@VosgesInfo88","twitter_site":"@VosgesInfo88","twitter_misc":{"\u00c9crit par":"la r\u00e9daction","Dur\u00e9e de lecture estim\u00e9e":"4 minutes"},"schema":{"@context":"https:\/\/schema.org","@graph":[{"@type":"Article","@id":"https:\/\/vosgesinfo.fr\/saintdieinfo\/2019\/08\/ete-grand-a-saint-die-vosges-programme-de-semaine-18\/#article","isPartOf":{"@id":"https:\/\/vosgesinfo.fr\/saintdieinfo\/2019\/08\/ete-grand-a-saint-die-vosges-programme-de-semaine-18\/"},"author":{"name":"la r\u00e9daction","@id":"https:\/\/vosgesinfo.fr\/saintdieinfo\/#\/schema\/person\/faee6704a21f3977511db84bd1cd450f"},"headline":"Et\u00e9 en grand \u00e0 Saint-Di\u00e9-des-Vosges : le programme de la semaine","datePublished":"2019-08-06T05:00:41+00:00","dateModified":"2019-08-06T05:00:41+00:00","mainEntityOfPage":{"@id":"https:\/\/vosgesinfo.fr\/saintdieinfo\/2019\/08\/ete-grand-a-saint-die-vosges-programme-de-semaine-18\/"},"wordCount":755,"commentCount":0,"publisher":{"@id":"https:\/\/vosgesinfo.fr\/saintdieinfo\/#organization"},"image":{"@id":"https:\/\/vosgesinfo.fr\/saintdieinfo\/2019\/08\/ete-grand-a-saint-die-vosges-programme-de-semaine-18\/#primaryimage"},"thumbnailUrl":"https:\/\/vosgesinfo.fr\/app\/uploads\/sites\/4\/2024\/08\/201906ete-en-grand-2019-affiche.jpg","keywords":["Et\u00e9 en grand \u00e0 Saint-Di\u00e9-des-Vosges","Ville de Saint-Di\u00e9-des-Vosges"],"articleSection":["A la Une","Enfants","Loisirs","Saint-Di\u00e9-des-Vosges et son Agglom\u00e9ration"],"inLanguage":"fr-FR","potentialAction":[{"@type":"CommentAction","name":"Comment","target":["https:\/\/vosgesinfo.fr\/saintdieinfo\/2019\/08\/ete-grand-a-saint-die-vosges-programme-de-semaine-18\/#respond"]}]},{"@type":"WebPage","@id":"https:\/\/vosgesinfo.fr\/saintdieinfo\/2019\/08\/ete-grand-a-saint-die-vosges-programme-de-semaine-18\/","url":"https:\/\/vosgesinfo.fr\/saintdieinfo\/2019\/08\/ete-grand-a-saint-die-vosges-programme-de-semaine-18\/","name":"Et\u00e9 en grand \u00e0 Saint-Di\u00e9-des-Vosges : le programme de la semaine - Saint Die Info","isPartOf":{"@id":"https:\/\/vosgesinfo.fr\/saintdieinfo\/#website"},"primaryImageOfPage":{"@id":"https:\/\/vosgesinfo.fr\/saintdieinfo\/2019\/08\/ete-grand-a-saint-die-vosges-programme-de-semaine-18\/#primaryimage"},"image":{"@id":"https:\/\/vosgesinfo.fr\/saintdieinfo\/2019\/08\/ete-grand-a-saint-die-vosges-programme-de-semaine-18\/#primaryimage"},"thumbnailUrl":"https:\/\/vosgesinfo.fr\/app\/uploads\/sites\/4\/2024\/08\/201906ete-en-grand-2019-affiche.jpg","datePublished":"2019-08-06T05:00:41+00:00","dateModified":"2019-08-06T05:00:41+00:00","breadcrumb":{"@id":"https:\/\/vosgesinfo.fr\/saintdieinfo\/2019\/08\/ete-grand-a-saint-die-vosges-programme-de-semaine-18\/#breadcrumb"},"inLanguage":"fr-FR","potentialAction":[{"@type":"ReadAction","target":["https:\/\/vosgesinfo.fr\/saintdieinfo\/2019\/08\/ete-grand-a-saint-die-vosges-programme-de-semaine-18\/"]}]},{"@type":"ImageObject","inLanguage":"fr-FR","@id":"https:\/\/vosgesinfo.fr\/saintdieinfo\/2019\/08\/ete-grand-a-saint-die-vosges-programme-de-semaine-18\/#primaryimage","url":"https:\/\/vosgesinfo.fr\/app\/uploads\/sites\/4\/2024\/08\/201906ete-en-grand-2019-affiche.jpg","contentUrl":"https:\/\/vosgesinfo.fr\/app\/uploads\/sites\/4\/2024\/08\/201906ete-en-grand-2019-affiche.jpg","width":1181,"height":1772},{"@type":"BreadcrumbList","@id":"https:\/\/vosgesinfo.fr\/saintdieinfo\/2019\/08\/ete-grand-a-saint-die-vosges-programme-de-semaine-18\/#breadcrumb","itemListElement":[{"@type":"ListItem","position":1,"name":"Home","item":"https:\/\/vosgesinfo.fr\/saintdieinfo\/"},{"@type":"ListItem","position":2,"name":"Et\u00e9 en grand \u00e0 Saint-Di\u00e9-des-Vosges : le programme de la semaine"}]},{"@type":"WebSite","@id":"https:\/\/vosgesinfo.fr\/saintdieinfo\/#website","url":"https:\/\/vosgesinfo.fr\/saintdieinfo\/","name":"Saint Die Info","description":"Toute l&#039;actualit\u00e9 de Saint-Di\u00e9-Des-Vosges","publisher":{"@id":"https:\/\/vosgesinfo.fr\/saintdieinfo\/#organization"},"alternateName":"Toute l'actualit\u00e9 de Saint-Di\u00e9-Des-Vosges","potentialAction":[{"@type":"SearchAction","target":{"@type":"EntryPoint","urlTemplate":"https:\/\/vosgesinfo.fr\/saintdieinfo\/?s={search_term_string}"},"query-input":"required name=search_term_string"}],"inLanguage":"fr-FR"},{"@type":"Organization","@id":"https:\/\/vosgesinfo.fr\/saintdieinfo\/#organization","name":"Saint Die Info","url":"https:\/\/vosgesinfo.fr\/saintdieinfo\/","logo":{"@type":"ImageObject","inLanguage":"fr-FR","@id":"https:\/\/vosgesinfo.fr\/saintdieinfo\/#\/schema\/logo\/image\/","url":"https:\/\/vosgesinfo.fr\/app\/uploads\/sites\/4\/2024\/02\/logo-sdi.jpg","contentUrl":"https:\/\/vosgesinfo.fr\/app\/uploads\/sites\/4\/2024\/02\/logo-sdi.jpg","width":600,"height":600,"caption":"Saint Die Info"},"image":{"@id":"https:\/\/vosgesinfo.fr\/saintdieinfo\/#\/schema\/logo\/image\/"},"sameAs":["https:\/\/www.facebook.com\/Saintdieinfofr","https:\/\/x.com\/VosgesInfo88","https:\/\/www.youtube.com\/@vosgesinfo"]},{"@type":"Person","@id":"https:\/\/vosgesinfo.fr\/saintdieinfo\/#\/schema\/person\/faee6704a21f3977511db84bd1cd450f","name":"la r\u00e9daction","image":{"@type":"ImageObject","inLanguage":"fr-FR","@id":"https:\/\/vosgesinfo.fr\/saintdieinfo\/#\/schema\/person\/image\/","url":"https:\/\/secure.gravatar.com\/avatar\/6673d8bc6a9c17fa9a453eaa3448de834fa308c2ec9635b7aa99441a7c8d2cf6?s=96&d=mm&r=g","contentUrl":"https:\/\/secure.gravatar.com\/avatar\/6673d8bc6a9c17fa9a453eaa3448de834fa308c2ec9635b7aa99441a7c8d2cf6?s=96&d=mm&r=g","caption":"la r\u00e9daction"},"url":"https:\/\/vosgesinfo.fr\/saintdieinfo\/author\/redac\/"}]}},"_links":{"self":[{"href":"https:\/\/vosgesinfo.fr\/saintdieinfo\/wp-json\/wp\/v2\/posts\/37322","targetHints":{"allow":["GET"]}}],"collection":[{"href":"https:\/\/vosgesinfo.fr\/saintdieinfo\/wp-json\/wp\/v2\/posts"}],"about":[{"href":"https:\/\/vosgesinfo.fr\/saintdieinfo\/wp-json\/wp\/v2\/types\/post"}],"author":[{"embeddable":true,"href":"https:\/\/vosgesinfo.fr\/saintdieinfo\/wp-json\/wp\/v2\/users\/44"}],"replies":[{"embeddable":true,"href":"https:\/\/vosgesinfo.fr\/saintdieinfo\/wp-json\/wp\/v2\/comments?post=37322"}],"version-history":[{"count":0,"href":"https:\/\/vosgesinfo.fr\/saintdieinfo\/wp-json\/wp\/v2\/posts\/37322\/revisions"}],"wp:featuredmedia":[{"embeddable":true,"href":"https:\/\/vosgesinfo.fr\/saintdieinfo\/wp-json\/wp\/v2\/media\/37323"}],"wp:attachment":[{"href":"https:\/\/vosgesinfo.fr\/saintdieinfo\/wp-json\/wp\/v2\/media?parent=37322"}],"wp:term":[{"taxonomy":"category","embeddable":true,"href":"https:\/\/vosgesinfo.fr\/saintdieinfo\/wp-json\/wp\/v2\/categories?post=37322"},{"taxonomy":"post_tag","embeddable":true,"href":"https:\/\/vosgesinfo.fr\/saintdieinfo\/wp-json\/wp\/v2\/tags?post=37322"}],"curies":[{"name":"wp","href":"https:\/\/api.w.org\/{rel}","templated":true}]}}