{"id":37332,"date":"2019-08-06T08:00:57","date_gmt":"2019-08-06T06:00:57","guid":{"rendered":"https:\/\/vosgesinfo.fr\/saintdieinfo\/2019\/08\/activites-club-coeur-sante-deodatien-lannee-2019-2020\/"},"modified":"2019-08-06T08:00:57","modified_gmt":"2019-08-06T06:00:57","slug":"activites-club-coeur-sante-deodatien-lannee-2019-2020","status":"publish","type":"post","link":"https:\/\/vosgesinfo.fr\/saintdieinfo\/2019\/08\/activites-club-coeur-sante-deodatien-lannee-2019-2020\/","title":{"rendered":"Les activit\u00e9s du Club C\u0153ur et Sant\u00e9 d\u00e9odatien pour l\u2019ann\u00e9e 2019-2020"},"content":{"rendered":"<div id=\"attachment_143225\" style=\"width: 970px\" class=\"wp-caption aligncenter\"><a href=\"\/2019\/08\/cs-81-012.jpg\" target=\"_blank\" rel=\"noopener\"><img decoding=\"async\" aria-describedby=\"caption-attachment-143225\" class=\"wp-image-143225 size-large\" src=\"\/2019\/08\/cs-81-012-1024x768.jpg\" alt=\"cs-81-012\" width=\"960\" height=\"720\" \/><\/a><p id=\"caption-attachment-143225\" class=\"wp-caption-text\">(Cr\u00e9dit photographique Club Coeur et Sant\u00e9 de Saint-Di\u00e9-des-Vosges)<\/p><\/div>\n<h2><span style=\"font-size: 14pt;\"><strong>Cr\u00e9\u00e9 en 1978, le Club Coeur et Sant\u00e9 de Saint-Di\u00e9-des-Vosges est rattach\u00e9 \u00e0 l\u2019Association de Cardiologie de Lorraine, elle m\u00eame membre de la F\u00e9d\u00e9ration Fran\u00e7aise de Cardiologie, premi\u00e8re association de lutte contre les maladies cardiovasculaires.<\/strong><\/span><\/h2>\n<p><!--more--><\/p>\n<p>Il est anim\u00e9 par un bureau de 5 membres qui regroupe Anne-Marie Thirion, pr\u00e9sidente, Michel Antoine,\u00a0vice-pr\u00e9sident et secr\u00e9taire, Jean-Paul Besombes, tr\u00e9sorier, Guilaine B\u00e9del coordinatrice de la gymnastique et Jean-Louis Bourdon, cardiologue.<\/p>\n<h3><span style=\"font-size: 14pt;\"><strong>Le club est ouvert aux cardiaques. Il organise \u00e0 leur intention des activit\u00e9s physiques adapt\u00e9es :<\/strong><\/span><\/h3>\n<ul>\n<li><strong>gymnastique<\/strong>, le lundi de 18 h \u00e0 19 h \u00e0 la salle de tir \u00e0 l\u2019arc du Palais Omnisports, sauf vacances scolaires ou jour f\u00e9ri\u00e9, \u00e0 partir du 9 septembre;<\/li>\n<li><strong>marche<\/strong>, certains dimanches de 14 \u00e0 17 h avec un grand et un petit circuit, avec les premi\u00e8res marches les 25 ao\u00fbt et 1er septembre;<\/li>\n<li><strong>marche nordique<\/strong>, le lundi de 14 h \u00e0 17 h, sauf jour f\u00e9ri\u00e9 avec reprise le 2 septembre (a lieu le matin \u00e0 9 heures certains lundis des vacances d\u2019\u00e9t\u00e9), avec un rendez-vous pour le covoiturage situ\u00e9 sur le parking du super march\u00e9 Lidl;<\/li>\n<li><strong>v\u00e9lo<\/strong>, chaque jeudi matin, y compris pendant les vacances scolaires, en dehors de la p\u00e9riode hivernale, avec des sorties \u00e0 la journ\u00e9e durant l\u2019\u00e9t\u00e9, d\u00e9part \u00e0 9 heures sauf en juillet et ao\u00fbt o\u00f9 le rendez-vous (situ\u00e9 sur le parking de \u00ab\u00a0Territoire de Marques\u00a0\u00bb rue Alphonse Matter) est fix\u00e9 \u00e0 8 heures;<\/li>\n<li>sortie en <strong>raquettes<\/strong> certains mercredi, selon l\u2019enneigement et la m\u00e9t\u00e9o;<\/li>\n<li><strong>la natation<\/strong>, qui avait lieu le mercredi apr\u00e8s-midi \u00e0 la piscine de G\u00e9rardmer jusqu\u2019au 6 mars 2019, ne reprendra qu\u2019en 2020 apr\u00e8s les travaux de reconstruction de l\u2019\u00e9tablissement.<\/li>\n<\/ul>\n<p>Vous pouvez avoir des informations compl\u00e9mentaires sur les dates des diff\u00e9rentes activit\u00e9s dans la rubrique \u00ab\u00a0\u00e9v\u00e9nements\u00a0\u00bb du site Internet du Club Coeur et Sant\u00e9 (colonne de droite), ou contacter l&rsquo;association gr\u00e2ce \u00e0 ce <strong><a href=\"http:\/\/coeuretsante.deodatie.fr\/contact\/\" target=\"_blank\" rel=\"noopener\">formulaire de contact<\/a><\/strong>.<\/p>\n<h3 id=\"caption-attachment-133031\" class=\"wp-caption-text\"><a href=\"\/2019\/08\/affichette-sur-activites-coeur-et-sante-1.jpg\" target=\"_blank\" rel=\"noopener\"><img decoding=\"async\" class=\"aligncenter wp-image-143226 size-large\" src=\"\/2019\/08\/affichette-sur-activites-coeur-et-sante-1-724x1024.jpg\" alt=\"affichette-sur-activites-coeur-et-sante-1\" width=\"724\" height=\"1024\" \/><\/a><strong>Conform\u00e9ment aux objectifs de la F\u00e9d\u00e9ration Fran\u00e7aise de Cardiologie, il met \u00e9galement en place des actions d\u2019information et de pr\u00e9vention des maladies cardiovasculaires en direction du grand public :<\/strong><\/h3>\n<ul>\n<li><strong>Parcours du C\u0153ur scolaire<\/strong> au printemps (<strong>jeudi 2 avril<\/strong> 2020), en partenariat avec l\u2019Inspection de l\u2019Education nationale,<\/li>\n<li><strong>Parcours du C\u0153ur grand public<\/strong>, le <strong>dimanche 5 avril<\/strong> au d\u00e9part de la maison de quartier de Marzelay,<\/li>\n<li>S<strong>emaine nationale du C\u0153ur<\/strong> fin septembre avec\u00a0la <strong>Marche du C\u0153ur le dimanche 22,<\/strong> une <strong>conf\u00e9rence sur l\u2019infarctus le mardi 24<\/strong> et la <strong>randonn\u00e9e urbaine en v\u00e9lo le samedi 28<\/strong> en partenariat avec l\u2019Engrenage,<\/li>\n<li>et <strong>formations gratuites aux gestes qui sauvent<\/strong> \u00e0 Saint-Di\u00e9 deux fois par an, en mai et novembre, ainsi que dans d\u2019autres communes en partenariat avec les municipalit\u00e9s.<\/li>\n<\/ul>\n<p>Le club rencontre r\u00e9guli\u00e8rement les personnes en <strong>r\u00e9adaptation cardiaque \u00e0 l\u2019h\u00f4pital<\/strong> apr\u00e8s un probl\u00e8me coronarien ou une intervention \u00e0 c\u0153ur ouvert.<\/p>\n<p>Pour les \u00e9l\u00e8ves, en partenariat avec l\u2019Inspection de l\u2019Education Nationale de Saint-Di\u00e9 et l\u2019USEP, il organise<\/p>\n<ul>\n<li>le <strong>Parcours du C\u0153ur scolaire<\/strong> qui aura lieu le<strong> jeudi 2 avril<\/strong> dans le Parc Jean Mansuy (mis en place en 1989),<\/li>\n<li>et les <strong>21 et 22 novembre, des journ\u00e9es de formation aux gestes qui sauvent<\/strong> organis\u00e9e depuis 1994 avec l\u2019appui des associations de formation et des sapeurs pompiers et avec le soutien logistique de la ville.<\/li>\n<\/ul>\n<p>Enfin, le Club Coeur et Sant\u00e9 a initi\u00e9 en 2007 le <strong>Projet D\u00e9fid\u00e9o<\/strong> qui est port\u00e9 par le Pays de la D\u00e9odatie et qui a permis l\u2019installation de pr\u00e8s de cents d\u00e9fibrillateurs automatiques externes accessibles au public 24 heures sur 24, ainsi que l\u2019organisation de nombreuses sessions de formation aux gestes d\u2019urgence. La prochaine remise des d\u00e9fibrillateurs aura lieu fin septembre \u00e0 l\u2019occasion de la Semaine du C\u0153ur.<\/p>\n<p><a href=\"\/2019\/08\/affichette-sur-les-activites-coeur-et-sante-2.jpg\" target=\"_blank\" rel=\"noopener\"><img decoding=\"async\" class=\"aligncenter wp-image-143227 size-large\" src=\"\/2019\/08\/affichette-sur-les-activites-coeur-et-sante-2-724x1024.jpg\" alt=\"affichette-sur-les-activites-coeur-et-sante-2\" width=\"724\" height=\"1024\" \/><\/a><\/p>\n","protected":false},"excerpt":{"rendered":"<p>Cr\u00e9\u00e9 en 1978, le Club Coeur et Sant\u00e9 de Saint-Di\u00e9-des-Vosges est rattach\u00e9 \u00e0 l\u2019Association de Cardiologie de Lorraine, elle m\u00eame [&hellip;]<\/p>\n","protected":false},"author":44,"featured_media":37333,"comment_status":"open","ping_status":"open","sticky":false,"template":"","format":"standard","meta":{"footnotes":""},"categories":[460,2915,17],"tags":[5278,7152,3314,5919,7153],"class_list":["post-37332","post","type-post","status-publish","format-standard","has-post-thumbnail","hentry","category-a-la-une","category-saint-die-son-canton","category-vie-associative","tag-association-de-cardiologie-de-lorraine","tag-club-coeur-et-sante","tag-club-coeur-et-sante-de-saint-die-des-vosges","tag-federation-francaise-de-cardiologie","tag-saison-2019-2020"],"acf":[],"yoast_head":"<!-- This site is optimized with the Yoast SEO plugin v22.5 - https:\/\/yoast.com\/wordpress\/plugins\/seo\/ -->\n<title>Les activit\u00e9s du Club C\u0153ur et Sant\u00e9 d\u00e9odatien pour l\u2019ann\u00e9e 2019-2020 - Saint Die Info<\/title>\n<meta name=\"robots\" content=\"index, follow, max-snippet:-1, max-image-preview:large, max-video-preview:-1\" \/>\n<link rel=\"canonical\" href=\"https:\/\/vosgesinfo.fr\/saintdieinfo\/2019\/08\/activites-club-coeur-sante-deodatien-lannee-2019-2020\/\" \/>\n<meta name=\"twitter:card\" content=\"summary_large_image\" \/>\n<meta name=\"twitter:title\" content=\"Les activit\u00e9s du Club C\u0153ur et Sant\u00e9 d\u00e9odatien pour l\u2019ann\u00e9e 2019-2020 - Saint Die Info\" \/>\n<meta name=\"twitter:description\" content=\"Cr\u00e9\u00e9 en 1978, le Club Coeur et Sant\u00e9 de Saint-Di\u00e9-des-Vosges est rattach\u00e9 \u00e0 l\u2019Association de Cardiologie de Lorraine, elle m\u00eame [&hellip;]\" \/>\n<meta name=\"twitter:image\" content=\"https:\/\/vosgesinfo.fr\/app\/uploads\/sites\/4\/2024\/08\/201908cs-81-012.jpg\" \/>\n<meta name=\"twitter:creator\" content=\"@VosgesInfo88\" \/>\n<meta name=\"twitter:site\" content=\"@VosgesInfo88\" \/>\n<meta name=\"twitter:label1\" content=\"\u00c9crit par\" \/>\n\t<meta name=\"twitter:data1\" content=\"la r\u00e9daction\" \/>\n\t<meta name=\"twitter:label2\" content=\"Dur\u00e9e de lecture estim\u00e9e\" \/>\n\t<meta name=\"twitter:data2\" content=\"3 minutes\" \/>\n<script type=\"application\/ld+json\" class=\"yoast-schema-graph\">{\"@context\":\"https:\/\/schema.org\",\"@graph\":[{\"@type\":\"Article\",\"@id\":\"https:\/\/vosgesinfo.fr\/saintdieinfo\/2019\/08\/activites-club-coeur-sante-deodatien-lannee-2019-2020\/#article\",\"isPartOf\":{\"@id\":\"https:\/\/vosgesinfo.fr\/saintdieinfo\/2019\/08\/activites-club-coeur-sante-deodatien-lannee-2019-2020\/\"},\"author\":{\"name\":\"la r\u00e9daction\",\"@id\":\"https:\/\/vosgesinfo.fr\/saintdieinfo\/#\/schema\/person\/faee6704a21f3977511db84bd1cd450f\"},\"headline\":\"Les activit\u00e9s du Club C\u0153ur et Sant\u00e9 d\u00e9odatien pour l\u2019ann\u00e9e 2019-2020\",\"datePublished\":\"2019-08-06T06:00:57+00:00\",\"dateModified\":\"2019-08-06T06:00:57+00:00\",\"mainEntityOfPage\":{\"@id\":\"https:\/\/vosgesinfo.fr\/saintdieinfo\/2019\/08\/activites-club-coeur-sante-deodatien-lannee-2019-2020\/\"},\"wordCount\":665,\"commentCount\":0,\"publisher\":{\"@id\":\"https:\/\/vosgesinfo.fr\/saintdieinfo\/#organization\"},\"image\":{\"@id\":\"https:\/\/vosgesinfo.fr\/saintdieinfo\/2019\/08\/activites-club-coeur-sante-deodatien-lannee-2019-2020\/#primaryimage\"},\"thumbnailUrl\":\"https:\/\/vosgesinfo.fr\/app\/uploads\/sites\/4\/2024\/08\/201908cs-81-012.jpg\",\"keywords\":[\"Association de Cardiologie de Lorraine\",\"Club Coeur et Sant\u00e9\",\"Club Coeur et Sant\u00e9 de Saint-Di\u00e9-des-Vosges\",\"F\u00e9d\u00e9ration Fran\u00e7aise de Cardiologie\",\"Saison 2019-2020\"],\"articleSection\":[\"A la Une\",\"Saint-Di\u00e9-des-Vosges et son Agglom\u00e9ration\",\"Vie Associative\"],\"inLanguage\":\"fr-FR\",\"potentialAction\":[{\"@type\":\"CommentAction\",\"name\":\"Comment\",\"target\":[\"https:\/\/vosgesinfo.fr\/saintdieinfo\/2019\/08\/activites-club-coeur-sante-deodatien-lannee-2019-2020\/#respond\"]}]},{\"@type\":\"WebPage\",\"@id\":\"https:\/\/vosgesinfo.fr\/saintdieinfo\/2019\/08\/activites-club-coeur-sante-deodatien-lannee-2019-2020\/\",\"url\":\"https:\/\/vosgesinfo.fr\/saintdieinfo\/2019\/08\/activites-club-coeur-sante-deodatien-lannee-2019-2020\/\",\"name\":\"Les activit\u00e9s du Club C\u0153ur et Sant\u00e9 d\u00e9odatien pour l\u2019ann\u00e9e 2019-2020 - Saint Die Info\",\"isPartOf\":{\"@id\":\"https:\/\/vosgesinfo.fr\/saintdieinfo\/#website\"},\"primaryImageOfPage\":{\"@id\":\"https:\/\/vosgesinfo.fr\/saintdieinfo\/2019\/08\/activites-club-coeur-sante-deodatien-lannee-2019-2020\/#primaryimage\"},\"image\":{\"@id\":\"https:\/\/vosgesinfo.fr\/saintdieinfo\/2019\/08\/activites-club-coeur-sante-deodatien-lannee-2019-2020\/#primaryimage\"},\"thumbnailUrl\":\"https:\/\/vosgesinfo.fr\/app\/uploads\/sites\/4\/2024\/08\/201908cs-81-012.jpg\",\"datePublished\":\"2019-08-06T06:00:57+00:00\",\"dateModified\":\"2019-08-06T06:00:57+00:00\",\"breadcrumb\":{\"@id\":\"https:\/\/vosgesinfo.fr\/saintdieinfo\/2019\/08\/activites-club-coeur-sante-deodatien-lannee-2019-2020\/#breadcrumb\"},\"inLanguage\":\"fr-FR\",\"potentialAction\":[{\"@type\":\"ReadAction\",\"target\":[\"https:\/\/vosgesinfo.fr\/saintdieinfo\/2019\/08\/activites-club-coeur-sante-deodatien-lannee-2019-2020\/\"]}]},{\"@type\":\"ImageObject\",\"inLanguage\":\"fr-FR\",\"@id\":\"https:\/\/vosgesinfo.fr\/saintdieinfo\/2019\/08\/activites-club-coeur-sante-deodatien-lannee-2019-2020\/#primaryimage\",\"url\":\"https:\/\/vosgesinfo.fr\/app\/uploads\/sites\/4\/2024\/08\/201908cs-81-012.jpg\",\"contentUrl\":\"https:\/\/vosgesinfo.fr\/app\/uploads\/sites\/4\/2024\/08\/201908cs-81-012.jpg\",\"width\":1070,\"height\":803},{\"@type\":\"BreadcrumbList\",\"@id\":\"https:\/\/vosgesinfo.fr\/saintdieinfo\/2019\/08\/activites-club-coeur-sante-deodatien-lannee-2019-2020\/#breadcrumb\",\"itemListElement\":[{\"@type\":\"ListItem\",\"position\":1,\"name\":\"Home\",\"item\":\"https:\/\/vosgesinfo.fr\/saintdieinfo\/\"},{\"@type\":\"ListItem\",\"position\":2,\"name\":\"Les activit\u00e9s du Club C\u0153ur et Sant\u00e9 d\u00e9odatien pour l\u2019ann\u00e9e 2019-2020\"}]},{\"@type\":\"WebSite\",\"@id\":\"https:\/\/vosgesinfo.fr\/saintdieinfo\/#website\",\"url\":\"https:\/\/vosgesinfo.fr\/saintdieinfo\/\",\"name\":\"Saint Die Info\",\"description\":\"Toute l&#039;actualit\u00e9 de Saint-Di\u00e9-Des-Vosges\",\"publisher\":{\"@id\":\"https:\/\/vosgesinfo.fr\/saintdieinfo\/#organization\"},\"alternateName\":\"Toute l'actualit\u00e9 de Saint-Di\u00e9-Des-Vosges\",\"potentialAction\":[{\"@type\":\"SearchAction\",\"target\":{\"@type\":\"EntryPoint\",\"urlTemplate\":\"https:\/\/vosgesinfo.fr\/saintdieinfo\/?s={search_term_string}\"},\"query-input\":\"required name=search_term_string\"}],\"inLanguage\":\"fr-FR\"},{\"@type\":\"Organization\",\"@id\":\"https:\/\/vosgesinfo.fr\/saintdieinfo\/#organization\",\"name\":\"Saint Die Info\",\"url\":\"https:\/\/vosgesinfo.fr\/saintdieinfo\/\",\"logo\":{\"@type\":\"ImageObject\",\"inLanguage\":\"fr-FR\",\"@id\":\"https:\/\/vosgesinfo.fr\/saintdieinfo\/#\/schema\/logo\/image\/\",\"url\":\"https:\/\/vosgesinfo.fr\/app\/uploads\/sites\/4\/2024\/02\/logo-sdi.jpg\",\"contentUrl\":\"https:\/\/vosgesinfo.fr\/app\/uploads\/sites\/4\/2024\/02\/logo-sdi.jpg\",\"width\":600,\"height\":600,\"caption\":\"Saint Die Info\"},\"image\":{\"@id\":\"https:\/\/vosgesinfo.fr\/saintdieinfo\/#\/schema\/logo\/image\/\"},\"sameAs\":[\"https:\/\/www.facebook.com\/Saintdieinfofr\",\"https:\/\/x.com\/VosgesInfo88\",\"https:\/\/www.youtube.com\/@vosgesinfo\"]},{\"@type\":\"Person\",\"@id\":\"https:\/\/vosgesinfo.fr\/saintdieinfo\/#\/schema\/person\/faee6704a21f3977511db84bd1cd450f\",\"name\":\"la r\u00e9daction\",\"image\":{\"@type\":\"ImageObject\",\"inLanguage\":\"fr-FR\",\"@id\":\"https:\/\/vosgesinfo.fr\/saintdieinfo\/#\/schema\/person\/image\/\",\"url\":\"https:\/\/secure.gravatar.com\/avatar\/6673d8bc6a9c17fa9a453eaa3448de834fa308c2ec9635b7aa99441a7c8d2cf6?s=96&d=mm&r=g\",\"contentUrl\":\"https:\/\/secure.gravatar.com\/avatar\/6673d8bc6a9c17fa9a453eaa3448de834fa308c2ec9635b7aa99441a7c8d2cf6?s=96&d=mm&r=g\",\"caption\":\"la r\u00e9daction\"},\"url\":\"https:\/\/vosgesinfo.fr\/saintdieinfo\/author\/redac\/\"}]}<\/script>\n<!-- \/ Yoast SEO plugin. -->","yoast_head_json":{"title":"Les activit\u00e9s du Club C\u0153ur et Sant\u00e9 d\u00e9odatien pour l\u2019ann\u00e9e 2019-2020 - Saint Die Info","robots":{"index":"index","follow":"follow","max-snippet":"max-snippet:-1","max-image-preview":"max-image-preview:large","max-video-preview":"max-video-preview:-1"},"canonical":"https:\/\/vosgesinfo.fr\/saintdieinfo\/2019\/08\/activites-club-coeur-sante-deodatien-lannee-2019-2020\/","twitter_card":"summary_large_image","twitter_title":"Les activit\u00e9s du Club C\u0153ur et Sant\u00e9 d\u00e9odatien pour l\u2019ann\u00e9e 2019-2020 - Saint Die Info","twitter_description":"Cr\u00e9\u00e9 en 1978, le Club Coeur et Sant\u00e9 de Saint-Di\u00e9-des-Vosges est rattach\u00e9 \u00e0 l\u2019Association de Cardiologie de Lorraine, elle m\u00eame [&hellip;]","twitter_image":"https:\/\/vosgesinfo.fr\/app\/uploads\/sites\/4\/2024\/08\/201908cs-81-012.jpg","twitter_creator":"@VosgesInfo88","twitter_site":"@VosgesInfo88","twitter_misc":{"\u00c9crit par":"la r\u00e9daction","Dur\u00e9e de lecture estim\u00e9e":"3 minutes"},"schema":{"@context":"https:\/\/schema.org","@graph":[{"@type":"Article","@id":"https:\/\/vosgesinfo.fr\/saintdieinfo\/2019\/08\/activites-club-coeur-sante-deodatien-lannee-2019-2020\/#article","isPartOf":{"@id":"https:\/\/vosgesinfo.fr\/saintdieinfo\/2019\/08\/activites-club-coeur-sante-deodatien-lannee-2019-2020\/"},"author":{"name":"la r\u00e9daction","@id":"https:\/\/vosgesinfo.fr\/saintdieinfo\/#\/schema\/person\/faee6704a21f3977511db84bd1cd450f"},"headline":"Les activit\u00e9s du Club C\u0153ur et Sant\u00e9 d\u00e9odatien pour l\u2019ann\u00e9e 2019-2020","datePublished":"2019-08-06T06:00:57+00:00","dateModified":"2019-08-06T06:00:57+00:00","mainEntityOfPage":{"@id":"https:\/\/vosgesinfo.fr\/saintdieinfo\/2019\/08\/activites-club-coeur-sante-deodatien-lannee-2019-2020\/"},"wordCount":665,"commentCount":0,"publisher":{"@id":"https:\/\/vosgesinfo.fr\/saintdieinfo\/#organization"},"image":{"@id":"https:\/\/vosgesinfo.fr\/saintdieinfo\/2019\/08\/activites-club-coeur-sante-deodatien-lannee-2019-2020\/#primaryimage"},"thumbnailUrl":"https:\/\/vosgesinfo.fr\/app\/uploads\/sites\/4\/2024\/08\/201908cs-81-012.jpg","keywords":["Association de Cardiologie de Lorraine","Club Coeur et Sant\u00e9","Club Coeur et Sant\u00e9 de Saint-Di\u00e9-des-Vosges","F\u00e9d\u00e9ration Fran\u00e7aise de Cardiologie","Saison 2019-2020"],"articleSection":["A la Une","Saint-Di\u00e9-des-Vosges et son Agglom\u00e9ration","Vie Associative"],"inLanguage":"fr-FR","potentialAction":[{"@type":"CommentAction","name":"Comment","target":["https:\/\/vosgesinfo.fr\/saintdieinfo\/2019\/08\/activites-club-coeur-sante-deodatien-lannee-2019-2020\/#respond"]}]},{"@type":"WebPage","@id":"https:\/\/vosgesinfo.fr\/saintdieinfo\/2019\/08\/activites-club-coeur-sante-deodatien-lannee-2019-2020\/","url":"https:\/\/vosgesinfo.fr\/saintdieinfo\/2019\/08\/activites-club-coeur-sante-deodatien-lannee-2019-2020\/","name":"Les activit\u00e9s du Club C\u0153ur et Sant\u00e9 d\u00e9odatien pour l\u2019ann\u00e9e 2019-2020 - Saint Die Info","isPartOf":{"@id":"https:\/\/vosgesinfo.fr\/saintdieinfo\/#website"},"primaryImageOfPage":{"@id":"https:\/\/vosgesinfo.fr\/saintdieinfo\/2019\/08\/activites-club-coeur-sante-deodatien-lannee-2019-2020\/#primaryimage"},"image":{"@id":"https:\/\/vosgesinfo.fr\/saintdieinfo\/2019\/08\/activites-club-coeur-sante-deodatien-lannee-2019-2020\/#primaryimage"},"thumbnailUrl":"https:\/\/vosgesinfo.fr\/app\/uploads\/sites\/4\/2024\/08\/201908cs-81-012.jpg","datePublished":"2019-08-06T06:00:57+00:00","dateModified":"2019-08-06T06:00:57+00:00","breadcrumb":{"@id":"https:\/\/vosgesinfo.fr\/saintdieinfo\/2019\/08\/activites-club-coeur-sante-deodatien-lannee-2019-2020\/#breadcrumb"},"inLanguage":"fr-FR","potentialAction":[{"@type":"ReadAction","target":["https:\/\/vosgesinfo.fr\/saintdieinfo\/2019\/08\/activites-club-coeur-sante-deodatien-lannee-2019-2020\/"]}]},{"@type":"ImageObject","inLanguage":"fr-FR","@id":"https:\/\/vosgesinfo.fr\/saintdieinfo\/2019\/08\/activites-club-coeur-sante-deodatien-lannee-2019-2020\/#primaryimage","url":"https:\/\/vosgesinfo.fr\/app\/uploads\/sites\/4\/2024\/08\/201908cs-81-012.jpg","contentUrl":"https:\/\/vosgesinfo.fr\/app\/uploads\/sites\/4\/2024\/08\/201908cs-81-012.jpg","width":1070,"height":803},{"@type":"BreadcrumbList","@id":"https:\/\/vosgesinfo.fr\/saintdieinfo\/2019\/08\/activites-club-coeur-sante-deodatien-lannee-2019-2020\/#breadcrumb","itemListElement":[{"@type":"ListItem","position":1,"name":"Home","item":"https:\/\/vosgesinfo.fr\/saintdieinfo\/"},{"@type":"ListItem","position":2,"name":"Les activit\u00e9s du Club C\u0153ur et Sant\u00e9 d\u00e9odatien pour l\u2019ann\u00e9e 2019-2020"}]},{"@type":"WebSite","@id":"https:\/\/vosgesinfo.fr\/saintdieinfo\/#website","url":"https:\/\/vosgesinfo.fr\/saintdieinfo\/","name":"Saint Die Info","description":"Toute l&#039;actualit\u00e9 de Saint-Di\u00e9-Des-Vosges","publisher":{"@id":"https:\/\/vosgesinfo.fr\/saintdieinfo\/#organization"},"alternateName":"Toute l'actualit\u00e9 de Saint-Di\u00e9-Des-Vosges","potentialAction":[{"@type":"SearchAction","target":{"@type":"EntryPoint","urlTemplate":"https:\/\/vosgesinfo.fr\/saintdieinfo\/?s={search_term_string}"},"query-input":"required name=search_term_string"}],"inLanguage":"fr-FR"},{"@type":"Organization","@id":"https:\/\/vosgesinfo.fr\/saintdieinfo\/#organization","name":"Saint Die Info","url":"https:\/\/vosgesinfo.fr\/saintdieinfo\/","logo":{"@type":"ImageObject","inLanguage":"fr-FR","@id":"https:\/\/vosgesinfo.fr\/saintdieinfo\/#\/schema\/logo\/image\/","url":"https:\/\/vosgesinfo.fr\/app\/uploads\/sites\/4\/2024\/02\/logo-sdi.jpg","contentUrl":"https:\/\/vosgesinfo.fr\/app\/uploads\/sites\/4\/2024\/02\/logo-sdi.jpg","width":600,"height":600,"caption":"Saint Die Info"},"image":{"@id":"https:\/\/vosgesinfo.fr\/saintdieinfo\/#\/schema\/logo\/image\/"},"sameAs":["https:\/\/www.facebook.com\/Saintdieinfofr","https:\/\/x.com\/VosgesInfo88","https:\/\/www.youtube.com\/@vosgesinfo"]},{"@type":"Person","@id":"https:\/\/vosgesinfo.fr\/saintdieinfo\/#\/schema\/person\/faee6704a21f3977511db84bd1cd450f","name":"la r\u00e9daction","image":{"@type":"ImageObject","inLanguage":"fr-FR","@id":"https:\/\/vosgesinfo.fr\/saintdieinfo\/#\/schema\/person\/image\/","url":"https:\/\/secure.gravatar.com\/avatar\/6673d8bc6a9c17fa9a453eaa3448de834fa308c2ec9635b7aa99441a7c8d2cf6?s=96&d=mm&r=g","contentUrl":"https:\/\/secure.gravatar.com\/avatar\/6673d8bc6a9c17fa9a453eaa3448de834fa308c2ec9635b7aa99441a7c8d2cf6?s=96&d=mm&r=g","caption":"la r\u00e9daction"},"url":"https:\/\/vosgesinfo.fr\/saintdieinfo\/author\/redac\/"}]}},"_links":{"self":[{"href":"https:\/\/vosgesinfo.fr\/saintdieinfo\/wp-json\/wp\/v2\/posts\/37332","targetHints":{"allow":["GET"]}}],"collection":[{"href":"https:\/\/vosgesinfo.fr\/saintdieinfo\/wp-json\/wp\/v2\/posts"}],"about":[{"href":"https:\/\/vosgesinfo.fr\/saintdieinfo\/wp-json\/wp\/v2\/types\/post"}],"author":[{"embeddable":true,"href":"https:\/\/vosgesinfo.fr\/saintdieinfo\/wp-json\/wp\/v2\/users\/44"}],"replies":[{"embeddable":true,"href":"https:\/\/vosgesinfo.fr\/saintdieinfo\/wp-json\/wp\/v2\/comments?post=37332"}],"version-history":[{"count":0,"href":"https:\/\/vosgesinfo.fr\/saintdieinfo\/wp-json\/wp\/v2\/posts\/37332\/revisions"}],"wp:featuredmedia":[{"embeddable":true,"href":"https:\/\/vosgesinfo.fr\/saintdieinfo\/wp-json\/wp\/v2\/media\/37333"}],"wp:attachment":[{"href":"https:\/\/vosgesinfo.fr\/saintdieinfo\/wp-json\/wp\/v2\/media?parent=37332"}],"wp:term":[{"taxonomy":"category","embeddable":true,"href":"https:\/\/vosgesinfo.fr\/saintdieinfo\/wp-json\/wp\/v2\/categories?post=37332"},{"taxonomy":"post_tag","embeddable":true,"href":"https:\/\/vosgesinfo.fr\/saintdieinfo\/wp-json\/wp\/v2\/tags?post=37332"}],"curies":[{"name":"wp","href":"https:\/\/api.w.org\/{rel}","templated":true}]}}