{"id":37355,"date":"2019-08-07T05:00:00","date_gmt":"2019-08-07T03:00:00","guid":{"rendered":"https:\/\/vosgesinfo.fr\/saintdieinfo\/2019\/08\/vosges-visite-de-lentreprise-fives-cryo-de-golbey\/"},"modified":"2019-08-07T05:00:00","modified_gmt":"2019-08-07T03:00:00","slug":"vosges-visite-de-lentreprise-fives-cryo-de-golbey","status":"publish","type":"post","link":"https:\/\/vosgesinfo.fr\/saintdieinfo\/2019\/08\/vosges-visite-de-lentreprise-fives-cryo-de-golbey\/","title":{"rendered":"Vosges \u2013 Visite de l\u2019entreprise Fives Cryo de Golbey"},"content":{"rendered":"<div id=\"attachment_143262\" style=\"width: 970px\" class=\"wp-caption aligncenter\"><a href=\"\/2019\/08\/fives-crio.jpg\" target=\"_blank\" rel=\"noopener\"><img decoding=\"async\" aria-describedby=\"caption-attachment-143262\" class=\"wp-image-143262 size-large\" src=\"\/2019\/08\/fives-crio-1024x589.jpg\" alt=\"fives-crio\" width=\"960\" height=\"552\" \/><\/a><p id=\"caption-attachment-143262\" class=\"wp-caption-text\">(Cr\u00e9dits photographiques Pr\u00e9fecture des Vosges)<\/p><\/div>\n<h2><span style=\"font-size: 14pt;\"><strong>Julien LE GOFF, Secr\u00e9taire G\u00e9n\u00e9ral de la Pr\u00e9fecture des Vosges, accompagn\u00e9 de Florence HENNEQUIN, charg\u00e9e de mission au Secr\u00e9tariat G\u00e9n\u00e9ral, a visit\u00e9 hier l\u2019entreprise \u00ab FIVES CRYO \u00bb, situ\u00e9e \u00e0 Golbey, \u00e0 l\u2019invitation de son Pr\u00e9sident, Micka\u00ebl GRIVEL.<\/strong><\/span><\/h2>\n<p><!--more--><\/p>\n<p>Groupe d\u2019ing\u00e9nierie industrielle, \u00ab FIVES \u00bb con\u00e7oit et r\u00e9alise des machines, des \u00e9quipements de proc\u00e9d\u00e9 et des lignes de production pour les grands industriels mondiaux des secteurs de l\u2019acier, de l\u2019a\u00e9ronautique, de l\u2019aluminium, d<span class=\"text_exposed_show\">e l\u2019automobile, du ciment et des min\u00e9raux de l\u2019\u00e9nergie, de la logistique et du verre. Implant\u00e9 dans pr\u00e8s d\u2019une trentaine de pays et comptant pr\u00e8s de 8 700 collaborateurs, le groupe \u00ab FIVES \u00bb est reconnu pour sa ma\u00eetrise technologique et ses comp\u00e9tences dans la r\u00e9alisation de projets partout dans le monde.<br \/>\n<\/span><\/p>\n<p><span class=\"text_exposed_show\">Le site de Golbey \u00ab FIVES CRYO \u00bb, qui emploie environ 300 personnes, con\u00e7oit et r\u00e9alise des \u00e9changeurs de chaleur \u00e0 plaques et ondes en aluminium bras\u00e9 pour les industries de l\u2019\u00e9nergie. Ces \u00e9quipements sont destin\u00e9s \u00e0 \u00eatre int\u00e9gr\u00e9s dans des proc\u00e9d\u00e9s cryog\u00e9niques des unit\u00e9s de s\u00e9paration des gaz de l\u2019air (azote, oxyg\u00e8ne et argon), de production d\u2019\u00e9thyl\u00e8ne, de traitement des gaz, de liqu\u00e9faction et de traitement du gaz naturel, de liqu\u00e9faction d\u2019hydrog\u00e8ne et d\u2019h\u00e9lium.<br \/>\n<\/span><\/p>\n<p><span class=\"text_exposed_show\">Au cours de cette visite, ont \u00e9t\u00e9 abord\u00e9s les questions de l\u2019am\u00e9lioration du volet \u00e9nerg\u00e9tique du site de Golbey, qui passe notamment par la r\u00e9alisation actuelle de travaux portant sur la r\u00e9novation de la toiture des ateliers. Une r\u00e9flexion est aussi engag\u00e9e sur une r\u00e9duction de la facture \u00e9nerg\u00e9tique de cette entreprise. Enfin, a \u00e9t\u00e9 \u00e9voqu\u00e9e la question de la mise en corr\u00e9lation du besoin de l\u2019entreprise en personnels qualifi\u00e9s (notamment les monteurs en chaudronnerie) et l\u2019offre du march\u00e9 de l\u2019emploi.<\/span><\/p>\n\n","protected":false},"excerpt":{"rendered":"<p>Julien LE GOFF, Secr\u00e9taire G\u00e9n\u00e9ral de la Pr\u00e9fecture des Vosges, accompagn\u00e9 de Florence HENNEQUIN, charg\u00e9e de mission au Secr\u00e9tariat G\u00e9n\u00e9ral, [&hellip;]<\/p>\n","protected":false},"author":44,"featured_media":37356,"comment_status":"open","ping_status":"open","sticky":false,"template":"","format":"standard","meta":{"footnotes":""},"categories":[460,5,18],"tags":[7161,335,550],"class_list":["post-37355","post","type-post","status-publish","format-standard","has-post-thumbnail","hentry","category-a-la-une","category-economie","category-vosges","tag-fives-cryo","tag-golbey","tag-prefecture-des-vosges"],"acf":[],"yoast_head":"<!-- This site is optimized with the Yoast SEO plugin v22.5 - https:\/\/yoast.com\/wordpress\/plugins\/seo\/ -->\n<title>Vosges \u2013 Visite de l\u2019entreprise Fives Cryo de Golbey - Saint Die Info<\/title>\n<meta name=\"robots\" content=\"index, follow, max-snippet:-1, max-image-preview:large, max-video-preview:-1\" \/>\n<link rel=\"canonical\" href=\"https:\/\/vosgesinfo.fr\/saintdieinfo\/2019\/08\/vosges-visite-de-lentreprise-fives-cryo-de-golbey\/\" \/>\n<meta name=\"twitter:card\" content=\"summary_large_image\" \/>\n<meta name=\"twitter:title\" content=\"Vosges \u2013 Visite de l\u2019entreprise Fives Cryo de Golbey - Saint Die Info\" \/>\n<meta name=\"twitter:description\" content=\"Julien LE GOFF, Secr\u00e9taire G\u00e9n\u00e9ral de la Pr\u00e9fecture des Vosges, accompagn\u00e9 de Florence HENNEQUIN, charg\u00e9e de mission au Secr\u00e9tariat G\u00e9n\u00e9ral, [&hellip;]\" \/>\n<meta name=\"twitter:image\" content=\"https:\/\/vosgesinfo.fr\/app\/uploads\/sites\/4\/2024\/08\/201908fives-crio.jpg\" \/>\n<meta name=\"twitter:creator\" content=\"@VosgesInfo88\" \/>\n<meta name=\"twitter:site\" content=\"@VosgesInfo88\" \/>\n<meta name=\"twitter:label1\" content=\"\u00c9crit par\" \/>\n\t<meta name=\"twitter:data1\" content=\"la r\u00e9daction\" \/>\n\t<meta name=\"twitter:label2\" content=\"Dur\u00e9e de lecture estim\u00e9e\" \/>\n\t<meta name=\"twitter:data2\" content=\"2 minutes\" \/>\n<script type=\"application\/ld+json\" class=\"yoast-schema-graph\">{\"@context\":\"https:\/\/schema.org\",\"@graph\":[{\"@type\":\"Article\",\"@id\":\"https:\/\/vosgesinfo.fr\/saintdieinfo\/2019\/08\/vosges-visite-de-lentreprise-fives-cryo-de-golbey\/#article\",\"isPartOf\":{\"@id\":\"https:\/\/vosgesinfo.fr\/saintdieinfo\/2019\/08\/vosges-visite-de-lentreprise-fives-cryo-de-golbey\/\"},\"author\":{\"name\":\"la r\u00e9daction\",\"@id\":\"https:\/\/vosgesinfo.fr\/saintdieinfo\/#\/schema\/person\/faee6704a21f3977511db84bd1cd450f\"},\"headline\":\"Vosges \u2013 Visite de l\u2019entreprise Fives Cryo de Golbey\",\"datePublished\":\"2019-08-07T03:00:00+00:00\",\"dateModified\":\"2019-08-07T03:00:00+00:00\",\"mainEntityOfPage\":{\"@id\":\"https:\/\/vosgesinfo.fr\/saintdieinfo\/2019\/08\/vosges-visite-de-lentreprise-fives-cryo-de-golbey\/\"},\"wordCount\":361,\"commentCount\":0,\"publisher\":{\"@id\":\"https:\/\/vosgesinfo.fr\/saintdieinfo\/#organization\"},\"image\":{\"@id\":\"https:\/\/vosgesinfo.fr\/saintdieinfo\/2019\/08\/vosges-visite-de-lentreprise-fives-cryo-de-golbey\/#primaryimage\"},\"thumbnailUrl\":\"https:\/\/vosgesinfo.fr\/app\/uploads\/sites\/4\/2024\/08\/201908fives-crio.jpg\",\"keywords\":[\"Fives Cryo\",\"Golbey\",\"pr\u00e9fecture des Vosges\"],\"articleSection\":[\"A la Une\",\"\u00c9conomie\",\"Vosges\"],\"inLanguage\":\"fr-FR\",\"potentialAction\":[{\"@type\":\"CommentAction\",\"name\":\"Comment\",\"target\":[\"https:\/\/vosgesinfo.fr\/saintdieinfo\/2019\/08\/vosges-visite-de-lentreprise-fives-cryo-de-golbey\/#respond\"]}]},{\"@type\":\"WebPage\",\"@id\":\"https:\/\/vosgesinfo.fr\/saintdieinfo\/2019\/08\/vosges-visite-de-lentreprise-fives-cryo-de-golbey\/\",\"url\":\"https:\/\/vosgesinfo.fr\/saintdieinfo\/2019\/08\/vosges-visite-de-lentreprise-fives-cryo-de-golbey\/\",\"name\":\"Vosges \u2013 Visite de l\u2019entreprise Fives Cryo de Golbey - Saint Die Info\",\"isPartOf\":{\"@id\":\"https:\/\/vosgesinfo.fr\/saintdieinfo\/#website\"},\"primaryImageOfPage\":{\"@id\":\"https:\/\/vosgesinfo.fr\/saintdieinfo\/2019\/08\/vosges-visite-de-lentreprise-fives-cryo-de-golbey\/#primaryimage\"},\"image\":{\"@id\":\"https:\/\/vosgesinfo.fr\/saintdieinfo\/2019\/08\/vosges-visite-de-lentreprise-fives-cryo-de-golbey\/#primaryimage\"},\"thumbnailUrl\":\"https:\/\/vosgesinfo.fr\/app\/uploads\/sites\/4\/2024\/08\/201908fives-crio.jpg\",\"datePublished\":\"2019-08-07T03:00:00+00:00\",\"dateModified\":\"2019-08-07T03:00:00+00:00\",\"breadcrumb\":{\"@id\":\"https:\/\/vosgesinfo.fr\/saintdieinfo\/2019\/08\/vosges-visite-de-lentreprise-fives-cryo-de-golbey\/#breadcrumb\"},\"inLanguage\":\"fr-FR\",\"potentialAction\":[{\"@type\":\"ReadAction\",\"target\":[\"https:\/\/vosgesinfo.fr\/saintdieinfo\/2019\/08\/vosges-visite-de-lentreprise-fives-cryo-de-golbey\/\"]}]},{\"@type\":\"ImageObject\",\"inLanguage\":\"fr-FR\",\"@id\":\"https:\/\/vosgesinfo.fr\/saintdieinfo\/2019\/08\/vosges-visite-de-lentreprise-fives-cryo-de-golbey\/#primaryimage\",\"url\":\"https:\/\/vosgesinfo.fr\/app\/uploads\/sites\/4\/2024\/08\/201908fives-crio.jpg\",\"contentUrl\":\"https:\/\/vosgesinfo.fr\/app\/uploads\/sites\/4\/2024\/08\/201908fives-crio.jpg\",\"width\":2044,\"height\":1176},{\"@type\":\"BreadcrumbList\",\"@id\":\"https:\/\/vosgesinfo.fr\/saintdieinfo\/2019\/08\/vosges-visite-de-lentreprise-fives-cryo-de-golbey\/#breadcrumb\",\"itemListElement\":[{\"@type\":\"ListItem\",\"position\":1,\"name\":\"Home\",\"item\":\"https:\/\/vosgesinfo.fr\/saintdieinfo\/\"},{\"@type\":\"ListItem\",\"position\":2,\"name\":\"Vosges \u2013 Visite de l\u2019entreprise Fives Cryo de Golbey\"}]},{\"@type\":\"WebSite\",\"@id\":\"https:\/\/vosgesinfo.fr\/saintdieinfo\/#website\",\"url\":\"https:\/\/vosgesinfo.fr\/saintdieinfo\/\",\"name\":\"Saint Die Info\",\"description\":\"Toute l&#039;actualit\u00e9 de Saint-Di\u00e9-Des-Vosges\",\"publisher\":{\"@id\":\"https:\/\/vosgesinfo.fr\/saintdieinfo\/#organization\"},\"alternateName\":\"Toute l'actualit\u00e9 de Saint-Di\u00e9-Des-Vosges\",\"potentialAction\":[{\"@type\":\"SearchAction\",\"target\":{\"@type\":\"EntryPoint\",\"urlTemplate\":\"https:\/\/vosgesinfo.fr\/saintdieinfo\/?s={search_term_string}\"},\"query-input\":\"required name=search_term_string\"}],\"inLanguage\":\"fr-FR\"},{\"@type\":\"Organization\",\"@id\":\"https:\/\/vosgesinfo.fr\/saintdieinfo\/#organization\",\"name\":\"Saint Die Info\",\"url\":\"https:\/\/vosgesinfo.fr\/saintdieinfo\/\",\"logo\":{\"@type\":\"ImageObject\",\"inLanguage\":\"fr-FR\",\"@id\":\"https:\/\/vosgesinfo.fr\/saintdieinfo\/#\/schema\/logo\/image\/\",\"url\":\"https:\/\/vosgesinfo.fr\/app\/uploads\/sites\/4\/2024\/02\/logo-sdi.jpg\",\"contentUrl\":\"https:\/\/vosgesinfo.fr\/app\/uploads\/sites\/4\/2024\/02\/logo-sdi.jpg\",\"width\":600,\"height\":600,\"caption\":\"Saint Die Info\"},\"image\":{\"@id\":\"https:\/\/vosgesinfo.fr\/saintdieinfo\/#\/schema\/logo\/image\/\"},\"sameAs\":[\"https:\/\/www.facebook.com\/Saintdieinfofr\",\"https:\/\/x.com\/VosgesInfo88\",\"https:\/\/www.youtube.com\/@vosgesinfo\"]},{\"@type\":\"Person\",\"@id\":\"https:\/\/vosgesinfo.fr\/saintdieinfo\/#\/schema\/person\/faee6704a21f3977511db84bd1cd450f\",\"name\":\"la r\u00e9daction\",\"image\":{\"@type\":\"ImageObject\",\"inLanguage\":\"fr-FR\",\"@id\":\"https:\/\/vosgesinfo.fr\/saintdieinfo\/#\/schema\/person\/image\/\",\"url\":\"https:\/\/secure.gravatar.com\/avatar\/6673d8bc6a9c17fa9a453eaa3448de834fa308c2ec9635b7aa99441a7c8d2cf6?s=96&d=mm&r=g\",\"contentUrl\":\"https:\/\/secure.gravatar.com\/avatar\/6673d8bc6a9c17fa9a453eaa3448de834fa308c2ec9635b7aa99441a7c8d2cf6?s=96&d=mm&r=g\",\"caption\":\"la r\u00e9daction\"},\"url\":\"https:\/\/vosgesinfo.fr\/saintdieinfo\/author\/redac\/\"}]}<\/script>\n<!-- \/ Yoast SEO plugin. -->","yoast_head_json":{"title":"Vosges \u2013 Visite de l\u2019entreprise Fives Cryo de Golbey - Saint Die Info","robots":{"index":"index","follow":"follow","max-snippet":"max-snippet:-1","max-image-preview":"max-image-preview:large","max-video-preview":"max-video-preview:-1"},"canonical":"https:\/\/vosgesinfo.fr\/saintdieinfo\/2019\/08\/vosges-visite-de-lentreprise-fives-cryo-de-golbey\/","twitter_card":"summary_large_image","twitter_title":"Vosges \u2013 Visite de l\u2019entreprise Fives Cryo de Golbey - Saint Die Info","twitter_description":"Julien LE GOFF, Secr\u00e9taire G\u00e9n\u00e9ral de la Pr\u00e9fecture des Vosges, accompagn\u00e9 de Florence HENNEQUIN, charg\u00e9e de mission au Secr\u00e9tariat G\u00e9n\u00e9ral, [&hellip;]","twitter_image":"https:\/\/vosgesinfo.fr\/app\/uploads\/sites\/4\/2024\/08\/201908fives-crio.jpg","twitter_creator":"@VosgesInfo88","twitter_site":"@VosgesInfo88","twitter_misc":{"\u00c9crit par":"la r\u00e9daction","Dur\u00e9e de lecture estim\u00e9e":"2 minutes"},"schema":{"@context":"https:\/\/schema.org","@graph":[{"@type":"Article","@id":"https:\/\/vosgesinfo.fr\/saintdieinfo\/2019\/08\/vosges-visite-de-lentreprise-fives-cryo-de-golbey\/#article","isPartOf":{"@id":"https:\/\/vosgesinfo.fr\/saintdieinfo\/2019\/08\/vosges-visite-de-lentreprise-fives-cryo-de-golbey\/"},"author":{"name":"la r\u00e9daction","@id":"https:\/\/vosgesinfo.fr\/saintdieinfo\/#\/schema\/person\/faee6704a21f3977511db84bd1cd450f"},"headline":"Vosges \u2013 Visite de l\u2019entreprise Fives Cryo de Golbey","datePublished":"2019-08-07T03:00:00+00:00","dateModified":"2019-08-07T03:00:00+00:00","mainEntityOfPage":{"@id":"https:\/\/vosgesinfo.fr\/saintdieinfo\/2019\/08\/vosges-visite-de-lentreprise-fives-cryo-de-golbey\/"},"wordCount":361,"commentCount":0,"publisher":{"@id":"https:\/\/vosgesinfo.fr\/saintdieinfo\/#organization"},"image":{"@id":"https:\/\/vosgesinfo.fr\/saintdieinfo\/2019\/08\/vosges-visite-de-lentreprise-fives-cryo-de-golbey\/#primaryimage"},"thumbnailUrl":"https:\/\/vosgesinfo.fr\/app\/uploads\/sites\/4\/2024\/08\/201908fives-crio.jpg","keywords":["Fives Cryo","Golbey","pr\u00e9fecture des Vosges"],"articleSection":["A la Une","\u00c9conomie","Vosges"],"inLanguage":"fr-FR","potentialAction":[{"@type":"CommentAction","name":"Comment","target":["https:\/\/vosgesinfo.fr\/saintdieinfo\/2019\/08\/vosges-visite-de-lentreprise-fives-cryo-de-golbey\/#respond"]}]},{"@type":"WebPage","@id":"https:\/\/vosgesinfo.fr\/saintdieinfo\/2019\/08\/vosges-visite-de-lentreprise-fives-cryo-de-golbey\/","url":"https:\/\/vosgesinfo.fr\/saintdieinfo\/2019\/08\/vosges-visite-de-lentreprise-fives-cryo-de-golbey\/","name":"Vosges \u2013 Visite de l\u2019entreprise Fives Cryo de Golbey - Saint Die Info","isPartOf":{"@id":"https:\/\/vosgesinfo.fr\/saintdieinfo\/#website"},"primaryImageOfPage":{"@id":"https:\/\/vosgesinfo.fr\/saintdieinfo\/2019\/08\/vosges-visite-de-lentreprise-fives-cryo-de-golbey\/#primaryimage"},"image":{"@id":"https:\/\/vosgesinfo.fr\/saintdieinfo\/2019\/08\/vosges-visite-de-lentreprise-fives-cryo-de-golbey\/#primaryimage"},"thumbnailUrl":"https:\/\/vosgesinfo.fr\/app\/uploads\/sites\/4\/2024\/08\/201908fives-crio.jpg","datePublished":"2019-08-07T03:00:00+00:00","dateModified":"2019-08-07T03:00:00+00:00","breadcrumb":{"@id":"https:\/\/vosgesinfo.fr\/saintdieinfo\/2019\/08\/vosges-visite-de-lentreprise-fives-cryo-de-golbey\/#breadcrumb"},"inLanguage":"fr-FR","potentialAction":[{"@type":"ReadAction","target":["https:\/\/vosgesinfo.fr\/saintdieinfo\/2019\/08\/vosges-visite-de-lentreprise-fives-cryo-de-golbey\/"]}]},{"@type":"ImageObject","inLanguage":"fr-FR","@id":"https:\/\/vosgesinfo.fr\/saintdieinfo\/2019\/08\/vosges-visite-de-lentreprise-fives-cryo-de-golbey\/#primaryimage","url":"https:\/\/vosgesinfo.fr\/app\/uploads\/sites\/4\/2024\/08\/201908fives-crio.jpg","contentUrl":"https:\/\/vosgesinfo.fr\/app\/uploads\/sites\/4\/2024\/08\/201908fives-crio.jpg","width":2044,"height":1176},{"@type":"BreadcrumbList","@id":"https:\/\/vosgesinfo.fr\/saintdieinfo\/2019\/08\/vosges-visite-de-lentreprise-fives-cryo-de-golbey\/#breadcrumb","itemListElement":[{"@type":"ListItem","position":1,"name":"Home","item":"https:\/\/vosgesinfo.fr\/saintdieinfo\/"},{"@type":"ListItem","position":2,"name":"Vosges \u2013 Visite de l\u2019entreprise Fives Cryo de Golbey"}]},{"@type":"WebSite","@id":"https:\/\/vosgesinfo.fr\/saintdieinfo\/#website","url":"https:\/\/vosgesinfo.fr\/saintdieinfo\/","name":"Saint Die Info","description":"Toute l&#039;actualit\u00e9 de Saint-Di\u00e9-Des-Vosges","publisher":{"@id":"https:\/\/vosgesinfo.fr\/saintdieinfo\/#organization"},"alternateName":"Toute l'actualit\u00e9 de Saint-Di\u00e9-Des-Vosges","potentialAction":[{"@type":"SearchAction","target":{"@type":"EntryPoint","urlTemplate":"https:\/\/vosgesinfo.fr\/saintdieinfo\/?s={search_term_string}"},"query-input":"required name=search_term_string"}],"inLanguage":"fr-FR"},{"@type":"Organization","@id":"https:\/\/vosgesinfo.fr\/saintdieinfo\/#organization","name":"Saint Die Info","url":"https:\/\/vosgesinfo.fr\/saintdieinfo\/","logo":{"@type":"ImageObject","inLanguage":"fr-FR","@id":"https:\/\/vosgesinfo.fr\/saintdieinfo\/#\/schema\/logo\/image\/","url":"https:\/\/vosgesinfo.fr\/app\/uploads\/sites\/4\/2024\/02\/logo-sdi.jpg","contentUrl":"https:\/\/vosgesinfo.fr\/app\/uploads\/sites\/4\/2024\/02\/logo-sdi.jpg","width":600,"height":600,"caption":"Saint Die Info"},"image":{"@id":"https:\/\/vosgesinfo.fr\/saintdieinfo\/#\/schema\/logo\/image\/"},"sameAs":["https:\/\/www.facebook.com\/Saintdieinfofr","https:\/\/x.com\/VosgesInfo88","https:\/\/www.youtube.com\/@vosgesinfo"]},{"@type":"Person","@id":"https:\/\/vosgesinfo.fr\/saintdieinfo\/#\/schema\/person\/faee6704a21f3977511db84bd1cd450f","name":"la r\u00e9daction","image":{"@type":"ImageObject","inLanguage":"fr-FR","@id":"https:\/\/vosgesinfo.fr\/saintdieinfo\/#\/schema\/person\/image\/","url":"https:\/\/secure.gravatar.com\/avatar\/6673d8bc6a9c17fa9a453eaa3448de834fa308c2ec9635b7aa99441a7c8d2cf6?s=96&d=mm&r=g","contentUrl":"https:\/\/secure.gravatar.com\/avatar\/6673d8bc6a9c17fa9a453eaa3448de834fa308c2ec9635b7aa99441a7c8d2cf6?s=96&d=mm&r=g","caption":"la r\u00e9daction"},"url":"https:\/\/vosgesinfo.fr\/saintdieinfo\/author\/redac\/"}]}},"_links":{"self":[{"href":"https:\/\/vosgesinfo.fr\/saintdieinfo\/wp-json\/wp\/v2\/posts\/37355","targetHints":{"allow":["GET"]}}],"collection":[{"href":"https:\/\/vosgesinfo.fr\/saintdieinfo\/wp-json\/wp\/v2\/posts"}],"about":[{"href":"https:\/\/vosgesinfo.fr\/saintdieinfo\/wp-json\/wp\/v2\/types\/post"}],"author":[{"embeddable":true,"href":"https:\/\/vosgesinfo.fr\/saintdieinfo\/wp-json\/wp\/v2\/users\/44"}],"replies":[{"embeddable":true,"href":"https:\/\/vosgesinfo.fr\/saintdieinfo\/wp-json\/wp\/v2\/comments?post=37355"}],"version-history":[{"count":0,"href":"https:\/\/vosgesinfo.fr\/saintdieinfo\/wp-json\/wp\/v2\/posts\/37355\/revisions"}],"wp:featuredmedia":[{"embeddable":true,"href":"https:\/\/vosgesinfo.fr\/saintdieinfo\/wp-json\/wp\/v2\/media\/37356"}],"wp:attachment":[{"href":"https:\/\/vosgesinfo.fr\/saintdieinfo\/wp-json\/wp\/v2\/media?parent=37355"}],"wp:term":[{"taxonomy":"category","embeddable":true,"href":"https:\/\/vosgesinfo.fr\/saintdieinfo\/wp-json\/wp\/v2\/categories?post=37355"},{"taxonomy":"post_tag","embeddable":true,"href":"https:\/\/vosgesinfo.fr\/saintdieinfo\/wp-json\/wp\/v2\/tags?post=37355"}],"curies":[{"name":"wp","href":"https:\/\/api.w.org\/{rel}","templated":true}]}}