{"id":37370,"date":"2019-08-07T08:00:34","date_gmt":"2019-08-07T06:00:34","guid":{"rendered":"https:\/\/vosgesinfo.fr\/saintdieinfo\/2019\/08\/vosges-securite-agents-routes-a-decarter-danger\/"},"modified":"2019-08-07T08:00:34","modified_gmt":"2019-08-07T06:00:34","slug":"vosges-securite-agents-routes-a-decarter-danger","status":"publish","type":"post","link":"https:\/\/vosgesinfo.fr\/saintdieinfo\/2019\/08\/vosges-securite-agents-routes-a-decarter-danger\/","title":{"rendered":"Vosges \u2013 S\u00e9curit\u00e9 des agents des routes : \u00e0 vous aussi d\u2019\u00e9carter le danger"},"content":{"rendered":"<div id=\"attachment_143286\" style=\"width: 970px\" class=\"wp-caption aligncenter\"><a href=\"\/2019\/08\/67623074_2924572577617588_859549348227186688_n.jpg\" target=\"_blank\" rel=\"noopener\"><img decoding=\"async\" aria-describedby=\"caption-attachment-143286\" class=\"wp-image-143286 size-full\" src=\"\/2019\/08\/67623074_2924572577617588_859549348227186688_n.jpg\" alt=\"67623074_2924572577617588_859549348227186688_n\" width=\"960\" height=\"640\" \/><\/a><p id=\"caption-attachment-143286\" class=\"wp-caption-text\">(Cr\u00e9dits photographiques Gendarmerie des Vosges)<\/p><\/div>\n<h2><span style=\"font-size: 14pt;\"><strong>Le 5 ao\u00fbt en milieu d\u2019apr\u00e8s-midi, un v\u00e9hicule de balisage de la DIREST mis en place sur la voie express pour s\u00e9curiser un camping-car arr\u00eat\u00e9 sur la bande d\u2019arr\u00eat d\u2019urgence a \u00e9t\u00e9 percut\u00e9 par un poids-lourd \u00e0 hauteur de Nomexy.<\/strong><\/span><\/h2>\n<p><!--more--><br \/>\nLes 2 agents de l\u2019\u00e9quipement intervenants ne se trouvaient heureusement pas \u00e0 bord de la camionnette au moment de la collision. Ils n\u2019ont donc pas \u00e9t\u00e9 bless\u00e9s et, bien qu\u2019impo<span class=\"text_exposed_show\">rtants, les d\u00e9g\u00e2ts ne sont que mat\u00e9riels.<\/span><\/p>\n<div class=\"text_exposed_show\">\n<p>Ce type d\u2019accidents, r\u00e9sultant d&rsquo;une faute d&rsquo;inattention, arrive malheureusement trop souvent. Entre 2014 et 2017, ils ont m\u00eame augment\u00e9 de 34%.\u00a0 Cons\u00e9quences: 120 agents des routes et 300 usagers bless\u00e9s.<\/p>\n<p>La gendarmerie des Vosges tient donc \u00e0 vous rappeler que lorsque vous conduisez, vous devez \u00eatre attentif \u00e0 chaque instant !<\/p>\n<p><a href=\"\/2019\/08\/68472246_2924572704284242_733638555129085952_n.jpg\" target=\"_blank\" rel=\"noopener\"><img decoding=\"async\" class=\"aligncenter wp-image-143285 size-full\" src=\"\/2019\/08\/68472246_2924572704284242_733638555129085952_n.jpg\" alt=\"68472246_2924572704284242_733638555129085952_n\" width=\"960\" height=\"641\" \/><\/a><\/p>\n<\/div>\n","protected":false},"excerpt":{"rendered":"<p>Le 5 ao\u00fbt en milieu d\u2019apr\u00e8s-midi, un v\u00e9hicule de balisage de la DIREST mis en place sur la voie express [&hellip;]<\/p>\n","protected":false},"author":44,"featured_media":37371,"comment_status":"open","ping_status":"open","sticky":false,"template":"","format":"standard","meta":{"footnotes":""},"categories":[460,2924,18],"tags":[3820,1393,1065,7166],"class_list":["post-37370","post","type-post","status-publish","format-standard","has-post-thumbnail","hentry","category-a-la-une","category-fait-divers","category-vosges","tag-dir-est","tag-gendarmerie-des-vosges","tag-nomexy","tag-poids-lourd"],"acf":[],"yoast_head":"<!-- This site is optimized with the Yoast SEO plugin v22.5 - https:\/\/yoast.com\/wordpress\/plugins\/seo\/ -->\n<title>Vosges \u2013 S\u00e9curit\u00e9 des agents des routes : \u00e0 vous aussi d\u2019\u00e9carter le danger - Saint Die Info<\/title>\n<meta name=\"robots\" content=\"index, follow, max-snippet:-1, max-image-preview:large, max-video-preview:-1\" \/>\n<link rel=\"canonical\" href=\"https:\/\/vosgesinfo.fr\/saintdieinfo\/2019\/08\/vosges-securite-agents-routes-a-decarter-danger\/\" \/>\n<meta name=\"twitter:card\" content=\"summary_large_image\" \/>\n<meta name=\"twitter:title\" content=\"Vosges \u2013 S\u00e9curit\u00e9 des agents des routes : \u00e0 vous aussi d\u2019\u00e9carter le danger - Saint Die Info\" \/>\n<meta name=\"twitter:description\" content=\"Le 5 ao\u00fbt en milieu d\u2019apr\u00e8s-midi, un v\u00e9hicule de balisage de la DIREST mis en place sur la voie express [&hellip;]\" \/>\n<meta name=\"twitter:image\" content=\"https:\/\/vosgesinfo.fr\/app\/uploads\/sites\/4\/2024\/08\/20190867623074-2924572577617588-859549348227186688-n.jpg\" \/>\n<meta name=\"twitter:creator\" content=\"@VosgesInfo88\" \/>\n<meta name=\"twitter:site\" content=\"@VosgesInfo88\" \/>\n<meta name=\"twitter:label1\" content=\"\u00c9crit par\" \/>\n\t<meta name=\"twitter:data1\" content=\"la r\u00e9daction\" \/>\n\t<meta name=\"twitter:label2\" content=\"Dur\u00e9e de lecture estim\u00e9e\" \/>\n\t<meta name=\"twitter:data2\" content=\"1 minute\" \/>\n<script type=\"application\/ld+json\" class=\"yoast-schema-graph\">{\"@context\":\"https:\/\/schema.org\",\"@graph\":[{\"@type\":\"Article\",\"@id\":\"https:\/\/vosgesinfo.fr\/saintdieinfo\/2019\/08\/vosges-securite-agents-routes-a-decarter-danger\/#article\",\"isPartOf\":{\"@id\":\"https:\/\/vosgesinfo.fr\/saintdieinfo\/2019\/08\/vosges-securite-agents-routes-a-decarter-danger\/\"},\"author\":{\"name\":\"la r\u00e9daction\",\"@id\":\"https:\/\/vosgesinfo.fr\/saintdieinfo\/#\/schema\/person\/faee6704a21f3977511db84bd1cd450f\"},\"headline\":\"Vosges \u2013 S\u00e9curit\u00e9 des agents des routes : \u00e0 vous aussi d\u2019\u00e9carter le danger\",\"datePublished\":\"2019-08-07T06:00:34+00:00\",\"dateModified\":\"2019-08-07T06:00:34+00:00\",\"mainEntityOfPage\":{\"@id\":\"https:\/\/vosgesinfo.fr\/saintdieinfo\/2019\/08\/vosges-securite-agents-routes-a-decarter-danger\/\"},\"wordCount\":164,\"commentCount\":0,\"publisher\":{\"@id\":\"https:\/\/vosgesinfo.fr\/saintdieinfo\/#organization\"},\"image\":{\"@id\":\"https:\/\/vosgesinfo.fr\/saintdieinfo\/2019\/08\/vosges-securite-agents-routes-a-decarter-danger\/#primaryimage\"},\"thumbnailUrl\":\"https:\/\/vosgesinfo.fr\/app\/uploads\/sites\/4\/2024\/08\/20190867623074-2924572577617588-859549348227186688-n.jpg\",\"keywords\":[\"DIR Est\",\"gendarmerie des Vosges\",\"Nomexy\",\"Poids lourd\"],\"articleSection\":[\"A la Une\",\"Fait Divers\",\"Vosges\"],\"inLanguage\":\"fr-FR\",\"potentialAction\":[{\"@type\":\"CommentAction\",\"name\":\"Comment\",\"target\":[\"https:\/\/vosgesinfo.fr\/saintdieinfo\/2019\/08\/vosges-securite-agents-routes-a-decarter-danger\/#respond\"]}]},{\"@type\":\"WebPage\",\"@id\":\"https:\/\/vosgesinfo.fr\/saintdieinfo\/2019\/08\/vosges-securite-agents-routes-a-decarter-danger\/\",\"url\":\"https:\/\/vosgesinfo.fr\/saintdieinfo\/2019\/08\/vosges-securite-agents-routes-a-decarter-danger\/\",\"name\":\"Vosges \u2013 S\u00e9curit\u00e9 des agents des routes : \u00e0 vous aussi d\u2019\u00e9carter le danger - Saint Die Info\",\"isPartOf\":{\"@id\":\"https:\/\/vosgesinfo.fr\/saintdieinfo\/#website\"},\"primaryImageOfPage\":{\"@id\":\"https:\/\/vosgesinfo.fr\/saintdieinfo\/2019\/08\/vosges-securite-agents-routes-a-decarter-danger\/#primaryimage\"},\"image\":{\"@id\":\"https:\/\/vosgesinfo.fr\/saintdieinfo\/2019\/08\/vosges-securite-agents-routes-a-decarter-danger\/#primaryimage\"},\"thumbnailUrl\":\"https:\/\/vosgesinfo.fr\/app\/uploads\/sites\/4\/2024\/08\/20190867623074-2924572577617588-859549348227186688-n.jpg\",\"datePublished\":\"2019-08-07T06:00:34+00:00\",\"dateModified\":\"2019-08-07T06:00:34+00:00\",\"breadcrumb\":{\"@id\":\"https:\/\/vosgesinfo.fr\/saintdieinfo\/2019\/08\/vosges-securite-agents-routes-a-decarter-danger\/#breadcrumb\"},\"inLanguage\":\"fr-FR\",\"potentialAction\":[{\"@type\":\"ReadAction\",\"target\":[\"https:\/\/vosgesinfo.fr\/saintdieinfo\/2019\/08\/vosges-securite-agents-routes-a-decarter-danger\/\"]}]},{\"@type\":\"ImageObject\",\"inLanguage\":\"fr-FR\",\"@id\":\"https:\/\/vosgesinfo.fr\/saintdieinfo\/2019\/08\/vosges-securite-agents-routes-a-decarter-danger\/#primaryimage\",\"url\":\"https:\/\/vosgesinfo.fr\/app\/uploads\/sites\/4\/2024\/08\/20190867623074-2924572577617588-859549348227186688-n.jpg\",\"contentUrl\":\"https:\/\/vosgesinfo.fr\/app\/uploads\/sites\/4\/2024\/08\/20190867623074-2924572577617588-859549348227186688-n.jpg\",\"width\":960,\"height\":640},{\"@type\":\"BreadcrumbList\",\"@id\":\"https:\/\/vosgesinfo.fr\/saintdieinfo\/2019\/08\/vosges-securite-agents-routes-a-decarter-danger\/#breadcrumb\",\"itemListElement\":[{\"@type\":\"ListItem\",\"position\":1,\"name\":\"Home\",\"item\":\"https:\/\/vosgesinfo.fr\/saintdieinfo\/\"},{\"@type\":\"ListItem\",\"position\":2,\"name\":\"Vosges \u2013 S\u00e9curit\u00e9 des agents des routes : \u00e0 vous aussi d\u2019\u00e9carter le danger\"}]},{\"@type\":\"WebSite\",\"@id\":\"https:\/\/vosgesinfo.fr\/saintdieinfo\/#website\",\"url\":\"https:\/\/vosgesinfo.fr\/saintdieinfo\/\",\"name\":\"Saint Die Info\",\"description\":\"Toute l&#039;actualit\u00e9 de Saint-Di\u00e9-Des-Vosges\",\"publisher\":{\"@id\":\"https:\/\/vosgesinfo.fr\/saintdieinfo\/#organization\"},\"alternateName\":\"Toute l'actualit\u00e9 de Saint-Di\u00e9-Des-Vosges\",\"potentialAction\":[{\"@type\":\"SearchAction\",\"target\":{\"@type\":\"EntryPoint\",\"urlTemplate\":\"https:\/\/vosgesinfo.fr\/saintdieinfo\/?s={search_term_string}\"},\"query-input\":\"required name=search_term_string\"}],\"inLanguage\":\"fr-FR\"},{\"@type\":\"Organization\",\"@id\":\"https:\/\/vosgesinfo.fr\/saintdieinfo\/#organization\",\"name\":\"Saint Die Info\",\"url\":\"https:\/\/vosgesinfo.fr\/saintdieinfo\/\",\"logo\":{\"@type\":\"ImageObject\",\"inLanguage\":\"fr-FR\",\"@id\":\"https:\/\/vosgesinfo.fr\/saintdieinfo\/#\/schema\/logo\/image\/\",\"url\":\"https:\/\/vosgesinfo.fr\/app\/uploads\/sites\/4\/2024\/02\/logo-sdi.jpg\",\"contentUrl\":\"https:\/\/vosgesinfo.fr\/app\/uploads\/sites\/4\/2024\/02\/logo-sdi.jpg\",\"width\":600,\"height\":600,\"caption\":\"Saint Die Info\"},\"image\":{\"@id\":\"https:\/\/vosgesinfo.fr\/saintdieinfo\/#\/schema\/logo\/image\/\"},\"sameAs\":[\"https:\/\/www.facebook.com\/Saintdieinfofr\",\"https:\/\/x.com\/VosgesInfo88\",\"https:\/\/www.youtube.com\/@vosgesinfo\"]},{\"@type\":\"Person\",\"@id\":\"https:\/\/vosgesinfo.fr\/saintdieinfo\/#\/schema\/person\/faee6704a21f3977511db84bd1cd450f\",\"name\":\"la r\u00e9daction\",\"image\":{\"@type\":\"ImageObject\",\"inLanguage\":\"fr-FR\",\"@id\":\"https:\/\/vosgesinfo.fr\/saintdieinfo\/#\/schema\/person\/image\/\",\"url\":\"https:\/\/secure.gravatar.com\/avatar\/6673d8bc6a9c17fa9a453eaa3448de834fa308c2ec9635b7aa99441a7c8d2cf6?s=96&d=mm&r=g\",\"contentUrl\":\"https:\/\/secure.gravatar.com\/avatar\/6673d8bc6a9c17fa9a453eaa3448de834fa308c2ec9635b7aa99441a7c8d2cf6?s=96&d=mm&r=g\",\"caption\":\"la r\u00e9daction\"},\"url\":\"https:\/\/vosgesinfo.fr\/saintdieinfo\/author\/redac\/\"}]}<\/script>\n<!-- \/ Yoast SEO plugin. -->","yoast_head_json":{"title":"Vosges \u2013 S\u00e9curit\u00e9 des agents des routes : \u00e0 vous aussi d\u2019\u00e9carter le danger - Saint Die Info","robots":{"index":"index","follow":"follow","max-snippet":"max-snippet:-1","max-image-preview":"max-image-preview:large","max-video-preview":"max-video-preview:-1"},"canonical":"https:\/\/vosgesinfo.fr\/saintdieinfo\/2019\/08\/vosges-securite-agents-routes-a-decarter-danger\/","twitter_card":"summary_large_image","twitter_title":"Vosges \u2013 S\u00e9curit\u00e9 des agents des routes : \u00e0 vous aussi d\u2019\u00e9carter le danger - Saint Die Info","twitter_description":"Le 5 ao\u00fbt en milieu d\u2019apr\u00e8s-midi, un v\u00e9hicule de balisage de la DIREST mis en place sur la voie express [&hellip;]","twitter_image":"https:\/\/vosgesinfo.fr\/app\/uploads\/sites\/4\/2024\/08\/20190867623074-2924572577617588-859549348227186688-n.jpg","twitter_creator":"@VosgesInfo88","twitter_site":"@VosgesInfo88","twitter_misc":{"\u00c9crit par":"la r\u00e9daction","Dur\u00e9e de lecture estim\u00e9e":"1 minute"},"schema":{"@context":"https:\/\/schema.org","@graph":[{"@type":"Article","@id":"https:\/\/vosgesinfo.fr\/saintdieinfo\/2019\/08\/vosges-securite-agents-routes-a-decarter-danger\/#article","isPartOf":{"@id":"https:\/\/vosgesinfo.fr\/saintdieinfo\/2019\/08\/vosges-securite-agents-routes-a-decarter-danger\/"},"author":{"name":"la r\u00e9daction","@id":"https:\/\/vosgesinfo.fr\/saintdieinfo\/#\/schema\/person\/faee6704a21f3977511db84bd1cd450f"},"headline":"Vosges \u2013 S\u00e9curit\u00e9 des agents des routes : \u00e0 vous aussi d\u2019\u00e9carter le danger","datePublished":"2019-08-07T06:00:34+00:00","dateModified":"2019-08-07T06:00:34+00:00","mainEntityOfPage":{"@id":"https:\/\/vosgesinfo.fr\/saintdieinfo\/2019\/08\/vosges-securite-agents-routes-a-decarter-danger\/"},"wordCount":164,"commentCount":0,"publisher":{"@id":"https:\/\/vosgesinfo.fr\/saintdieinfo\/#organization"},"image":{"@id":"https:\/\/vosgesinfo.fr\/saintdieinfo\/2019\/08\/vosges-securite-agents-routes-a-decarter-danger\/#primaryimage"},"thumbnailUrl":"https:\/\/vosgesinfo.fr\/app\/uploads\/sites\/4\/2024\/08\/20190867623074-2924572577617588-859549348227186688-n.jpg","keywords":["DIR Est","gendarmerie des Vosges","Nomexy","Poids lourd"],"articleSection":["A la Une","Fait Divers","Vosges"],"inLanguage":"fr-FR","potentialAction":[{"@type":"CommentAction","name":"Comment","target":["https:\/\/vosgesinfo.fr\/saintdieinfo\/2019\/08\/vosges-securite-agents-routes-a-decarter-danger\/#respond"]}]},{"@type":"WebPage","@id":"https:\/\/vosgesinfo.fr\/saintdieinfo\/2019\/08\/vosges-securite-agents-routes-a-decarter-danger\/","url":"https:\/\/vosgesinfo.fr\/saintdieinfo\/2019\/08\/vosges-securite-agents-routes-a-decarter-danger\/","name":"Vosges \u2013 S\u00e9curit\u00e9 des agents des routes : \u00e0 vous aussi d\u2019\u00e9carter le danger - Saint Die Info","isPartOf":{"@id":"https:\/\/vosgesinfo.fr\/saintdieinfo\/#website"},"primaryImageOfPage":{"@id":"https:\/\/vosgesinfo.fr\/saintdieinfo\/2019\/08\/vosges-securite-agents-routes-a-decarter-danger\/#primaryimage"},"image":{"@id":"https:\/\/vosgesinfo.fr\/saintdieinfo\/2019\/08\/vosges-securite-agents-routes-a-decarter-danger\/#primaryimage"},"thumbnailUrl":"https:\/\/vosgesinfo.fr\/app\/uploads\/sites\/4\/2024\/08\/20190867623074-2924572577617588-859549348227186688-n.jpg","datePublished":"2019-08-07T06:00:34+00:00","dateModified":"2019-08-07T06:00:34+00:00","breadcrumb":{"@id":"https:\/\/vosgesinfo.fr\/saintdieinfo\/2019\/08\/vosges-securite-agents-routes-a-decarter-danger\/#breadcrumb"},"inLanguage":"fr-FR","potentialAction":[{"@type":"ReadAction","target":["https:\/\/vosgesinfo.fr\/saintdieinfo\/2019\/08\/vosges-securite-agents-routes-a-decarter-danger\/"]}]},{"@type":"ImageObject","inLanguage":"fr-FR","@id":"https:\/\/vosgesinfo.fr\/saintdieinfo\/2019\/08\/vosges-securite-agents-routes-a-decarter-danger\/#primaryimage","url":"https:\/\/vosgesinfo.fr\/app\/uploads\/sites\/4\/2024\/08\/20190867623074-2924572577617588-859549348227186688-n.jpg","contentUrl":"https:\/\/vosgesinfo.fr\/app\/uploads\/sites\/4\/2024\/08\/20190867623074-2924572577617588-859549348227186688-n.jpg","width":960,"height":640},{"@type":"BreadcrumbList","@id":"https:\/\/vosgesinfo.fr\/saintdieinfo\/2019\/08\/vosges-securite-agents-routes-a-decarter-danger\/#breadcrumb","itemListElement":[{"@type":"ListItem","position":1,"name":"Home","item":"https:\/\/vosgesinfo.fr\/saintdieinfo\/"},{"@type":"ListItem","position":2,"name":"Vosges \u2013 S\u00e9curit\u00e9 des agents des routes : \u00e0 vous aussi d\u2019\u00e9carter le danger"}]},{"@type":"WebSite","@id":"https:\/\/vosgesinfo.fr\/saintdieinfo\/#website","url":"https:\/\/vosgesinfo.fr\/saintdieinfo\/","name":"Saint Die Info","description":"Toute l&#039;actualit\u00e9 de Saint-Di\u00e9-Des-Vosges","publisher":{"@id":"https:\/\/vosgesinfo.fr\/saintdieinfo\/#organization"},"alternateName":"Toute l'actualit\u00e9 de Saint-Di\u00e9-Des-Vosges","potentialAction":[{"@type":"SearchAction","target":{"@type":"EntryPoint","urlTemplate":"https:\/\/vosgesinfo.fr\/saintdieinfo\/?s={search_term_string}"},"query-input":"required name=search_term_string"}],"inLanguage":"fr-FR"},{"@type":"Organization","@id":"https:\/\/vosgesinfo.fr\/saintdieinfo\/#organization","name":"Saint Die Info","url":"https:\/\/vosgesinfo.fr\/saintdieinfo\/","logo":{"@type":"ImageObject","inLanguage":"fr-FR","@id":"https:\/\/vosgesinfo.fr\/saintdieinfo\/#\/schema\/logo\/image\/","url":"https:\/\/vosgesinfo.fr\/app\/uploads\/sites\/4\/2024\/02\/logo-sdi.jpg","contentUrl":"https:\/\/vosgesinfo.fr\/app\/uploads\/sites\/4\/2024\/02\/logo-sdi.jpg","width":600,"height":600,"caption":"Saint Die Info"},"image":{"@id":"https:\/\/vosgesinfo.fr\/saintdieinfo\/#\/schema\/logo\/image\/"},"sameAs":["https:\/\/www.facebook.com\/Saintdieinfofr","https:\/\/x.com\/VosgesInfo88","https:\/\/www.youtube.com\/@vosgesinfo"]},{"@type":"Person","@id":"https:\/\/vosgesinfo.fr\/saintdieinfo\/#\/schema\/person\/faee6704a21f3977511db84bd1cd450f","name":"la r\u00e9daction","image":{"@type":"ImageObject","inLanguage":"fr-FR","@id":"https:\/\/vosgesinfo.fr\/saintdieinfo\/#\/schema\/person\/image\/","url":"https:\/\/secure.gravatar.com\/avatar\/6673d8bc6a9c17fa9a453eaa3448de834fa308c2ec9635b7aa99441a7c8d2cf6?s=96&d=mm&r=g","contentUrl":"https:\/\/secure.gravatar.com\/avatar\/6673d8bc6a9c17fa9a453eaa3448de834fa308c2ec9635b7aa99441a7c8d2cf6?s=96&d=mm&r=g","caption":"la r\u00e9daction"},"url":"https:\/\/vosgesinfo.fr\/saintdieinfo\/author\/redac\/"}]}},"_links":{"self":[{"href":"https:\/\/vosgesinfo.fr\/saintdieinfo\/wp-json\/wp\/v2\/posts\/37370","targetHints":{"allow":["GET"]}}],"collection":[{"href":"https:\/\/vosgesinfo.fr\/saintdieinfo\/wp-json\/wp\/v2\/posts"}],"about":[{"href":"https:\/\/vosgesinfo.fr\/saintdieinfo\/wp-json\/wp\/v2\/types\/post"}],"author":[{"embeddable":true,"href":"https:\/\/vosgesinfo.fr\/saintdieinfo\/wp-json\/wp\/v2\/users\/44"}],"replies":[{"embeddable":true,"href":"https:\/\/vosgesinfo.fr\/saintdieinfo\/wp-json\/wp\/v2\/comments?post=37370"}],"version-history":[{"count":0,"href":"https:\/\/vosgesinfo.fr\/saintdieinfo\/wp-json\/wp\/v2\/posts\/37370\/revisions"}],"wp:featuredmedia":[{"embeddable":true,"href":"https:\/\/vosgesinfo.fr\/saintdieinfo\/wp-json\/wp\/v2\/media\/37371"}],"wp:attachment":[{"href":"https:\/\/vosgesinfo.fr\/saintdieinfo\/wp-json\/wp\/v2\/media?parent=37370"}],"wp:term":[{"taxonomy":"category","embeddable":true,"href":"https:\/\/vosgesinfo.fr\/saintdieinfo\/wp-json\/wp\/v2\/categories?post=37370"},{"taxonomy":"post_tag","embeddable":true,"href":"https:\/\/vosgesinfo.fr\/saintdieinfo\/wp-json\/wp\/v2\/tags?post=37370"}],"curies":[{"name":"wp","href":"https:\/\/api.w.org\/{rel}","templated":true}]}}