{"id":37504,"date":"2019-08-12T08:00:46","date_gmt":"2019-08-12T06:00:46","guid":{"rendered":"https:\/\/vosgesinfo.fr\/saintdieinfo\/2019\/08\/ete-grand-a-saint-die-vosges-programme-de-semaine-19\/"},"modified":"2019-08-12T08:00:46","modified_gmt":"2019-08-12T06:00:46","slug":"ete-grand-a-saint-die-vosges-programme-de-semaine-19","status":"publish","type":"post","link":"https:\/\/vosgesinfo.fr\/saintdieinfo\/2019\/08\/ete-grand-a-saint-die-vosges-programme-de-semaine-19\/","title":{"rendered":"Et\u00e9 en grand \u00e0 Saint-Di\u00e9-des-Vosges : le programme de la semaine"},"content":{"rendered":"<h3><a href=\"\/2019\/06\/Et\u00e9_en_Grand_2019_Affiche.jpg\" target=\"_blank\" rel=\"noopener\"><img decoding=\"async\" class=\"aligncenter wp-image-140483 size-large\" src=\"\/2019\/06\/Et\u00e9_en_Grand_2019_Affiche-682x1024.jpg\" alt=\"Et\u00e9_en_Grand_2019_Affiche\" width=\"682\" height=\"1024\" \/><\/a><\/h3>\n<h3><strong><span style=\"font-family: Calibri, sans-serif;\"><span style=\"font-size: large;\">Lundi 12 ao\u00fbt<\/span><\/span><\/strong><\/h3>\n<ul>\n<li><span style=\"font-family: Calibri, sans-serif;\"><span style=\"font-size: large;\">A 12 h \/ KAFE\/MPES. Repas Convivialit\u00e9 et Partage. Tarif : 4 \u20ac adultes et 3 \u20ac enfant de moins de 12 ans.<\/span><\/span><\/li>\n<li><span style=\"font-family: Calibri, sans-serif;\"><span style=\"font-size: large;\">De 14 h \u00e0 17 h \/ Espace Fran\u00e7ois-Mitterrand \u2013 salle du Couarail Echecs &#8211; Stage gratuit d\u2019initiation et perfectionnement ouvert \u00e0 toutes les F\u00e9minines de 6 \u00e0 99 ans, organis\u00e9 par le Club d\u2019Echecs de Saint-Di\u00e9 Contact : Sandrine Perrin &#8211; <strong>06 82 52 53 98<\/strong> \u2013 <strong><a href=\"mailto:sand.perrin54@wanadoo.fr\" target=\"_blank\" rel=\"noopener\">sand.perrin54@wanadoo.fr<\/a><\/strong><\/span><\/span><\/li>\n<\/ul>\n<h3><strong><span style=\"font-family: Calibri, sans-serif;\"><span style=\"font-size: large;\">Mardi 13 ao\u00fbt<\/span><\/span><\/strong><\/h3>\n<ul>\n<li><span style=\"font-family: Calibri, sans-serif;\"><span style=\"font-size: large;\">D\u00e9part \u00e0 8 h \/ rdv 15 mn avant grand parking Palais Omnisports J.-Claudel pour co-voiturage. Randonn\u00e9e avec le Club Vosgien \u00abG\u00e9rardmer &#8211; Li\u00e9zey &#8211; La Roche Morand\u00bb. 20 km &#8211; D\u00e9nivel\u00e9 : 450 m. Tarif : 1,50 \u20ac d\u2019assurance pour les non-adh\u00e9rents au Club. Niveau 3 ( moyenne randonn\u00e9e). Contact : <strong><a href=\"mailto:clubvosgien-saintdie@orange.fr\" target=\"_blank\" rel=\"noopener\">clubvosgien-saintdie@orange.fr<\/a><\/strong><\/span><\/span><\/li>\n<li><span style=\"font-family: Calibri, sans-serif;\"><span style=\"font-size: large;\">De 14 h \u00e0 17 h \/ parc de jeux Ohl-des-Marais Saint-Roch. Stands de lecture, chant, danse, musique, guitare, tricot, p\u00e9tanque, jeux de soci\u00e9t\u00e9, piscine \u00e0 boules, fabrication de bijoux. Organis\u00e9 par le service Politique de la Ville.<\/span><\/span><\/li>\n<li><span style=\"font-family: Calibri, sans-serif;\"><span style=\"font-size: large;\">De 14 h 30 \u00e0 17 h \/ parc de la M\u00e9diath\u00e8que \u00abTu prends le pli\u00bb. R\u00e9aliser des personnages de contes en utilisant la technique du pliage en iris. A partir de 6 ans Contact : <strong><a href=\"mailto:fanny.vouaux@ca-saintdie.fr\" target=\"_blank\" rel=\"noopener\">fanny.vouaux@ca-saintdie.fr<\/a><\/strong><\/span><\/span><\/li>\n<\/ul>\n<h3><strong><span style=\"font-family: Calibri, sans-serif;\"><span style=\"font-size: large;\">Mercredi 14 ao\u00fbt<\/span><\/span><\/strong><\/h3>\n<ul>\n<li><span style=\"font-family: Calibri, sans-serif;\"><span style=\"font-size: large;\">A 12 h \/ Tour de la Libert\u00e9. Repas Convivialit\u00e9 et Partage. Tarif : 4 \u20ac adultes et 3 \u20ac enfant de moins de 12 ans.<\/span><\/span><\/li>\n<li><span style=\"font-family: Calibri, sans-serif;\"><span style=\"font-size: large;\">A 15 h \/ Parc Jean-Mansuy. Concert l\u2019Atelier par la Compagnie Poil \u00e0 Gratter. Jeune public d\u00e8s 3 ans \u2013 dur\u00e9e 50 mn.<\/span><\/span><\/li>\n<li><span style=\"font-family: Calibri, sans-serif;\"><span style=\"font-size: large;\">De 18 h \u00e0 20 h \/ bar Le Dauphin &#8211; 17, rue Dauphine. Ap\u00e9ro-concert.<\/span><\/span><\/li>\n<li><span style=\"font-family: Calibri, sans-serif;\"><span style=\"font-size: large;\">A 19 h \/ terrain synth\u00e9tique &#8211; parc des Sports E.-et-J.-Woehrl\u00e9. Tournoi de football. Inscriptions gratuites sur place \u00e0 partir de 18 h 30.<\/span><\/span><\/li>\n<li><span style=\"font-family: Calibri, sans-serif;\"><span style=\"font-size: large;\">A 21 h \/ Place du March\u00e9 \u00abLe Municipal Bal\u00bb par la Compagnie ON OFF. Bal tout public et tout terrain. Dur\u00e9e indicative : 2h30 + 30 min de Mise en jambe.<\/span><\/span><\/li>\n<\/ul>\n<h3><strong><span style=\"font-family: Calibri, sans-serif;\"><span style=\"font-size: large;\">Vendredi 16 ao\u00fbt<\/span><\/span><\/strong><\/h3>\n<ul>\n<li><span style=\"font-family: Calibri, sans-serif;\"><span style=\"font-size: large;\">D\u00e9part \u00e0 13 h 30 \/ rdv 15 mn avant grand parking Palais Omnisports J.-Claudel pour co-voiturage Randonn\u00e9e avec le Club Vosgien. \u00abScarupt &#8211; Le <\/span><\/span><span style=\"font-family: Calibri, sans-serif;\"><span style=\"font-size: large;\">Rocher du Hautgochet &#8211; Moufifontaine\u00bb. 10 km &#8211; D\u00e9nivel\u00e9 : 350 m. Tarif : 1,50 \u20ac d\u2019assurance pour les non-adh\u00e9rents au Club. Niveau 2 (facile). Contact : <strong><a href=\"mailto:clubvosgien-saintdie@orange.fr\" target=\"_blank\" rel=\"noopener\">clubvosgien-saintdie@orange.fr<\/a><\/strong><\/span><\/span><\/li>\n<\/ul>\n<ul>\n<li><span style=\"font-family: Calibri, sans-serif;\"><span style=\"font-size: large;\">De 14 h \u00e0 17 h \/ parc de jeux Ohl-des-Marais St-Roch. Stands de lecture, chant, danse, musique, guitare, tricot, p\u00e9tanque, jeux de soci\u00e9t\u00e9, piscine \u00e0 boules, fabrication de bijouxet promenade \u00e0 poney avec go\u00fbter. Organis\u00e9 par le service Politique de la Ville.<\/span><\/span><\/li>\n<li><span style=\"font-family: Calibri, sans-serif;\"><span style=\"font-size: large;\">A 17 h \/ Mus\u00e9e Pierre-No\u00ebl. Vernissage de l\u2019exposition \u00abMaurice Ehlinger, La cr\u00e9ation en action\u00bb autour de l\u2019artiste Maurice Ehlinger.<\/span><\/span><\/li>\n<li><span style=\"font-family: Calibri, sans-serif;\"><span style=\"font-size: large;\">De 19 h \u00e0 minuit \/ place du G\u00e9n\u00e9ral-de-Gaulle. Repas-concert (assiette anglaise &#8211; fromage) \u2013 Organis\u00e9 par la SPA. Soir\u00e9e dansante des ann\u00e9es 80 \u00e0 nos jours avec N. Risacher.<\/span><\/span><\/li>\n<li><span style=\"font-family: Calibri, sans-serif;\"><span style=\"font-size: large;\">A 21 h \/ Why not Caf\u00e9. Soir\u00e9e concert.<\/span><\/span><\/li>\n<\/ul>\n<h3><strong><span style=\"font-family: Calibri, sans-serif;\"><span style=\"font-size: large;\">Samedi 17 ao\u00fbt<\/span><\/span><\/strong><\/h3>\n<ul>\n<li><span style=\"font-family: Calibri, sans-serif;\"><span style=\"font-size: large;\">De 20 h \u00e0 23 h \/ place du March\u00e9. Soir\u00e9e Latino. Salsa, bachata, kizomba \u2013 initiation bachata. Contact : Association Hanicia Danse &#8211; <strong>06 72 43 41 66<\/strong><\/span><\/span><\/li>\n<\/ul>\n<h3><strong><span style=\"font-family: Calibri, sans-serif;\"><span style=\"font-size: large;\">Dimanche 18 ao\u00fbt<\/span><\/span><\/strong><\/h3>\n<ul>\n<li><span style=\"font-family: Calibri, sans-serif;\"><span style=\"font-size: large;\">De 15 h \u00e0 16 h \/ London Tavern &#8211; 16 rue J.-Mengin. Salade de fruits (animations pour enfants).<\/span><\/span><\/li>\n<li><span style=\"font-family: Calibri, sans-serif;\"><span style=\"font-size: large;\">De 18 h \u00e0 20 h \/ London Tavern &#8211; 16 rue J.-Mengin. Ap\u00e9ro-concert avec Topic.<\/span><\/span><\/li>\n<\/ul>\n","protected":false},"excerpt":{"rendered":"<p>Lundi 12 ao\u00fbt A 12 h \/ KAFE\/MPES. Repas Convivialit\u00e9 et Partage. Tarif : 4 \u20ac adultes et 3 \u20ac [&hellip;]<\/p>\n","protected":false},"author":44,"featured_media":37505,"comment_status":"open","ping_status":"open","sticky":false,"template":"","format":"standard","meta":{"footnotes":""},"categories":[460,20,2915],"tags":[2967,3240],"class_list":["post-37504","post","type-post","status-publish","format-standard","has-post-thumbnail","hentry","category-a-la-une","category-loisirs","category-saint-die-son-canton","tag-ete-en-grand-a-saint-die-des-vosges","tag-ville-de-saint-die-des-vosges"],"acf":[],"yoast_head":"<!-- This site is optimized with the Yoast SEO plugin v22.5 - https:\/\/yoast.com\/wordpress\/plugins\/seo\/ -->\n<title>Et\u00e9 en grand \u00e0 Saint-Di\u00e9-des-Vosges : le programme de la semaine - Saint Die Info<\/title>\n<meta name=\"robots\" content=\"index, follow, max-snippet:-1, max-image-preview:large, max-video-preview:-1\" \/>\n<link rel=\"canonical\" href=\"https:\/\/vosgesinfo.fr\/saintdieinfo\/2019\/08\/ete-grand-a-saint-die-vosges-programme-de-semaine-19\/\" \/>\n<meta name=\"twitter:card\" content=\"summary_large_image\" \/>\n<meta name=\"twitter:title\" content=\"Et\u00e9 en grand \u00e0 Saint-Di\u00e9-des-Vosges : le programme de la semaine - Saint Die Info\" \/>\n<meta name=\"twitter:description\" content=\"Lundi 12 ao\u00fbt A 12 h \/ KAFE\/MPES. Repas Convivialit\u00e9 et Partage. Tarif : 4 \u20ac adultes et 3 \u20ac [&hellip;]\" \/>\n<meta name=\"twitter:image\" content=\"https:\/\/vosgesinfo.fr\/app\/uploads\/sites\/4\/2024\/08\/201906ete-en-grand-2019-affiche-1.jpg\" \/>\n<meta name=\"twitter:creator\" content=\"@VosgesInfo88\" \/>\n<meta name=\"twitter:site\" content=\"@VosgesInfo88\" \/>\n<meta name=\"twitter:label1\" content=\"\u00c9crit par\" \/>\n\t<meta name=\"twitter:data1\" content=\"la r\u00e9daction\" \/>\n\t<meta name=\"twitter:label2\" content=\"Dur\u00e9e de lecture estim\u00e9e\" \/>\n\t<meta name=\"twitter:data2\" content=\"2 minutes\" \/>\n<script type=\"application\/ld+json\" class=\"yoast-schema-graph\">{\"@context\":\"https:\/\/schema.org\",\"@graph\":[{\"@type\":\"Article\",\"@id\":\"https:\/\/vosgesinfo.fr\/saintdieinfo\/2019\/08\/ete-grand-a-saint-die-vosges-programme-de-semaine-19\/#article\",\"isPartOf\":{\"@id\":\"https:\/\/vosgesinfo.fr\/saintdieinfo\/2019\/08\/ete-grand-a-saint-die-vosges-programme-de-semaine-19\/\"},\"author\":{\"name\":\"la r\u00e9daction\",\"@id\":\"https:\/\/vosgesinfo.fr\/saintdieinfo\/#\/schema\/person\/faee6704a21f3977511db84bd1cd450f\"},\"headline\":\"Et\u00e9 en grand \u00e0 Saint-Di\u00e9-des-Vosges : le programme de la semaine\",\"datePublished\":\"2019-08-12T06:00:46+00:00\",\"dateModified\":\"2019-08-12T06:00:46+00:00\",\"mainEntityOfPage\":{\"@id\":\"https:\/\/vosgesinfo.fr\/saintdieinfo\/2019\/08\/ete-grand-a-saint-die-vosges-programme-de-semaine-19\/\"},\"wordCount\":499,\"commentCount\":0,\"publisher\":{\"@id\":\"https:\/\/vosgesinfo.fr\/saintdieinfo\/#organization\"},\"image\":{\"@id\":\"https:\/\/vosgesinfo.fr\/saintdieinfo\/2019\/08\/ete-grand-a-saint-die-vosges-programme-de-semaine-19\/#primaryimage\"},\"thumbnailUrl\":\"https:\/\/vosgesinfo.fr\/app\/uploads\/sites\/4\/2024\/08\/201906ete-en-grand-2019-affiche-1.jpg\",\"keywords\":[\"Et\u00e9 en grand \u00e0 Saint-Di\u00e9-des-Vosges\",\"Ville de Saint-Di\u00e9-des-Vosges\"],\"articleSection\":[\"A la Une\",\"Loisirs\",\"Saint-Di\u00e9-des-Vosges et son Agglom\u00e9ration\"],\"inLanguage\":\"fr-FR\",\"potentialAction\":[{\"@type\":\"CommentAction\",\"name\":\"Comment\",\"target\":[\"https:\/\/vosgesinfo.fr\/saintdieinfo\/2019\/08\/ete-grand-a-saint-die-vosges-programme-de-semaine-19\/#respond\"]}]},{\"@type\":\"WebPage\",\"@id\":\"https:\/\/vosgesinfo.fr\/saintdieinfo\/2019\/08\/ete-grand-a-saint-die-vosges-programme-de-semaine-19\/\",\"url\":\"https:\/\/vosgesinfo.fr\/saintdieinfo\/2019\/08\/ete-grand-a-saint-die-vosges-programme-de-semaine-19\/\",\"name\":\"Et\u00e9 en grand \u00e0 Saint-Di\u00e9-des-Vosges : le programme de la semaine - Saint Die Info\",\"isPartOf\":{\"@id\":\"https:\/\/vosgesinfo.fr\/saintdieinfo\/#website\"},\"primaryImageOfPage\":{\"@id\":\"https:\/\/vosgesinfo.fr\/saintdieinfo\/2019\/08\/ete-grand-a-saint-die-vosges-programme-de-semaine-19\/#primaryimage\"},\"image\":{\"@id\":\"https:\/\/vosgesinfo.fr\/saintdieinfo\/2019\/08\/ete-grand-a-saint-die-vosges-programme-de-semaine-19\/#primaryimage\"},\"thumbnailUrl\":\"https:\/\/vosgesinfo.fr\/app\/uploads\/sites\/4\/2024\/08\/201906ete-en-grand-2019-affiche-1.jpg\",\"datePublished\":\"2019-08-12T06:00:46+00:00\",\"dateModified\":\"2019-08-12T06:00:46+00:00\",\"breadcrumb\":{\"@id\":\"https:\/\/vosgesinfo.fr\/saintdieinfo\/2019\/08\/ete-grand-a-saint-die-vosges-programme-de-semaine-19\/#breadcrumb\"},\"inLanguage\":\"fr-FR\",\"potentialAction\":[{\"@type\":\"ReadAction\",\"target\":[\"https:\/\/vosgesinfo.fr\/saintdieinfo\/2019\/08\/ete-grand-a-saint-die-vosges-programme-de-semaine-19\/\"]}]},{\"@type\":\"ImageObject\",\"inLanguage\":\"fr-FR\",\"@id\":\"https:\/\/vosgesinfo.fr\/saintdieinfo\/2019\/08\/ete-grand-a-saint-die-vosges-programme-de-semaine-19\/#primaryimage\",\"url\":\"https:\/\/vosgesinfo.fr\/app\/uploads\/sites\/4\/2024\/08\/201906ete-en-grand-2019-affiche-1.jpg\",\"contentUrl\":\"https:\/\/vosgesinfo.fr\/app\/uploads\/sites\/4\/2024\/08\/201906ete-en-grand-2019-affiche-1.jpg\",\"width\":1181,\"height\":1772},{\"@type\":\"BreadcrumbList\",\"@id\":\"https:\/\/vosgesinfo.fr\/saintdieinfo\/2019\/08\/ete-grand-a-saint-die-vosges-programme-de-semaine-19\/#breadcrumb\",\"itemListElement\":[{\"@type\":\"ListItem\",\"position\":1,\"name\":\"Home\",\"item\":\"https:\/\/vosgesinfo.fr\/saintdieinfo\/\"},{\"@type\":\"ListItem\",\"position\":2,\"name\":\"Et\u00e9 en grand \u00e0 Saint-Di\u00e9-des-Vosges : le programme de la semaine\"}]},{\"@type\":\"WebSite\",\"@id\":\"https:\/\/vosgesinfo.fr\/saintdieinfo\/#website\",\"url\":\"https:\/\/vosgesinfo.fr\/saintdieinfo\/\",\"name\":\"Saint Die Info\",\"description\":\"Toute l&#039;actualit\u00e9 de Saint-Di\u00e9-Des-Vosges\",\"publisher\":{\"@id\":\"https:\/\/vosgesinfo.fr\/saintdieinfo\/#organization\"},\"alternateName\":\"Toute l'actualit\u00e9 de Saint-Di\u00e9-Des-Vosges\",\"potentialAction\":[{\"@type\":\"SearchAction\",\"target\":{\"@type\":\"EntryPoint\",\"urlTemplate\":\"https:\/\/vosgesinfo.fr\/saintdieinfo\/?s={search_term_string}\"},\"query-input\":\"required name=search_term_string\"}],\"inLanguage\":\"fr-FR\"},{\"@type\":\"Organization\",\"@id\":\"https:\/\/vosgesinfo.fr\/saintdieinfo\/#organization\",\"name\":\"Saint Die Info\",\"url\":\"https:\/\/vosgesinfo.fr\/saintdieinfo\/\",\"logo\":{\"@type\":\"ImageObject\",\"inLanguage\":\"fr-FR\",\"@id\":\"https:\/\/vosgesinfo.fr\/saintdieinfo\/#\/schema\/logo\/image\/\",\"url\":\"https:\/\/vosgesinfo.fr\/app\/uploads\/sites\/4\/2024\/02\/logo-sdi.jpg\",\"contentUrl\":\"https:\/\/vosgesinfo.fr\/app\/uploads\/sites\/4\/2024\/02\/logo-sdi.jpg\",\"width\":600,\"height\":600,\"caption\":\"Saint Die Info\"},\"image\":{\"@id\":\"https:\/\/vosgesinfo.fr\/saintdieinfo\/#\/schema\/logo\/image\/\"},\"sameAs\":[\"https:\/\/www.facebook.com\/Saintdieinfofr\",\"https:\/\/x.com\/VosgesInfo88\",\"https:\/\/www.youtube.com\/@vosgesinfo\"]},{\"@type\":\"Person\",\"@id\":\"https:\/\/vosgesinfo.fr\/saintdieinfo\/#\/schema\/person\/faee6704a21f3977511db84bd1cd450f\",\"name\":\"la r\u00e9daction\",\"image\":{\"@type\":\"ImageObject\",\"inLanguage\":\"fr-FR\",\"@id\":\"https:\/\/vosgesinfo.fr\/saintdieinfo\/#\/schema\/person\/image\/\",\"url\":\"https:\/\/secure.gravatar.com\/avatar\/6673d8bc6a9c17fa9a453eaa3448de834fa308c2ec9635b7aa99441a7c8d2cf6?s=96&d=mm&r=g\",\"contentUrl\":\"https:\/\/secure.gravatar.com\/avatar\/6673d8bc6a9c17fa9a453eaa3448de834fa308c2ec9635b7aa99441a7c8d2cf6?s=96&d=mm&r=g\",\"caption\":\"la r\u00e9daction\"},\"url\":\"https:\/\/vosgesinfo.fr\/saintdieinfo\/author\/redac\/\"}]}<\/script>\n<!-- \/ Yoast SEO plugin. -->","yoast_head_json":{"title":"Et\u00e9 en grand \u00e0 Saint-Di\u00e9-des-Vosges : le programme de la semaine - Saint Die Info","robots":{"index":"index","follow":"follow","max-snippet":"max-snippet:-1","max-image-preview":"max-image-preview:large","max-video-preview":"max-video-preview:-1"},"canonical":"https:\/\/vosgesinfo.fr\/saintdieinfo\/2019\/08\/ete-grand-a-saint-die-vosges-programme-de-semaine-19\/","twitter_card":"summary_large_image","twitter_title":"Et\u00e9 en grand \u00e0 Saint-Di\u00e9-des-Vosges : le programme de la semaine - Saint Die Info","twitter_description":"Lundi 12 ao\u00fbt A 12 h \/ KAFE\/MPES. Repas Convivialit\u00e9 et Partage. Tarif : 4 \u20ac adultes et 3 \u20ac [&hellip;]","twitter_image":"https:\/\/vosgesinfo.fr\/app\/uploads\/sites\/4\/2024\/08\/201906ete-en-grand-2019-affiche-1.jpg","twitter_creator":"@VosgesInfo88","twitter_site":"@VosgesInfo88","twitter_misc":{"\u00c9crit par":"la r\u00e9daction","Dur\u00e9e de lecture estim\u00e9e":"2 minutes"},"schema":{"@context":"https:\/\/schema.org","@graph":[{"@type":"Article","@id":"https:\/\/vosgesinfo.fr\/saintdieinfo\/2019\/08\/ete-grand-a-saint-die-vosges-programme-de-semaine-19\/#article","isPartOf":{"@id":"https:\/\/vosgesinfo.fr\/saintdieinfo\/2019\/08\/ete-grand-a-saint-die-vosges-programme-de-semaine-19\/"},"author":{"name":"la r\u00e9daction","@id":"https:\/\/vosgesinfo.fr\/saintdieinfo\/#\/schema\/person\/faee6704a21f3977511db84bd1cd450f"},"headline":"Et\u00e9 en grand \u00e0 Saint-Di\u00e9-des-Vosges : le programme de la semaine","datePublished":"2019-08-12T06:00:46+00:00","dateModified":"2019-08-12T06:00:46+00:00","mainEntityOfPage":{"@id":"https:\/\/vosgesinfo.fr\/saintdieinfo\/2019\/08\/ete-grand-a-saint-die-vosges-programme-de-semaine-19\/"},"wordCount":499,"commentCount":0,"publisher":{"@id":"https:\/\/vosgesinfo.fr\/saintdieinfo\/#organization"},"image":{"@id":"https:\/\/vosgesinfo.fr\/saintdieinfo\/2019\/08\/ete-grand-a-saint-die-vosges-programme-de-semaine-19\/#primaryimage"},"thumbnailUrl":"https:\/\/vosgesinfo.fr\/app\/uploads\/sites\/4\/2024\/08\/201906ete-en-grand-2019-affiche-1.jpg","keywords":["Et\u00e9 en grand \u00e0 Saint-Di\u00e9-des-Vosges","Ville de Saint-Di\u00e9-des-Vosges"],"articleSection":["A la Une","Loisirs","Saint-Di\u00e9-des-Vosges et son Agglom\u00e9ration"],"inLanguage":"fr-FR","potentialAction":[{"@type":"CommentAction","name":"Comment","target":["https:\/\/vosgesinfo.fr\/saintdieinfo\/2019\/08\/ete-grand-a-saint-die-vosges-programme-de-semaine-19\/#respond"]}]},{"@type":"WebPage","@id":"https:\/\/vosgesinfo.fr\/saintdieinfo\/2019\/08\/ete-grand-a-saint-die-vosges-programme-de-semaine-19\/","url":"https:\/\/vosgesinfo.fr\/saintdieinfo\/2019\/08\/ete-grand-a-saint-die-vosges-programme-de-semaine-19\/","name":"Et\u00e9 en grand \u00e0 Saint-Di\u00e9-des-Vosges : le programme de la semaine - Saint Die Info","isPartOf":{"@id":"https:\/\/vosgesinfo.fr\/saintdieinfo\/#website"},"primaryImageOfPage":{"@id":"https:\/\/vosgesinfo.fr\/saintdieinfo\/2019\/08\/ete-grand-a-saint-die-vosges-programme-de-semaine-19\/#primaryimage"},"image":{"@id":"https:\/\/vosgesinfo.fr\/saintdieinfo\/2019\/08\/ete-grand-a-saint-die-vosges-programme-de-semaine-19\/#primaryimage"},"thumbnailUrl":"https:\/\/vosgesinfo.fr\/app\/uploads\/sites\/4\/2024\/08\/201906ete-en-grand-2019-affiche-1.jpg","datePublished":"2019-08-12T06:00:46+00:00","dateModified":"2019-08-12T06:00:46+00:00","breadcrumb":{"@id":"https:\/\/vosgesinfo.fr\/saintdieinfo\/2019\/08\/ete-grand-a-saint-die-vosges-programme-de-semaine-19\/#breadcrumb"},"inLanguage":"fr-FR","potentialAction":[{"@type":"ReadAction","target":["https:\/\/vosgesinfo.fr\/saintdieinfo\/2019\/08\/ete-grand-a-saint-die-vosges-programme-de-semaine-19\/"]}]},{"@type":"ImageObject","inLanguage":"fr-FR","@id":"https:\/\/vosgesinfo.fr\/saintdieinfo\/2019\/08\/ete-grand-a-saint-die-vosges-programme-de-semaine-19\/#primaryimage","url":"https:\/\/vosgesinfo.fr\/app\/uploads\/sites\/4\/2024\/08\/201906ete-en-grand-2019-affiche-1.jpg","contentUrl":"https:\/\/vosgesinfo.fr\/app\/uploads\/sites\/4\/2024\/08\/201906ete-en-grand-2019-affiche-1.jpg","width":1181,"height":1772},{"@type":"BreadcrumbList","@id":"https:\/\/vosgesinfo.fr\/saintdieinfo\/2019\/08\/ete-grand-a-saint-die-vosges-programme-de-semaine-19\/#breadcrumb","itemListElement":[{"@type":"ListItem","position":1,"name":"Home","item":"https:\/\/vosgesinfo.fr\/saintdieinfo\/"},{"@type":"ListItem","position":2,"name":"Et\u00e9 en grand \u00e0 Saint-Di\u00e9-des-Vosges : le programme de la semaine"}]},{"@type":"WebSite","@id":"https:\/\/vosgesinfo.fr\/saintdieinfo\/#website","url":"https:\/\/vosgesinfo.fr\/saintdieinfo\/","name":"Saint Die Info","description":"Toute l&#039;actualit\u00e9 de Saint-Di\u00e9-Des-Vosges","publisher":{"@id":"https:\/\/vosgesinfo.fr\/saintdieinfo\/#organization"},"alternateName":"Toute l'actualit\u00e9 de Saint-Di\u00e9-Des-Vosges","potentialAction":[{"@type":"SearchAction","target":{"@type":"EntryPoint","urlTemplate":"https:\/\/vosgesinfo.fr\/saintdieinfo\/?s={search_term_string}"},"query-input":"required name=search_term_string"}],"inLanguage":"fr-FR"},{"@type":"Organization","@id":"https:\/\/vosgesinfo.fr\/saintdieinfo\/#organization","name":"Saint Die Info","url":"https:\/\/vosgesinfo.fr\/saintdieinfo\/","logo":{"@type":"ImageObject","inLanguage":"fr-FR","@id":"https:\/\/vosgesinfo.fr\/saintdieinfo\/#\/schema\/logo\/image\/","url":"https:\/\/vosgesinfo.fr\/app\/uploads\/sites\/4\/2024\/02\/logo-sdi.jpg","contentUrl":"https:\/\/vosgesinfo.fr\/app\/uploads\/sites\/4\/2024\/02\/logo-sdi.jpg","width":600,"height":600,"caption":"Saint Die Info"},"image":{"@id":"https:\/\/vosgesinfo.fr\/saintdieinfo\/#\/schema\/logo\/image\/"},"sameAs":["https:\/\/www.facebook.com\/Saintdieinfofr","https:\/\/x.com\/VosgesInfo88","https:\/\/www.youtube.com\/@vosgesinfo"]},{"@type":"Person","@id":"https:\/\/vosgesinfo.fr\/saintdieinfo\/#\/schema\/person\/faee6704a21f3977511db84bd1cd450f","name":"la r\u00e9daction","image":{"@type":"ImageObject","inLanguage":"fr-FR","@id":"https:\/\/vosgesinfo.fr\/saintdieinfo\/#\/schema\/person\/image\/","url":"https:\/\/secure.gravatar.com\/avatar\/6673d8bc6a9c17fa9a453eaa3448de834fa308c2ec9635b7aa99441a7c8d2cf6?s=96&d=mm&r=g","contentUrl":"https:\/\/secure.gravatar.com\/avatar\/6673d8bc6a9c17fa9a453eaa3448de834fa308c2ec9635b7aa99441a7c8d2cf6?s=96&d=mm&r=g","caption":"la r\u00e9daction"},"url":"https:\/\/vosgesinfo.fr\/saintdieinfo\/author\/redac\/"}]}},"_links":{"self":[{"href":"https:\/\/vosgesinfo.fr\/saintdieinfo\/wp-json\/wp\/v2\/posts\/37504","targetHints":{"allow":["GET"]}}],"collection":[{"href":"https:\/\/vosgesinfo.fr\/saintdieinfo\/wp-json\/wp\/v2\/posts"}],"about":[{"href":"https:\/\/vosgesinfo.fr\/saintdieinfo\/wp-json\/wp\/v2\/types\/post"}],"author":[{"embeddable":true,"href":"https:\/\/vosgesinfo.fr\/saintdieinfo\/wp-json\/wp\/v2\/users\/44"}],"replies":[{"embeddable":true,"href":"https:\/\/vosgesinfo.fr\/saintdieinfo\/wp-json\/wp\/v2\/comments?post=37504"}],"version-history":[{"count":0,"href":"https:\/\/vosgesinfo.fr\/saintdieinfo\/wp-json\/wp\/v2\/posts\/37504\/revisions"}],"wp:featuredmedia":[{"embeddable":true,"href":"https:\/\/vosgesinfo.fr\/saintdieinfo\/wp-json\/wp\/v2\/media\/37505"}],"wp:attachment":[{"href":"https:\/\/vosgesinfo.fr\/saintdieinfo\/wp-json\/wp\/v2\/media?parent=37504"}],"wp:term":[{"taxonomy":"category","embeddable":true,"href":"https:\/\/vosgesinfo.fr\/saintdieinfo\/wp-json\/wp\/v2\/categories?post=37504"},{"taxonomy":"post_tag","embeddable":true,"href":"https:\/\/vosgesinfo.fr\/saintdieinfo\/wp-json\/wp\/v2\/tags?post=37504"}],"curies":[{"name":"wp","href":"https:\/\/api.w.org\/{rel}","templated":true}]}}