{"id":37539,"date":"2019-08-14T14:00:23","date_gmt":"2019-08-14T12:00:23","guid":{"rendered":"https:\/\/vosgesinfo.fr\/saintdieinfo\/2019\/08\/florence-lulu-atelier-de-musique-de-lhumour-parc-jean-mansuy\/"},"modified":"2019-08-14T14:00:23","modified_gmt":"2019-08-14T12:00:23","slug":"florence-lulu-atelier-de-musique-de-lhumour-parc-jean-mansuy","status":"publish","type":"post","link":"https:\/\/vosgesinfo.fr\/saintdieinfo\/2019\/08\/florence-lulu-atelier-de-musique-de-lhumour-parc-jean-mansuy\/","title":{"rendered":"Florence, Lulu, un atelier, de la musique et de l&rsquo;humour au parc Jean-Mansuy"},"content":{"rendered":"<p><a href=\"\/2019\/08\/Concert_lAtelier_Compagnie_Poil_\u00e0_Gratter-2.jpg\" target=\"_blank\" rel=\"noopener\"><img decoding=\"async\" class=\"aligncenter wp-image-143517 size-full\" src=\"\/2019\/08\/Concert_lAtelier_Compagnie_Poil_\u00e0_Gratter-2.jpg\" alt=\"Concert_l'Atelier_Compagnie_Poil_\u00e0_Gratter (2)\" width=\"1000\" height=\"667\" \/><\/a><\/p>\n<h2><strong><span style=\"font-family: Calibri, sans-serif;\"><span style=\"font-size: large;\">Ce n&rsquo;est pas parce que la rentr\u00e9e scolaire commence \u00e0 se profiler \u00e0 l&rsquo;horizon que l&rsquo;Et\u00e9 en grand \u00e0 Saint-Di\u00e9-des-Vosges est pour autant termin\u00e9&#8230; Preuve en est ce mercredi apr\u00e8s-midi, o\u00f9 la compagnie \u00ab\u00a0Poil \u00e0 Gratter\u00a0\u00bb a pr\u00e9sent\u00e9 du c\u00f4t\u00e9 du parc Jean-Mansuy \u00ab\u00a0l&rsquo;Atelier\u00a0\u00bb, devant un \u2013 jeune \u2013 public venu nombreux.<\/span><\/span><\/strong><\/h2>\n<p><!--more--><\/p>\n<p><span style=\"font-family: Calibri, sans-serif;\"><span style=\"font-size: large;\">Durant environ 50 minutes, ce spectacle original, interactif, musical et humoristique, raconte ce qui se passe lorsque Florence et Lulu investissent l&rsquo;atelier de leur p\u00e8re alors en d\u00e9placement&#8230; transformant par la m\u00eame occasion les objets \u00e0 r\u00e9parer en instruments de musique, comme une chambre \u00e0 air en cornemuse, un vieil arrosoir bidouill\u00e9 saxophone ou des tuyaux de plomberie en tatanophone. Des \u00ab\u00a0bidouilleries\u00a0\u00bb amusantes compl\u00e9t\u00e9es par de v\u00e9ritables instruments de musiques, tels qu&rsquo;un violon, une guitare, des percussions et un psalt\u00e9rion, un instrument \u00e0 corde n\u00e9 au Moyen-\u00c2ge. En somme, tous les ingr\u00e9dients \u00e9taient r\u00e9unis cet apr\u00e8s-midi pour passer un bon moment en chanson et en musique.<\/span><\/span><\/p>\n<p>J.J.<\/p>\n\n","protected":false},"excerpt":{"rendered":"<p>Ce n&rsquo;est pas parce que la rentr\u00e9e scolaire commence \u00e0 se profiler \u00e0 l&rsquo;horizon que l&rsquo;Et\u00e9 en grand \u00e0 Saint-Di\u00e9-des-Vosges [&hellip;]<\/p>\n","protected":false},"author":46,"featured_media":37540,"comment_status":"open","ping_status":"open","sticky":false,"template":"","format":"standard","meta":{"footnotes":""},"categories":[460,3532,20,2915],"tags":[7245,2967,7246,3095],"class_list":["post-37539","post","type-post","status-publish","format-standard","has-post-thumbnail","hentry","category-a-la-une","category-enfants","category-loisirs","category-saint-die-son-canton","tag-compagnie-poil-a-gratter","tag-ete-en-grand-a-saint-die-des-vosges","tag-latelier","tag-parc-jean-mansuy"],"acf":[],"yoast_head":"<!-- This site is optimized with the Yoast SEO plugin v22.5 - https:\/\/yoast.com\/wordpress\/plugins\/seo\/ -->\n<title>Florence, Lulu, un atelier, de la musique et de l&#039;humour au parc Jean-Mansuy - Saint Die Info<\/title>\n<meta name=\"robots\" content=\"index, follow, max-snippet:-1, max-image-preview:large, max-video-preview:-1\" \/>\n<link rel=\"canonical\" href=\"https:\/\/vosgesinfo.fr\/saintdieinfo\/2019\/08\/florence-lulu-atelier-de-musique-de-lhumour-parc-jean-mansuy\/\" \/>\n<meta name=\"twitter:card\" content=\"summary_large_image\" \/>\n<meta name=\"twitter:title\" content=\"Florence, Lulu, un atelier, de la musique et de l&#039;humour au parc Jean-Mansuy - Saint Die Info\" \/>\n<meta name=\"twitter:description\" content=\"Ce n&rsquo;est pas parce que la rentr\u00e9e scolaire commence \u00e0 se profiler \u00e0 l&rsquo;horizon que l&rsquo;Et\u00e9 en grand \u00e0 Saint-Di\u00e9-des-Vosges [&hellip;]\" \/>\n<meta name=\"twitter:image\" content=\"https:\/\/vosgesinfo.fr\/app\/uploads\/sites\/4\/2024\/08\/201908concert-latelier-compagnie-poil-a-gratter-2.jpg\" \/>\n<meta name=\"twitter:creator\" content=\"@VosgesInfo88\" \/>\n<meta name=\"twitter:site\" content=\"@VosgesInfo88\" \/>\n<meta name=\"twitter:label1\" content=\"\u00c9crit par\" \/>\n\t<meta name=\"twitter:data1\" content=\"J.J.\" \/>\n\t<meta name=\"twitter:label2\" content=\"Dur\u00e9e de lecture estim\u00e9e\" \/>\n\t<meta name=\"twitter:data2\" content=\"1 minute\" \/>\n<script type=\"application\/ld+json\" class=\"yoast-schema-graph\">{\"@context\":\"https:\/\/schema.org\",\"@graph\":[{\"@type\":\"Article\",\"@id\":\"https:\/\/vosgesinfo.fr\/saintdieinfo\/2019\/08\/florence-lulu-atelier-de-musique-de-lhumour-parc-jean-mansuy\/#article\",\"isPartOf\":{\"@id\":\"https:\/\/vosgesinfo.fr\/saintdieinfo\/2019\/08\/florence-lulu-atelier-de-musique-de-lhumour-parc-jean-mansuy\/\"},\"author\":{\"name\":\"J.J.\",\"@id\":\"https:\/\/vosgesinfo.fr\/saintdieinfo\/#\/schema\/person\/fa73e9f726d67bb88f46d5b7943cb572\"},\"headline\":\"Florence, Lulu, un atelier, de la musique et de l&rsquo;humour au parc Jean-Mansuy\",\"datePublished\":\"2019-08-14T12:00:23+00:00\",\"dateModified\":\"2019-08-14T12:00:23+00:00\",\"mainEntityOfPage\":{\"@id\":\"https:\/\/vosgesinfo.fr\/saintdieinfo\/2019\/08\/florence-lulu-atelier-de-musique-de-lhumour-parc-jean-mansuy\/\"},\"wordCount\":193,\"commentCount\":0,\"publisher\":{\"@id\":\"https:\/\/vosgesinfo.fr\/saintdieinfo\/#organization\"},\"image\":{\"@id\":\"https:\/\/vosgesinfo.fr\/saintdieinfo\/2019\/08\/florence-lulu-atelier-de-musique-de-lhumour-parc-jean-mansuy\/#primaryimage\"},\"thumbnailUrl\":\"https:\/\/vosgesinfo.fr\/app\/uploads\/sites\/4\/2024\/08\/201908concert-latelier-compagnie-poil-a-gratter-2.jpg\",\"keywords\":[\"Compagnie Poil \u00e0 Gratter\",\"Et\u00e9 en grand \u00e0 Saint-Di\u00e9-des-Vosges\",\"L'Atelier\",\"Parc Jean-Mansuy\"],\"articleSection\":[\"A la Une\",\"Enfants\",\"Loisirs\",\"Saint-Di\u00e9-des-Vosges et son Agglom\u00e9ration\"],\"inLanguage\":\"fr-FR\",\"potentialAction\":[{\"@type\":\"CommentAction\",\"name\":\"Comment\",\"target\":[\"https:\/\/vosgesinfo.fr\/saintdieinfo\/2019\/08\/florence-lulu-atelier-de-musique-de-lhumour-parc-jean-mansuy\/#respond\"]}]},{\"@type\":\"WebPage\",\"@id\":\"https:\/\/vosgesinfo.fr\/saintdieinfo\/2019\/08\/florence-lulu-atelier-de-musique-de-lhumour-parc-jean-mansuy\/\",\"url\":\"https:\/\/vosgesinfo.fr\/saintdieinfo\/2019\/08\/florence-lulu-atelier-de-musique-de-lhumour-parc-jean-mansuy\/\",\"name\":\"Florence, Lulu, un atelier, de la musique et de l'humour au parc Jean-Mansuy - Saint Die Info\",\"isPartOf\":{\"@id\":\"https:\/\/vosgesinfo.fr\/saintdieinfo\/#website\"},\"primaryImageOfPage\":{\"@id\":\"https:\/\/vosgesinfo.fr\/saintdieinfo\/2019\/08\/florence-lulu-atelier-de-musique-de-lhumour-parc-jean-mansuy\/#primaryimage\"},\"image\":{\"@id\":\"https:\/\/vosgesinfo.fr\/saintdieinfo\/2019\/08\/florence-lulu-atelier-de-musique-de-lhumour-parc-jean-mansuy\/#primaryimage\"},\"thumbnailUrl\":\"https:\/\/vosgesinfo.fr\/app\/uploads\/sites\/4\/2024\/08\/201908concert-latelier-compagnie-poil-a-gratter-2.jpg\",\"datePublished\":\"2019-08-14T12:00:23+00:00\",\"dateModified\":\"2019-08-14T12:00:23+00:00\",\"breadcrumb\":{\"@id\":\"https:\/\/vosgesinfo.fr\/saintdieinfo\/2019\/08\/florence-lulu-atelier-de-musique-de-lhumour-parc-jean-mansuy\/#breadcrumb\"},\"inLanguage\":\"fr-FR\",\"potentialAction\":[{\"@type\":\"ReadAction\",\"target\":[\"https:\/\/vosgesinfo.fr\/saintdieinfo\/2019\/08\/florence-lulu-atelier-de-musique-de-lhumour-parc-jean-mansuy\/\"]}]},{\"@type\":\"ImageObject\",\"inLanguage\":\"fr-FR\",\"@id\":\"https:\/\/vosgesinfo.fr\/saintdieinfo\/2019\/08\/florence-lulu-atelier-de-musique-de-lhumour-parc-jean-mansuy\/#primaryimage\",\"url\":\"https:\/\/vosgesinfo.fr\/app\/uploads\/sites\/4\/2024\/08\/201908concert-latelier-compagnie-poil-a-gratter-2.jpg\",\"contentUrl\":\"https:\/\/vosgesinfo.fr\/app\/uploads\/sites\/4\/2024\/08\/201908concert-latelier-compagnie-poil-a-gratter-2.jpg\",\"width\":1000,\"height\":667},{\"@type\":\"BreadcrumbList\",\"@id\":\"https:\/\/vosgesinfo.fr\/saintdieinfo\/2019\/08\/florence-lulu-atelier-de-musique-de-lhumour-parc-jean-mansuy\/#breadcrumb\",\"itemListElement\":[{\"@type\":\"ListItem\",\"position\":1,\"name\":\"Home\",\"item\":\"https:\/\/vosgesinfo.fr\/saintdieinfo\/\"},{\"@type\":\"ListItem\",\"position\":2,\"name\":\"Florence, Lulu, un atelier, de la musique et de l&rsquo;humour au parc Jean-Mansuy\"}]},{\"@type\":\"WebSite\",\"@id\":\"https:\/\/vosgesinfo.fr\/saintdieinfo\/#website\",\"url\":\"https:\/\/vosgesinfo.fr\/saintdieinfo\/\",\"name\":\"Saint Die Info\",\"description\":\"Toute l&#039;actualit\u00e9 de Saint-Di\u00e9-Des-Vosges\",\"publisher\":{\"@id\":\"https:\/\/vosgesinfo.fr\/saintdieinfo\/#organization\"},\"alternateName\":\"Toute l'actualit\u00e9 de Saint-Di\u00e9-Des-Vosges\",\"potentialAction\":[{\"@type\":\"SearchAction\",\"target\":{\"@type\":\"EntryPoint\",\"urlTemplate\":\"https:\/\/vosgesinfo.fr\/saintdieinfo\/?s={search_term_string}\"},\"query-input\":\"required name=search_term_string\"}],\"inLanguage\":\"fr-FR\"},{\"@type\":\"Organization\",\"@id\":\"https:\/\/vosgesinfo.fr\/saintdieinfo\/#organization\",\"name\":\"Saint Die Info\",\"url\":\"https:\/\/vosgesinfo.fr\/saintdieinfo\/\",\"logo\":{\"@type\":\"ImageObject\",\"inLanguage\":\"fr-FR\",\"@id\":\"https:\/\/vosgesinfo.fr\/saintdieinfo\/#\/schema\/logo\/image\/\",\"url\":\"https:\/\/vosgesinfo.fr\/app\/uploads\/sites\/4\/2024\/02\/logo-sdi.jpg\",\"contentUrl\":\"https:\/\/vosgesinfo.fr\/app\/uploads\/sites\/4\/2024\/02\/logo-sdi.jpg\",\"width\":600,\"height\":600,\"caption\":\"Saint Die Info\"},\"image\":{\"@id\":\"https:\/\/vosgesinfo.fr\/saintdieinfo\/#\/schema\/logo\/image\/\"},\"sameAs\":[\"https:\/\/www.facebook.com\/Saintdieinfofr\",\"https:\/\/x.com\/VosgesInfo88\",\"https:\/\/www.youtube.com\/@vosgesinfo\"]},{\"@type\":\"Person\",\"@id\":\"https:\/\/vosgesinfo.fr\/saintdieinfo\/#\/schema\/person\/fa73e9f726d67bb88f46d5b7943cb572\",\"name\":\"J.J.\",\"image\":{\"@type\":\"ImageObject\",\"inLanguage\":\"fr-FR\",\"@id\":\"https:\/\/vosgesinfo.fr\/saintdieinfo\/#\/schema\/person\/image\/\",\"url\":\"https:\/\/secure.gravatar.com\/avatar\/219e749e47ffbcca018a360ae4add7d4cdf1cdaaf8bc7676b27efade3fe65615?s=96&d=mm&r=g\",\"contentUrl\":\"https:\/\/secure.gravatar.com\/avatar\/219e749e47ffbcca018a360ae4add7d4cdf1cdaaf8bc7676b27efade3fe65615?s=96&d=mm&r=g\",\"caption\":\"J.J.\"},\"url\":\"https:\/\/vosgesinfo.fr\/saintdieinfo\/author\/j-j\/\"}]}<\/script>\n<!-- \/ Yoast SEO plugin. -->","yoast_head_json":{"title":"Florence, Lulu, un atelier, de la musique et de l'humour au parc Jean-Mansuy - Saint Die Info","robots":{"index":"index","follow":"follow","max-snippet":"max-snippet:-1","max-image-preview":"max-image-preview:large","max-video-preview":"max-video-preview:-1"},"canonical":"https:\/\/vosgesinfo.fr\/saintdieinfo\/2019\/08\/florence-lulu-atelier-de-musique-de-lhumour-parc-jean-mansuy\/","twitter_card":"summary_large_image","twitter_title":"Florence, Lulu, un atelier, de la musique et de l'humour au parc Jean-Mansuy - Saint Die Info","twitter_description":"Ce n&rsquo;est pas parce que la rentr\u00e9e scolaire commence \u00e0 se profiler \u00e0 l&rsquo;horizon que l&rsquo;Et\u00e9 en grand \u00e0 Saint-Di\u00e9-des-Vosges [&hellip;]","twitter_image":"https:\/\/vosgesinfo.fr\/app\/uploads\/sites\/4\/2024\/08\/201908concert-latelier-compagnie-poil-a-gratter-2.jpg","twitter_creator":"@VosgesInfo88","twitter_site":"@VosgesInfo88","twitter_misc":{"\u00c9crit par":"J.J.","Dur\u00e9e de lecture estim\u00e9e":"1 minute"},"schema":{"@context":"https:\/\/schema.org","@graph":[{"@type":"Article","@id":"https:\/\/vosgesinfo.fr\/saintdieinfo\/2019\/08\/florence-lulu-atelier-de-musique-de-lhumour-parc-jean-mansuy\/#article","isPartOf":{"@id":"https:\/\/vosgesinfo.fr\/saintdieinfo\/2019\/08\/florence-lulu-atelier-de-musique-de-lhumour-parc-jean-mansuy\/"},"author":{"name":"J.J.","@id":"https:\/\/vosgesinfo.fr\/saintdieinfo\/#\/schema\/person\/fa73e9f726d67bb88f46d5b7943cb572"},"headline":"Florence, Lulu, un atelier, de la musique et de l&rsquo;humour au parc Jean-Mansuy","datePublished":"2019-08-14T12:00:23+00:00","dateModified":"2019-08-14T12:00:23+00:00","mainEntityOfPage":{"@id":"https:\/\/vosgesinfo.fr\/saintdieinfo\/2019\/08\/florence-lulu-atelier-de-musique-de-lhumour-parc-jean-mansuy\/"},"wordCount":193,"commentCount":0,"publisher":{"@id":"https:\/\/vosgesinfo.fr\/saintdieinfo\/#organization"},"image":{"@id":"https:\/\/vosgesinfo.fr\/saintdieinfo\/2019\/08\/florence-lulu-atelier-de-musique-de-lhumour-parc-jean-mansuy\/#primaryimage"},"thumbnailUrl":"https:\/\/vosgesinfo.fr\/app\/uploads\/sites\/4\/2024\/08\/201908concert-latelier-compagnie-poil-a-gratter-2.jpg","keywords":["Compagnie Poil \u00e0 Gratter","Et\u00e9 en grand \u00e0 Saint-Di\u00e9-des-Vosges","L'Atelier","Parc Jean-Mansuy"],"articleSection":["A la Une","Enfants","Loisirs","Saint-Di\u00e9-des-Vosges et son Agglom\u00e9ration"],"inLanguage":"fr-FR","potentialAction":[{"@type":"CommentAction","name":"Comment","target":["https:\/\/vosgesinfo.fr\/saintdieinfo\/2019\/08\/florence-lulu-atelier-de-musique-de-lhumour-parc-jean-mansuy\/#respond"]}]},{"@type":"WebPage","@id":"https:\/\/vosgesinfo.fr\/saintdieinfo\/2019\/08\/florence-lulu-atelier-de-musique-de-lhumour-parc-jean-mansuy\/","url":"https:\/\/vosgesinfo.fr\/saintdieinfo\/2019\/08\/florence-lulu-atelier-de-musique-de-lhumour-parc-jean-mansuy\/","name":"Florence, Lulu, un atelier, de la musique et de l'humour au parc Jean-Mansuy - Saint Die Info","isPartOf":{"@id":"https:\/\/vosgesinfo.fr\/saintdieinfo\/#website"},"primaryImageOfPage":{"@id":"https:\/\/vosgesinfo.fr\/saintdieinfo\/2019\/08\/florence-lulu-atelier-de-musique-de-lhumour-parc-jean-mansuy\/#primaryimage"},"image":{"@id":"https:\/\/vosgesinfo.fr\/saintdieinfo\/2019\/08\/florence-lulu-atelier-de-musique-de-lhumour-parc-jean-mansuy\/#primaryimage"},"thumbnailUrl":"https:\/\/vosgesinfo.fr\/app\/uploads\/sites\/4\/2024\/08\/201908concert-latelier-compagnie-poil-a-gratter-2.jpg","datePublished":"2019-08-14T12:00:23+00:00","dateModified":"2019-08-14T12:00:23+00:00","breadcrumb":{"@id":"https:\/\/vosgesinfo.fr\/saintdieinfo\/2019\/08\/florence-lulu-atelier-de-musique-de-lhumour-parc-jean-mansuy\/#breadcrumb"},"inLanguage":"fr-FR","potentialAction":[{"@type":"ReadAction","target":["https:\/\/vosgesinfo.fr\/saintdieinfo\/2019\/08\/florence-lulu-atelier-de-musique-de-lhumour-parc-jean-mansuy\/"]}]},{"@type":"ImageObject","inLanguage":"fr-FR","@id":"https:\/\/vosgesinfo.fr\/saintdieinfo\/2019\/08\/florence-lulu-atelier-de-musique-de-lhumour-parc-jean-mansuy\/#primaryimage","url":"https:\/\/vosgesinfo.fr\/app\/uploads\/sites\/4\/2024\/08\/201908concert-latelier-compagnie-poil-a-gratter-2.jpg","contentUrl":"https:\/\/vosgesinfo.fr\/app\/uploads\/sites\/4\/2024\/08\/201908concert-latelier-compagnie-poil-a-gratter-2.jpg","width":1000,"height":667},{"@type":"BreadcrumbList","@id":"https:\/\/vosgesinfo.fr\/saintdieinfo\/2019\/08\/florence-lulu-atelier-de-musique-de-lhumour-parc-jean-mansuy\/#breadcrumb","itemListElement":[{"@type":"ListItem","position":1,"name":"Home","item":"https:\/\/vosgesinfo.fr\/saintdieinfo\/"},{"@type":"ListItem","position":2,"name":"Florence, Lulu, un atelier, de la musique et de l&rsquo;humour au parc Jean-Mansuy"}]},{"@type":"WebSite","@id":"https:\/\/vosgesinfo.fr\/saintdieinfo\/#website","url":"https:\/\/vosgesinfo.fr\/saintdieinfo\/","name":"Saint Die Info","description":"Toute l&#039;actualit\u00e9 de Saint-Di\u00e9-Des-Vosges","publisher":{"@id":"https:\/\/vosgesinfo.fr\/saintdieinfo\/#organization"},"alternateName":"Toute l'actualit\u00e9 de Saint-Di\u00e9-Des-Vosges","potentialAction":[{"@type":"SearchAction","target":{"@type":"EntryPoint","urlTemplate":"https:\/\/vosgesinfo.fr\/saintdieinfo\/?s={search_term_string}"},"query-input":"required name=search_term_string"}],"inLanguage":"fr-FR"},{"@type":"Organization","@id":"https:\/\/vosgesinfo.fr\/saintdieinfo\/#organization","name":"Saint Die Info","url":"https:\/\/vosgesinfo.fr\/saintdieinfo\/","logo":{"@type":"ImageObject","inLanguage":"fr-FR","@id":"https:\/\/vosgesinfo.fr\/saintdieinfo\/#\/schema\/logo\/image\/","url":"https:\/\/vosgesinfo.fr\/app\/uploads\/sites\/4\/2024\/02\/logo-sdi.jpg","contentUrl":"https:\/\/vosgesinfo.fr\/app\/uploads\/sites\/4\/2024\/02\/logo-sdi.jpg","width":600,"height":600,"caption":"Saint Die Info"},"image":{"@id":"https:\/\/vosgesinfo.fr\/saintdieinfo\/#\/schema\/logo\/image\/"},"sameAs":["https:\/\/www.facebook.com\/Saintdieinfofr","https:\/\/x.com\/VosgesInfo88","https:\/\/www.youtube.com\/@vosgesinfo"]},{"@type":"Person","@id":"https:\/\/vosgesinfo.fr\/saintdieinfo\/#\/schema\/person\/fa73e9f726d67bb88f46d5b7943cb572","name":"J.J.","image":{"@type":"ImageObject","inLanguage":"fr-FR","@id":"https:\/\/vosgesinfo.fr\/saintdieinfo\/#\/schema\/person\/image\/","url":"https:\/\/secure.gravatar.com\/avatar\/219e749e47ffbcca018a360ae4add7d4cdf1cdaaf8bc7676b27efade3fe65615?s=96&d=mm&r=g","contentUrl":"https:\/\/secure.gravatar.com\/avatar\/219e749e47ffbcca018a360ae4add7d4cdf1cdaaf8bc7676b27efade3fe65615?s=96&d=mm&r=g","caption":"J.J."},"url":"https:\/\/vosgesinfo.fr\/saintdieinfo\/author\/j-j\/"}]}},"_links":{"self":[{"href":"https:\/\/vosgesinfo.fr\/saintdieinfo\/wp-json\/wp\/v2\/posts\/37539","targetHints":{"allow":["GET"]}}],"collection":[{"href":"https:\/\/vosgesinfo.fr\/saintdieinfo\/wp-json\/wp\/v2\/posts"}],"about":[{"href":"https:\/\/vosgesinfo.fr\/saintdieinfo\/wp-json\/wp\/v2\/types\/post"}],"author":[{"embeddable":true,"href":"https:\/\/vosgesinfo.fr\/saintdieinfo\/wp-json\/wp\/v2\/users\/46"}],"replies":[{"embeddable":true,"href":"https:\/\/vosgesinfo.fr\/saintdieinfo\/wp-json\/wp\/v2\/comments?post=37539"}],"version-history":[{"count":0,"href":"https:\/\/vosgesinfo.fr\/saintdieinfo\/wp-json\/wp\/v2\/posts\/37539\/revisions"}],"wp:featuredmedia":[{"embeddable":true,"href":"https:\/\/vosgesinfo.fr\/saintdieinfo\/wp-json\/wp\/v2\/media\/37540"}],"wp:attachment":[{"href":"https:\/\/vosgesinfo.fr\/saintdieinfo\/wp-json\/wp\/v2\/media?parent=37539"}],"wp:term":[{"taxonomy":"category","embeddable":true,"href":"https:\/\/vosgesinfo.fr\/saintdieinfo\/wp-json\/wp\/v2\/categories?post=37539"},{"taxonomy":"post_tag","embeddable":true,"href":"https:\/\/vosgesinfo.fr\/saintdieinfo\/wp-json\/wp\/v2\/tags?post=37539"}],"curies":[{"name":"wp","href":"https:\/\/api.w.org\/{rel}","templated":true}]}}