{"id":37570,"date":"2019-08-16T12:00:37","date_gmt":"2019-08-16T10:00:37","guid":{"rendered":"https:\/\/vosgesinfo.fr\/saintdieinfo\/2019\/08\/patron-pelerins-a-ete-celebre-chapelle-saint-roch\/"},"modified":"2019-08-16T12:00:37","modified_gmt":"2019-08-16T10:00:37","slug":"patron-pelerins-a-ete-celebre-chapelle-saint-roch","status":"publish","type":"post","link":"https:\/\/vosgesinfo.fr\/saintdieinfo\/2019\/08\/patron-pelerins-a-ete-celebre-chapelle-saint-roch\/","title":{"rendered":"Le patron des p\u00e8lerins a \u00e9t\u00e9 c\u00e9l\u00e9br\u00e9 en la chapelle Saint-Roch"},"content":{"rendered":"<div id=\"attachment_143554\" style=\"width: 970px\" class=\"wp-caption aligncenter\"><a href=\"\/2019\/08\/Messe_Saint-Roch-1.jpeg\" target=\"_blank\" rel=\"noopener\"><img decoding=\"async\" aria-describedby=\"caption-attachment-143554\" class=\"wp-image-143554 size-large\" src=\"\/2019\/08\/Messe_Saint-Roch-1-1024x683.jpeg\" alt=\"Messe_Saint-Roch (1)\" width=\"960\" height=\"640\" \/><\/a><p id=\"caption-attachment-143554\" class=\"wp-caption-text\">(Cr\u00e9dits photographiques Marc Fourniquet)<\/p><\/div>\n<h2><strong><span style=\"font-family: Calibri, sans-serif;\"><span style=\"font-size: large;\">Ce matin, en ce vendredi 16 ao\u00fbt, le P\u00e8re Arnaud Meyer a c\u00e9l\u00e9br\u00e9 la traditionnelle messe de la Saint-Roch en la chapelle d\u00e9odatienne situ\u00e9e sur la colline d&rsquo;Ortimont et baptis\u00e9e du nom du patron des p\u00e8lerins.<\/span><\/span><\/strong><\/h2>\n<p><!--more--><\/p>\n<p><span style=\"font-family: Calibri, sans-serif;\"><span style=\"font-size: large;\">Parmi les personnes ayant assist\u00e9 \u00e0 l&rsquo;office, on retrouvait notamment le maire David Valence, le premier adjoint Bruno Toussaint, les conseill\u00e8res municipales Marie-Claude Ancel et Roseylne Froment ainsi que le conseiller d\u00e9partemental William Mathis. Apr\u00e8s la masse, un verre de l&rsquo;amiti\u00e9 \u00e9tait offert par l&rsquo;association des Jardins de la Chapelle Saint-Roch.<\/span><\/span><\/p>\n<p>J.J.<\/p>\n\n","protected":false},"excerpt":{"rendered":"<p>Ce matin, en ce vendredi 16 ao\u00fbt, le P\u00e8re Arnaud Meyer a c\u00e9l\u00e9br\u00e9 la traditionnelle messe de la Saint-Roch en [&hellip;]<\/p>\n","protected":false},"author":46,"featured_media":37571,"comment_status":"open","ping_status":"open","sticky":false,"template":"","format":"standard","meta":{"footnotes":""},"categories":[460,2915],"tags":[3019,3020,7253,3021],"class_list":["post-37570","post","type-post","status-publish","format-standard","has-post-thumbnail","hentry","category-a-la-une","category-saint-die-son-canton","tag-chapelle-saint-roch","tag-messe-de-la-saint-roch","tag-patron-des-pelerins","tag-saint-roch"],"acf":[],"yoast_head":"<!-- This site is optimized with the Yoast SEO plugin v22.5 - https:\/\/yoast.com\/wordpress\/plugins\/seo\/ -->\n<title>Le patron des p\u00e8lerins a \u00e9t\u00e9 c\u00e9l\u00e9br\u00e9 en la chapelle Saint-Roch - Saint Die Info<\/title>\n<meta name=\"robots\" content=\"index, follow, max-snippet:-1, max-image-preview:large, max-video-preview:-1\" \/>\n<link rel=\"canonical\" href=\"https:\/\/vosgesinfo.fr\/saintdieinfo\/2019\/08\/patron-pelerins-a-ete-celebre-chapelle-saint-roch\/\" \/>\n<meta name=\"twitter:card\" content=\"summary_large_image\" \/>\n<meta name=\"twitter:title\" content=\"Le patron des p\u00e8lerins a \u00e9t\u00e9 c\u00e9l\u00e9br\u00e9 en la chapelle Saint-Roch - Saint Die Info\" \/>\n<meta name=\"twitter:description\" content=\"Ce matin, en ce vendredi 16 ao\u00fbt, le P\u00e8re Arnaud Meyer a c\u00e9l\u00e9br\u00e9 la traditionnelle messe de la Saint-Roch en [&hellip;]\" \/>\n<meta name=\"twitter:image\" content=\"https:\/\/vosgesinfo.fr\/app\/uploads\/sites\/4\/2024\/08\/201908messe-saint-roch-1.jpeg\" \/>\n<meta name=\"twitter:creator\" content=\"@VosgesInfo88\" \/>\n<meta name=\"twitter:site\" content=\"@VosgesInfo88\" \/>\n<meta name=\"twitter:label1\" content=\"\u00c9crit par\" \/>\n\t<meta name=\"twitter:data1\" content=\"J.J.\" \/>\n\t<meta name=\"twitter:label2\" content=\"Dur\u00e9e de lecture estim\u00e9e\" \/>\n\t<meta name=\"twitter:data2\" content=\"1 minute\" \/>\n<script type=\"application\/ld+json\" class=\"yoast-schema-graph\">{\"@context\":\"https:\/\/schema.org\",\"@graph\":[{\"@type\":\"Article\",\"@id\":\"https:\/\/vosgesinfo.fr\/saintdieinfo\/2019\/08\/patron-pelerins-a-ete-celebre-chapelle-saint-roch\/#article\",\"isPartOf\":{\"@id\":\"https:\/\/vosgesinfo.fr\/saintdieinfo\/2019\/08\/patron-pelerins-a-ete-celebre-chapelle-saint-roch\/\"},\"author\":{\"name\":\"J.J.\",\"@id\":\"https:\/\/vosgesinfo.fr\/saintdieinfo\/#\/schema\/person\/fa73e9f726d67bb88f46d5b7943cb572\"},\"headline\":\"Le patron des p\u00e8lerins a \u00e9t\u00e9 c\u00e9l\u00e9br\u00e9 en la chapelle Saint-Roch\",\"datePublished\":\"2019-08-16T10:00:37+00:00\",\"dateModified\":\"2019-08-16T10:00:37+00:00\",\"mainEntityOfPage\":{\"@id\":\"https:\/\/vosgesinfo.fr\/saintdieinfo\/2019\/08\/patron-pelerins-a-ete-celebre-chapelle-saint-roch\/\"},\"wordCount\":134,\"commentCount\":0,\"publisher\":{\"@id\":\"https:\/\/vosgesinfo.fr\/saintdieinfo\/#organization\"},\"image\":{\"@id\":\"https:\/\/vosgesinfo.fr\/saintdieinfo\/2019\/08\/patron-pelerins-a-ete-celebre-chapelle-saint-roch\/#primaryimage\"},\"thumbnailUrl\":\"https:\/\/vosgesinfo.fr\/app\/uploads\/sites\/4\/2024\/08\/201908messe-saint-roch-1.jpeg\",\"keywords\":[\"Chapelle Saint-Roch\",\"Messe de la Saint-Roch\",\"Patron des p\u00e8lerins\",\"Saint-Roch\"],\"articleSection\":[\"A la Une\",\"Saint-Di\u00e9-des-Vosges et son Agglom\u00e9ration\"],\"inLanguage\":\"fr-FR\",\"potentialAction\":[{\"@type\":\"CommentAction\",\"name\":\"Comment\",\"target\":[\"https:\/\/vosgesinfo.fr\/saintdieinfo\/2019\/08\/patron-pelerins-a-ete-celebre-chapelle-saint-roch\/#respond\"]}]},{\"@type\":\"WebPage\",\"@id\":\"https:\/\/vosgesinfo.fr\/saintdieinfo\/2019\/08\/patron-pelerins-a-ete-celebre-chapelle-saint-roch\/\",\"url\":\"https:\/\/vosgesinfo.fr\/saintdieinfo\/2019\/08\/patron-pelerins-a-ete-celebre-chapelle-saint-roch\/\",\"name\":\"Le patron des p\u00e8lerins a \u00e9t\u00e9 c\u00e9l\u00e9br\u00e9 en la chapelle Saint-Roch - Saint Die Info\",\"isPartOf\":{\"@id\":\"https:\/\/vosgesinfo.fr\/saintdieinfo\/#website\"},\"primaryImageOfPage\":{\"@id\":\"https:\/\/vosgesinfo.fr\/saintdieinfo\/2019\/08\/patron-pelerins-a-ete-celebre-chapelle-saint-roch\/#primaryimage\"},\"image\":{\"@id\":\"https:\/\/vosgesinfo.fr\/saintdieinfo\/2019\/08\/patron-pelerins-a-ete-celebre-chapelle-saint-roch\/#primaryimage\"},\"thumbnailUrl\":\"https:\/\/vosgesinfo.fr\/app\/uploads\/sites\/4\/2024\/08\/201908messe-saint-roch-1.jpeg\",\"datePublished\":\"2019-08-16T10:00:37+00:00\",\"dateModified\":\"2019-08-16T10:00:37+00:00\",\"breadcrumb\":{\"@id\":\"https:\/\/vosgesinfo.fr\/saintdieinfo\/2019\/08\/patron-pelerins-a-ete-celebre-chapelle-saint-roch\/#breadcrumb\"},\"inLanguage\":\"fr-FR\",\"potentialAction\":[{\"@type\":\"ReadAction\",\"target\":[\"https:\/\/vosgesinfo.fr\/saintdieinfo\/2019\/08\/patron-pelerins-a-ete-celebre-chapelle-saint-roch\/\"]}]},{\"@type\":\"ImageObject\",\"inLanguage\":\"fr-FR\",\"@id\":\"https:\/\/vosgesinfo.fr\/saintdieinfo\/2019\/08\/patron-pelerins-a-ete-celebre-chapelle-saint-roch\/#primaryimage\",\"url\":\"https:\/\/vosgesinfo.fr\/app\/uploads\/sites\/4\/2024\/08\/201908messe-saint-roch-1.jpeg\",\"contentUrl\":\"https:\/\/vosgesinfo.fr\/app\/uploads\/sites\/4\/2024\/08\/201908messe-saint-roch-1.jpeg\",\"width\":2048,\"height\":1365},{\"@type\":\"BreadcrumbList\",\"@id\":\"https:\/\/vosgesinfo.fr\/saintdieinfo\/2019\/08\/patron-pelerins-a-ete-celebre-chapelle-saint-roch\/#breadcrumb\",\"itemListElement\":[{\"@type\":\"ListItem\",\"position\":1,\"name\":\"Home\",\"item\":\"https:\/\/vosgesinfo.fr\/saintdieinfo\/\"},{\"@type\":\"ListItem\",\"position\":2,\"name\":\"Le patron des p\u00e8lerins a \u00e9t\u00e9 c\u00e9l\u00e9br\u00e9 en la chapelle Saint-Roch\"}]},{\"@type\":\"WebSite\",\"@id\":\"https:\/\/vosgesinfo.fr\/saintdieinfo\/#website\",\"url\":\"https:\/\/vosgesinfo.fr\/saintdieinfo\/\",\"name\":\"Saint Die Info\",\"description\":\"Toute l&#039;actualit\u00e9 de Saint-Di\u00e9-Des-Vosges\",\"publisher\":{\"@id\":\"https:\/\/vosgesinfo.fr\/saintdieinfo\/#organization\"},\"alternateName\":\"Toute l'actualit\u00e9 de Saint-Di\u00e9-Des-Vosges\",\"potentialAction\":[{\"@type\":\"SearchAction\",\"target\":{\"@type\":\"EntryPoint\",\"urlTemplate\":\"https:\/\/vosgesinfo.fr\/saintdieinfo\/?s={search_term_string}\"},\"query-input\":\"required name=search_term_string\"}],\"inLanguage\":\"fr-FR\"},{\"@type\":\"Organization\",\"@id\":\"https:\/\/vosgesinfo.fr\/saintdieinfo\/#organization\",\"name\":\"Saint Die Info\",\"url\":\"https:\/\/vosgesinfo.fr\/saintdieinfo\/\",\"logo\":{\"@type\":\"ImageObject\",\"inLanguage\":\"fr-FR\",\"@id\":\"https:\/\/vosgesinfo.fr\/saintdieinfo\/#\/schema\/logo\/image\/\",\"url\":\"https:\/\/vosgesinfo.fr\/app\/uploads\/sites\/4\/2024\/02\/logo-sdi.jpg\",\"contentUrl\":\"https:\/\/vosgesinfo.fr\/app\/uploads\/sites\/4\/2024\/02\/logo-sdi.jpg\",\"width\":600,\"height\":600,\"caption\":\"Saint Die Info\"},\"image\":{\"@id\":\"https:\/\/vosgesinfo.fr\/saintdieinfo\/#\/schema\/logo\/image\/\"},\"sameAs\":[\"https:\/\/www.facebook.com\/Saintdieinfofr\",\"https:\/\/x.com\/VosgesInfo88\",\"https:\/\/www.youtube.com\/@vosgesinfo\"]},{\"@type\":\"Person\",\"@id\":\"https:\/\/vosgesinfo.fr\/saintdieinfo\/#\/schema\/person\/fa73e9f726d67bb88f46d5b7943cb572\",\"name\":\"J.J.\",\"image\":{\"@type\":\"ImageObject\",\"inLanguage\":\"fr-FR\",\"@id\":\"https:\/\/vosgesinfo.fr\/saintdieinfo\/#\/schema\/person\/image\/\",\"url\":\"https:\/\/secure.gravatar.com\/avatar\/219e749e47ffbcca018a360ae4add7d4cdf1cdaaf8bc7676b27efade3fe65615?s=96&d=mm&r=g\",\"contentUrl\":\"https:\/\/secure.gravatar.com\/avatar\/219e749e47ffbcca018a360ae4add7d4cdf1cdaaf8bc7676b27efade3fe65615?s=96&d=mm&r=g\",\"caption\":\"J.J.\"},\"url\":\"https:\/\/vosgesinfo.fr\/saintdieinfo\/author\/j-j\/\"}]}<\/script>\n<!-- \/ Yoast SEO plugin. -->","yoast_head_json":{"title":"Le patron des p\u00e8lerins a \u00e9t\u00e9 c\u00e9l\u00e9br\u00e9 en la chapelle Saint-Roch - Saint Die Info","robots":{"index":"index","follow":"follow","max-snippet":"max-snippet:-1","max-image-preview":"max-image-preview:large","max-video-preview":"max-video-preview:-1"},"canonical":"https:\/\/vosgesinfo.fr\/saintdieinfo\/2019\/08\/patron-pelerins-a-ete-celebre-chapelle-saint-roch\/","twitter_card":"summary_large_image","twitter_title":"Le patron des p\u00e8lerins a \u00e9t\u00e9 c\u00e9l\u00e9br\u00e9 en la chapelle Saint-Roch - Saint Die Info","twitter_description":"Ce matin, en ce vendredi 16 ao\u00fbt, le P\u00e8re Arnaud Meyer a c\u00e9l\u00e9br\u00e9 la traditionnelle messe de la Saint-Roch en [&hellip;]","twitter_image":"https:\/\/vosgesinfo.fr\/app\/uploads\/sites\/4\/2024\/08\/201908messe-saint-roch-1.jpeg","twitter_creator":"@VosgesInfo88","twitter_site":"@VosgesInfo88","twitter_misc":{"\u00c9crit par":"J.J.","Dur\u00e9e de lecture estim\u00e9e":"1 minute"},"schema":{"@context":"https:\/\/schema.org","@graph":[{"@type":"Article","@id":"https:\/\/vosgesinfo.fr\/saintdieinfo\/2019\/08\/patron-pelerins-a-ete-celebre-chapelle-saint-roch\/#article","isPartOf":{"@id":"https:\/\/vosgesinfo.fr\/saintdieinfo\/2019\/08\/patron-pelerins-a-ete-celebre-chapelle-saint-roch\/"},"author":{"name":"J.J.","@id":"https:\/\/vosgesinfo.fr\/saintdieinfo\/#\/schema\/person\/fa73e9f726d67bb88f46d5b7943cb572"},"headline":"Le patron des p\u00e8lerins a \u00e9t\u00e9 c\u00e9l\u00e9br\u00e9 en la chapelle Saint-Roch","datePublished":"2019-08-16T10:00:37+00:00","dateModified":"2019-08-16T10:00:37+00:00","mainEntityOfPage":{"@id":"https:\/\/vosgesinfo.fr\/saintdieinfo\/2019\/08\/patron-pelerins-a-ete-celebre-chapelle-saint-roch\/"},"wordCount":134,"commentCount":0,"publisher":{"@id":"https:\/\/vosgesinfo.fr\/saintdieinfo\/#organization"},"image":{"@id":"https:\/\/vosgesinfo.fr\/saintdieinfo\/2019\/08\/patron-pelerins-a-ete-celebre-chapelle-saint-roch\/#primaryimage"},"thumbnailUrl":"https:\/\/vosgesinfo.fr\/app\/uploads\/sites\/4\/2024\/08\/201908messe-saint-roch-1.jpeg","keywords":["Chapelle Saint-Roch","Messe de la Saint-Roch","Patron des p\u00e8lerins","Saint-Roch"],"articleSection":["A la Une","Saint-Di\u00e9-des-Vosges et son Agglom\u00e9ration"],"inLanguage":"fr-FR","potentialAction":[{"@type":"CommentAction","name":"Comment","target":["https:\/\/vosgesinfo.fr\/saintdieinfo\/2019\/08\/patron-pelerins-a-ete-celebre-chapelle-saint-roch\/#respond"]}]},{"@type":"WebPage","@id":"https:\/\/vosgesinfo.fr\/saintdieinfo\/2019\/08\/patron-pelerins-a-ete-celebre-chapelle-saint-roch\/","url":"https:\/\/vosgesinfo.fr\/saintdieinfo\/2019\/08\/patron-pelerins-a-ete-celebre-chapelle-saint-roch\/","name":"Le patron des p\u00e8lerins a \u00e9t\u00e9 c\u00e9l\u00e9br\u00e9 en la chapelle Saint-Roch - Saint Die Info","isPartOf":{"@id":"https:\/\/vosgesinfo.fr\/saintdieinfo\/#website"},"primaryImageOfPage":{"@id":"https:\/\/vosgesinfo.fr\/saintdieinfo\/2019\/08\/patron-pelerins-a-ete-celebre-chapelle-saint-roch\/#primaryimage"},"image":{"@id":"https:\/\/vosgesinfo.fr\/saintdieinfo\/2019\/08\/patron-pelerins-a-ete-celebre-chapelle-saint-roch\/#primaryimage"},"thumbnailUrl":"https:\/\/vosgesinfo.fr\/app\/uploads\/sites\/4\/2024\/08\/201908messe-saint-roch-1.jpeg","datePublished":"2019-08-16T10:00:37+00:00","dateModified":"2019-08-16T10:00:37+00:00","breadcrumb":{"@id":"https:\/\/vosgesinfo.fr\/saintdieinfo\/2019\/08\/patron-pelerins-a-ete-celebre-chapelle-saint-roch\/#breadcrumb"},"inLanguage":"fr-FR","potentialAction":[{"@type":"ReadAction","target":["https:\/\/vosgesinfo.fr\/saintdieinfo\/2019\/08\/patron-pelerins-a-ete-celebre-chapelle-saint-roch\/"]}]},{"@type":"ImageObject","inLanguage":"fr-FR","@id":"https:\/\/vosgesinfo.fr\/saintdieinfo\/2019\/08\/patron-pelerins-a-ete-celebre-chapelle-saint-roch\/#primaryimage","url":"https:\/\/vosgesinfo.fr\/app\/uploads\/sites\/4\/2024\/08\/201908messe-saint-roch-1.jpeg","contentUrl":"https:\/\/vosgesinfo.fr\/app\/uploads\/sites\/4\/2024\/08\/201908messe-saint-roch-1.jpeg","width":2048,"height":1365},{"@type":"BreadcrumbList","@id":"https:\/\/vosgesinfo.fr\/saintdieinfo\/2019\/08\/patron-pelerins-a-ete-celebre-chapelle-saint-roch\/#breadcrumb","itemListElement":[{"@type":"ListItem","position":1,"name":"Home","item":"https:\/\/vosgesinfo.fr\/saintdieinfo\/"},{"@type":"ListItem","position":2,"name":"Le patron des p\u00e8lerins a \u00e9t\u00e9 c\u00e9l\u00e9br\u00e9 en la chapelle Saint-Roch"}]},{"@type":"WebSite","@id":"https:\/\/vosgesinfo.fr\/saintdieinfo\/#website","url":"https:\/\/vosgesinfo.fr\/saintdieinfo\/","name":"Saint Die Info","description":"Toute l&#039;actualit\u00e9 de Saint-Di\u00e9-Des-Vosges","publisher":{"@id":"https:\/\/vosgesinfo.fr\/saintdieinfo\/#organization"},"alternateName":"Toute l'actualit\u00e9 de Saint-Di\u00e9-Des-Vosges","potentialAction":[{"@type":"SearchAction","target":{"@type":"EntryPoint","urlTemplate":"https:\/\/vosgesinfo.fr\/saintdieinfo\/?s={search_term_string}"},"query-input":"required name=search_term_string"}],"inLanguage":"fr-FR"},{"@type":"Organization","@id":"https:\/\/vosgesinfo.fr\/saintdieinfo\/#organization","name":"Saint Die Info","url":"https:\/\/vosgesinfo.fr\/saintdieinfo\/","logo":{"@type":"ImageObject","inLanguage":"fr-FR","@id":"https:\/\/vosgesinfo.fr\/saintdieinfo\/#\/schema\/logo\/image\/","url":"https:\/\/vosgesinfo.fr\/app\/uploads\/sites\/4\/2024\/02\/logo-sdi.jpg","contentUrl":"https:\/\/vosgesinfo.fr\/app\/uploads\/sites\/4\/2024\/02\/logo-sdi.jpg","width":600,"height":600,"caption":"Saint Die Info"},"image":{"@id":"https:\/\/vosgesinfo.fr\/saintdieinfo\/#\/schema\/logo\/image\/"},"sameAs":["https:\/\/www.facebook.com\/Saintdieinfofr","https:\/\/x.com\/VosgesInfo88","https:\/\/www.youtube.com\/@vosgesinfo"]},{"@type":"Person","@id":"https:\/\/vosgesinfo.fr\/saintdieinfo\/#\/schema\/person\/fa73e9f726d67bb88f46d5b7943cb572","name":"J.J.","image":{"@type":"ImageObject","inLanguage":"fr-FR","@id":"https:\/\/vosgesinfo.fr\/saintdieinfo\/#\/schema\/person\/image\/","url":"https:\/\/secure.gravatar.com\/avatar\/219e749e47ffbcca018a360ae4add7d4cdf1cdaaf8bc7676b27efade3fe65615?s=96&d=mm&r=g","contentUrl":"https:\/\/secure.gravatar.com\/avatar\/219e749e47ffbcca018a360ae4add7d4cdf1cdaaf8bc7676b27efade3fe65615?s=96&d=mm&r=g","caption":"J.J."},"url":"https:\/\/vosgesinfo.fr\/saintdieinfo\/author\/j-j\/"}]}},"_links":{"self":[{"href":"https:\/\/vosgesinfo.fr\/saintdieinfo\/wp-json\/wp\/v2\/posts\/37570","targetHints":{"allow":["GET"]}}],"collection":[{"href":"https:\/\/vosgesinfo.fr\/saintdieinfo\/wp-json\/wp\/v2\/posts"}],"about":[{"href":"https:\/\/vosgesinfo.fr\/saintdieinfo\/wp-json\/wp\/v2\/types\/post"}],"author":[{"embeddable":true,"href":"https:\/\/vosgesinfo.fr\/saintdieinfo\/wp-json\/wp\/v2\/users\/46"}],"replies":[{"embeddable":true,"href":"https:\/\/vosgesinfo.fr\/saintdieinfo\/wp-json\/wp\/v2\/comments?post=37570"}],"version-history":[{"count":0,"href":"https:\/\/vosgesinfo.fr\/saintdieinfo\/wp-json\/wp\/v2\/posts\/37570\/revisions"}],"wp:featuredmedia":[{"embeddable":true,"href":"https:\/\/vosgesinfo.fr\/saintdieinfo\/wp-json\/wp\/v2\/media\/37571"}],"wp:attachment":[{"href":"https:\/\/vosgesinfo.fr\/saintdieinfo\/wp-json\/wp\/v2\/media?parent=37570"}],"wp:term":[{"taxonomy":"category","embeddable":true,"href":"https:\/\/vosgesinfo.fr\/saintdieinfo\/wp-json\/wp\/v2\/categories?post=37570"},{"taxonomy":"post_tag","embeddable":true,"href":"https:\/\/vosgesinfo.fr\/saintdieinfo\/wp-json\/wp\/v2\/tags?post=37570"}],"curies":[{"name":"wp","href":"https:\/\/api.w.org\/{rel}","templated":true}]}}