{"id":37575,"date":"2019-08-16T20:00:10","date_gmt":"2019-08-16T18:00:10","guid":{"rendered":"https:\/\/vosgesinfo.fr\/saintdieinfo\/2019\/08\/lunivers-artistique-de-maurice-ehlinger-a-decouvrir-musee-pierre-noel\/"},"modified":"2019-08-16T20:00:10","modified_gmt":"2019-08-16T18:00:10","slug":"lunivers-artistique-de-maurice-ehlinger-a-decouvrir-musee-pierre-noel","status":"publish","type":"post","link":"https:\/\/vosgesinfo.fr\/saintdieinfo\/2019\/08\/lunivers-artistique-de-maurice-ehlinger-a-decouvrir-musee-pierre-noel\/","title":{"rendered":"L&rsquo;univers artistique de Maurice Ehlinger est \u00e0 d\u00e9couvrir au mus\u00e9e Pierre-No\u00ebl"},"content":{"rendered":"<p><a href=\"\/2019\/08\/Vernissage_Exposition_Maurice_Ehlinger-2.jpg\" target=\"_blank\" rel=\"noopener\"><img decoding=\"async\" class=\"aligncenter wp-image-143561 size-full\" src=\"\/2019\/08\/Vernissage_Exposition_Maurice_Ehlinger-2.jpg\" alt=\"Vernissage_Exposition_Maurice_Ehlinger (2)\" width=\"1000\" height=\"667\" \/><\/a><\/p>\n<h2><strong><span style=\"font-family: Calibri, sans-serif;\"><span style=\"font-size: large;\">Peintre et sculpteur, Maurice Elhinger (1896-1981) a pass\u00e9 son enfance \u00e0 Saint-Di\u00e9-des-Vosges. Ses quelques 4000 oeuvre s&rsquo;inspirent largement des paysages entourant l&rsquo;artiste, mais repr\u00e9sentent \u00e9galement de nombreux nus, portraits familiaux&#8230; et m\u00eame son chat.<\/span><\/span><\/strong><\/h2>\n<p><!--more--><\/p>\n<p><span style=\"font-family: Calibri, sans-serif;\"><span style=\"font-size: large;\">Jusqu&rsquo;au dimanche 22 septembre prochain, l&rsquo;espace d&rsquo;exposition temporaire du mus\u00e9e Pierre-No\u00ebl brosse un portrait de l&rsquo;univers de Maurice Elhinger, \u00e0 travers des peintures, sculptures et croquis&#8230; r\u00e9v\u00e9lant ainsi les diff\u00e9rentes \u00e9tapes de la naissance d&rsquo;une oeuvre, du croquis au tableau en passant par la peinture pr\u00e9paratoire. En parall\u00e8le, l&rsquo;espace jeune public attenant accueille les travaux de jeunes \u00e9l\u00e8ves d&rsquo;une classe de CE1 de l&rsquo;\u00e9cole Gaston-Colnat, qui comme Maurice Elhinger, ont repr\u00e9sent\u00e9 des chats.<\/span><\/span><\/p>\n<p><span style=\"font-family: Calibri, sans-serif;\"><span style=\"font-size: large;\">Ce vendredi en fin de journ\u00e9e, lors du vernissage de l&rsquo;exposition, le maire David Valence a soulign\u00e9 la fid\u00e9lit\u00e9 dont faisait preuve l&rsquo;artiste, notamment \u00e0 la ville de Saint-Di\u00e9-des-Vosges. Car c&rsquo;est au domicile familial situ\u00e9 au 5, place Saint-Martin que Maurice Elhinger a grandi, lui qui a v\u00e9cu le terrible incendie de la cit\u00e9 d\u00e9odatienne de 1944. Un incendie criminel dans lequel quelques-unes de ses oeuvres ont \u00e9t\u00e9 aval\u00e9es par les flemmes, comme l&rsquo;a rappel\u00e9 le premier magistrat aujourd&rsquo;hui, entour\u00e9 de Christian Ehlinger, le fils de Maurice, de l&rsquo;adjointe \u00e0 la Culture Claude Kiener et du vice-pr\u00e9sident de la Communaut\u00e9 d&rsquo;Agglom\u00e9ration d\u00e9l\u00e9gu\u00e9 \u00e0 la Culture Pascal Mohr.<\/span><\/span><\/p>\n<p>J.J.<\/p>\n\n","protected":false},"excerpt":{"rendered":"<p>Peintre et sculpteur, Maurice Elhinger (1896-1981) a pass\u00e9 son enfance \u00e0 Saint-Di\u00e9-des-Vosges. Ses quelques 4000 oeuvre s&rsquo;inspirent largement des paysages [&hellip;]<\/p>\n","protected":false},"author":46,"featured_media":37576,"comment_status":"open","ping_status":"open","sticky":false,"template":"","format":"standard","meta":{"footnotes":""},"categories":[460,2915],"tags":[7254,7255,3333],"class_list":["post-37575","post","type-post","status-publish","format-standard","has-post-thumbnail","hentry","category-a-la-une","category-saint-die-son-canton","tag-exposition-temporaire","tag-maurice-ehlinger","tag-musee-pierre-noel"],"acf":[],"yoast_head":"<!-- This site is optimized with the Yoast SEO plugin v22.5 - https:\/\/yoast.com\/wordpress\/plugins\/seo\/ -->\n<title>L&#039;univers artistique de Maurice Ehlinger est \u00e0 d\u00e9couvrir au mus\u00e9e Pierre-No\u00ebl - Saint Die Info<\/title>\n<meta name=\"robots\" content=\"index, follow, max-snippet:-1, max-image-preview:large, max-video-preview:-1\" \/>\n<link rel=\"canonical\" href=\"https:\/\/vosgesinfo.fr\/saintdieinfo\/2019\/08\/lunivers-artistique-de-maurice-ehlinger-a-decouvrir-musee-pierre-noel\/\" \/>\n<meta name=\"twitter:card\" content=\"summary_large_image\" \/>\n<meta name=\"twitter:title\" content=\"L&#039;univers artistique de Maurice Ehlinger est \u00e0 d\u00e9couvrir au mus\u00e9e Pierre-No\u00ebl - Saint Die Info\" \/>\n<meta name=\"twitter:description\" content=\"Peintre et sculpteur, Maurice Elhinger (1896-1981) a pass\u00e9 son enfance \u00e0 Saint-Di\u00e9-des-Vosges. Ses quelques 4000 oeuvre s&rsquo;inspirent largement des paysages [&hellip;]\" \/>\n<meta name=\"twitter:image\" content=\"https:\/\/vosgesinfo.fr\/app\/uploads\/sites\/4\/2024\/08\/201908vernissage-exposition-maurice-ehlinger-2.jpg\" \/>\n<meta name=\"twitter:creator\" content=\"@VosgesInfo88\" \/>\n<meta name=\"twitter:site\" content=\"@VosgesInfo88\" \/>\n<meta name=\"twitter:label1\" content=\"\u00c9crit par\" \/>\n\t<meta name=\"twitter:data1\" content=\"J.J.\" \/>\n\t<meta name=\"twitter:label2\" content=\"Dur\u00e9e de lecture estim\u00e9e\" \/>\n\t<meta name=\"twitter:data2\" content=\"1 minute\" \/>\n<script type=\"application\/ld+json\" class=\"yoast-schema-graph\">{\"@context\":\"https:\/\/schema.org\",\"@graph\":[{\"@type\":\"Article\",\"@id\":\"https:\/\/vosgesinfo.fr\/saintdieinfo\/2019\/08\/lunivers-artistique-de-maurice-ehlinger-a-decouvrir-musee-pierre-noel\/#article\",\"isPartOf\":{\"@id\":\"https:\/\/vosgesinfo.fr\/saintdieinfo\/2019\/08\/lunivers-artistique-de-maurice-ehlinger-a-decouvrir-musee-pierre-noel\/\"},\"author\":{\"name\":\"J.J.\",\"@id\":\"https:\/\/vosgesinfo.fr\/saintdieinfo\/#\/schema\/person\/fa73e9f726d67bb88f46d5b7943cb572\"},\"headline\":\"L&rsquo;univers artistique de Maurice Ehlinger est \u00e0 d\u00e9couvrir au mus\u00e9e Pierre-No\u00ebl\",\"datePublished\":\"2019-08-16T18:00:10+00:00\",\"dateModified\":\"2019-08-16T18:00:10+00:00\",\"mainEntityOfPage\":{\"@id\":\"https:\/\/vosgesinfo.fr\/saintdieinfo\/2019\/08\/lunivers-artistique-de-maurice-ehlinger-a-decouvrir-musee-pierre-noel\/\"},\"wordCount\":266,\"commentCount\":0,\"publisher\":{\"@id\":\"https:\/\/vosgesinfo.fr\/saintdieinfo\/#organization\"},\"image\":{\"@id\":\"https:\/\/vosgesinfo.fr\/saintdieinfo\/2019\/08\/lunivers-artistique-de-maurice-ehlinger-a-decouvrir-musee-pierre-noel\/#primaryimage\"},\"thumbnailUrl\":\"https:\/\/vosgesinfo.fr\/app\/uploads\/sites\/4\/2024\/08\/201908vernissage-exposition-maurice-ehlinger-2.jpg\",\"keywords\":[\"Exposition temporaire\",\"Maurice Ehlinger\",\"Mus\u00e9e Pierre-No\u00ebl\"],\"articleSection\":[\"A la Une\",\"Saint-Di\u00e9-des-Vosges et son Agglom\u00e9ration\"],\"inLanguage\":\"fr-FR\",\"potentialAction\":[{\"@type\":\"CommentAction\",\"name\":\"Comment\",\"target\":[\"https:\/\/vosgesinfo.fr\/saintdieinfo\/2019\/08\/lunivers-artistique-de-maurice-ehlinger-a-decouvrir-musee-pierre-noel\/#respond\"]}]},{\"@type\":\"WebPage\",\"@id\":\"https:\/\/vosgesinfo.fr\/saintdieinfo\/2019\/08\/lunivers-artistique-de-maurice-ehlinger-a-decouvrir-musee-pierre-noel\/\",\"url\":\"https:\/\/vosgesinfo.fr\/saintdieinfo\/2019\/08\/lunivers-artistique-de-maurice-ehlinger-a-decouvrir-musee-pierre-noel\/\",\"name\":\"L'univers artistique de Maurice Ehlinger est \u00e0 d\u00e9couvrir au mus\u00e9e Pierre-No\u00ebl - Saint Die Info\",\"isPartOf\":{\"@id\":\"https:\/\/vosgesinfo.fr\/saintdieinfo\/#website\"},\"primaryImageOfPage\":{\"@id\":\"https:\/\/vosgesinfo.fr\/saintdieinfo\/2019\/08\/lunivers-artistique-de-maurice-ehlinger-a-decouvrir-musee-pierre-noel\/#primaryimage\"},\"image\":{\"@id\":\"https:\/\/vosgesinfo.fr\/saintdieinfo\/2019\/08\/lunivers-artistique-de-maurice-ehlinger-a-decouvrir-musee-pierre-noel\/#primaryimage\"},\"thumbnailUrl\":\"https:\/\/vosgesinfo.fr\/app\/uploads\/sites\/4\/2024\/08\/201908vernissage-exposition-maurice-ehlinger-2.jpg\",\"datePublished\":\"2019-08-16T18:00:10+00:00\",\"dateModified\":\"2019-08-16T18:00:10+00:00\",\"breadcrumb\":{\"@id\":\"https:\/\/vosgesinfo.fr\/saintdieinfo\/2019\/08\/lunivers-artistique-de-maurice-ehlinger-a-decouvrir-musee-pierre-noel\/#breadcrumb\"},\"inLanguage\":\"fr-FR\",\"potentialAction\":[{\"@type\":\"ReadAction\",\"target\":[\"https:\/\/vosgesinfo.fr\/saintdieinfo\/2019\/08\/lunivers-artistique-de-maurice-ehlinger-a-decouvrir-musee-pierre-noel\/\"]}]},{\"@type\":\"ImageObject\",\"inLanguage\":\"fr-FR\",\"@id\":\"https:\/\/vosgesinfo.fr\/saintdieinfo\/2019\/08\/lunivers-artistique-de-maurice-ehlinger-a-decouvrir-musee-pierre-noel\/#primaryimage\",\"url\":\"https:\/\/vosgesinfo.fr\/app\/uploads\/sites\/4\/2024\/08\/201908vernissage-exposition-maurice-ehlinger-2.jpg\",\"contentUrl\":\"https:\/\/vosgesinfo.fr\/app\/uploads\/sites\/4\/2024\/08\/201908vernissage-exposition-maurice-ehlinger-2.jpg\",\"width\":1000,\"height\":667},{\"@type\":\"BreadcrumbList\",\"@id\":\"https:\/\/vosgesinfo.fr\/saintdieinfo\/2019\/08\/lunivers-artistique-de-maurice-ehlinger-a-decouvrir-musee-pierre-noel\/#breadcrumb\",\"itemListElement\":[{\"@type\":\"ListItem\",\"position\":1,\"name\":\"Home\",\"item\":\"https:\/\/vosgesinfo.fr\/saintdieinfo\/\"},{\"@type\":\"ListItem\",\"position\":2,\"name\":\"L&rsquo;univers artistique de Maurice Ehlinger est \u00e0 d\u00e9couvrir au mus\u00e9e Pierre-No\u00ebl\"}]},{\"@type\":\"WebSite\",\"@id\":\"https:\/\/vosgesinfo.fr\/saintdieinfo\/#website\",\"url\":\"https:\/\/vosgesinfo.fr\/saintdieinfo\/\",\"name\":\"Saint Die Info\",\"description\":\"Toute l&#039;actualit\u00e9 de Saint-Di\u00e9-Des-Vosges\",\"publisher\":{\"@id\":\"https:\/\/vosgesinfo.fr\/saintdieinfo\/#organization\"},\"alternateName\":\"Toute l'actualit\u00e9 de Saint-Di\u00e9-Des-Vosges\",\"potentialAction\":[{\"@type\":\"SearchAction\",\"target\":{\"@type\":\"EntryPoint\",\"urlTemplate\":\"https:\/\/vosgesinfo.fr\/saintdieinfo\/?s={search_term_string}\"},\"query-input\":\"required name=search_term_string\"}],\"inLanguage\":\"fr-FR\"},{\"@type\":\"Organization\",\"@id\":\"https:\/\/vosgesinfo.fr\/saintdieinfo\/#organization\",\"name\":\"Saint Die Info\",\"url\":\"https:\/\/vosgesinfo.fr\/saintdieinfo\/\",\"logo\":{\"@type\":\"ImageObject\",\"inLanguage\":\"fr-FR\",\"@id\":\"https:\/\/vosgesinfo.fr\/saintdieinfo\/#\/schema\/logo\/image\/\",\"url\":\"https:\/\/vosgesinfo.fr\/app\/uploads\/sites\/4\/2024\/02\/logo-sdi.jpg\",\"contentUrl\":\"https:\/\/vosgesinfo.fr\/app\/uploads\/sites\/4\/2024\/02\/logo-sdi.jpg\",\"width\":600,\"height\":600,\"caption\":\"Saint Die Info\"},\"image\":{\"@id\":\"https:\/\/vosgesinfo.fr\/saintdieinfo\/#\/schema\/logo\/image\/\"},\"sameAs\":[\"https:\/\/www.facebook.com\/Saintdieinfofr\",\"https:\/\/x.com\/VosgesInfo88\",\"https:\/\/www.youtube.com\/@vosgesinfo\"]},{\"@type\":\"Person\",\"@id\":\"https:\/\/vosgesinfo.fr\/saintdieinfo\/#\/schema\/person\/fa73e9f726d67bb88f46d5b7943cb572\",\"name\":\"J.J.\",\"image\":{\"@type\":\"ImageObject\",\"inLanguage\":\"fr-FR\",\"@id\":\"https:\/\/vosgesinfo.fr\/saintdieinfo\/#\/schema\/person\/image\/\",\"url\":\"https:\/\/secure.gravatar.com\/avatar\/219e749e47ffbcca018a360ae4add7d4cdf1cdaaf8bc7676b27efade3fe65615?s=96&d=mm&r=g\",\"contentUrl\":\"https:\/\/secure.gravatar.com\/avatar\/219e749e47ffbcca018a360ae4add7d4cdf1cdaaf8bc7676b27efade3fe65615?s=96&d=mm&r=g\",\"caption\":\"J.J.\"},\"url\":\"https:\/\/vosgesinfo.fr\/saintdieinfo\/author\/j-j\/\"}]}<\/script>\n<!-- \/ Yoast SEO plugin. -->","yoast_head_json":{"title":"L'univers artistique de Maurice Ehlinger est \u00e0 d\u00e9couvrir au mus\u00e9e Pierre-No\u00ebl - Saint Die Info","robots":{"index":"index","follow":"follow","max-snippet":"max-snippet:-1","max-image-preview":"max-image-preview:large","max-video-preview":"max-video-preview:-1"},"canonical":"https:\/\/vosgesinfo.fr\/saintdieinfo\/2019\/08\/lunivers-artistique-de-maurice-ehlinger-a-decouvrir-musee-pierre-noel\/","twitter_card":"summary_large_image","twitter_title":"L'univers artistique de Maurice Ehlinger est \u00e0 d\u00e9couvrir au mus\u00e9e Pierre-No\u00ebl - Saint Die Info","twitter_description":"Peintre et sculpteur, Maurice Elhinger (1896-1981) a pass\u00e9 son enfance \u00e0 Saint-Di\u00e9-des-Vosges. Ses quelques 4000 oeuvre s&rsquo;inspirent largement des paysages [&hellip;]","twitter_image":"https:\/\/vosgesinfo.fr\/app\/uploads\/sites\/4\/2024\/08\/201908vernissage-exposition-maurice-ehlinger-2.jpg","twitter_creator":"@VosgesInfo88","twitter_site":"@VosgesInfo88","twitter_misc":{"\u00c9crit par":"J.J.","Dur\u00e9e de lecture estim\u00e9e":"1 minute"},"schema":{"@context":"https:\/\/schema.org","@graph":[{"@type":"Article","@id":"https:\/\/vosgesinfo.fr\/saintdieinfo\/2019\/08\/lunivers-artistique-de-maurice-ehlinger-a-decouvrir-musee-pierre-noel\/#article","isPartOf":{"@id":"https:\/\/vosgesinfo.fr\/saintdieinfo\/2019\/08\/lunivers-artistique-de-maurice-ehlinger-a-decouvrir-musee-pierre-noel\/"},"author":{"name":"J.J.","@id":"https:\/\/vosgesinfo.fr\/saintdieinfo\/#\/schema\/person\/fa73e9f726d67bb88f46d5b7943cb572"},"headline":"L&rsquo;univers artistique de Maurice Ehlinger est \u00e0 d\u00e9couvrir au mus\u00e9e Pierre-No\u00ebl","datePublished":"2019-08-16T18:00:10+00:00","dateModified":"2019-08-16T18:00:10+00:00","mainEntityOfPage":{"@id":"https:\/\/vosgesinfo.fr\/saintdieinfo\/2019\/08\/lunivers-artistique-de-maurice-ehlinger-a-decouvrir-musee-pierre-noel\/"},"wordCount":266,"commentCount":0,"publisher":{"@id":"https:\/\/vosgesinfo.fr\/saintdieinfo\/#organization"},"image":{"@id":"https:\/\/vosgesinfo.fr\/saintdieinfo\/2019\/08\/lunivers-artistique-de-maurice-ehlinger-a-decouvrir-musee-pierre-noel\/#primaryimage"},"thumbnailUrl":"https:\/\/vosgesinfo.fr\/app\/uploads\/sites\/4\/2024\/08\/201908vernissage-exposition-maurice-ehlinger-2.jpg","keywords":["Exposition temporaire","Maurice Ehlinger","Mus\u00e9e Pierre-No\u00ebl"],"articleSection":["A la Une","Saint-Di\u00e9-des-Vosges et son Agglom\u00e9ration"],"inLanguage":"fr-FR","potentialAction":[{"@type":"CommentAction","name":"Comment","target":["https:\/\/vosgesinfo.fr\/saintdieinfo\/2019\/08\/lunivers-artistique-de-maurice-ehlinger-a-decouvrir-musee-pierre-noel\/#respond"]}]},{"@type":"WebPage","@id":"https:\/\/vosgesinfo.fr\/saintdieinfo\/2019\/08\/lunivers-artistique-de-maurice-ehlinger-a-decouvrir-musee-pierre-noel\/","url":"https:\/\/vosgesinfo.fr\/saintdieinfo\/2019\/08\/lunivers-artistique-de-maurice-ehlinger-a-decouvrir-musee-pierre-noel\/","name":"L'univers artistique de Maurice Ehlinger est \u00e0 d\u00e9couvrir au mus\u00e9e Pierre-No\u00ebl - Saint Die Info","isPartOf":{"@id":"https:\/\/vosgesinfo.fr\/saintdieinfo\/#website"},"primaryImageOfPage":{"@id":"https:\/\/vosgesinfo.fr\/saintdieinfo\/2019\/08\/lunivers-artistique-de-maurice-ehlinger-a-decouvrir-musee-pierre-noel\/#primaryimage"},"image":{"@id":"https:\/\/vosgesinfo.fr\/saintdieinfo\/2019\/08\/lunivers-artistique-de-maurice-ehlinger-a-decouvrir-musee-pierre-noel\/#primaryimage"},"thumbnailUrl":"https:\/\/vosgesinfo.fr\/app\/uploads\/sites\/4\/2024\/08\/201908vernissage-exposition-maurice-ehlinger-2.jpg","datePublished":"2019-08-16T18:00:10+00:00","dateModified":"2019-08-16T18:00:10+00:00","breadcrumb":{"@id":"https:\/\/vosgesinfo.fr\/saintdieinfo\/2019\/08\/lunivers-artistique-de-maurice-ehlinger-a-decouvrir-musee-pierre-noel\/#breadcrumb"},"inLanguage":"fr-FR","potentialAction":[{"@type":"ReadAction","target":["https:\/\/vosgesinfo.fr\/saintdieinfo\/2019\/08\/lunivers-artistique-de-maurice-ehlinger-a-decouvrir-musee-pierre-noel\/"]}]},{"@type":"ImageObject","inLanguage":"fr-FR","@id":"https:\/\/vosgesinfo.fr\/saintdieinfo\/2019\/08\/lunivers-artistique-de-maurice-ehlinger-a-decouvrir-musee-pierre-noel\/#primaryimage","url":"https:\/\/vosgesinfo.fr\/app\/uploads\/sites\/4\/2024\/08\/201908vernissage-exposition-maurice-ehlinger-2.jpg","contentUrl":"https:\/\/vosgesinfo.fr\/app\/uploads\/sites\/4\/2024\/08\/201908vernissage-exposition-maurice-ehlinger-2.jpg","width":1000,"height":667},{"@type":"BreadcrumbList","@id":"https:\/\/vosgesinfo.fr\/saintdieinfo\/2019\/08\/lunivers-artistique-de-maurice-ehlinger-a-decouvrir-musee-pierre-noel\/#breadcrumb","itemListElement":[{"@type":"ListItem","position":1,"name":"Home","item":"https:\/\/vosgesinfo.fr\/saintdieinfo\/"},{"@type":"ListItem","position":2,"name":"L&rsquo;univers artistique de Maurice Ehlinger est \u00e0 d\u00e9couvrir au mus\u00e9e Pierre-No\u00ebl"}]},{"@type":"WebSite","@id":"https:\/\/vosgesinfo.fr\/saintdieinfo\/#website","url":"https:\/\/vosgesinfo.fr\/saintdieinfo\/","name":"Saint Die Info","description":"Toute l&#039;actualit\u00e9 de Saint-Di\u00e9-Des-Vosges","publisher":{"@id":"https:\/\/vosgesinfo.fr\/saintdieinfo\/#organization"},"alternateName":"Toute l'actualit\u00e9 de Saint-Di\u00e9-Des-Vosges","potentialAction":[{"@type":"SearchAction","target":{"@type":"EntryPoint","urlTemplate":"https:\/\/vosgesinfo.fr\/saintdieinfo\/?s={search_term_string}"},"query-input":"required name=search_term_string"}],"inLanguage":"fr-FR"},{"@type":"Organization","@id":"https:\/\/vosgesinfo.fr\/saintdieinfo\/#organization","name":"Saint Die Info","url":"https:\/\/vosgesinfo.fr\/saintdieinfo\/","logo":{"@type":"ImageObject","inLanguage":"fr-FR","@id":"https:\/\/vosgesinfo.fr\/saintdieinfo\/#\/schema\/logo\/image\/","url":"https:\/\/vosgesinfo.fr\/app\/uploads\/sites\/4\/2024\/02\/logo-sdi.jpg","contentUrl":"https:\/\/vosgesinfo.fr\/app\/uploads\/sites\/4\/2024\/02\/logo-sdi.jpg","width":600,"height":600,"caption":"Saint Die Info"},"image":{"@id":"https:\/\/vosgesinfo.fr\/saintdieinfo\/#\/schema\/logo\/image\/"},"sameAs":["https:\/\/www.facebook.com\/Saintdieinfofr","https:\/\/x.com\/VosgesInfo88","https:\/\/www.youtube.com\/@vosgesinfo"]},{"@type":"Person","@id":"https:\/\/vosgesinfo.fr\/saintdieinfo\/#\/schema\/person\/fa73e9f726d67bb88f46d5b7943cb572","name":"J.J.","image":{"@type":"ImageObject","inLanguage":"fr-FR","@id":"https:\/\/vosgesinfo.fr\/saintdieinfo\/#\/schema\/person\/image\/","url":"https:\/\/secure.gravatar.com\/avatar\/219e749e47ffbcca018a360ae4add7d4cdf1cdaaf8bc7676b27efade3fe65615?s=96&d=mm&r=g","contentUrl":"https:\/\/secure.gravatar.com\/avatar\/219e749e47ffbcca018a360ae4add7d4cdf1cdaaf8bc7676b27efade3fe65615?s=96&d=mm&r=g","caption":"J.J."},"url":"https:\/\/vosgesinfo.fr\/saintdieinfo\/author\/j-j\/"}]}},"_links":{"self":[{"href":"https:\/\/vosgesinfo.fr\/saintdieinfo\/wp-json\/wp\/v2\/posts\/37575","targetHints":{"allow":["GET"]}}],"collection":[{"href":"https:\/\/vosgesinfo.fr\/saintdieinfo\/wp-json\/wp\/v2\/posts"}],"about":[{"href":"https:\/\/vosgesinfo.fr\/saintdieinfo\/wp-json\/wp\/v2\/types\/post"}],"author":[{"embeddable":true,"href":"https:\/\/vosgesinfo.fr\/saintdieinfo\/wp-json\/wp\/v2\/users\/46"}],"replies":[{"embeddable":true,"href":"https:\/\/vosgesinfo.fr\/saintdieinfo\/wp-json\/wp\/v2\/comments?post=37575"}],"version-history":[{"count":0,"href":"https:\/\/vosgesinfo.fr\/saintdieinfo\/wp-json\/wp\/v2\/posts\/37575\/revisions"}],"wp:featuredmedia":[{"embeddable":true,"href":"https:\/\/vosgesinfo.fr\/saintdieinfo\/wp-json\/wp\/v2\/media\/37576"}],"wp:attachment":[{"href":"https:\/\/vosgesinfo.fr\/saintdieinfo\/wp-json\/wp\/v2\/media?parent=37575"}],"wp:term":[{"taxonomy":"category","embeddable":true,"href":"https:\/\/vosgesinfo.fr\/saintdieinfo\/wp-json\/wp\/v2\/categories?post=37575"},{"taxonomy":"post_tag","embeddable":true,"href":"https:\/\/vosgesinfo.fr\/saintdieinfo\/wp-json\/wp\/v2\/tags?post=37575"}],"curies":[{"name":"wp","href":"https:\/\/api.w.org\/{rel}","templated":true}]}}