{"id":37587,"date":"2019-08-17T06:00:39","date_gmt":"2019-08-17T04:00:39","guid":{"rendered":"https:\/\/vosgesinfo.fr\/saintdieinfo\/2019\/08\/section-photo-amis-de-nature-expose-a-tour-de-liberte\/"},"modified":"2019-08-17T06:00:39","modified_gmt":"2019-08-17T04:00:39","slug":"section-photo-amis-de-nature-expose-a-tour-de-liberte","status":"publish","type":"post","link":"https:\/\/vosgesinfo.fr\/saintdieinfo\/2019\/08\/section-photo-amis-de-nature-expose-a-tour-de-liberte\/","title":{"rendered":"La section photo des Amis de la Nature expose \u00e0 la Tour de la Libert\u00e9"},"content":{"rendered":"<h2 style=\"text-align: left;\" align=\"JUSTIFY\"><strong><span style=\"font-size: large;\">Les photographes du club \u00ab\u00a0Passion \u2013 Photo \u2013 Nature\u00a0\u00bb (section photo des Amis de la Nature de Saint-Di\u00e9) proposent leurs visions vari\u00e9es, artistiques, originales et insolites sur \u00ab\u00a0Nos Vosges\u00a0\u00bb. Cette exposition sera visible tous les jours du 15 au 23 ao\u00fbt de 10h \u00e0 19h \u00e0 la Tour de la Libert\u00e9 de Saint-Di\u00e9 des Vosges.<\/span><\/strong><\/h2>\n<p style=\"text-align: left;\" align=\"JUSTIFY\"><!--more--><\/p>\n<p style=\"text-align: left;\" align=\"JUSTIFY\"><span style=\"font-size: large;\">La section photo encadr\u00e9e par Andr\u00e9 Antoine a \u00e9t\u00e9 cr\u00e9\u00e9e en 2006 et compte \u00e0 ce jour 35 membres. Ceux-ci se retrouvent pour prendre du plaisir \u00e0 photographier et \u00e0 d\u00e9couvrir la nature un samedi par mois. Ils se r\u00e9unissent en salle une fois par mois \u00e9galement pour des projections de photos, des formations aux logiciels, la pr\u00e9paration aux expositions\u2026<\/span><\/p>\n<p style=\"text-align: left;\" align=\"JUSTIFY\"><span style=\"font-size: large;\">Afin d\u2019\u00e9tendre leurs champs d\u2019actions, ils s\u2019\u00e9vadent pour des s\u00e9jours photos (Doubs, Jura, Baie de Somme, La Brenne\u2026) Des stages de formation \u00e0 la photo num\u00e9rique sont \u00e9galement propos\u00e9s sur 3 jours. <\/span><\/p>\n<p style=\"text-align: left;\" align=\"JUSTIFY\"><span style=\"font-size: large;\">Ils ont d\u00e9j\u00e0 eu l\u2019occasion d\u2019exposer leurs photos \u00e0 la biblioth\u00e8que de Saint-Di\u00e9-des-Vosges, \u00e0 Raon l\u2019Etape (2 fois), \u00e0 Fraize, \u00e0 Colmar, \u00e0 la Tour de la Libert\u00e9 l\u2019\u00e9t\u00e9 dernier. Ils ont aussi particip\u00e9 \u00e0 la Semaine des Arts \u00e0 Entre Deux Eaux et \u00e0 la scierie du Lan\u00e7oir. <\/span><\/p>\n<p style=\"text-align: left;\" align=\"JUSTIFY\"><span style=\"font-size: large;\">C\u2019est un grand plaisir pour eux de se pr\u00e9senter \u00e0 la Tour de la Libert\u00e9 dans le cadre de la manifestation \u00ab\u00a0L\u2019\u00e9t\u00e9 en grand\u00a0\u00bb organis\u00e9e par la ville de Saint Di\u00e9 des Vosges.<\/span><\/p>\n<p style=\"text-align: left;\" align=\"JUSTIFY\"><a href=\"\/2019\/08\/Exposition_Amis_Nature_TdL.jpg\" target=\"_blank\" rel=\"noopener\"><img decoding=\"async\" class=\"aligncenter wp-image-143574 size-large\" src=\"\/2019\/08\/Exposition_Amis_Nature_TdL-741x1024.jpg\" alt=\"Exposition_Amis_Nature_TdL\" width=\"741\" height=\"1024\" \/><\/a><\/p>\n","protected":false},"excerpt":{"rendered":"<p>Les photographes du club \u00ab\u00a0Passion \u2013 Photo \u2013 Nature\u00a0\u00bb (section photo des Amis de la Nature de Saint-Di\u00e9) proposent leurs [&hellip;]<\/p>\n","protected":false},"author":44,"featured_media":37588,"comment_status":"open","ping_status":"open","sticky":false,"template":"","format":"standard","meta":{"footnotes":""},"categories":[3900,2915,17],"tags":[2951,5556,2952,556,2953],"class_list":["post-37587","post","type-post","status-publish","format-standard","has-post-thumbnail","hentry","category-breves","category-saint-die-son-canton","category-vie-associative","tag-amis-de-la-nature","tag-amis-de-la-nature-de-saint-die-des-vosges","tag-exposition-photographique","tag-photographie","tag-tour-de-la-liberte"],"acf":[],"yoast_head":"<!-- This site is optimized with the Yoast SEO plugin v22.5 - https:\/\/yoast.com\/wordpress\/plugins\/seo\/ -->\n<title>La section photo des Amis de la Nature expose \u00e0 la Tour de la Libert\u00e9 - Saint Die Info<\/title>\n<meta name=\"robots\" content=\"index, follow, max-snippet:-1, max-image-preview:large, max-video-preview:-1\" \/>\n<link rel=\"canonical\" href=\"https:\/\/vosgesinfo.fr\/saintdieinfo\/2019\/08\/section-photo-amis-de-nature-expose-a-tour-de-liberte\/\" \/>\n<meta name=\"twitter:card\" content=\"summary_large_image\" \/>\n<meta name=\"twitter:title\" content=\"La section photo des Amis de la Nature expose \u00e0 la Tour de la Libert\u00e9 - Saint Die Info\" \/>\n<meta name=\"twitter:description\" content=\"Les photographes du club \u00ab\u00a0Passion \u2013 Photo \u2013 Nature\u00a0\u00bb (section photo des Amis de la Nature de Saint-Di\u00e9) proposent leurs [&hellip;]\" \/>\n<meta name=\"twitter:image\" content=\"https:\/\/vosgesinfo.fr\/app\/uploads\/sites\/4\/2024\/08\/201908exposition-amis-nature-tdl-scaled.jpg\" \/>\n<meta name=\"twitter:creator\" content=\"@VosgesInfo88\" \/>\n<meta name=\"twitter:site\" content=\"@VosgesInfo88\" \/>\n<meta name=\"twitter:label1\" content=\"\u00c9crit par\" \/>\n\t<meta name=\"twitter:data1\" content=\"la r\u00e9daction\" \/>\n\t<meta name=\"twitter:label2\" content=\"Dur\u00e9e de lecture estim\u00e9e\" \/>\n\t<meta name=\"twitter:data2\" content=\"1 minute\" \/>\n<script type=\"application\/ld+json\" class=\"yoast-schema-graph\">{\"@context\":\"https:\/\/schema.org\",\"@graph\":[{\"@type\":\"Article\",\"@id\":\"https:\/\/vosgesinfo.fr\/saintdieinfo\/2019\/08\/section-photo-amis-de-nature-expose-a-tour-de-liberte\/#article\",\"isPartOf\":{\"@id\":\"https:\/\/vosgesinfo.fr\/saintdieinfo\/2019\/08\/section-photo-amis-de-nature-expose-a-tour-de-liberte\/\"},\"author\":{\"name\":\"la r\u00e9daction\",\"@id\":\"https:\/\/vosgesinfo.fr\/saintdieinfo\/#\/schema\/person\/faee6704a21f3977511db84bd1cd450f\"},\"headline\":\"La section photo des Amis de la Nature expose \u00e0 la Tour de la Libert\u00e9\",\"datePublished\":\"2019-08-17T04:00:39+00:00\",\"dateModified\":\"2019-08-17T04:00:39+00:00\",\"mainEntityOfPage\":{\"@id\":\"https:\/\/vosgesinfo.fr\/saintdieinfo\/2019\/08\/section-photo-amis-de-nature-expose-a-tour-de-liberte\/\"},\"wordCount\":245,\"commentCount\":0,\"publisher\":{\"@id\":\"https:\/\/vosgesinfo.fr\/saintdieinfo\/#organization\"},\"image\":{\"@id\":\"https:\/\/vosgesinfo.fr\/saintdieinfo\/2019\/08\/section-photo-amis-de-nature-expose-a-tour-de-liberte\/#primaryimage\"},\"thumbnailUrl\":\"https:\/\/vosgesinfo.fr\/app\/uploads\/sites\/4\/2024\/08\/201908exposition-amis-nature-tdl-scaled.jpg\",\"keywords\":[\"Amis de la Nature\",\"Amis de la Nature de Saint-Di\u00e9-des-Vosges\",\"Exposition photographique\",\"photographie\",\"Tour de la Libert\u00e9\"],\"articleSection\":[\"Br\u00e8ves\",\"Saint-Di\u00e9-des-Vosges et son Agglom\u00e9ration\",\"Vie Associative\"],\"inLanguage\":\"fr-FR\",\"potentialAction\":[{\"@type\":\"CommentAction\",\"name\":\"Comment\",\"target\":[\"https:\/\/vosgesinfo.fr\/saintdieinfo\/2019\/08\/section-photo-amis-de-nature-expose-a-tour-de-liberte\/#respond\"]}]},{\"@type\":\"WebPage\",\"@id\":\"https:\/\/vosgesinfo.fr\/saintdieinfo\/2019\/08\/section-photo-amis-de-nature-expose-a-tour-de-liberte\/\",\"url\":\"https:\/\/vosgesinfo.fr\/saintdieinfo\/2019\/08\/section-photo-amis-de-nature-expose-a-tour-de-liberte\/\",\"name\":\"La section photo des Amis de la Nature expose \u00e0 la Tour de la Libert\u00e9 - Saint Die Info\",\"isPartOf\":{\"@id\":\"https:\/\/vosgesinfo.fr\/saintdieinfo\/#website\"},\"primaryImageOfPage\":{\"@id\":\"https:\/\/vosgesinfo.fr\/saintdieinfo\/2019\/08\/section-photo-amis-de-nature-expose-a-tour-de-liberte\/#primaryimage\"},\"image\":{\"@id\":\"https:\/\/vosgesinfo.fr\/saintdieinfo\/2019\/08\/section-photo-amis-de-nature-expose-a-tour-de-liberte\/#primaryimage\"},\"thumbnailUrl\":\"https:\/\/vosgesinfo.fr\/app\/uploads\/sites\/4\/2024\/08\/201908exposition-amis-nature-tdl-scaled.jpg\",\"datePublished\":\"2019-08-17T04:00:39+00:00\",\"dateModified\":\"2019-08-17T04:00:39+00:00\",\"breadcrumb\":{\"@id\":\"https:\/\/vosgesinfo.fr\/saintdieinfo\/2019\/08\/section-photo-amis-de-nature-expose-a-tour-de-liberte\/#breadcrumb\"},\"inLanguage\":\"fr-FR\",\"potentialAction\":[{\"@type\":\"ReadAction\",\"target\":[\"https:\/\/vosgesinfo.fr\/saintdieinfo\/2019\/08\/section-photo-amis-de-nature-expose-a-tour-de-liberte\/\"]}]},{\"@type\":\"ImageObject\",\"inLanguage\":\"fr-FR\",\"@id\":\"https:\/\/vosgesinfo.fr\/saintdieinfo\/2019\/08\/section-photo-amis-de-nature-expose-a-tour-de-liberte\/#primaryimage\",\"url\":\"https:\/\/vosgesinfo.fr\/app\/uploads\/sites\/4\/2024\/08\/201908exposition-amis-nature-tdl-scaled.jpg\",\"contentUrl\":\"https:\/\/vosgesinfo.fr\/app\/uploads\/sites\/4\/2024\/08\/201908exposition-amis-nature-tdl-scaled.jpg\",\"width\":1854,\"height\":2560},{\"@type\":\"BreadcrumbList\",\"@id\":\"https:\/\/vosgesinfo.fr\/saintdieinfo\/2019\/08\/section-photo-amis-de-nature-expose-a-tour-de-liberte\/#breadcrumb\",\"itemListElement\":[{\"@type\":\"ListItem\",\"position\":1,\"name\":\"Home\",\"item\":\"https:\/\/vosgesinfo.fr\/saintdieinfo\/\"},{\"@type\":\"ListItem\",\"position\":2,\"name\":\"La section photo des Amis de la Nature expose \u00e0 la Tour de la Libert\u00e9\"}]},{\"@type\":\"WebSite\",\"@id\":\"https:\/\/vosgesinfo.fr\/saintdieinfo\/#website\",\"url\":\"https:\/\/vosgesinfo.fr\/saintdieinfo\/\",\"name\":\"Saint Die Info\",\"description\":\"Toute l&#039;actualit\u00e9 de Saint-Di\u00e9-Des-Vosges\",\"publisher\":{\"@id\":\"https:\/\/vosgesinfo.fr\/saintdieinfo\/#organization\"},\"alternateName\":\"Toute l'actualit\u00e9 de Saint-Di\u00e9-Des-Vosges\",\"potentialAction\":[{\"@type\":\"SearchAction\",\"target\":{\"@type\":\"EntryPoint\",\"urlTemplate\":\"https:\/\/vosgesinfo.fr\/saintdieinfo\/?s={search_term_string}\"},\"query-input\":\"required name=search_term_string\"}],\"inLanguage\":\"fr-FR\"},{\"@type\":\"Organization\",\"@id\":\"https:\/\/vosgesinfo.fr\/saintdieinfo\/#organization\",\"name\":\"Saint Die Info\",\"url\":\"https:\/\/vosgesinfo.fr\/saintdieinfo\/\",\"logo\":{\"@type\":\"ImageObject\",\"inLanguage\":\"fr-FR\",\"@id\":\"https:\/\/vosgesinfo.fr\/saintdieinfo\/#\/schema\/logo\/image\/\",\"url\":\"https:\/\/vosgesinfo.fr\/app\/uploads\/sites\/4\/2024\/02\/logo-sdi.jpg\",\"contentUrl\":\"https:\/\/vosgesinfo.fr\/app\/uploads\/sites\/4\/2024\/02\/logo-sdi.jpg\",\"width\":600,\"height\":600,\"caption\":\"Saint Die Info\"},\"image\":{\"@id\":\"https:\/\/vosgesinfo.fr\/saintdieinfo\/#\/schema\/logo\/image\/\"},\"sameAs\":[\"https:\/\/www.facebook.com\/Saintdieinfofr\",\"https:\/\/x.com\/VosgesInfo88\",\"https:\/\/www.youtube.com\/@vosgesinfo\"]},{\"@type\":\"Person\",\"@id\":\"https:\/\/vosgesinfo.fr\/saintdieinfo\/#\/schema\/person\/faee6704a21f3977511db84bd1cd450f\",\"name\":\"la r\u00e9daction\",\"image\":{\"@type\":\"ImageObject\",\"inLanguage\":\"fr-FR\",\"@id\":\"https:\/\/vosgesinfo.fr\/saintdieinfo\/#\/schema\/person\/image\/\",\"url\":\"https:\/\/secure.gravatar.com\/avatar\/6673d8bc6a9c17fa9a453eaa3448de834fa308c2ec9635b7aa99441a7c8d2cf6?s=96&d=mm&r=g\",\"contentUrl\":\"https:\/\/secure.gravatar.com\/avatar\/6673d8bc6a9c17fa9a453eaa3448de834fa308c2ec9635b7aa99441a7c8d2cf6?s=96&d=mm&r=g\",\"caption\":\"la r\u00e9daction\"},\"url\":\"https:\/\/vosgesinfo.fr\/saintdieinfo\/author\/redac\/\"}]}<\/script>\n<!-- \/ Yoast SEO plugin. -->","yoast_head_json":{"title":"La section photo des Amis de la Nature expose \u00e0 la Tour de la Libert\u00e9 - Saint Die Info","robots":{"index":"index","follow":"follow","max-snippet":"max-snippet:-1","max-image-preview":"max-image-preview:large","max-video-preview":"max-video-preview:-1"},"canonical":"https:\/\/vosgesinfo.fr\/saintdieinfo\/2019\/08\/section-photo-amis-de-nature-expose-a-tour-de-liberte\/","twitter_card":"summary_large_image","twitter_title":"La section photo des Amis de la Nature expose \u00e0 la Tour de la Libert\u00e9 - Saint Die Info","twitter_description":"Les photographes du club \u00ab\u00a0Passion \u2013 Photo \u2013 Nature\u00a0\u00bb (section photo des Amis de la Nature de Saint-Di\u00e9) proposent leurs [&hellip;]","twitter_image":"https:\/\/vosgesinfo.fr\/app\/uploads\/sites\/4\/2024\/08\/201908exposition-amis-nature-tdl-scaled.jpg","twitter_creator":"@VosgesInfo88","twitter_site":"@VosgesInfo88","twitter_misc":{"\u00c9crit par":"la r\u00e9daction","Dur\u00e9e de lecture estim\u00e9e":"1 minute"},"schema":{"@context":"https:\/\/schema.org","@graph":[{"@type":"Article","@id":"https:\/\/vosgesinfo.fr\/saintdieinfo\/2019\/08\/section-photo-amis-de-nature-expose-a-tour-de-liberte\/#article","isPartOf":{"@id":"https:\/\/vosgesinfo.fr\/saintdieinfo\/2019\/08\/section-photo-amis-de-nature-expose-a-tour-de-liberte\/"},"author":{"name":"la r\u00e9daction","@id":"https:\/\/vosgesinfo.fr\/saintdieinfo\/#\/schema\/person\/faee6704a21f3977511db84bd1cd450f"},"headline":"La section photo des Amis de la Nature expose \u00e0 la Tour de la Libert\u00e9","datePublished":"2019-08-17T04:00:39+00:00","dateModified":"2019-08-17T04:00:39+00:00","mainEntityOfPage":{"@id":"https:\/\/vosgesinfo.fr\/saintdieinfo\/2019\/08\/section-photo-amis-de-nature-expose-a-tour-de-liberte\/"},"wordCount":245,"commentCount":0,"publisher":{"@id":"https:\/\/vosgesinfo.fr\/saintdieinfo\/#organization"},"image":{"@id":"https:\/\/vosgesinfo.fr\/saintdieinfo\/2019\/08\/section-photo-amis-de-nature-expose-a-tour-de-liberte\/#primaryimage"},"thumbnailUrl":"https:\/\/vosgesinfo.fr\/app\/uploads\/sites\/4\/2024\/08\/201908exposition-amis-nature-tdl-scaled.jpg","keywords":["Amis de la Nature","Amis de la Nature de Saint-Di\u00e9-des-Vosges","Exposition photographique","photographie","Tour de la Libert\u00e9"],"articleSection":["Br\u00e8ves","Saint-Di\u00e9-des-Vosges et son Agglom\u00e9ration","Vie Associative"],"inLanguage":"fr-FR","potentialAction":[{"@type":"CommentAction","name":"Comment","target":["https:\/\/vosgesinfo.fr\/saintdieinfo\/2019\/08\/section-photo-amis-de-nature-expose-a-tour-de-liberte\/#respond"]}]},{"@type":"WebPage","@id":"https:\/\/vosgesinfo.fr\/saintdieinfo\/2019\/08\/section-photo-amis-de-nature-expose-a-tour-de-liberte\/","url":"https:\/\/vosgesinfo.fr\/saintdieinfo\/2019\/08\/section-photo-amis-de-nature-expose-a-tour-de-liberte\/","name":"La section photo des Amis de la Nature expose \u00e0 la Tour de la Libert\u00e9 - Saint Die Info","isPartOf":{"@id":"https:\/\/vosgesinfo.fr\/saintdieinfo\/#website"},"primaryImageOfPage":{"@id":"https:\/\/vosgesinfo.fr\/saintdieinfo\/2019\/08\/section-photo-amis-de-nature-expose-a-tour-de-liberte\/#primaryimage"},"image":{"@id":"https:\/\/vosgesinfo.fr\/saintdieinfo\/2019\/08\/section-photo-amis-de-nature-expose-a-tour-de-liberte\/#primaryimage"},"thumbnailUrl":"https:\/\/vosgesinfo.fr\/app\/uploads\/sites\/4\/2024\/08\/201908exposition-amis-nature-tdl-scaled.jpg","datePublished":"2019-08-17T04:00:39+00:00","dateModified":"2019-08-17T04:00:39+00:00","breadcrumb":{"@id":"https:\/\/vosgesinfo.fr\/saintdieinfo\/2019\/08\/section-photo-amis-de-nature-expose-a-tour-de-liberte\/#breadcrumb"},"inLanguage":"fr-FR","potentialAction":[{"@type":"ReadAction","target":["https:\/\/vosgesinfo.fr\/saintdieinfo\/2019\/08\/section-photo-amis-de-nature-expose-a-tour-de-liberte\/"]}]},{"@type":"ImageObject","inLanguage":"fr-FR","@id":"https:\/\/vosgesinfo.fr\/saintdieinfo\/2019\/08\/section-photo-amis-de-nature-expose-a-tour-de-liberte\/#primaryimage","url":"https:\/\/vosgesinfo.fr\/app\/uploads\/sites\/4\/2024\/08\/201908exposition-amis-nature-tdl-scaled.jpg","contentUrl":"https:\/\/vosgesinfo.fr\/app\/uploads\/sites\/4\/2024\/08\/201908exposition-amis-nature-tdl-scaled.jpg","width":1854,"height":2560},{"@type":"BreadcrumbList","@id":"https:\/\/vosgesinfo.fr\/saintdieinfo\/2019\/08\/section-photo-amis-de-nature-expose-a-tour-de-liberte\/#breadcrumb","itemListElement":[{"@type":"ListItem","position":1,"name":"Home","item":"https:\/\/vosgesinfo.fr\/saintdieinfo\/"},{"@type":"ListItem","position":2,"name":"La section photo des Amis de la Nature expose \u00e0 la Tour de la Libert\u00e9"}]},{"@type":"WebSite","@id":"https:\/\/vosgesinfo.fr\/saintdieinfo\/#website","url":"https:\/\/vosgesinfo.fr\/saintdieinfo\/","name":"Saint Die Info","description":"Toute l&#039;actualit\u00e9 de Saint-Di\u00e9-Des-Vosges","publisher":{"@id":"https:\/\/vosgesinfo.fr\/saintdieinfo\/#organization"},"alternateName":"Toute l'actualit\u00e9 de Saint-Di\u00e9-Des-Vosges","potentialAction":[{"@type":"SearchAction","target":{"@type":"EntryPoint","urlTemplate":"https:\/\/vosgesinfo.fr\/saintdieinfo\/?s={search_term_string}"},"query-input":"required name=search_term_string"}],"inLanguage":"fr-FR"},{"@type":"Organization","@id":"https:\/\/vosgesinfo.fr\/saintdieinfo\/#organization","name":"Saint Die Info","url":"https:\/\/vosgesinfo.fr\/saintdieinfo\/","logo":{"@type":"ImageObject","inLanguage":"fr-FR","@id":"https:\/\/vosgesinfo.fr\/saintdieinfo\/#\/schema\/logo\/image\/","url":"https:\/\/vosgesinfo.fr\/app\/uploads\/sites\/4\/2024\/02\/logo-sdi.jpg","contentUrl":"https:\/\/vosgesinfo.fr\/app\/uploads\/sites\/4\/2024\/02\/logo-sdi.jpg","width":600,"height":600,"caption":"Saint Die Info"},"image":{"@id":"https:\/\/vosgesinfo.fr\/saintdieinfo\/#\/schema\/logo\/image\/"},"sameAs":["https:\/\/www.facebook.com\/Saintdieinfofr","https:\/\/x.com\/VosgesInfo88","https:\/\/www.youtube.com\/@vosgesinfo"]},{"@type":"Person","@id":"https:\/\/vosgesinfo.fr\/saintdieinfo\/#\/schema\/person\/faee6704a21f3977511db84bd1cd450f","name":"la r\u00e9daction","image":{"@type":"ImageObject","inLanguage":"fr-FR","@id":"https:\/\/vosgesinfo.fr\/saintdieinfo\/#\/schema\/person\/image\/","url":"https:\/\/secure.gravatar.com\/avatar\/6673d8bc6a9c17fa9a453eaa3448de834fa308c2ec9635b7aa99441a7c8d2cf6?s=96&d=mm&r=g","contentUrl":"https:\/\/secure.gravatar.com\/avatar\/6673d8bc6a9c17fa9a453eaa3448de834fa308c2ec9635b7aa99441a7c8d2cf6?s=96&d=mm&r=g","caption":"la r\u00e9daction"},"url":"https:\/\/vosgesinfo.fr\/saintdieinfo\/author\/redac\/"}]}},"_links":{"self":[{"href":"https:\/\/vosgesinfo.fr\/saintdieinfo\/wp-json\/wp\/v2\/posts\/37587","targetHints":{"allow":["GET"]}}],"collection":[{"href":"https:\/\/vosgesinfo.fr\/saintdieinfo\/wp-json\/wp\/v2\/posts"}],"about":[{"href":"https:\/\/vosgesinfo.fr\/saintdieinfo\/wp-json\/wp\/v2\/types\/post"}],"author":[{"embeddable":true,"href":"https:\/\/vosgesinfo.fr\/saintdieinfo\/wp-json\/wp\/v2\/users\/44"}],"replies":[{"embeddable":true,"href":"https:\/\/vosgesinfo.fr\/saintdieinfo\/wp-json\/wp\/v2\/comments?post=37587"}],"version-history":[{"count":0,"href":"https:\/\/vosgesinfo.fr\/saintdieinfo\/wp-json\/wp\/v2\/posts\/37587\/revisions"}],"wp:featuredmedia":[{"embeddable":true,"href":"https:\/\/vosgesinfo.fr\/saintdieinfo\/wp-json\/wp\/v2\/media\/37588"}],"wp:attachment":[{"href":"https:\/\/vosgesinfo.fr\/saintdieinfo\/wp-json\/wp\/v2\/media?parent=37587"}],"wp:term":[{"taxonomy":"category","embeddable":true,"href":"https:\/\/vosgesinfo.fr\/saintdieinfo\/wp-json\/wp\/v2\/categories?post=37587"},{"taxonomy":"post_tag","embeddable":true,"href":"https:\/\/vosgesinfo.fr\/saintdieinfo\/wp-json\/wp\/v2\/tags?post=37587"}],"curies":[{"name":"wp","href":"https:\/\/api.w.org\/{rel}","templated":true}]}}