{"id":37589,"date":"2019-08-17T05:00:00","date_gmt":"2019-08-17T03:00:00","guid":{"rendered":"https:\/\/vosgesinfo.fr\/saintdieinfo\/2019\/08\/michele-geindre-catherine-michel-exposeront-prochainement-a-lehpad-saint-deodat\/"},"modified":"2019-08-17T05:00:00","modified_gmt":"2019-08-17T03:00:00","slug":"michele-geindre-catherine-michel-exposeront-prochainement-a-lehpad-saint-deodat","status":"publish","type":"post","link":"https:\/\/vosgesinfo.fr\/saintdieinfo\/2019\/08\/michele-geindre-catherine-michel-exposeront-prochainement-a-lehpad-saint-deodat\/","title":{"rendered":"Mich\u00e8le Geindre et Catherine Michel exposeront prochainement \u00e0 l&rsquo;EHPAD Saint-D\u00e9odat"},"content":{"rendered":"<h2><strong><span style=\"font-family: Calibri, sans-serif;\"><span style=\"font-size: large;\">Les artistes-peintres Mich\u00e8le Geindre et Catherine Michel exposeront prochainement leurs oeuvres sur les murs de l&rsquo;EHPAD Saint-D\u00e9odat. Plus pr\u00e9cis\u00e9ment du lundi 26 ao\u00fbt au lundi 23 septembre. Une exposition gratuite et ouverte \u00e0 tous, \u00e0 d\u00e9couvrir du lundi au samedi, de 10h \u00e0 12h et de 13h30 \u00e0 17h.<\/span><\/span><\/strong><\/h2>\n<p>J.J.<\/p>\n<p><a href=\"\/2019\/08\/Exposition_Peinture_EHPAD_Saint-D\u00e9odat.jpg\" target=\"_blank\" rel=\"noopener\"><img decoding=\"async\" class=\"aligncenter wp-image-143577 size-large\" src=\"\/2019\/08\/Exposition_Peinture_EHPAD_Saint-D\u00e9odat-724x1024.jpg\" alt=\"Exposition_Peinture_EHPAD_Saint-D\u00e9odat\" width=\"724\" height=\"1024\" \/><\/a><\/p>\n","protected":false},"excerpt":{"rendered":"<p>Les artistes-peintres Mich\u00e8le Geindre et Catherine Michel exposeront prochainement leurs oeuvres sur les murs de l&rsquo;EHPAD Saint-D\u00e9odat. Plus pr\u00e9cis\u00e9ment du [&hellip;]<\/p>\n","protected":false},"author":46,"featured_media":37590,"comment_status":"open","ping_status":"open","sticky":false,"template":"","format":"standard","meta":{"footnotes":""},"categories":[3900,2915],"tags":[7257,5781,6168,7258],"class_list":["post-37589","post","type-post","status-publish","format-standard","has-post-thumbnail","hentry","category-breves","category-saint-die-son-canton","tag-catherine-michel","tag-ehpad-saint-deodat","tag-exposition-de-peintures","tag-michele-geindre"],"acf":[],"yoast_head":"<!-- This site is optimized with the Yoast SEO plugin v22.5 - https:\/\/yoast.com\/wordpress\/plugins\/seo\/ -->\n<title>Mich\u00e8le Geindre et Catherine Michel exposeront prochainement \u00e0 l&#039;EHPAD Saint-D\u00e9odat - Saint Die Info<\/title>\n<meta name=\"robots\" content=\"index, follow, max-snippet:-1, max-image-preview:large, max-video-preview:-1\" \/>\n<link rel=\"canonical\" href=\"https:\/\/vosgesinfo.fr\/saintdieinfo\/2019\/08\/michele-geindre-catherine-michel-exposeront-prochainement-a-lehpad-saint-deodat\/\" \/>\n<meta name=\"twitter:card\" content=\"summary_large_image\" \/>\n<meta name=\"twitter:title\" content=\"Mich\u00e8le Geindre et Catherine Michel exposeront prochainement \u00e0 l&#039;EHPAD Saint-D\u00e9odat - Saint Die Info\" \/>\n<meta name=\"twitter:description\" content=\"Les artistes-peintres Mich\u00e8le Geindre et Catherine Michel exposeront prochainement leurs oeuvres sur les murs de l&rsquo;EHPAD Saint-D\u00e9odat. Plus pr\u00e9cis\u00e9ment du [&hellip;]\" \/>\n<meta name=\"twitter:image\" content=\"https:\/\/vosgesinfo.fr\/app\/uploads\/sites\/4\/2024\/08\/201908exposition-peinture-ehpad-saint-deodat-scaled.jpg\" \/>\n<meta name=\"twitter:creator\" content=\"@VosgesInfo88\" \/>\n<meta name=\"twitter:site\" content=\"@VosgesInfo88\" \/>\n<meta name=\"twitter:label1\" content=\"\u00c9crit par\" \/>\n\t<meta name=\"twitter:data1\" content=\"J.J.\" \/>\n<script type=\"application\/ld+json\" class=\"yoast-schema-graph\">{\"@context\":\"https:\/\/schema.org\",\"@graph\":[{\"@type\":\"Article\",\"@id\":\"https:\/\/vosgesinfo.fr\/saintdieinfo\/2019\/08\/michele-geindre-catherine-michel-exposeront-prochainement-a-lehpad-saint-deodat\/#article\",\"isPartOf\":{\"@id\":\"https:\/\/vosgesinfo.fr\/saintdieinfo\/2019\/08\/michele-geindre-catherine-michel-exposeront-prochainement-a-lehpad-saint-deodat\/\"},\"author\":{\"name\":\"J.J.\",\"@id\":\"https:\/\/vosgesinfo.fr\/saintdieinfo\/#\/schema\/person\/fa73e9f726d67bb88f46d5b7943cb572\"},\"headline\":\"Mich\u00e8le Geindre et Catherine Michel exposeront prochainement \u00e0 l&rsquo;EHPAD Saint-D\u00e9odat\",\"datePublished\":\"2019-08-17T03:00:00+00:00\",\"dateModified\":\"2019-08-17T03:00:00+00:00\",\"mainEntityOfPage\":{\"@id\":\"https:\/\/vosgesinfo.fr\/saintdieinfo\/2019\/08\/michele-geindre-catherine-michel-exposeront-prochainement-a-lehpad-saint-deodat\/\"},\"wordCount\":64,\"commentCount\":0,\"publisher\":{\"@id\":\"https:\/\/vosgesinfo.fr\/saintdieinfo\/#organization\"},\"image\":{\"@id\":\"https:\/\/vosgesinfo.fr\/saintdieinfo\/2019\/08\/michele-geindre-catherine-michel-exposeront-prochainement-a-lehpad-saint-deodat\/#primaryimage\"},\"thumbnailUrl\":\"https:\/\/vosgesinfo.fr\/app\/uploads\/sites\/4\/2024\/08\/201908exposition-peinture-ehpad-saint-deodat-scaled.jpg\",\"keywords\":[\"Catherine Michel\",\"EHPAD Saint-D\u00e9odat\",\"Exposition de peintures\",\"Mich\u00e8le Geindre\"],\"articleSection\":[\"Br\u00e8ves\",\"Saint-Di\u00e9-des-Vosges et son Agglom\u00e9ration\"],\"inLanguage\":\"fr-FR\",\"potentialAction\":[{\"@type\":\"CommentAction\",\"name\":\"Comment\",\"target\":[\"https:\/\/vosgesinfo.fr\/saintdieinfo\/2019\/08\/michele-geindre-catherine-michel-exposeront-prochainement-a-lehpad-saint-deodat\/#respond\"]}]},{\"@type\":\"WebPage\",\"@id\":\"https:\/\/vosgesinfo.fr\/saintdieinfo\/2019\/08\/michele-geindre-catherine-michel-exposeront-prochainement-a-lehpad-saint-deodat\/\",\"url\":\"https:\/\/vosgesinfo.fr\/saintdieinfo\/2019\/08\/michele-geindre-catherine-michel-exposeront-prochainement-a-lehpad-saint-deodat\/\",\"name\":\"Mich\u00e8le Geindre et Catherine Michel exposeront prochainement \u00e0 l'EHPAD Saint-D\u00e9odat - Saint Die Info\",\"isPartOf\":{\"@id\":\"https:\/\/vosgesinfo.fr\/saintdieinfo\/#website\"},\"primaryImageOfPage\":{\"@id\":\"https:\/\/vosgesinfo.fr\/saintdieinfo\/2019\/08\/michele-geindre-catherine-michel-exposeront-prochainement-a-lehpad-saint-deodat\/#primaryimage\"},\"image\":{\"@id\":\"https:\/\/vosgesinfo.fr\/saintdieinfo\/2019\/08\/michele-geindre-catherine-michel-exposeront-prochainement-a-lehpad-saint-deodat\/#primaryimage\"},\"thumbnailUrl\":\"https:\/\/vosgesinfo.fr\/app\/uploads\/sites\/4\/2024\/08\/201908exposition-peinture-ehpad-saint-deodat-scaled.jpg\",\"datePublished\":\"2019-08-17T03:00:00+00:00\",\"dateModified\":\"2019-08-17T03:00:00+00:00\",\"breadcrumb\":{\"@id\":\"https:\/\/vosgesinfo.fr\/saintdieinfo\/2019\/08\/michele-geindre-catherine-michel-exposeront-prochainement-a-lehpad-saint-deodat\/#breadcrumb\"},\"inLanguage\":\"fr-FR\",\"potentialAction\":[{\"@type\":\"ReadAction\",\"target\":[\"https:\/\/vosgesinfo.fr\/saintdieinfo\/2019\/08\/michele-geindre-catherine-michel-exposeront-prochainement-a-lehpad-saint-deodat\/\"]}]},{\"@type\":\"ImageObject\",\"inLanguage\":\"fr-FR\",\"@id\":\"https:\/\/vosgesinfo.fr\/saintdieinfo\/2019\/08\/michele-geindre-catherine-michel-exposeront-prochainement-a-lehpad-saint-deodat\/#primaryimage\",\"url\":\"https:\/\/vosgesinfo.fr\/app\/uploads\/sites\/4\/2024\/08\/201908exposition-peinture-ehpad-saint-deodat-scaled.jpg\",\"contentUrl\":\"https:\/\/vosgesinfo.fr\/app\/uploads\/sites\/4\/2024\/08\/201908exposition-peinture-ehpad-saint-deodat-scaled.jpg\",\"width\":1811,\"height\":2560},{\"@type\":\"BreadcrumbList\",\"@id\":\"https:\/\/vosgesinfo.fr\/saintdieinfo\/2019\/08\/michele-geindre-catherine-michel-exposeront-prochainement-a-lehpad-saint-deodat\/#breadcrumb\",\"itemListElement\":[{\"@type\":\"ListItem\",\"position\":1,\"name\":\"Home\",\"item\":\"https:\/\/vosgesinfo.fr\/saintdieinfo\/\"},{\"@type\":\"ListItem\",\"position\":2,\"name\":\"Mich\u00e8le Geindre et Catherine Michel exposeront prochainement \u00e0 l&rsquo;EHPAD Saint-D\u00e9odat\"}]},{\"@type\":\"WebSite\",\"@id\":\"https:\/\/vosgesinfo.fr\/saintdieinfo\/#website\",\"url\":\"https:\/\/vosgesinfo.fr\/saintdieinfo\/\",\"name\":\"Saint Die Info\",\"description\":\"Toute l&#039;actualit\u00e9 de Saint-Di\u00e9-Des-Vosges\",\"publisher\":{\"@id\":\"https:\/\/vosgesinfo.fr\/saintdieinfo\/#organization\"},\"alternateName\":\"Toute l'actualit\u00e9 de Saint-Di\u00e9-Des-Vosges\",\"potentialAction\":[{\"@type\":\"SearchAction\",\"target\":{\"@type\":\"EntryPoint\",\"urlTemplate\":\"https:\/\/vosgesinfo.fr\/saintdieinfo\/?s={search_term_string}\"},\"query-input\":\"required name=search_term_string\"}],\"inLanguage\":\"fr-FR\"},{\"@type\":\"Organization\",\"@id\":\"https:\/\/vosgesinfo.fr\/saintdieinfo\/#organization\",\"name\":\"Saint Die Info\",\"url\":\"https:\/\/vosgesinfo.fr\/saintdieinfo\/\",\"logo\":{\"@type\":\"ImageObject\",\"inLanguage\":\"fr-FR\",\"@id\":\"https:\/\/vosgesinfo.fr\/saintdieinfo\/#\/schema\/logo\/image\/\",\"url\":\"https:\/\/vosgesinfo.fr\/app\/uploads\/sites\/4\/2024\/02\/logo-sdi.jpg\",\"contentUrl\":\"https:\/\/vosgesinfo.fr\/app\/uploads\/sites\/4\/2024\/02\/logo-sdi.jpg\",\"width\":600,\"height\":600,\"caption\":\"Saint Die Info\"},\"image\":{\"@id\":\"https:\/\/vosgesinfo.fr\/saintdieinfo\/#\/schema\/logo\/image\/\"},\"sameAs\":[\"https:\/\/www.facebook.com\/Saintdieinfofr\",\"https:\/\/x.com\/VosgesInfo88\",\"https:\/\/www.youtube.com\/@vosgesinfo\"]},{\"@type\":\"Person\",\"@id\":\"https:\/\/vosgesinfo.fr\/saintdieinfo\/#\/schema\/person\/fa73e9f726d67bb88f46d5b7943cb572\",\"name\":\"J.J.\",\"image\":{\"@type\":\"ImageObject\",\"inLanguage\":\"fr-FR\",\"@id\":\"https:\/\/vosgesinfo.fr\/saintdieinfo\/#\/schema\/person\/image\/\",\"url\":\"https:\/\/secure.gravatar.com\/avatar\/219e749e47ffbcca018a360ae4add7d4cdf1cdaaf8bc7676b27efade3fe65615?s=96&d=mm&r=g\",\"contentUrl\":\"https:\/\/secure.gravatar.com\/avatar\/219e749e47ffbcca018a360ae4add7d4cdf1cdaaf8bc7676b27efade3fe65615?s=96&d=mm&r=g\",\"caption\":\"J.J.\"},\"url\":\"https:\/\/vosgesinfo.fr\/saintdieinfo\/author\/j-j\/\"}]}<\/script>\n<!-- \/ Yoast SEO plugin. -->","yoast_head_json":{"title":"Mich\u00e8le Geindre et Catherine Michel exposeront prochainement \u00e0 l'EHPAD Saint-D\u00e9odat - Saint Die Info","robots":{"index":"index","follow":"follow","max-snippet":"max-snippet:-1","max-image-preview":"max-image-preview:large","max-video-preview":"max-video-preview:-1"},"canonical":"https:\/\/vosgesinfo.fr\/saintdieinfo\/2019\/08\/michele-geindre-catherine-michel-exposeront-prochainement-a-lehpad-saint-deodat\/","twitter_card":"summary_large_image","twitter_title":"Mich\u00e8le Geindre et Catherine Michel exposeront prochainement \u00e0 l'EHPAD Saint-D\u00e9odat - Saint Die Info","twitter_description":"Les artistes-peintres Mich\u00e8le Geindre et Catherine Michel exposeront prochainement leurs oeuvres sur les murs de l&rsquo;EHPAD Saint-D\u00e9odat. Plus pr\u00e9cis\u00e9ment du [&hellip;]","twitter_image":"https:\/\/vosgesinfo.fr\/app\/uploads\/sites\/4\/2024\/08\/201908exposition-peinture-ehpad-saint-deodat-scaled.jpg","twitter_creator":"@VosgesInfo88","twitter_site":"@VosgesInfo88","twitter_misc":{"\u00c9crit par":"J.J."},"schema":{"@context":"https:\/\/schema.org","@graph":[{"@type":"Article","@id":"https:\/\/vosgesinfo.fr\/saintdieinfo\/2019\/08\/michele-geindre-catherine-michel-exposeront-prochainement-a-lehpad-saint-deodat\/#article","isPartOf":{"@id":"https:\/\/vosgesinfo.fr\/saintdieinfo\/2019\/08\/michele-geindre-catherine-michel-exposeront-prochainement-a-lehpad-saint-deodat\/"},"author":{"name":"J.J.","@id":"https:\/\/vosgesinfo.fr\/saintdieinfo\/#\/schema\/person\/fa73e9f726d67bb88f46d5b7943cb572"},"headline":"Mich\u00e8le Geindre et Catherine Michel exposeront prochainement \u00e0 l&rsquo;EHPAD Saint-D\u00e9odat","datePublished":"2019-08-17T03:00:00+00:00","dateModified":"2019-08-17T03:00:00+00:00","mainEntityOfPage":{"@id":"https:\/\/vosgesinfo.fr\/saintdieinfo\/2019\/08\/michele-geindre-catherine-michel-exposeront-prochainement-a-lehpad-saint-deodat\/"},"wordCount":64,"commentCount":0,"publisher":{"@id":"https:\/\/vosgesinfo.fr\/saintdieinfo\/#organization"},"image":{"@id":"https:\/\/vosgesinfo.fr\/saintdieinfo\/2019\/08\/michele-geindre-catherine-michel-exposeront-prochainement-a-lehpad-saint-deodat\/#primaryimage"},"thumbnailUrl":"https:\/\/vosgesinfo.fr\/app\/uploads\/sites\/4\/2024\/08\/201908exposition-peinture-ehpad-saint-deodat-scaled.jpg","keywords":["Catherine Michel","EHPAD Saint-D\u00e9odat","Exposition de peintures","Mich\u00e8le Geindre"],"articleSection":["Br\u00e8ves","Saint-Di\u00e9-des-Vosges et son Agglom\u00e9ration"],"inLanguage":"fr-FR","potentialAction":[{"@type":"CommentAction","name":"Comment","target":["https:\/\/vosgesinfo.fr\/saintdieinfo\/2019\/08\/michele-geindre-catherine-michel-exposeront-prochainement-a-lehpad-saint-deodat\/#respond"]}]},{"@type":"WebPage","@id":"https:\/\/vosgesinfo.fr\/saintdieinfo\/2019\/08\/michele-geindre-catherine-michel-exposeront-prochainement-a-lehpad-saint-deodat\/","url":"https:\/\/vosgesinfo.fr\/saintdieinfo\/2019\/08\/michele-geindre-catherine-michel-exposeront-prochainement-a-lehpad-saint-deodat\/","name":"Mich\u00e8le Geindre et Catherine Michel exposeront prochainement \u00e0 l'EHPAD Saint-D\u00e9odat - Saint Die Info","isPartOf":{"@id":"https:\/\/vosgesinfo.fr\/saintdieinfo\/#website"},"primaryImageOfPage":{"@id":"https:\/\/vosgesinfo.fr\/saintdieinfo\/2019\/08\/michele-geindre-catherine-michel-exposeront-prochainement-a-lehpad-saint-deodat\/#primaryimage"},"image":{"@id":"https:\/\/vosgesinfo.fr\/saintdieinfo\/2019\/08\/michele-geindre-catherine-michel-exposeront-prochainement-a-lehpad-saint-deodat\/#primaryimage"},"thumbnailUrl":"https:\/\/vosgesinfo.fr\/app\/uploads\/sites\/4\/2024\/08\/201908exposition-peinture-ehpad-saint-deodat-scaled.jpg","datePublished":"2019-08-17T03:00:00+00:00","dateModified":"2019-08-17T03:00:00+00:00","breadcrumb":{"@id":"https:\/\/vosgesinfo.fr\/saintdieinfo\/2019\/08\/michele-geindre-catherine-michel-exposeront-prochainement-a-lehpad-saint-deodat\/#breadcrumb"},"inLanguage":"fr-FR","potentialAction":[{"@type":"ReadAction","target":["https:\/\/vosgesinfo.fr\/saintdieinfo\/2019\/08\/michele-geindre-catherine-michel-exposeront-prochainement-a-lehpad-saint-deodat\/"]}]},{"@type":"ImageObject","inLanguage":"fr-FR","@id":"https:\/\/vosgesinfo.fr\/saintdieinfo\/2019\/08\/michele-geindre-catherine-michel-exposeront-prochainement-a-lehpad-saint-deodat\/#primaryimage","url":"https:\/\/vosgesinfo.fr\/app\/uploads\/sites\/4\/2024\/08\/201908exposition-peinture-ehpad-saint-deodat-scaled.jpg","contentUrl":"https:\/\/vosgesinfo.fr\/app\/uploads\/sites\/4\/2024\/08\/201908exposition-peinture-ehpad-saint-deodat-scaled.jpg","width":1811,"height":2560},{"@type":"BreadcrumbList","@id":"https:\/\/vosgesinfo.fr\/saintdieinfo\/2019\/08\/michele-geindre-catherine-michel-exposeront-prochainement-a-lehpad-saint-deodat\/#breadcrumb","itemListElement":[{"@type":"ListItem","position":1,"name":"Home","item":"https:\/\/vosgesinfo.fr\/saintdieinfo\/"},{"@type":"ListItem","position":2,"name":"Mich\u00e8le Geindre et Catherine Michel exposeront prochainement \u00e0 l&rsquo;EHPAD Saint-D\u00e9odat"}]},{"@type":"WebSite","@id":"https:\/\/vosgesinfo.fr\/saintdieinfo\/#website","url":"https:\/\/vosgesinfo.fr\/saintdieinfo\/","name":"Saint Die Info","description":"Toute l&#039;actualit\u00e9 de Saint-Di\u00e9-Des-Vosges","publisher":{"@id":"https:\/\/vosgesinfo.fr\/saintdieinfo\/#organization"},"alternateName":"Toute l'actualit\u00e9 de Saint-Di\u00e9-Des-Vosges","potentialAction":[{"@type":"SearchAction","target":{"@type":"EntryPoint","urlTemplate":"https:\/\/vosgesinfo.fr\/saintdieinfo\/?s={search_term_string}"},"query-input":"required name=search_term_string"}],"inLanguage":"fr-FR"},{"@type":"Organization","@id":"https:\/\/vosgesinfo.fr\/saintdieinfo\/#organization","name":"Saint Die Info","url":"https:\/\/vosgesinfo.fr\/saintdieinfo\/","logo":{"@type":"ImageObject","inLanguage":"fr-FR","@id":"https:\/\/vosgesinfo.fr\/saintdieinfo\/#\/schema\/logo\/image\/","url":"https:\/\/vosgesinfo.fr\/app\/uploads\/sites\/4\/2024\/02\/logo-sdi.jpg","contentUrl":"https:\/\/vosgesinfo.fr\/app\/uploads\/sites\/4\/2024\/02\/logo-sdi.jpg","width":600,"height":600,"caption":"Saint Die Info"},"image":{"@id":"https:\/\/vosgesinfo.fr\/saintdieinfo\/#\/schema\/logo\/image\/"},"sameAs":["https:\/\/www.facebook.com\/Saintdieinfofr","https:\/\/x.com\/VosgesInfo88","https:\/\/www.youtube.com\/@vosgesinfo"]},{"@type":"Person","@id":"https:\/\/vosgesinfo.fr\/saintdieinfo\/#\/schema\/person\/fa73e9f726d67bb88f46d5b7943cb572","name":"J.J.","image":{"@type":"ImageObject","inLanguage":"fr-FR","@id":"https:\/\/vosgesinfo.fr\/saintdieinfo\/#\/schema\/person\/image\/","url":"https:\/\/secure.gravatar.com\/avatar\/219e749e47ffbcca018a360ae4add7d4cdf1cdaaf8bc7676b27efade3fe65615?s=96&d=mm&r=g","contentUrl":"https:\/\/secure.gravatar.com\/avatar\/219e749e47ffbcca018a360ae4add7d4cdf1cdaaf8bc7676b27efade3fe65615?s=96&d=mm&r=g","caption":"J.J."},"url":"https:\/\/vosgesinfo.fr\/saintdieinfo\/author\/j-j\/"}]}},"_links":{"self":[{"href":"https:\/\/vosgesinfo.fr\/saintdieinfo\/wp-json\/wp\/v2\/posts\/37589","targetHints":{"allow":["GET"]}}],"collection":[{"href":"https:\/\/vosgesinfo.fr\/saintdieinfo\/wp-json\/wp\/v2\/posts"}],"about":[{"href":"https:\/\/vosgesinfo.fr\/saintdieinfo\/wp-json\/wp\/v2\/types\/post"}],"author":[{"embeddable":true,"href":"https:\/\/vosgesinfo.fr\/saintdieinfo\/wp-json\/wp\/v2\/users\/46"}],"replies":[{"embeddable":true,"href":"https:\/\/vosgesinfo.fr\/saintdieinfo\/wp-json\/wp\/v2\/comments?post=37589"}],"version-history":[{"count":0,"href":"https:\/\/vosgesinfo.fr\/saintdieinfo\/wp-json\/wp\/v2\/posts\/37589\/revisions"}],"wp:featuredmedia":[{"embeddable":true,"href":"https:\/\/vosgesinfo.fr\/saintdieinfo\/wp-json\/wp\/v2\/media\/37590"}],"wp:attachment":[{"href":"https:\/\/vosgesinfo.fr\/saintdieinfo\/wp-json\/wp\/v2\/media?parent=37589"}],"wp:term":[{"taxonomy":"category","embeddable":true,"href":"https:\/\/vosgesinfo.fr\/saintdieinfo\/wp-json\/wp\/v2\/categories?post=37589"},{"taxonomy":"post_tag","embeddable":true,"href":"https:\/\/vosgesinfo.fr\/saintdieinfo\/wp-json\/wp\/v2\/tags?post=37589"}],"curies":[{"name":"wp","href":"https:\/\/api.w.org\/{rel}","templated":true}]}}