{"id":37796,"date":"2019-09-03T06:30:52","date_gmt":"2019-09-03T04:30:52","guid":{"rendered":"https:\/\/vosgesinfo.fr\/saintdieinfo\/2019\/09\/9eme-vente-de-livres-petite-brocante-de-bibliotheque-patrimoniale\/"},"modified":"2019-09-03T06:30:52","modified_gmt":"2019-09-03T04:30:52","slug":"9eme-vente-de-livres-petite-brocante-de-bibliotheque-patrimoniale","status":"publish","type":"post","link":"https:\/\/vosgesinfo.fr\/saintdieinfo\/2019\/09\/9eme-vente-de-livres-petite-brocante-de-bibliotheque-patrimoniale\/","title":{"rendered":"9\u00e8me vente de livres et petite brocante de la Biblioth\u00e8que Patrimoniale"},"content":{"rendered":"<div id=\"attachment_109080\" style=\"width: 1010px\" class=\"wp-caption aligncenter\"><a href=\"\/2017\/09\/Vente_Livres_Biblioth\u00e8que_Patrimoniale_Dioc\u00e8se_Saint-Di\u00e9_05.jpg\" target=\"_blank\" rel=\"noopener\"><img decoding=\"async\" aria-describedby=\"caption-attachment-109080\" class=\"wp-image-109080 size-full\" src=\"\/2017\/09\/Vente_Livres_Biblioth\u00e8que_Patrimoniale_Dioc\u00e8se_Saint-Di\u00e9_05.jpg\" alt=\"Vente_Livres_Biblioth\u00e8que_Patrimoniale_Dioc\u00e8se_Saint-Di\u00e9_05\" width=\"1000\" height=\"668\" \/><\/a><p id=\"caption-attachment-109080\" class=\"wp-caption-text\">(Photographie d&rsquo;archives)<\/p><\/div>\n<h2><strong><span style=\"font-family: Calibri, sans-serif;\"><span style=\"font-size: large;\">La Biblioth\u00e8que Patrimoniale vous invite \u00e0 sa 9\u00e8me vente de livres et petite brocante, qui se tiendra ce samedi 7 septembre. Rendez-vous de 10h \u00e0 16h au 21, avenue de Robache \u00e0 Saint-Di\u00e9-des-Vosges. Sur place, des centaines de livres et objets seront propos\u00e9s aux visiteurs. Entr\u00e9e libre. Plus de renseignements par t\u00e9l\u00e9phone, au 03-29-57-09-69, ou via l&rsquo;adresse <a href=\"mailto:livressdpatrimoine@outlook.fr\" target=\"_blank\" rel=\"noopener\">livressdpatrimoine@outlook.fr<\/a><\/span><\/span><\/strong><\/h2>\n<p>J.J.<\/p>\n","protected":false},"excerpt":{"rendered":"<p>La Biblioth\u00e8que Patrimoniale vous invite \u00e0 sa 9\u00e8me vente de livres et petite brocante, qui se tiendra ce samedi 7 [&hellip;]<\/p>\n","protected":false},"author":46,"featured_media":22457,"comment_status":"open","ping_status":"open","sticky":false,"template":"","format":"standard","meta":{"footnotes":""},"categories":[3900,2915],"tags":[7296,7297],"class_list":["post-37796","post","type-post","status-publish","format-standard","has-post-thumbnail","hentry","category-breves","category-saint-die-son-canton","tag-9eme-vente-de-livres-et-petite-brocante-de-la-bibliotheque-patrimoniale","tag-bibliotheque-patrimoniale"],"acf":[],"yoast_head":"<!-- This site is optimized with the Yoast SEO plugin v22.5 - https:\/\/yoast.com\/wordpress\/plugins\/seo\/ -->\n<title>9\u00e8me vente de livres et petite brocante de la Biblioth\u00e8que Patrimoniale - Saint Die Info<\/title>\n<meta name=\"robots\" content=\"index, follow, max-snippet:-1, max-image-preview:large, max-video-preview:-1\" \/>\n<link rel=\"canonical\" href=\"https:\/\/vosgesinfo.fr\/saintdieinfo\/2019\/09\/9eme-vente-de-livres-petite-brocante-de-bibliotheque-patrimoniale\/\" \/>\n<meta name=\"twitter:card\" content=\"summary_large_image\" \/>\n<meta name=\"twitter:title\" content=\"9\u00e8me vente de livres et petite brocante de la Biblioth\u00e8que Patrimoniale - Saint Die Info\" \/>\n<meta name=\"twitter:description\" content=\"La Biblioth\u00e8que Patrimoniale vous invite \u00e0 sa 9\u00e8me vente de livres et petite brocante, qui se tiendra ce samedi 7 [&hellip;]\" \/>\n<meta name=\"twitter:image\" content=\"https:\/\/vosgesinfo.fr\/app\/uploads\/sites\/4\/2017\/09\/vente-livres-bibliotheque-patrimoniale-diocese-saint-die-05.jpg\" \/>\n<meta name=\"twitter:creator\" content=\"@VosgesInfo88\" \/>\n<meta name=\"twitter:site\" content=\"@VosgesInfo88\" \/>\n<meta name=\"twitter:label1\" content=\"\u00c9crit par\" \/>\n\t<meta name=\"twitter:data1\" content=\"J.J.\" \/>\n<script type=\"application\/ld+json\" class=\"yoast-schema-graph\">{\"@context\":\"https:\/\/schema.org\",\"@graph\":[{\"@type\":\"Article\",\"@id\":\"https:\/\/vosgesinfo.fr\/saintdieinfo\/2019\/09\/9eme-vente-de-livres-petite-brocante-de-bibliotheque-patrimoniale\/#article\",\"isPartOf\":{\"@id\":\"https:\/\/vosgesinfo.fr\/saintdieinfo\/2019\/09\/9eme-vente-de-livres-petite-brocante-de-bibliotheque-patrimoniale\/\"},\"author\":{\"name\":\"J.J.\",\"@id\":\"https:\/\/vosgesinfo.fr\/saintdieinfo\/#\/schema\/person\/fa73e9f726d67bb88f46d5b7943cb572\"},\"headline\":\"9\u00e8me vente de livres et petite brocante de la Biblioth\u00e8que Patrimoniale\",\"datePublished\":\"2019-09-03T04:30:52+00:00\",\"dateModified\":\"2019-09-03T04:30:52+00:00\",\"mainEntityOfPage\":{\"@id\":\"https:\/\/vosgesinfo.fr\/saintdieinfo\/2019\/09\/9eme-vente-de-livres-petite-brocante-de-bibliotheque-patrimoniale\/\"},\"wordCount\":89,\"commentCount\":0,\"publisher\":{\"@id\":\"https:\/\/vosgesinfo.fr\/saintdieinfo\/#organization\"},\"image\":{\"@id\":\"https:\/\/vosgesinfo.fr\/saintdieinfo\/2019\/09\/9eme-vente-de-livres-petite-brocante-de-bibliotheque-patrimoniale\/#primaryimage\"},\"thumbnailUrl\":\"https:\/\/vosgesinfo.fr\/app\/uploads\/sites\/4\/2017\/09\/vente-livres-bibliotheque-patrimoniale-diocese-saint-die-05.jpg\",\"keywords\":[\"9\u00e8me vente de livres et petite brocante de la Biblioth\u00e8que Patrimoniale\",\"Biblioth\u00e8que Patrimoniale\"],\"articleSection\":[\"Br\u00e8ves\",\"Saint-Di\u00e9-des-Vosges et son Agglom\u00e9ration\"],\"inLanguage\":\"fr-FR\",\"potentialAction\":[{\"@type\":\"CommentAction\",\"name\":\"Comment\",\"target\":[\"https:\/\/vosgesinfo.fr\/saintdieinfo\/2019\/09\/9eme-vente-de-livres-petite-brocante-de-bibliotheque-patrimoniale\/#respond\"]}]},{\"@type\":\"WebPage\",\"@id\":\"https:\/\/vosgesinfo.fr\/saintdieinfo\/2019\/09\/9eme-vente-de-livres-petite-brocante-de-bibliotheque-patrimoniale\/\",\"url\":\"https:\/\/vosgesinfo.fr\/saintdieinfo\/2019\/09\/9eme-vente-de-livres-petite-brocante-de-bibliotheque-patrimoniale\/\",\"name\":\"9\u00e8me vente de livres et petite brocante de la Biblioth\u00e8que Patrimoniale - Saint Die Info\",\"isPartOf\":{\"@id\":\"https:\/\/vosgesinfo.fr\/saintdieinfo\/#website\"},\"primaryImageOfPage\":{\"@id\":\"https:\/\/vosgesinfo.fr\/saintdieinfo\/2019\/09\/9eme-vente-de-livres-petite-brocante-de-bibliotheque-patrimoniale\/#primaryimage\"},\"image\":{\"@id\":\"https:\/\/vosgesinfo.fr\/saintdieinfo\/2019\/09\/9eme-vente-de-livres-petite-brocante-de-bibliotheque-patrimoniale\/#primaryimage\"},\"thumbnailUrl\":\"https:\/\/vosgesinfo.fr\/app\/uploads\/sites\/4\/2017\/09\/vente-livres-bibliotheque-patrimoniale-diocese-saint-die-05.jpg\",\"datePublished\":\"2019-09-03T04:30:52+00:00\",\"dateModified\":\"2019-09-03T04:30:52+00:00\",\"breadcrumb\":{\"@id\":\"https:\/\/vosgesinfo.fr\/saintdieinfo\/2019\/09\/9eme-vente-de-livres-petite-brocante-de-bibliotheque-patrimoniale\/#breadcrumb\"},\"inLanguage\":\"fr-FR\",\"potentialAction\":[{\"@type\":\"ReadAction\",\"target\":[\"https:\/\/vosgesinfo.fr\/saintdieinfo\/2019\/09\/9eme-vente-de-livres-petite-brocante-de-bibliotheque-patrimoniale\/\"]}]},{\"@type\":\"ImageObject\",\"inLanguage\":\"fr-FR\",\"@id\":\"https:\/\/vosgesinfo.fr\/saintdieinfo\/2019\/09\/9eme-vente-de-livres-petite-brocante-de-bibliotheque-patrimoniale\/#primaryimage\",\"url\":\"https:\/\/vosgesinfo.fr\/app\/uploads\/sites\/4\/2017\/09\/vente-livres-bibliotheque-patrimoniale-diocese-saint-die-05.jpg\",\"contentUrl\":\"https:\/\/vosgesinfo.fr\/app\/uploads\/sites\/4\/2017\/09\/vente-livres-bibliotheque-patrimoniale-diocese-saint-die-05.jpg\",\"width\":1000,\"height\":668},{\"@type\":\"BreadcrumbList\",\"@id\":\"https:\/\/vosgesinfo.fr\/saintdieinfo\/2019\/09\/9eme-vente-de-livres-petite-brocante-de-bibliotheque-patrimoniale\/#breadcrumb\",\"itemListElement\":[{\"@type\":\"ListItem\",\"position\":1,\"name\":\"Home\",\"item\":\"https:\/\/vosgesinfo.fr\/saintdieinfo\/\"},{\"@type\":\"ListItem\",\"position\":2,\"name\":\"9\u00e8me vente de livres et petite brocante de la Biblioth\u00e8que Patrimoniale\"}]},{\"@type\":\"WebSite\",\"@id\":\"https:\/\/vosgesinfo.fr\/saintdieinfo\/#website\",\"url\":\"https:\/\/vosgesinfo.fr\/saintdieinfo\/\",\"name\":\"Saint Die Info\",\"description\":\"Toute l&#039;actualit\u00e9 de Saint-Di\u00e9-Des-Vosges\",\"publisher\":{\"@id\":\"https:\/\/vosgesinfo.fr\/saintdieinfo\/#organization\"},\"alternateName\":\"Toute l'actualit\u00e9 de Saint-Di\u00e9-Des-Vosges\",\"potentialAction\":[{\"@type\":\"SearchAction\",\"target\":{\"@type\":\"EntryPoint\",\"urlTemplate\":\"https:\/\/vosgesinfo.fr\/saintdieinfo\/?s={search_term_string}\"},\"query-input\":\"required name=search_term_string\"}],\"inLanguage\":\"fr-FR\"},{\"@type\":\"Organization\",\"@id\":\"https:\/\/vosgesinfo.fr\/saintdieinfo\/#organization\",\"name\":\"Saint Die Info\",\"url\":\"https:\/\/vosgesinfo.fr\/saintdieinfo\/\",\"logo\":{\"@type\":\"ImageObject\",\"inLanguage\":\"fr-FR\",\"@id\":\"https:\/\/vosgesinfo.fr\/saintdieinfo\/#\/schema\/logo\/image\/\",\"url\":\"https:\/\/vosgesinfo.fr\/app\/uploads\/sites\/4\/2024\/02\/logo-sdi.jpg\",\"contentUrl\":\"https:\/\/vosgesinfo.fr\/app\/uploads\/sites\/4\/2024\/02\/logo-sdi.jpg\",\"width\":600,\"height\":600,\"caption\":\"Saint Die Info\"},\"image\":{\"@id\":\"https:\/\/vosgesinfo.fr\/saintdieinfo\/#\/schema\/logo\/image\/\"},\"sameAs\":[\"https:\/\/www.facebook.com\/Saintdieinfofr\",\"https:\/\/x.com\/VosgesInfo88\",\"https:\/\/www.youtube.com\/@vosgesinfo\"]},{\"@type\":\"Person\",\"@id\":\"https:\/\/vosgesinfo.fr\/saintdieinfo\/#\/schema\/person\/fa73e9f726d67bb88f46d5b7943cb572\",\"name\":\"J.J.\",\"image\":{\"@type\":\"ImageObject\",\"inLanguage\":\"fr-FR\",\"@id\":\"https:\/\/vosgesinfo.fr\/saintdieinfo\/#\/schema\/person\/image\/\",\"url\":\"https:\/\/secure.gravatar.com\/avatar\/219e749e47ffbcca018a360ae4add7d4cdf1cdaaf8bc7676b27efade3fe65615?s=96&d=mm&r=g\",\"contentUrl\":\"https:\/\/secure.gravatar.com\/avatar\/219e749e47ffbcca018a360ae4add7d4cdf1cdaaf8bc7676b27efade3fe65615?s=96&d=mm&r=g\",\"caption\":\"J.J.\"},\"url\":\"https:\/\/vosgesinfo.fr\/saintdieinfo\/author\/j-j\/\"}]}<\/script>\n<!-- \/ Yoast SEO plugin. -->","yoast_head_json":{"title":"9\u00e8me vente de livres et petite brocante de la Biblioth\u00e8que Patrimoniale - Saint Die Info","robots":{"index":"index","follow":"follow","max-snippet":"max-snippet:-1","max-image-preview":"max-image-preview:large","max-video-preview":"max-video-preview:-1"},"canonical":"https:\/\/vosgesinfo.fr\/saintdieinfo\/2019\/09\/9eme-vente-de-livres-petite-brocante-de-bibliotheque-patrimoniale\/","twitter_card":"summary_large_image","twitter_title":"9\u00e8me vente de livres et petite brocante de la Biblioth\u00e8que Patrimoniale - Saint Die Info","twitter_description":"La Biblioth\u00e8que Patrimoniale vous invite \u00e0 sa 9\u00e8me vente de livres et petite brocante, qui se tiendra ce samedi 7 [&hellip;]","twitter_image":"https:\/\/vosgesinfo.fr\/app\/uploads\/sites\/4\/2017\/09\/vente-livres-bibliotheque-patrimoniale-diocese-saint-die-05.jpg","twitter_creator":"@VosgesInfo88","twitter_site":"@VosgesInfo88","twitter_misc":{"\u00c9crit par":"J.J."},"schema":{"@context":"https:\/\/schema.org","@graph":[{"@type":"Article","@id":"https:\/\/vosgesinfo.fr\/saintdieinfo\/2019\/09\/9eme-vente-de-livres-petite-brocante-de-bibliotheque-patrimoniale\/#article","isPartOf":{"@id":"https:\/\/vosgesinfo.fr\/saintdieinfo\/2019\/09\/9eme-vente-de-livres-petite-brocante-de-bibliotheque-patrimoniale\/"},"author":{"name":"J.J.","@id":"https:\/\/vosgesinfo.fr\/saintdieinfo\/#\/schema\/person\/fa73e9f726d67bb88f46d5b7943cb572"},"headline":"9\u00e8me vente de livres et petite brocante de la Biblioth\u00e8que Patrimoniale","datePublished":"2019-09-03T04:30:52+00:00","dateModified":"2019-09-03T04:30:52+00:00","mainEntityOfPage":{"@id":"https:\/\/vosgesinfo.fr\/saintdieinfo\/2019\/09\/9eme-vente-de-livres-petite-brocante-de-bibliotheque-patrimoniale\/"},"wordCount":89,"commentCount":0,"publisher":{"@id":"https:\/\/vosgesinfo.fr\/saintdieinfo\/#organization"},"image":{"@id":"https:\/\/vosgesinfo.fr\/saintdieinfo\/2019\/09\/9eme-vente-de-livres-petite-brocante-de-bibliotheque-patrimoniale\/#primaryimage"},"thumbnailUrl":"https:\/\/vosgesinfo.fr\/app\/uploads\/sites\/4\/2017\/09\/vente-livres-bibliotheque-patrimoniale-diocese-saint-die-05.jpg","keywords":["9\u00e8me vente de livres et petite brocante de la Biblioth\u00e8que Patrimoniale","Biblioth\u00e8que Patrimoniale"],"articleSection":["Br\u00e8ves","Saint-Di\u00e9-des-Vosges et son Agglom\u00e9ration"],"inLanguage":"fr-FR","potentialAction":[{"@type":"CommentAction","name":"Comment","target":["https:\/\/vosgesinfo.fr\/saintdieinfo\/2019\/09\/9eme-vente-de-livres-petite-brocante-de-bibliotheque-patrimoniale\/#respond"]}]},{"@type":"WebPage","@id":"https:\/\/vosgesinfo.fr\/saintdieinfo\/2019\/09\/9eme-vente-de-livres-petite-brocante-de-bibliotheque-patrimoniale\/","url":"https:\/\/vosgesinfo.fr\/saintdieinfo\/2019\/09\/9eme-vente-de-livres-petite-brocante-de-bibliotheque-patrimoniale\/","name":"9\u00e8me vente de livres et petite brocante de la Biblioth\u00e8que Patrimoniale - Saint Die Info","isPartOf":{"@id":"https:\/\/vosgesinfo.fr\/saintdieinfo\/#website"},"primaryImageOfPage":{"@id":"https:\/\/vosgesinfo.fr\/saintdieinfo\/2019\/09\/9eme-vente-de-livres-petite-brocante-de-bibliotheque-patrimoniale\/#primaryimage"},"image":{"@id":"https:\/\/vosgesinfo.fr\/saintdieinfo\/2019\/09\/9eme-vente-de-livres-petite-brocante-de-bibliotheque-patrimoniale\/#primaryimage"},"thumbnailUrl":"https:\/\/vosgesinfo.fr\/app\/uploads\/sites\/4\/2017\/09\/vente-livres-bibliotheque-patrimoniale-diocese-saint-die-05.jpg","datePublished":"2019-09-03T04:30:52+00:00","dateModified":"2019-09-03T04:30:52+00:00","breadcrumb":{"@id":"https:\/\/vosgesinfo.fr\/saintdieinfo\/2019\/09\/9eme-vente-de-livres-petite-brocante-de-bibliotheque-patrimoniale\/#breadcrumb"},"inLanguage":"fr-FR","potentialAction":[{"@type":"ReadAction","target":["https:\/\/vosgesinfo.fr\/saintdieinfo\/2019\/09\/9eme-vente-de-livres-petite-brocante-de-bibliotheque-patrimoniale\/"]}]},{"@type":"ImageObject","inLanguage":"fr-FR","@id":"https:\/\/vosgesinfo.fr\/saintdieinfo\/2019\/09\/9eme-vente-de-livres-petite-brocante-de-bibliotheque-patrimoniale\/#primaryimage","url":"https:\/\/vosgesinfo.fr\/app\/uploads\/sites\/4\/2017\/09\/vente-livres-bibliotheque-patrimoniale-diocese-saint-die-05.jpg","contentUrl":"https:\/\/vosgesinfo.fr\/app\/uploads\/sites\/4\/2017\/09\/vente-livres-bibliotheque-patrimoniale-diocese-saint-die-05.jpg","width":1000,"height":668},{"@type":"BreadcrumbList","@id":"https:\/\/vosgesinfo.fr\/saintdieinfo\/2019\/09\/9eme-vente-de-livres-petite-brocante-de-bibliotheque-patrimoniale\/#breadcrumb","itemListElement":[{"@type":"ListItem","position":1,"name":"Home","item":"https:\/\/vosgesinfo.fr\/saintdieinfo\/"},{"@type":"ListItem","position":2,"name":"9\u00e8me vente de livres et petite brocante de la Biblioth\u00e8que Patrimoniale"}]},{"@type":"WebSite","@id":"https:\/\/vosgesinfo.fr\/saintdieinfo\/#website","url":"https:\/\/vosgesinfo.fr\/saintdieinfo\/","name":"Saint Die Info","description":"Toute l&#039;actualit\u00e9 de Saint-Di\u00e9-Des-Vosges","publisher":{"@id":"https:\/\/vosgesinfo.fr\/saintdieinfo\/#organization"},"alternateName":"Toute l'actualit\u00e9 de Saint-Di\u00e9-Des-Vosges","potentialAction":[{"@type":"SearchAction","target":{"@type":"EntryPoint","urlTemplate":"https:\/\/vosgesinfo.fr\/saintdieinfo\/?s={search_term_string}"},"query-input":"required name=search_term_string"}],"inLanguage":"fr-FR"},{"@type":"Organization","@id":"https:\/\/vosgesinfo.fr\/saintdieinfo\/#organization","name":"Saint Die Info","url":"https:\/\/vosgesinfo.fr\/saintdieinfo\/","logo":{"@type":"ImageObject","inLanguage":"fr-FR","@id":"https:\/\/vosgesinfo.fr\/saintdieinfo\/#\/schema\/logo\/image\/","url":"https:\/\/vosgesinfo.fr\/app\/uploads\/sites\/4\/2024\/02\/logo-sdi.jpg","contentUrl":"https:\/\/vosgesinfo.fr\/app\/uploads\/sites\/4\/2024\/02\/logo-sdi.jpg","width":600,"height":600,"caption":"Saint Die Info"},"image":{"@id":"https:\/\/vosgesinfo.fr\/saintdieinfo\/#\/schema\/logo\/image\/"},"sameAs":["https:\/\/www.facebook.com\/Saintdieinfofr","https:\/\/x.com\/VosgesInfo88","https:\/\/www.youtube.com\/@vosgesinfo"]},{"@type":"Person","@id":"https:\/\/vosgesinfo.fr\/saintdieinfo\/#\/schema\/person\/fa73e9f726d67bb88f46d5b7943cb572","name":"J.J.","image":{"@type":"ImageObject","inLanguage":"fr-FR","@id":"https:\/\/vosgesinfo.fr\/saintdieinfo\/#\/schema\/person\/image\/","url":"https:\/\/secure.gravatar.com\/avatar\/219e749e47ffbcca018a360ae4add7d4cdf1cdaaf8bc7676b27efade3fe65615?s=96&d=mm&r=g","contentUrl":"https:\/\/secure.gravatar.com\/avatar\/219e749e47ffbcca018a360ae4add7d4cdf1cdaaf8bc7676b27efade3fe65615?s=96&d=mm&r=g","caption":"J.J."},"url":"https:\/\/vosgesinfo.fr\/saintdieinfo\/author\/j-j\/"}]}},"_links":{"self":[{"href":"https:\/\/vosgesinfo.fr\/saintdieinfo\/wp-json\/wp\/v2\/posts\/37796","targetHints":{"allow":["GET"]}}],"collection":[{"href":"https:\/\/vosgesinfo.fr\/saintdieinfo\/wp-json\/wp\/v2\/posts"}],"about":[{"href":"https:\/\/vosgesinfo.fr\/saintdieinfo\/wp-json\/wp\/v2\/types\/post"}],"author":[{"embeddable":true,"href":"https:\/\/vosgesinfo.fr\/saintdieinfo\/wp-json\/wp\/v2\/users\/46"}],"replies":[{"embeddable":true,"href":"https:\/\/vosgesinfo.fr\/saintdieinfo\/wp-json\/wp\/v2\/comments?post=37796"}],"version-history":[{"count":0,"href":"https:\/\/vosgesinfo.fr\/saintdieinfo\/wp-json\/wp\/v2\/posts\/37796\/revisions"}],"wp:featuredmedia":[{"embeddable":true,"href":"https:\/\/vosgesinfo.fr\/saintdieinfo\/wp-json\/wp\/v2\/media\/22457"}],"wp:attachment":[{"href":"https:\/\/vosgesinfo.fr\/saintdieinfo\/wp-json\/wp\/v2\/media?parent=37796"}],"wp:term":[{"taxonomy":"category","embeddable":true,"href":"https:\/\/vosgesinfo.fr\/saintdieinfo\/wp-json\/wp\/v2\/categories?post=37796"},{"taxonomy":"post_tag","embeddable":true,"href":"https:\/\/vosgesinfo.fr\/saintdieinfo\/wp-json\/wp\/v2\/tags?post=37796"}],"curies":[{"name":"wp","href":"https:\/\/api.w.org\/{rel}","templated":true}]}}