{"id":37839,"date":"2019-09-04T04:30:40","date_gmt":"2019-09-04T02:30:40","guid":{"rendered":"https:\/\/vosgesinfo.fr\/saintdieinfo\/2019\/09\/vosges-rentree-sein-de-larmee-de-terre\/"},"modified":"2019-09-04T04:30:40","modified_gmt":"2019-09-04T02:30:40","slug":"vosges-rentree-sein-de-larmee-de-terre","status":"publish","type":"post","link":"https:\/\/vosgesinfo.fr\/saintdieinfo\/2019\/09\/vosges-rentree-sein-de-larmee-de-terre\/","title":{"rendered":"Vosges \u2013 Une rentr\u00e9e au sein de l\u2019Arm\u00e9e de Terre"},"content":{"rendered":"<h2><a href=\"\/2019\/09\/thumbnail_Photo-Article-Septembre.jpg\" target=\"_blank\" rel=\"noopener\"><img decoding=\"async\" class=\"aligncenter wp-image-143946 size-large\" src=\"\/2019\/09\/thumbnail_Photo-Article-Septembre-1024x768.jpg\" alt=\"thumbnail_Photo-Article-Septembre\" width=\"960\" height=\"720\" \/><\/a><\/h2>\n<h2><span style=\"font-size: 14pt;\"><strong>Alors que la plupart des jeunes Vosgiens ont fait leur rentr\u00e9e des classes hier et aujourd\u2019hui, d\u2019autres ont fait le choix de servir leur pays \u00e0 la fin de leurs \u00e9tudes.<\/strong><\/span><\/h2>\n<p><!--more--><\/p>\n<p>Ce mardi matin, \u00e0 la maison des arm\u00e9es d\u2019Epinal, ils \u00e9taient huit Vosgiens \u00e0 souscrire un contrat au sein de l\u2019Arm\u00e9e de terre. Bayonne, Bordeaux, Colmar, Belfort, Fontevraud-L\u2019abbaye, Paris, Verdun ou encore Sarrebourg seront leurs destinations pour y servir dans des sp\u00e9cialit\u00e9s tels que le renseignement, l\u2019infanterie, la cavalerie, le NRBC (Nucl\u00e9aire Radiologique Biologique Chimique) ou pompier.<\/p>\n<p>Apr\u00e8s la c\u00e9r\u00e9monie de signature, chacun et chacune accompagn\u00e9s de leurs proches ont pu \u00e9changer librement sur leurs premi\u00e8res impressions partag\u00e9es entre \u00e9motion, stress et fiert\u00e9. Le chef de centre a rappel\u00e9 toute l\u2019exigence de leur engagement, n\u00e9cessitant volont\u00e9, passion et abn\u00e9gation.<\/p>\n<p>Pour rappel, le CIRFA d\u2019Epinal recrute plus d\u2019une centaine de jeunes par an sur le d\u00e9partement. Alors si vous aussi, vous souhaitez un m\u00e9tier pas comme les autres, prenez contact avec un conseiller de l\u2019Arm\u00e9e de terre qui saura vous guider pour concr\u00e9tiser votre projet professionnel.<\/p>\n<p>CIRFA d\u2019EPINAL <strong>03 29 29 28 76<\/strong> ou sur le site <strong><a href=\"http:\/\/sengager.fr\" target=\"_blank\" rel=\"noopener\">sengager.fr<\/a><\/strong><\/p>\n","protected":false},"excerpt":{"rendered":"<p>Alors que la plupart des jeunes Vosgiens ont fait leur rentr\u00e9e des classes hier et aujourd\u2019hui, d\u2019autres ont fait le [&hellip;]<\/p>\n","protected":false},"author":44,"featured_media":37840,"comment_status":"open","ping_status":"open","sticky":false,"template":"","format":"standard","meta":{"footnotes":""},"categories":[460,18],"tags":[4666,6256,41],"class_list":["post-37839","post","type-post","status-publish","format-standard","has-post-thumbnail","hentry","category-a-la-une","category-vosges","tag-armee-de-terre","tag-cirfa-depinal","tag-epinal"],"acf":[],"yoast_head":"<!-- This site is optimized with the Yoast SEO plugin v22.5 - https:\/\/yoast.com\/wordpress\/plugins\/seo\/ -->\n<title>Vosges \u2013 Une rentr\u00e9e au sein de l\u2019Arm\u00e9e de Terre - Saint Die Info<\/title>\n<meta name=\"robots\" content=\"index, follow, max-snippet:-1, max-image-preview:large, max-video-preview:-1\" \/>\n<link rel=\"canonical\" href=\"https:\/\/vosgesinfo.fr\/saintdieinfo\/2019\/09\/vosges-rentree-sein-de-larmee-de-terre\/\" \/>\n<meta name=\"twitter:card\" content=\"summary_large_image\" \/>\n<meta name=\"twitter:title\" content=\"Vosges \u2013 Une rentr\u00e9e au sein de l\u2019Arm\u00e9e de Terre - Saint Die Info\" \/>\n<meta name=\"twitter:description\" content=\"Alors que la plupart des jeunes Vosgiens ont fait leur rentr\u00e9e des classes hier et aujourd\u2019hui, d\u2019autres ont fait le [&hellip;]\" \/>\n<meta name=\"twitter:image\" content=\"https:\/\/vosgesinfo.fr\/app\/uploads\/sites\/4\/2024\/08\/201909thumbnail-photo-article-septembre-1.jpg\" \/>\n<meta name=\"twitter:creator\" content=\"@VosgesInfo88\" \/>\n<meta name=\"twitter:site\" content=\"@VosgesInfo88\" \/>\n<meta name=\"twitter:label1\" content=\"\u00c9crit par\" \/>\n\t<meta name=\"twitter:data1\" content=\"la r\u00e9daction\" \/>\n\t<meta name=\"twitter:label2\" content=\"Dur\u00e9e de lecture estim\u00e9e\" \/>\n\t<meta name=\"twitter:data2\" content=\"1 minute\" \/>\n<script type=\"application\/ld+json\" class=\"yoast-schema-graph\">{\"@context\":\"https:\/\/schema.org\",\"@graph\":[{\"@type\":\"Article\",\"@id\":\"https:\/\/vosgesinfo.fr\/saintdieinfo\/2019\/09\/vosges-rentree-sein-de-larmee-de-terre\/#article\",\"isPartOf\":{\"@id\":\"https:\/\/vosgesinfo.fr\/saintdieinfo\/2019\/09\/vosges-rentree-sein-de-larmee-de-terre\/\"},\"author\":{\"name\":\"la r\u00e9daction\",\"@id\":\"https:\/\/vosgesinfo.fr\/saintdieinfo\/#\/schema\/person\/faee6704a21f3977511db84bd1cd450f\"},\"headline\":\"Vosges \u2013 Une rentr\u00e9e au sein de l\u2019Arm\u00e9e de Terre\",\"datePublished\":\"2019-09-04T02:30:40+00:00\",\"dateModified\":\"2019-09-04T02:30:40+00:00\",\"mainEntityOfPage\":{\"@id\":\"https:\/\/vosgesinfo.fr\/saintdieinfo\/2019\/09\/vosges-rentree-sein-de-larmee-de-terre\/\"},\"wordCount\":222,\"commentCount\":0,\"publisher\":{\"@id\":\"https:\/\/vosgesinfo.fr\/saintdieinfo\/#organization\"},\"image\":{\"@id\":\"https:\/\/vosgesinfo.fr\/saintdieinfo\/2019\/09\/vosges-rentree-sein-de-larmee-de-terre\/#primaryimage\"},\"thumbnailUrl\":\"https:\/\/vosgesinfo.fr\/app\/uploads\/sites\/4\/2024\/08\/201909thumbnail-photo-article-septembre-1.jpg\",\"keywords\":[\"Arm\u00e9e de Terre\",\"CIRFA d'Epinal\",\"Epinal\"],\"articleSection\":[\"A la Une\",\"Vosges\"],\"inLanguage\":\"fr-FR\",\"potentialAction\":[{\"@type\":\"CommentAction\",\"name\":\"Comment\",\"target\":[\"https:\/\/vosgesinfo.fr\/saintdieinfo\/2019\/09\/vosges-rentree-sein-de-larmee-de-terre\/#respond\"]}]},{\"@type\":\"WebPage\",\"@id\":\"https:\/\/vosgesinfo.fr\/saintdieinfo\/2019\/09\/vosges-rentree-sein-de-larmee-de-terre\/\",\"url\":\"https:\/\/vosgesinfo.fr\/saintdieinfo\/2019\/09\/vosges-rentree-sein-de-larmee-de-terre\/\",\"name\":\"Vosges \u2013 Une rentr\u00e9e au sein de l\u2019Arm\u00e9e de Terre - Saint Die Info\",\"isPartOf\":{\"@id\":\"https:\/\/vosgesinfo.fr\/saintdieinfo\/#website\"},\"primaryImageOfPage\":{\"@id\":\"https:\/\/vosgesinfo.fr\/saintdieinfo\/2019\/09\/vosges-rentree-sein-de-larmee-de-terre\/#primaryimage\"},\"image\":{\"@id\":\"https:\/\/vosgesinfo.fr\/saintdieinfo\/2019\/09\/vosges-rentree-sein-de-larmee-de-terre\/#primaryimage\"},\"thumbnailUrl\":\"https:\/\/vosgesinfo.fr\/app\/uploads\/sites\/4\/2024\/08\/201909thumbnail-photo-article-septembre-1.jpg\",\"datePublished\":\"2019-09-04T02:30:40+00:00\",\"dateModified\":\"2019-09-04T02:30:40+00:00\",\"breadcrumb\":{\"@id\":\"https:\/\/vosgesinfo.fr\/saintdieinfo\/2019\/09\/vosges-rentree-sein-de-larmee-de-terre\/#breadcrumb\"},\"inLanguage\":\"fr-FR\",\"potentialAction\":[{\"@type\":\"ReadAction\",\"target\":[\"https:\/\/vosgesinfo.fr\/saintdieinfo\/2019\/09\/vosges-rentree-sein-de-larmee-de-terre\/\"]}]},{\"@type\":\"ImageObject\",\"inLanguage\":\"fr-FR\",\"@id\":\"https:\/\/vosgesinfo.fr\/saintdieinfo\/2019\/09\/vosges-rentree-sein-de-larmee-de-terre\/#primaryimage\",\"url\":\"https:\/\/vosgesinfo.fr\/app\/uploads\/sites\/4\/2024\/08\/201909thumbnail-photo-article-septembre-1.jpg\",\"contentUrl\":\"https:\/\/vosgesinfo.fr\/app\/uploads\/sites\/4\/2024\/08\/201909thumbnail-photo-article-septembre-1.jpg\",\"width\":1280,\"height\":960},{\"@type\":\"BreadcrumbList\",\"@id\":\"https:\/\/vosgesinfo.fr\/saintdieinfo\/2019\/09\/vosges-rentree-sein-de-larmee-de-terre\/#breadcrumb\",\"itemListElement\":[{\"@type\":\"ListItem\",\"position\":1,\"name\":\"Home\",\"item\":\"https:\/\/vosgesinfo.fr\/saintdieinfo\/\"},{\"@type\":\"ListItem\",\"position\":2,\"name\":\"Vosges \u2013 Une rentr\u00e9e au sein de l\u2019Arm\u00e9e de Terre\"}]},{\"@type\":\"WebSite\",\"@id\":\"https:\/\/vosgesinfo.fr\/saintdieinfo\/#website\",\"url\":\"https:\/\/vosgesinfo.fr\/saintdieinfo\/\",\"name\":\"Saint Die Info\",\"description\":\"Toute l&#039;actualit\u00e9 de Saint-Di\u00e9-Des-Vosges\",\"publisher\":{\"@id\":\"https:\/\/vosgesinfo.fr\/saintdieinfo\/#organization\"},\"alternateName\":\"Toute l'actualit\u00e9 de Saint-Di\u00e9-Des-Vosges\",\"potentialAction\":[{\"@type\":\"SearchAction\",\"target\":{\"@type\":\"EntryPoint\",\"urlTemplate\":\"https:\/\/vosgesinfo.fr\/saintdieinfo\/?s={search_term_string}\"},\"query-input\":\"required name=search_term_string\"}],\"inLanguage\":\"fr-FR\"},{\"@type\":\"Organization\",\"@id\":\"https:\/\/vosgesinfo.fr\/saintdieinfo\/#organization\",\"name\":\"Saint Die Info\",\"url\":\"https:\/\/vosgesinfo.fr\/saintdieinfo\/\",\"logo\":{\"@type\":\"ImageObject\",\"inLanguage\":\"fr-FR\",\"@id\":\"https:\/\/vosgesinfo.fr\/saintdieinfo\/#\/schema\/logo\/image\/\",\"url\":\"https:\/\/vosgesinfo.fr\/app\/uploads\/sites\/4\/2024\/02\/logo-sdi.jpg\",\"contentUrl\":\"https:\/\/vosgesinfo.fr\/app\/uploads\/sites\/4\/2024\/02\/logo-sdi.jpg\",\"width\":600,\"height\":600,\"caption\":\"Saint Die Info\"},\"image\":{\"@id\":\"https:\/\/vosgesinfo.fr\/saintdieinfo\/#\/schema\/logo\/image\/\"},\"sameAs\":[\"https:\/\/www.facebook.com\/Saintdieinfofr\",\"https:\/\/x.com\/VosgesInfo88\",\"https:\/\/www.youtube.com\/@vosgesinfo\"]},{\"@type\":\"Person\",\"@id\":\"https:\/\/vosgesinfo.fr\/saintdieinfo\/#\/schema\/person\/faee6704a21f3977511db84bd1cd450f\",\"name\":\"la r\u00e9daction\",\"image\":{\"@type\":\"ImageObject\",\"inLanguage\":\"fr-FR\",\"@id\":\"https:\/\/vosgesinfo.fr\/saintdieinfo\/#\/schema\/person\/image\/\",\"url\":\"https:\/\/secure.gravatar.com\/avatar\/6673d8bc6a9c17fa9a453eaa3448de834fa308c2ec9635b7aa99441a7c8d2cf6?s=96&d=mm&r=g\",\"contentUrl\":\"https:\/\/secure.gravatar.com\/avatar\/6673d8bc6a9c17fa9a453eaa3448de834fa308c2ec9635b7aa99441a7c8d2cf6?s=96&d=mm&r=g\",\"caption\":\"la r\u00e9daction\"},\"url\":\"https:\/\/vosgesinfo.fr\/saintdieinfo\/author\/redac\/\"}]}<\/script>\n<!-- \/ Yoast SEO plugin. -->","yoast_head_json":{"title":"Vosges \u2013 Une rentr\u00e9e au sein de l\u2019Arm\u00e9e de Terre - Saint Die Info","robots":{"index":"index","follow":"follow","max-snippet":"max-snippet:-1","max-image-preview":"max-image-preview:large","max-video-preview":"max-video-preview:-1"},"canonical":"https:\/\/vosgesinfo.fr\/saintdieinfo\/2019\/09\/vosges-rentree-sein-de-larmee-de-terre\/","twitter_card":"summary_large_image","twitter_title":"Vosges \u2013 Une rentr\u00e9e au sein de l\u2019Arm\u00e9e de Terre - Saint Die Info","twitter_description":"Alors que la plupart des jeunes Vosgiens ont fait leur rentr\u00e9e des classes hier et aujourd\u2019hui, d\u2019autres ont fait le [&hellip;]","twitter_image":"https:\/\/vosgesinfo.fr\/app\/uploads\/sites\/4\/2024\/08\/201909thumbnail-photo-article-septembre-1.jpg","twitter_creator":"@VosgesInfo88","twitter_site":"@VosgesInfo88","twitter_misc":{"\u00c9crit par":"la r\u00e9daction","Dur\u00e9e de lecture estim\u00e9e":"1 minute"},"schema":{"@context":"https:\/\/schema.org","@graph":[{"@type":"Article","@id":"https:\/\/vosgesinfo.fr\/saintdieinfo\/2019\/09\/vosges-rentree-sein-de-larmee-de-terre\/#article","isPartOf":{"@id":"https:\/\/vosgesinfo.fr\/saintdieinfo\/2019\/09\/vosges-rentree-sein-de-larmee-de-terre\/"},"author":{"name":"la r\u00e9daction","@id":"https:\/\/vosgesinfo.fr\/saintdieinfo\/#\/schema\/person\/faee6704a21f3977511db84bd1cd450f"},"headline":"Vosges \u2013 Une rentr\u00e9e au sein de l\u2019Arm\u00e9e de Terre","datePublished":"2019-09-04T02:30:40+00:00","dateModified":"2019-09-04T02:30:40+00:00","mainEntityOfPage":{"@id":"https:\/\/vosgesinfo.fr\/saintdieinfo\/2019\/09\/vosges-rentree-sein-de-larmee-de-terre\/"},"wordCount":222,"commentCount":0,"publisher":{"@id":"https:\/\/vosgesinfo.fr\/saintdieinfo\/#organization"},"image":{"@id":"https:\/\/vosgesinfo.fr\/saintdieinfo\/2019\/09\/vosges-rentree-sein-de-larmee-de-terre\/#primaryimage"},"thumbnailUrl":"https:\/\/vosgesinfo.fr\/app\/uploads\/sites\/4\/2024\/08\/201909thumbnail-photo-article-septembre-1.jpg","keywords":["Arm\u00e9e de Terre","CIRFA d'Epinal","Epinal"],"articleSection":["A la Une","Vosges"],"inLanguage":"fr-FR","potentialAction":[{"@type":"CommentAction","name":"Comment","target":["https:\/\/vosgesinfo.fr\/saintdieinfo\/2019\/09\/vosges-rentree-sein-de-larmee-de-terre\/#respond"]}]},{"@type":"WebPage","@id":"https:\/\/vosgesinfo.fr\/saintdieinfo\/2019\/09\/vosges-rentree-sein-de-larmee-de-terre\/","url":"https:\/\/vosgesinfo.fr\/saintdieinfo\/2019\/09\/vosges-rentree-sein-de-larmee-de-terre\/","name":"Vosges \u2013 Une rentr\u00e9e au sein de l\u2019Arm\u00e9e de Terre - Saint Die Info","isPartOf":{"@id":"https:\/\/vosgesinfo.fr\/saintdieinfo\/#website"},"primaryImageOfPage":{"@id":"https:\/\/vosgesinfo.fr\/saintdieinfo\/2019\/09\/vosges-rentree-sein-de-larmee-de-terre\/#primaryimage"},"image":{"@id":"https:\/\/vosgesinfo.fr\/saintdieinfo\/2019\/09\/vosges-rentree-sein-de-larmee-de-terre\/#primaryimage"},"thumbnailUrl":"https:\/\/vosgesinfo.fr\/app\/uploads\/sites\/4\/2024\/08\/201909thumbnail-photo-article-septembre-1.jpg","datePublished":"2019-09-04T02:30:40+00:00","dateModified":"2019-09-04T02:30:40+00:00","breadcrumb":{"@id":"https:\/\/vosgesinfo.fr\/saintdieinfo\/2019\/09\/vosges-rentree-sein-de-larmee-de-terre\/#breadcrumb"},"inLanguage":"fr-FR","potentialAction":[{"@type":"ReadAction","target":["https:\/\/vosgesinfo.fr\/saintdieinfo\/2019\/09\/vosges-rentree-sein-de-larmee-de-terre\/"]}]},{"@type":"ImageObject","inLanguage":"fr-FR","@id":"https:\/\/vosgesinfo.fr\/saintdieinfo\/2019\/09\/vosges-rentree-sein-de-larmee-de-terre\/#primaryimage","url":"https:\/\/vosgesinfo.fr\/app\/uploads\/sites\/4\/2024\/08\/201909thumbnail-photo-article-septembre-1.jpg","contentUrl":"https:\/\/vosgesinfo.fr\/app\/uploads\/sites\/4\/2024\/08\/201909thumbnail-photo-article-septembre-1.jpg","width":1280,"height":960},{"@type":"BreadcrumbList","@id":"https:\/\/vosgesinfo.fr\/saintdieinfo\/2019\/09\/vosges-rentree-sein-de-larmee-de-terre\/#breadcrumb","itemListElement":[{"@type":"ListItem","position":1,"name":"Home","item":"https:\/\/vosgesinfo.fr\/saintdieinfo\/"},{"@type":"ListItem","position":2,"name":"Vosges \u2013 Une rentr\u00e9e au sein de l\u2019Arm\u00e9e de Terre"}]},{"@type":"WebSite","@id":"https:\/\/vosgesinfo.fr\/saintdieinfo\/#website","url":"https:\/\/vosgesinfo.fr\/saintdieinfo\/","name":"Saint Die Info","description":"Toute l&#039;actualit\u00e9 de Saint-Di\u00e9-Des-Vosges","publisher":{"@id":"https:\/\/vosgesinfo.fr\/saintdieinfo\/#organization"},"alternateName":"Toute l'actualit\u00e9 de Saint-Di\u00e9-Des-Vosges","potentialAction":[{"@type":"SearchAction","target":{"@type":"EntryPoint","urlTemplate":"https:\/\/vosgesinfo.fr\/saintdieinfo\/?s={search_term_string}"},"query-input":"required name=search_term_string"}],"inLanguage":"fr-FR"},{"@type":"Organization","@id":"https:\/\/vosgesinfo.fr\/saintdieinfo\/#organization","name":"Saint Die Info","url":"https:\/\/vosgesinfo.fr\/saintdieinfo\/","logo":{"@type":"ImageObject","inLanguage":"fr-FR","@id":"https:\/\/vosgesinfo.fr\/saintdieinfo\/#\/schema\/logo\/image\/","url":"https:\/\/vosgesinfo.fr\/app\/uploads\/sites\/4\/2024\/02\/logo-sdi.jpg","contentUrl":"https:\/\/vosgesinfo.fr\/app\/uploads\/sites\/4\/2024\/02\/logo-sdi.jpg","width":600,"height":600,"caption":"Saint Die Info"},"image":{"@id":"https:\/\/vosgesinfo.fr\/saintdieinfo\/#\/schema\/logo\/image\/"},"sameAs":["https:\/\/www.facebook.com\/Saintdieinfofr","https:\/\/x.com\/VosgesInfo88","https:\/\/www.youtube.com\/@vosgesinfo"]},{"@type":"Person","@id":"https:\/\/vosgesinfo.fr\/saintdieinfo\/#\/schema\/person\/faee6704a21f3977511db84bd1cd450f","name":"la r\u00e9daction","image":{"@type":"ImageObject","inLanguage":"fr-FR","@id":"https:\/\/vosgesinfo.fr\/saintdieinfo\/#\/schema\/person\/image\/","url":"https:\/\/secure.gravatar.com\/avatar\/6673d8bc6a9c17fa9a453eaa3448de834fa308c2ec9635b7aa99441a7c8d2cf6?s=96&d=mm&r=g","contentUrl":"https:\/\/secure.gravatar.com\/avatar\/6673d8bc6a9c17fa9a453eaa3448de834fa308c2ec9635b7aa99441a7c8d2cf6?s=96&d=mm&r=g","caption":"la r\u00e9daction"},"url":"https:\/\/vosgesinfo.fr\/saintdieinfo\/author\/redac\/"}]}},"_links":{"self":[{"href":"https:\/\/vosgesinfo.fr\/saintdieinfo\/wp-json\/wp\/v2\/posts\/37839","targetHints":{"allow":["GET"]}}],"collection":[{"href":"https:\/\/vosgesinfo.fr\/saintdieinfo\/wp-json\/wp\/v2\/posts"}],"about":[{"href":"https:\/\/vosgesinfo.fr\/saintdieinfo\/wp-json\/wp\/v2\/types\/post"}],"author":[{"embeddable":true,"href":"https:\/\/vosgesinfo.fr\/saintdieinfo\/wp-json\/wp\/v2\/users\/44"}],"replies":[{"embeddable":true,"href":"https:\/\/vosgesinfo.fr\/saintdieinfo\/wp-json\/wp\/v2\/comments?post=37839"}],"version-history":[{"count":0,"href":"https:\/\/vosgesinfo.fr\/saintdieinfo\/wp-json\/wp\/v2\/posts\/37839\/revisions"}],"wp:featuredmedia":[{"embeddable":true,"href":"https:\/\/vosgesinfo.fr\/saintdieinfo\/wp-json\/wp\/v2\/media\/37840"}],"wp:attachment":[{"href":"https:\/\/vosgesinfo.fr\/saintdieinfo\/wp-json\/wp\/v2\/media?parent=37839"}],"wp:term":[{"taxonomy":"category","embeddable":true,"href":"https:\/\/vosgesinfo.fr\/saintdieinfo\/wp-json\/wp\/v2\/categories?post=37839"},{"taxonomy":"post_tag","embeddable":true,"href":"https:\/\/vosgesinfo.fr\/saintdieinfo\/wp-json\/wp\/v2\/tags?post=37839"}],"curies":[{"name":"wp","href":"https:\/\/api.w.org\/{rel}","templated":true}]}}