{"id":37841,"date":"2019-09-04T05:00:13","date_gmt":"2019-09-04T03:00:13","guid":{"rendered":"https:\/\/vosgesinfo.fr\/saintdieinfo\/2019\/09\/encore-un-tournage-dans-les-vosges\/"},"modified":"2019-09-04T05:00:13","modified_gmt":"2019-09-04T03:00:13","slug":"encore-un-tournage-dans-les-vosges","status":"publish","type":"post","link":"https:\/\/vosgesinfo.fr\/saintdieinfo\/2019\/09\/encore-un-tournage-dans-les-vosges\/","title":{"rendered":"Encore un tournage dans les Vosges !"},"content":{"rendered":"<div id=\"attachment_143952\" style=\"width: 970px\" class=\"wp-caption aligncenter\"><a href=\"\/2019\/09\/web_2271.jpg\" target=\"_blank\" rel=\"noopener\"><img decoding=\"async\" aria-describedby=\"caption-attachment-143952\" class=\"wp-image-143952 size-large\" src=\"\/2019\/09\/web_2271-1024x576.jpg\" alt=\"web_2271\" width=\"960\" height=\"540\" \/><\/a><p id=\"caption-attachment-143952\" class=\"wp-caption-text\">(Cr\u00e9dit photographique Conseil D\u00e9partemental des Vosges)<\/p><\/div>\n<h2><span style=\"font-size: 14pt;\"><strong>Depuis le d\u00e9but de l\u2019ann\u00e9e 2019,\u00a0plusieurs tournages ont eu lieu dans les Vosges, gr\u00e2ce notamment \u00e0 la politique de soutien \u00e0 la cr\u00e9ation cin\u00e9matographique du Conseil d\u00e9partemental : \u00ab\u00a0Vosges, terre de tournages\u00a0\u00bb.<\/strong><\/span><\/h2>\n<p><!--more--><\/p>\n<p>Cette semaine c\u2019est le r\u00e9alisateur Florent Gou\u00eblou, laur\u00e9at du festival international du court m\u00e9trage de Clermont-Ferrand pour \u00ab\u00a0Un homme mon fils\u00a0\u00bb qui a pass\u00e9 la semaine avec une \u00e9quipe d\u2019une trentaine de personnes pour tourner sur son prochain projet\u00a0: \u00ab\u00a0Beauty boys\u00a0\u00bb \u00e0 Bains les Bains.<\/p>\n<p><u><strong>Interview Florent Gou\u00eblou\u00a0<\/strong>:<\/u><\/p>\n<h3><strong>Vous avez d\u00e9marr\u00e9 votre parcours par le jeu d\u2019acteur, puis vous avez bifurqu\u00e9 vers la r\u00e9alisation\u00a0: est-ce un choix, une r\u00e9v\u00e9lation, une opportunit\u00e9\u00a0?<\/strong><\/h3>\n<p>C\u2019est plut\u00f4t une r\u00e9v\u00e9lation car la passion du cin\u00e9ma a nourri mon jeu d\u2019acteur. Apr\u00e8s le th\u00e9\u00e2tre, je me suis aper\u00e7u que j\u2019avais surtout le go\u00fbt de filmer les com\u00e9diens. Cela fait partie d\u2019un cheminement\u00a0; j\u2019aime travailler avec les com\u00e9diens parce que j\u2019aime les filmer\u00a0; mon int\u00e9r\u00eat pour le cin\u00e9ma ce sont les personnages que je mets au centre de mes sc\u00e9narii.<\/p>\n<h3><strong>Votre premier court-m\u00e9trage \u00ab\u00a0Un homme mon fils\u00a0\u00bb, qui vous a valu le prix d\u2019interpr\u00e9tation masculine, mettait d\u00e9j\u00e0 en sc\u00e8ne un univers masculin qu\u2019on semble retrouver dans \u00ab\u00a0Beauty boys\u00a0\u00bb\u00a0: vous avez un message \u00e0 faire passer\u00a0?<\/strong><\/h3>\n<p>Ce qui m\u2019interroge depuis quelques temps ce sont les repr\u00e9sentations du masculin, la mani\u00e8re dont on entre dans une norme ou pas, comment concevoir une nouvelle fa\u00e7on d\u2019\u00eatre un homme. Ce qui me tient \u00e0 c\u0153ur c\u2019est l\u2019id\u00e9e qu\u2019on peut s\u2019inventer, se r\u00e9inventer. On peut \u00eatre un gar\u00e7on viril et une Drag-queen, il n\u2019y a pas d\u2019identit\u00e9 fig\u00e9e.\u00a0 J\u2019essaie d\u2019ouvrir des horizons et faire passer le message que nous sommes pluriels\u00a0!<\/p>\n<p>L\u2019id\u00e9e est de ne diaboliser personne, mais de mettre en avant le choc des cultures<\/p>\n<h3><strong>Quel est le point de d\u00e9part de \u00ab\u00a0Beauty boys\u00a0\u00bb\u00a0?<\/strong><\/h3>\n<p>Mon 1<sup>er<\/sup> film \u00e9voquait un p\u00e8re de 70 ans qui avait des r\u00e9f\u00e9rences \u00ab\u00a0Marlon Brando\u00a0\u00bb, vivant avec son fils plus sensible aux stars de la pop f\u00e9minine \u2026<\/p>\n<p>Un soir, j\u2019ai rencontr\u00e9 deux jeunes gar\u00e7ons qui venaient d\u2019un petit village de Bretagne et qui m\u2019ont racont\u00e9 leur parcours et leur v\u00e9cu en tant que Drag-Queen, dans ce contexte de vie, o\u00f9 internet est leur seule fen\u00eatre sur ce monde-l\u00e0, et cette culture-l\u00e0, un acc\u00e8s \u00e0 d\u2019autres mod\u00e8les \u2026<\/p>\n<p>Sur \u00ab\u00a0Beauty boys\u00a0\u00bb on a de jeunes gar\u00e7ons fascin\u00e9s par la beaut\u00e9, le maquillage sur Instagram. Le h\u00e9ros cohabite avec son fr\u00e8re qui se reconnait plut\u00f4t dans les codes du rap. Le message, c\u2019est qu\u2019il n\u2019y a pas de guerre de territoire dans cette fratrie\u00a0; ils partageront des moments, une complicit\u00e9, malgr\u00e9 leurs diff\u00e9rences.<\/p>\n<h3><strong>Qu\u2019est-ce qui nourrit votre imaginaire pour nous raconter une histoire\u00a0?<\/strong><\/h3>\n<p>Je suis tr\u00e8s attach\u00e9 \u00e0 avoir des personnages passionn\u00e9s\u00a0; par ailleurs, je suis l\u2019univers des Drag-Queens depuis 3 ans, et je me suis pench\u00e9 sur les pratiques artistiques de cet univers.<\/p>\n<h3><strong>Qu\u2019est-ce qui vous a motiv\u00e9 \u00e0 venir tourner dans les Vosges\u00a0?<\/strong><\/h3>\n<p>A l\u2019\u00e9criture du sc\u00e9nario, je me suis rendu compte que le choc des cultures que j\u2019\u00e9voque serait plus fort si je pla\u00e7ais les personnages dans un village, et le jeu des rep\u00e9rages de d\u00e9cors nous a amen\u00e9\u00a0 dans les Vosges. Les financements d\u00e9partementaux nous ont permis de nous poser \u00e0 Bains-les-Bains, o\u00f9 nous avons \u00e9t\u00e9 tr\u00e8s bien accueillis\u00a0; c\u2019est une ville tr\u00e8s graphique et visuelle, et tous ces \u00e9l\u00e9ments nous ont amen\u00e9 \u00e0 travailler dans un grand confort de tournage.<\/p>\n<h3><strong>Une anecdote \u00e0 raconter\u00a0?<\/strong><\/h3>\n<p>Pour le casting, il fallait trouver un acteur qui sache faire du \u00ab\u00a0Drag\u00a0\u00bb ou une Drag-Queen qui sache jouer, j\u2019ai donc choisi un com\u00e9dien qui lors de la premi\u00e8re mise en situation s\u2019est m\u00e9tamorphos\u00e9 en \u00a0\u00ab\u00a0Drag\u00a0\u00bb, et nous avons vu apparaitre cette nouvelle personne, devenue en quelque sorte son alter-\u00e9go: la Drag-Queen de l\u2019acteur.<\/p>\n","protected":false},"excerpt":{"rendered":"<p>Depuis le d\u00e9but de l\u2019ann\u00e9e 2019,\u00a0plusieurs tournages ont eu lieu dans les Vosges, gr\u00e2ce notamment \u00e0 la politique de soutien [&hellip;]<\/p>\n","protected":false},"author":44,"featured_media":37842,"comment_status":"open","ping_status":"open","sticky":false,"template":"","format":"standard","meta":{"footnotes":""},"categories":[460,18],"tags":[529,7316,43],"class_list":["post-37841","post","type-post","status-publish","format-standard","has-post-thumbnail","hentry","category-a-la-une","category-vosges","tag-conseil-departemental-des-vosges","tag-terre-de-tournages","tag-vosges"],"acf":[],"yoast_head":"<!-- This site is optimized with the Yoast SEO plugin v22.5 - https:\/\/yoast.com\/wordpress\/plugins\/seo\/ -->\n<title>Encore un tournage dans les Vosges ! - Saint Die Info<\/title>\n<meta name=\"robots\" content=\"index, follow, max-snippet:-1, max-image-preview:large, max-video-preview:-1\" \/>\n<link rel=\"canonical\" href=\"https:\/\/vosgesinfo.fr\/saintdieinfo\/2019\/09\/encore-un-tournage-dans-les-vosges\/\" \/>\n<meta name=\"twitter:card\" content=\"summary_large_image\" \/>\n<meta name=\"twitter:title\" content=\"Encore un tournage dans les Vosges ! - Saint Die Info\" \/>\n<meta name=\"twitter:description\" content=\"Depuis le d\u00e9but de l\u2019ann\u00e9e 2019,\u00a0plusieurs tournages ont eu lieu dans les Vosges, gr\u00e2ce notamment \u00e0 la politique de soutien [&hellip;]\" \/>\n<meta name=\"twitter:image\" content=\"https:\/\/vosgesinfo.fr\/app\/uploads\/sites\/4\/2024\/08\/201909web-2271.jpg\" \/>\n<meta name=\"twitter:creator\" content=\"@VosgesInfo88\" \/>\n<meta name=\"twitter:site\" content=\"@VosgesInfo88\" \/>\n<meta name=\"twitter:label1\" content=\"\u00c9crit par\" \/>\n\t<meta name=\"twitter:data1\" content=\"la r\u00e9daction\" \/>\n\t<meta name=\"twitter:label2\" content=\"Dur\u00e9e de lecture estim\u00e9e\" \/>\n\t<meta name=\"twitter:data2\" content=\"4 minutes\" \/>\n<script type=\"application\/ld+json\" class=\"yoast-schema-graph\">{\"@context\":\"https:\/\/schema.org\",\"@graph\":[{\"@type\":\"Article\",\"@id\":\"https:\/\/vosgesinfo.fr\/saintdieinfo\/2019\/09\/encore-un-tournage-dans-les-vosges\/#article\",\"isPartOf\":{\"@id\":\"https:\/\/vosgesinfo.fr\/saintdieinfo\/2019\/09\/encore-un-tournage-dans-les-vosges\/\"},\"author\":{\"name\":\"la r\u00e9daction\",\"@id\":\"https:\/\/vosgesinfo.fr\/saintdieinfo\/#\/schema\/person\/faee6704a21f3977511db84bd1cd450f\"},\"headline\":\"Encore un tournage dans les Vosges !\",\"datePublished\":\"2019-09-04T03:00:13+00:00\",\"dateModified\":\"2019-09-04T03:00:13+00:00\",\"mainEntityOfPage\":{\"@id\":\"https:\/\/vosgesinfo.fr\/saintdieinfo\/2019\/09\/encore-un-tournage-dans-les-vosges\/\"},\"wordCount\":733,\"commentCount\":0,\"publisher\":{\"@id\":\"https:\/\/vosgesinfo.fr\/saintdieinfo\/#organization\"},\"image\":{\"@id\":\"https:\/\/vosgesinfo.fr\/saintdieinfo\/2019\/09\/encore-un-tournage-dans-les-vosges\/#primaryimage\"},\"thumbnailUrl\":\"https:\/\/vosgesinfo.fr\/app\/uploads\/sites\/4\/2024\/08\/201909web-2271.jpg\",\"keywords\":[\"Conseil d\u00e9partemental des Vosges\",\"terre de tournages\",\"vosges\"],\"articleSection\":[\"A la Une\",\"Vosges\"],\"inLanguage\":\"fr-FR\",\"potentialAction\":[{\"@type\":\"CommentAction\",\"name\":\"Comment\",\"target\":[\"https:\/\/vosgesinfo.fr\/saintdieinfo\/2019\/09\/encore-un-tournage-dans-les-vosges\/#respond\"]}]},{\"@type\":\"WebPage\",\"@id\":\"https:\/\/vosgesinfo.fr\/saintdieinfo\/2019\/09\/encore-un-tournage-dans-les-vosges\/\",\"url\":\"https:\/\/vosgesinfo.fr\/saintdieinfo\/2019\/09\/encore-un-tournage-dans-les-vosges\/\",\"name\":\"Encore un tournage dans les Vosges ! - Saint Die Info\",\"isPartOf\":{\"@id\":\"https:\/\/vosgesinfo.fr\/saintdieinfo\/#website\"},\"primaryImageOfPage\":{\"@id\":\"https:\/\/vosgesinfo.fr\/saintdieinfo\/2019\/09\/encore-un-tournage-dans-les-vosges\/#primaryimage\"},\"image\":{\"@id\":\"https:\/\/vosgesinfo.fr\/saintdieinfo\/2019\/09\/encore-un-tournage-dans-les-vosges\/#primaryimage\"},\"thumbnailUrl\":\"https:\/\/vosgesinfo.fr\/app\/uploads\/sites\/4\/2024\/08\/201909web-2271.jpg\",\"datePublished\":\"2019-09-04T03:00:13+00:00\",\"dateModified\":\"2019-09-04T03:00:13+00:00\",\"breadcrumb\":{\"@id\":\"https:\/\/vosgesinfo.fr\/saintdieinfo\/2019\/09\/encore-un-tournage-dans-les-vosges\/#breadcrumb\"},\"inLanguage\":\"fr-FR\",\"potentialAction\":[{\"@type\":\"ReadAction\",\"target\":[\"https:\/\/vosgesinfo.fr\/saintdieinfo\/2019\/09\/encore-un-tournage-dans-les-vosges\/\"]}]},{\"@type\":\"ImageObject\",\"inLanguage\":\"fr-FR\",\"@id\":\"https:\/\/vosgesinfo.fr\/saintdieinfo\/2019\/09\/encore-un-tournage-dans-les-vosges\/#primaryimage\",\"url\":\"https:\/\/vosgesinfo.fr\/app\/uploads\/sites\/4\/2024\/08\/201909web-2271.jpg\",\"contentUrl\":\"https:\/\/vosgesinfo.fr\/app\/uploads\/sites\/4\/2024\/08\/201909web-2271.jpg\",\"width\":1600,\"height\":900},{\"@type\":\"BreadcrumbList\",\"@id\":\"https:\/\/vosgesinfo.fr\/saintdieinfo\/2019\/09\/encore-un-tournage-dans-les-vosges\/#breadcrumb\",\"itemListElement\":[{\"@type\":\"ListItem\",\"position\":1,\"name\":\"Home\",\"item\":\"https:\/\/vosgesinfo.fr\/saintdieinfo\/\"},{\"@type\":\"ListItem\",\"position\":2,\"name\":\"Encore un tournage dans les Vosges !\"}]},{\"@type\":\"WebSite\",\"@id\":\"https:\/\/vosgesinfo.fr\/saintdieinfo\/#website\",\"url\":\"https:\/\/vosgesinfo.fr\/saintdieinfo\/\",\"name\":\"Saint Die Info\",\"description\":\"Toute l&#039;actualit\u00e9 de Saint-Di\u00e9-Des-Vosges\",\"publisher\":{\"@id\":\"https:\/\/vosgesinfo.fr\/saintdieinfo\/#organization\"},\"alternateName\":\"Toute l'actualit\u00e9 de Saint-Di\u00e9-Des-Vosges\",\"potentialAction\":[{\"@type\":\"SearchAction\",\"target\":{\"@type\":\"EntryPoint\",\"urlTemplate\":\"https:\/\/vosgesinfo.fr\/saintdieinfo\/?s={search_term_string}\"},\"query-input\":\"required name=search_term_string\"}],\"inLanguage\":\"fr-FR\"},{\"@type\":\"Organization\",\"@id\":\"https:\/\/vosgesinfo.fr\/saintdieinfo\/#organization\",\"name\":\"Saint Die Info\",\"url\":\"https:\/\/vosgesinfo.fr\/saintdieinfo\/\",\"logo\":{\"@type\":\"ImageObject\",\"inLanguage\":\"fr-FR\",\"@id\":\"https:\/\/vosgesinfo.fr\/saintdieinfo\/#\/schema\/logo\/image\/\",\"url\":\"https:\/\/vosgesinfo.fr\/app\/uploads\/sites\/4\/2024\/02\/logo-sdi.jpg\",\"contentUrl\":\"https:\/\/vosgesinfo.fr\/app\/uploads\/sites\/4\/2024\/02\/logo-sdi.jpg\",\"width\":600,\"height\":600,\"caption\":\"Saint Die Info\"},\"image\":{\"@id\":\"https:\/\/vosgesinfo.fr\/saintdieinfo\/#\/schema\/logo\/image\/\"},\"sameAs\":[\"https:\/\/www.facebook.com\/Saintdieinfofr\",\"https:\/\/x.com\/VosgesInfo88\",\"https:\/\/www.youtube.com\/@vosgesinfo\"]},{\"@type\":\"Person\",\"@id\":\"https:\/\/vosgesinfo.fr\/saintdieinfo\/#\/schema\/person\/faee6704a21f3977511db84bd1cd450f\",\"name\":\"la r\u00e9daction\",\"image\":{\"@type\":\"ImageObject\",\"inLanguage\":\"fr-FR\",\"@id\":\"https:\/\/vosgesinfo.fr\/saintdieinfo\/#\/schema\/person\/image\/\",\"url\":\"https:\/\/secure.gravatar.com\/avatar\/6673d8bc6a9c17fa9a453eaa3448de834fa308c2ec9635b7aa99441a7c8d2cf6?s=96&d=mm&r=g\",\"contentUrl\":\"https:\/\/secure.gravatar.com\/avatar\/6673d8bc6a9c17fa9a453eaa3448de834fa308c2ec9635b7aa99441a7c8d2cf6?s=96&d=mm&r=g\",\"caption\":\"la r\u00e9daction\"},\"url\":\"https:\/\/vosgesinfo.fr\/saintdieinfo\/author\/redac\/\"}]}<\/script>\n<!-- \/ Yoast SEO plugin. -->","yoast_head_json":{"title":"Encore un tournage dans les Vosges ! - Saint Die Info","robots":{"index":"index","follow":"follow","max-snippet":"max-snippet:-1","max-image-preview":"max-image-preview:large","max-video-preview":"max-video-preview:-1"},"canonical":"https:\/\/vosgesinfo.fr\/saintdieinfo\/2019\/09\/encore-un-tournage-dans-les-vosges\/","twitter_card":"summary_large_image","twitter_title":"Encore un tournage dans les Vosges ! - Saint Die Info","twitter_description":"Depuis le d\u00e9but de l\u2019ann\u00e9e 2019,\u00a0plusieurs tournages ont eu lieu dans les Vosges, gr\u00e2ce notamment \u00e0 la politique de soutien [&hellip;]","twitter_image":"https:\/\/vosgesinfo.fr\/app\/uploads\/sites\/4\/2024\/08\/201909web-2271.jpg","twitter_creator":"@VosgesInfo88","twitter_site":"@VosgesInfo88","twitter_misc":{"\u00c9crit par":"la r\u00e9daction","Dur\u00e9e de lecture estim\u00e9e":"4 minutes"},"schema":{"@context":"https:\/\/schema.org","@graph":[{"@type":"Article","@id":"https:\/\/vosgesinfo.fr\/saintdieinfo\/2019\/09\/encore-un-tournage-dans-les-vosges\/#article","isPartOf":{"@id":"https:\/\/vosgesinfo.fr\/saintdieinfo\/2019\/09\/encore-un-tournage-dans-les-vosges\/"},"author":{"name":"la r\u00e9daction","@id":"https:\/\/vosgesinfo.fr\/saintdieinfo\/#\/schema\/person\/faee6704a21f3977511db84bd1cd450f"},"headline":"Encore un tournage dans les Vosges !","datePublished":"2019-09-04T03:00:13+00:00","dateModified":"2019-09-04T03:00:13+00:00","mainEntityOfPage":{"@id":"https:\/\/vosgesinfo.fr\/saintdieinfo\/2019\/09\/encore-un-tournage-dans-les-vosges\/"},"wordCount":733,"commentCount":0,"publisher":{"@id":"https:\/\/vosgesinfo.fr\/saintdieinfo\/#organization"},"image":{"@id":"https:\/\/vosgesinfo.fr\/saintdieinfo\/2019\/09\/encore-un-tournage-dans-les-vosges\/#primaryimage"},"thumbnailUrl":"https:\/\/vosgesinfo.fr\/app\/uploads\/sites\/4\/2024\/08\/201909web-2271.jpg","keywords":["Conseil d\u00e9partemental des Vosges","terre de tournages","vosges"],"articleSection":["A la Une","Vosges"],"inLanguage":"fr-FR","potentialAction":[{"@type":"CommentAction","name":"Comment","target":["https:\/\/vosgesinfo.fr\/saintdieinfo\/2019\/09\/encore-un-tournage-dans-les-vosges\/#respond"]}]},{"@type":"WebPage","@id":"https:\/\/vosgesinfo.fr\/saintdieinfo\/2019\/09\/encore-un-tournage-dans-les-vosges\/","url":"https:\/\/vosgesinfo.fr\/saintdieinfo\/2019\/09\/encore-un-tournage-dans-les-vosges\/","name":"Encore un tournage dans les Vosges ! - Saint Die Info","isPartOf":{"@id":"https:\/\/vosgesinfo.fr\/saintdieinfo\/#website"},"primaryImageOfPage":{"@id":"https:\/\/vosgesinfo.fr\/saintdieinfo\/2019\/09\/encore-un-tournage-dans-les-vosges\/#primaryimage"},"image":{"@id":"https:\/\/vosgesinfo.fr\/saintdieinfo\/2019\/09\/encore-un-tournage-dans-les-vosges\/#primaryimage"},"thumbnailUrl":"https:\/\/vosgesinfo.fr\/app\/uploads\/sites\/4\/2024\/08\/201909web-2271.jpg","datePublished":"2019-09-04T03:00:13+00:00","dateModified":"2019-09-04T03:00:13+00:00","breadcrumb":{"@id":"https:\/\/vosgesinfo.fr\/saintdieinfo\/2019\/09\/encore-un-tournage-dans-les-vosges\/#breadcrumb"},"inLanguage":"fr-FR","potentialAction":[{"@type":"ReadAction","target":["https:\/\/vosgesinfo.fr\/saintdieinfo\/2019\/09\/encore-un-tournage-dans-les-vosges\/"]}]},{"@type":"ImageObject","inLanguage":"fr-FR","@id":"https:\/\/vosgesinfo.fr\/saintdieinfo\/2019\/09\/encore-un-tournage-dans-les-vosges\/#primaryimage","url":"https:\/\/vosgesinfo.fr\/app\/uploads\/sites\/4\/2024\/08\/201909web-2271.jpg","contentUrl":"https:\/\/vosgesinfo.fr\/app\/uploads\/sites\/4\/2024\/08\/201909web-2271.jpg","width":1600,"height":900},{"@type":"BreadcrumbList","@id":"https:\/\/vosgesinfo.fr\/saintdieinfo\/2019\/09\/encore-un-tournage-dans-les-vosges\/#breadcrumb","itemListElement":[{"@type":"ListItem","position":1,"name":"Home","item":"https:\/\/vosgesinfo.fr\/saintdieinfo\/"},{"@type":"ListItem","position":2,"name":"Encore un tournage dans les Vosges !"}]},{"@type":"WebSite","@id":"https:\/\/vosgesinfo.fr\/saintdieinfo\/#website","url":"https:\/\/vosgesinfo.fr\/saintdieinfo\/","name":"Saint Die Info","description":"Toute l&#039;actualit\u00e9 de Saint-Di\u00e9-Des-Vosges","publisher":{"@id":"https:\/\/vosgesinfo.fr\/saintdieinfo\/#organization"},"alternateName":"Toute l'actualit\u00e9 de Saint-Di\u00e9-Des-Vosges","potentialAction":[{"@type":"SearchAction","target":{"@type":"EntryPoint","urlTemplate":"https:\/\/vosgesinfo.fr\/saintdieinfo\/?s={search_term_string}"},"query-input":"required name=search_term_string"}],"inLanguage":"fr-FR"},{"@type":"Organization","@id":"https:\/\/vosgesinfo.fr\/saintdieinfo\/#organization","name":"Saint Die Info","url":"https:\/\/vosgesinfo.fr\/saintdieinfo\/","logo":{"@type":"ImageObject","inLanguage":"fr-FR","@id":"https:\/\/vosgesinfo.fr\/saintdieinfo\/#\/schema\/logo\/image\/","url":"https:\/\/vosgesinfo.fr\/app\/uploads\/sites\/4\/2024\/02\/logo-sdi.jpg","contentUrl":"https:\/\/vosgesinfo.fr\/app\/uploads\/sites\/4\/2024\/02\/logo-sdi.jpg","width":600,"height":600,"caption":"Saint Die Info"},"image":{"@id":"https:\/\/vosgesinfo.fr\/saintdieinfo\/#\/schema\/logo\/image\/"},"sameAs":["https:\/\/www.facebook.com\/Saintdieinfofr","https:\/\/x.com\/VosgesInfo88","https:\/\/www.youtube.com\/@vosgesinfo"]},{"@type":"Person","@id":"https:\/\/vosgesinfo.fr\/saintdieinfo\/#\/schema\/person\/faee6704a21f3977511db84bd1cd450f","name":"la r\u00e9daction","image":{"@type":"ImageObject","inLanguage":"fr-FR","@id":"https:\/\/vosgesinfo.fr\/saintdieinfo\/#\/schema\/person\/image\/","url":"https:\/\/secure.gravatar.com\/avatar\/6673d8bc6a9c17fa9a453eaa3448de834fa308c2ec9635b7aa99441a7c8d2cf6?s=96&d=mm&r=g","contentUrl":"https:\/\/secure.gravatar.com\/avatar\/6673d8bc6a9c17fa9a453eaa3448de834fa308c2ec9635b7aa99441a7c8d2cf6?s=96&d=mm&r=g","caption":"la r\u00e9daction"},"url":"https:\/\/vosgesinfo.fr\/saintdieinfo\/author\/redac\/"}]}},"_links":{"self":[{"href":"https:\/\/vosgesinfo.fr\/saintdieinfo\/wp-json\/wp\/v2\/posts\/37841","targetHints":{"allow":["GET"]}}],"collection":[{"href":"https:\/\/vosgesinfo.fr\/saintdieinfo\/wp-json\/wp\/v2\/posts"}],"about":[{"href":"https:\/\/vosgesinfo.fr\/saintdieinfo\/wp-json\/wp\/v2\/types\/post"}],"author":[{"embeddable":true,"href":"https:\/\/vosgesinfo.fr\/saintdieinfo\/wp-json\/wp\/v2\/users\/44"}],"replies":[{"embeddable":true,"href":"https:\/\/vosgesinfo.fr\/saintdieinfo\/wp-json\/wp\/v2\/comments?post=37841"}],"version-history":[{"count":0,"href":"https:\/\/vosgesinfo.fr\/saintdieinfo\/wp-json\/wp\/v2\/posts\/37841\/revisions"}],"wp:featuredmedia":[{"embeddable":true,"href":"https:\/\/vosgesinfo.fr\/saintdieinfo\/wp-json\/wp\/v2\/media\/37842"}],"wp:attachment":[{"href":"https:\/\/vosgesinfo.fr\/saintdieinfo\/wp-json\/wp\/v2\/media?parent=37841"}],"wp:term":[{"taxonomy":"category","embeddable":true,"href":"https:\/\/vosgesinfo.fr\/saintdieinfo\/wp-json\/wp\/v2\/categories?post=37841"},{"taxonomy":"post_tag","embeddable":true,"href":"https:\/\/vosgesinfo.fr\/saintdieinfo\/wp-json\/wp\/v2\/tags?post=37841"}],"curies":[{"name":"wp","href":"https:\/\/api.w.org\/{rel}","templated":true}]}}