{"id":37843,"date":"2019-09-04T05:30:34","date_gmt":"2019-09-04T03:30:34","guid":{"rendered":"https:\/\/vosgesinfo.fr\/saintdieinfo\/2019\/09\/vosges-trois-jeunes-arretes-apres-plusieurs-vols-degradations\/"},"modified":"2019-09-04T05:30:34","modified_gmt":"2019-09-04T03:30:34","slug":"vosges-trois-jeunes-arretes-apres-plusieurs-vols-degradations","status":"publish","type":"post","link":"https:\/\/vosgesinfo.fr\/saintdieinfo\/2019\/09\/vosges-trois-jeunes-arretes-apres-plusieurs-vols-degradations\/","title":{"rendered":"Vosges \u2013 Trois jeunes arr\u00eat\u00e9s apr\u00e8s plusieurs vols et d\u00e9gradations"},"content":{"rendered":"<p><img decoding=\"async\" class=\"aligncenter wp-image-80627 size-full\" src=\"\/2016\/04\/Gendarmerie_01.jpg\" alt=\"Gendarmerie_01\" width=\"616\" height=\"400\" \/><\/p>\n<h2><span style=\"font-size: 14pt;\"><strong>Dans la nuit du 28 au 29 ao\u00fbt, les gendarmes de Mirecourt, appuy\u00e9s par le Psig de Vittel, interpellent en flagrant d\u00e9lit l\u2019un des trois auteurs d\u2019une tentative d\u2019effraction sur le site d\u2019une entreprise.\u00a0Ses 2 comparses sont rapidement identifi\u00e9s et interpell\u00e9s le lendemain.<\/strong><\/span><\/h2>\n<p><!--more--><\/p>\n<div class=\"text_exposed_show\">\n<p>\u00c2g\u00e9s de 13 \u00e0 16 ans, les adolescents avaient perp\u00e9tr\u00e9 en quelques heures plus d\u2019une quinzaine de m\u00e9faits, vols et d\u00e9gradations. Ils devront prochainement r\u00e9pondre de leurs actes devant la justice. En attendant, retour pour eux sur les bancs de l\u2019\u00e9cole.<\/p>\n<\/div>\n","protected":false},"excerpt":{"rendered":"<p>Dans la nuit du 28 au 29 ao\u00fbt, les gendarmes de Mirecourt, appuy\u00e9s par le Psig de Vittel, interpellent en [&hellip;]<\/p>\n","protected":false},"author":44,"featured_media":22228,"comment_status":"open","ping_status":"open","sticky":false,"template":"","format":"standard","meta":{"footnotes":""},"categories":[460,2924,18],"tags":[1393,316,7317],"class_list":["post-37843","post","type-post","status-publish","format-standard","has-post-thumbnail","hentry","category-a-la-une","category-fait-divers","category-vosges","tag-gendarmerie-des-vosges","tag-mirecourt","tag-psig-de-vittel"],"acf":[],"yoast_head":"<!-- This site is optimized with the Yoast SEO plugin v22.5 - https:\/\/yoast.com\/wordpress\/plugins\/seo\/ -->\n<title>Vosges \u2013 Trois jeunes arr\u00eat\u00e9s apr\u00e8s plusieurs vols et d\u00e9gradations - Saint Die Info<\/title>\n<meta name=\"robots\" content=\"index, follow, max-snippet:-1, max-image-preview:large, max-video-preview:-1\" \/>\n<link rel=\"canonical\" href=\"https:\/\/vosgesinfo.fr\/saintdieinfo\/2019\/09\/vosges-trois-jeunes-arretes-apres-plusieurs-vols-degradations\/\" \/>\n<meta name=\"twitter:card\" content=\"summary_large_image\" \/>\n<meta name=\"twitter:title\" content=\"Vosges \u2013 Trois jeunes arr\u00eat\u00e9s apr\u00e8s plusieurs vols et d\u00e9gradations - Saint Die Info\" \/>\n<meta name=\"twitter:description\" content=\"Dans la nuit du 28 au 29 ao\u00fbt, les gendarmes de Mirecourt, appuy\u00e9s par le Psig de Vittel, interpellent en [&hellip;]\" \/>\n<meta name=\"twitter:image\" content=\"https:\/\/vosgesinfo.fr\/app\/uploads\/sites\/4\/2016\/04\/gendarmerie-01.jpg\" \/>\n<meta name=\"twitter:creator\" content=\"@VosgesInfo88\" \/>\n<meta name=\"twitter:site\" content=\"@VosgesInfo88\" \/>\n<meta name=\"twitter:label1\" content=\"\u00c9crit par\" \/>\n\t<meta name=\"twitter:data1\" content=\"la r\u00e9daction\" \/>\n<script type=\"application\/ld+json\" class=\"yoast-schema-graph\">{\"@context\":\"https:\/\/schema.org\",\"@graph\":[{\"@type\":\"Article\",\"@id\":\"https:\/\/vosgesinfo.fr\/saintdieinfo\/2019\/09\/vosges-trois-jeunes-arretes-apres-plusieurs-vols-degradations\/#article\",\"isPartOf\":{\"@id\":\"https:\/\/vosgesinfo.fr\/saintdieinfo\/2019\/09\/vosges-trois-jeunes-arretes-apres-plusieurs-vols-degradations\/\"},\"author\":{\"name\":\"la r\u00e9daction\",\"@id\":\"https:\/\/vosgesinfo.fr\/saintdieinfo\/#\/schema\/person\/faee6704a21f3977511db84bd1cd450f\"},\"headline\":\"Vosges \u2013 Trois jeunes arr\u00eat\u00e9s apr\u00e8s plusieurs vols et d\u00e9gradations\",\"datePublished\":\"2019-09-04T03:30:34+00:00\",\"dateModified\":\"2019-09-04T03:30:34+00:00\",\"mainEntityOfPage\":{\"@id\":\"https:\/\/vosgesinfo.fr\/saintdieinfo\/2019\/09\/vosges-trois-jeunes-arretes-apres-plusieurs-vols-degradations\/\"},\"wordCount\":108,\"commentCount\":0,\"publisher\":{\"@id\":\"https:\/\/vosgesinfo.fr\/saintdieinfo\/#organization\"},\"image\":{\"@id\":\"https:\/\/vosgesinfo.fr\/saintdieinfo\/2019\/09\/vosges-trois-jeunes-arretes-apres-plusieurs-vols-degradations\/#primaryimage\"},\"thumbnailUrl\":\"https:\/\/vosgesinfo.fr\/app\/uploads\/sites\/4\/2016\/04\/gendarmerie-01.jpg\",\"keywords\":[\"gendarmerie des Vosges\",\"mirecourt\",\"PSIG de Vittel\"],\"articleSection\":[\"A la Une\",\"Fait Divers\",\"Vosges\"],\"inLanguage\":\"fr-FR\",\"potentialAction\":[{\"@type\":\"CommentAction\",\"name\":\"Comment\",\"target\":[\"https:\/\/vosgesinfo.fr\/saintdieinfo\/2019\/09\/vosges-trois-jeunes-arretes-apres-plusieurs-vols-degradations\/#respond\"]}]},{\"@type\":\"WebPage\",\"@id\":\"https:\/\/vosgesinfo.fr\/saintdieinfo\/2019\/09\/vosges-trois-jeunes-arretes-apres-plusieurs-vols-degradations\/\",\"url\":\"https:\/\/vosgesinfo.fr\/saintdieinfo\/2019\/09\/vosges-trois-jeunes-arretes-apres-plusieurs-vols-degradations\/\",\"name\":\"Vosges \u2013 Trois jeunes arr\u00eat\u00e9s apr\u00e8s plusieurs vols et d\u00e9gradations - Saint Die Info\",\"isPartOf\":{\"@id\":\"https:\/\/vosgesinfo.fr\/saintdieinfo\/#website\"},\"primaryImageOfPage\":{\"@id\":\"https:\/\/vosgesinfo.fr\/saintdieinfo\/2019\/09\/vosges-trois-jeunes-arretes-apres-plusieurs-vols-degradations\/#primaryimage\"},\"image\":{\"@id\":\"https:\/\/vosgesinfo.fr\/saintdieinfo\/2019\/09\/vosges-trois-jeunes-arretes-apres-plusieurs-vols-degradations\/#primaryimage\"},\"thumbnailUrl\":\"https:\/\/vosgesinfo.fr\/app\/uploads\/sites\/4\/2016\/04\/gendarmerie-01.jpg\",\"datePublished\":\"2019-09-04T03:30:34+00:00\",\"dateModified\":\"2019-09-04T03:30:34+00:00\",\"breadcrumb\":{\"@id\":\"https:\/\/vosgesinfo.fr\/saintdieinfo\/2019\/09\/vosges-trois-jeunes-arretes-apres-plusieurs-vols-degradations\/#breadcrumb\"},\"inLanguage\":\"fr-FR\",\"potentialAction\":[{\"@type\":\"ReadAction\",\"target\":[\"https:\/\/vosgesinfo.fr\/saintdieinfo\/2019\/09\/vosges-trois-jeunes-arretes-apres-plusieurs-vols-degradations\/\"]}]},{\"@type\":\"ImageObject\",\"inLanguage\":\"fr-FR\",\"@id\":\"https:\/\/vosgesinfo.fr\/saintdieinfo\/2019\/09\/vosges-trois-jeunes-arretes-apres-plusieurs-vols-degradations\/#primaryimage\",\"url\":\"https:\/\/vosgesinfo.fr\/app\/uploads\/sites\/4\/2016\/04\/gendarmerie-01.jpg\",\"contentUrl\":\"https:\/\/vosgesinfo.fr\/app\/uploads\/sites\/4\/2016\/04\/gendarmerie-01.jpg\",\"width\":616,\"height\":400},{\"@type\":\"BreadcrumbList\",\"@id\":\"https:\/\/vosgesinfo.fr\/saintdieinfo\/2019\/09\/vosges-trois-jeunes-arretes-apres-plusieurs-vols-degradations\/#breadcrumb\",\"itemListElement\":[{\"@type\":\"ListItem\",\"position\":1,\"name\":\"Home\",\"item\":\"https:\/\/vosgesinfo.fr\/saintdieinfo\/\"},{\"@type\":\"ListItem\",\"position\":2,\"name\":\"Vosges \u2013 Trois jeunes arr\u00eat\u00e9s apr\u00e8s plusieurs vols et d\u00e9gradations\"}]},{\"@type\":\"WebSite\",\"@id\":\"https:\/\/vosgesinfo.fr\/saintdieinfo\/#website\",\"url\":\"https:\/\/vosgesinfo.fr\/saintdieinfo\/\",\"name\":\"Saint Die Info\",\"description\":\"Toute l&#039;actualit\u00e9 de Saint-Di\u00e9-Des-Vosges\",\"publisher\":{\"@id\":\"https:\/\/vosgesinfo.fr\/saintdieinfo\/#organization\"},\"alternateName\":\"Toute l'actualit\u00e9 de Saint-Di\u00e9-Des-Vosges\",\"potentialAction\":[{\"@type\":\"SearchAction\",\"target\":{\"@type\":\"EntryPoint\",\"urlTemplate\":\"https:\/\/vosgesinfo.fr\/saintdieinfo\/?s={search_term_string}\"},\"query-input\":\"required name=search_term_string\"}],\"inLanguage\":\"fr-FR\"},{\"@type\":\"Organization\",\"@id\":\"https:\/\/vosgesinfo.fr\/saintdieinfo\/#organization\",\"name\":\"Saint Die Info\",\"url\":\"https:\/\/vosgesinfo.fr\/saintdieinfo\/\",\"logo\":{\"@type\":\"ImageObject\",\"inLanguage\":\"fr-FR\",\"@id\":\"https:\/\/vosgesinfo.fr\/saintdieinfo\/#\/schema\/logo\/image\/\",\"url\":\"https:\/\/vosgesinfo.fr\/app\/uploads\/sites\/4\/2024\/02\/logo-sdi.jpg\",\"contentUrl\":\"https:\/\/vosgesinfo.fr\/app\/uploads\/sites\/4\/2024\/02\/logo-sdi.jpg\",\"width\":600,\"height\":600,\"caption\":\"Saint Die Info\"},\"image\":{\"@id\":\"https:\/\/vosgesinfo.fr\/saintdieinfo\/#\/schema\/logo\/image\/\"},\"sameAs\":[\"https:\/\/www.facebook.com\/Saintdieinfofr\",\"https:\/\/x.com\/VosgesInfo88\",\"https:\/\/www.youtube.com\/@vosgesinfo\"]},{\"@type\":\"Person\",\"@id\":\"https:\/\/vosgesinfo.fr\/saintdieinfo\/#\/schema\/person\/faee6704a21f3977511db84bd1cd450f\",\"name\":\"la r\u00e9daction\",\"image\":{\"@type\":\"ImageObject\",\"inLanguage\":\"fr-FR\",\"@id\":\"https:\/\/vosgesinfo.fr\/saintdieinfo\/#\/schema\/person\/image\/\",\"url\":\"https:\/\/secure.gravatar.com\/avatar\/6673d8bc6a9c17fa9a453eaa3448de834fa308c2ec9635b7aa99441a7c8d2cf6?s=96&d=mm&r=g\",\"contentUrl\":\"https:\/\/secure.gravatar.com\/avatar\/6673d8bc6a9c17fa9a453eaa3448de834fa308c2ec9635b7aa99441a7c8d2cf6?s=96&d=mm&r=g\",\"caption\":\"la r\u00e9daction\"},\"url\":\"https:\/\/vosgesinfo.fr\/saintdieinfo\/author\/redac\/\"}]}<\/script>\n<!-- \/ Yoast SEO plugin. -->","yoast_head_json":{"title":"Vosges \u2013 Trois jeunes arr\u00eat\u00e9s apr\u00e8s plusieurs vols et d\u00e9gradations - Saint Die Info","robots":{"index":"index","follow":"follow","max-snippet":"max-snippet:-1","max-image-preview":"max-image-preview:large","max-video-preview":"max-video-preview:-1"},"canonical":"https:\/\/vosgesinfo.fr\/saintdieinfo\/2019\/09\/vosges-trois-jeunes-arretes-apres-plusieurs-vols-degradations\/","twitter_card":"summary_large_image","twitter_title":"Vosges \u2013 Trois jeunes arr\u00eat\u00e9s apr\u00e8s plusieurs vols et d\u00e9gradations - Saint Die Info","twitter_description":"Dans la nuit du 28 au 29 ao\u00fbt, les gendarmes de Mirecourt, appuy\u00e9s par le Psig de Vittel, interpellent en [&hellip;]","twitter_image":"https:\/\/vosgesinfo.fr\/app\/uploads\/sites\/4\/2016\/04\/gendarmerie-01.jpg","twitter_creator":"@VosgesInfo88","twitter_site":"@VosgesInfo88","twitter_misc":{"\u00c9crit par":"la r\u00e9daction"},"schema":{"@context":"https:\/\/schema.org","@graph":[{"@type":"Article","@id":"https:\/\/vosgesinfo.fr\/saintdieinfo\/2019\/09\/vosges-trois-jeunes-arretes-apres-plusieurs-vols-degradations\/#article","isPartOf":{"@id":"https:\/\/vosgesinfo.fr\/saintdieinfo\/2019\/09\/vosges-trois-jeunes-arretes-apres-plusieurs-vols-degradations\/"},"author":{"name":"la r\u00e9daction","@id":"https:\/\/vosgesinfo.fr\/saintdieinfo\/#\/schema\/person\/faee6704a21f3977511db84bd1cd450f"},"headline":"Vosges \u2013 Trois jeunes arr\u00eat\u00e9s apr\u00e8s plusieurs vols et d\u00e9gradations","datePublished":"2019-09-04T03:30:34+00:00","dateModified":"2019-09-04T03:30:34+00:00","mainEntityOfPage":{"@id":"https:\/\/vosgesinfo.fr\/saintdieinfo\/2019\/09\/vosges-trois-jeunes-arretes-apres-plusieurs-vols-degradations\/"},"wordCount":108,"commentCount":0,"publisher":{"@id":"https:\/\/vosgesinfo.fr\/saintdieinfo\/#organization"},"image":{"@id":"https:\/\/vosgesinfo.fr\/saintdieinfo\/2019\/09\/vosges-trois-jeunes-arretes-apres-plusieurs-vols-degradations\/#primaryimage"},"thumbnailUrl":"https:\/\/vosgesinfo.fr\/app\/uploads\/sites\/4\/2016\/04\/gendarmerie-01.jpg","keywords":["gendarmerie des Vosges","mirecourt","PSIG de Vittel"],"articleSection":["A la Une","Fait Divers","Vosges"],"inLanguage":"fr-FR","potentialAction":[{"@type":"CommentAction","name":"Comment","target":["https:\/\/vosgesinfo.fr\/saintdieinfo\/2019\/09\/vosges-trois-jeunes-arretes-apres-plusieurs-vols-degradations\/#respond"]}]},{"@type":"WebPage","@id":"https:\/\/vosgesinfo.fr\/saintdieinfo\/2019\/09\/vosges-trois-jeunes-arretes-apres-plusieurs-vols-degradations\/","url":"https:\/\/vosgesinfo.fr\/saintdieinfo\/2019\/09\/vosges-trois-jeunes-arretes-apres-plusieurs-vols-degradations\/","name":"Vosges \u2013 Trois jeunes arr\u00eat\u00e9s apr\u00e8s plusieurs vols et d\u00e9gradations - Saint Die Info","isPartOf":{"@id":"https:\/\/vosgesinfo.fr\/saintdieinfo\/#website"},"primaryImageOfPage":{"@id":"https:\/\/vosgesinfo.fr\/saintdieinfo\/2019\/09\/vosges-trois-jeunes-arretes-apres-plusieurs-vols-degradations\/#primaryimage"},"image":{"@id":"https:\/\/vosgesinfo.fr\/saintdieinfo\/2019\/09\/vosges-trois-jeunes-arretes-apres-plusieurs-vols-degradations\/#primaryimage"},"thumbnailUrl":"https:\/\/vosgesinfo.fr\/app\/uploads\/sites\/4\/2016\/04\/gendarmerie-01.jpg","datePublished":"2019-09-04T03:30:34+00:00","dateModified":"2019-09-04T03:30:34+00:00","breadcrumb":{"@id":"https:\/\/vosgesinfo.fr\/saintdieinfo\/2019\/09\/vosges-trois-jeunes-arretes-apres-plusieurs-vols-degradations\/#breadcrumb"},"inLanguage":"fr-FR","potentialAction":[{"@type":"ReadAction","target":["https:\/\/vosgesinfo.fr\/saintdieinfo\/2019\/09\/vosges-trois-jeunes-arretes-apres-plusieurs-vols-degradations\/"]}]},{"@type":"ImageObject","inLanguage":"fr-FR","@id":"https:\/\/vosgesinfo.fr\/saintdieinfo\/2019\/09\/vosges-trois-jeunes-arretes-apres-plusieurs-vols-degradations\/#primaryimage","url":"https:\/\/vosgesinfo.fr\/app\/uploads\/sites\/4\/2016\/04\/gendarmerie-01.jpg","contentUrl":"https:\/\/vosgesinfo.fr\/app\/uploads\/sites\/4\/2016\/04\/gendarmerie-01.jpg","width":616,"height":400},{"@type":"BreadcrumbList","@id":"https:\/\/vosgesinfo.fr\/saintdieinfo\/2019\/09\/vosges-trois-jeunes-arretes-apres-plusieurs-vols-degradations\/#breadcrumb","itemListElement":[{"@type":"ListItem","position":1,"name":"Home","item":"https:\/\/vosgesinfo.fr\/saintdieinfo\/"},{"@type":"ListItem","position":2,"name":"Vosges \u2013 Trois jeunes arr\u00eat\u00e9s apr\u00e8s plusieurs vols et d\u00e9gradations"}]},{"@type":"WebSite","@id":"https:\/\/vosgesinfo.fr\/saintdieinfo\/#website","url":"https:\/\/vosgesinfo.fr\/saintdieinfo\/","name":"Saint Die Info","description":"Toute l&#039;actualit\u00e9 de Saint-Di\u00e9-Des-Vosges","publisher":{"@id":"https:\/\/vosgesinfo.fr\/saintdieinfo\/#organization"},"alternateName":"Toute l'actualit\u00e9 de Saint-Di\u00e9-Des-Vosges","potentialAction":[{"@type":"SearchAction","target":{"@type":"EntryPoint","urlTemplate":"https:\/\/vosgesinfo.fr\/saintdieinfo\/?s={search_term_string}"},"query-input":"required name=search_term_string"}],"inLanguage":"fr-FR"},{"@type":"Organization","@id":"https:\/\/vosgesinfo.fr\/saintdieinfo\/#organization","name":"Saint Die Info","url":"https:\/\/vosgesinfo.fr\/saintdieinfo\/","logo":{"@type":"ImageObject","inLanguage":"fr-FR","@id":"https:\/\/vosgesinfo.fr\/saintdieinfo\/#\/schema\/logo\/image\/","url":"https:\/\/vosgesinfo.fr\/app\/uploads\/sites\/4\/2024\/02\/logo-sdi.jpg","contentUrl":"https:\/\/vosgesinfo.fr\/app\/uploads\/sites\/4\/2024\/02\/logo-sdi.jpg","width":600,"height":600,"caption":"Saint Die Info"},"image":{"@id":"https:\/\/vosgesinfo.fr\/saintdieinfo\/#\/schema\/logo\/image\/"},"sameAs":["https:\/\/www.facebook.com\/Saintdieinfofr","https:\/\/x.com\/VosgesInfo88","https:\/\/www.youtube.com\/@vosgesinfo"]},{"@type":"Person","@id":"https:\/\/vosgesinfo.fr\/saintdieinfo\/#\/schema\/person\/faee6704a21f3977511db84bd1cd450f","name":"la r\u00e9daction","image":{"@type":"ImageObject","inLanguage":"fr-FR","@id":"https:\/\/vosgesinfo.fr\/saintdieinfo\/#\/schema\/person\/image\/","url":"https:\/\/secure.gravatar.com\/avatar\/6673d8bc6a9c17fa9a453eaa3448de834fa308c2ec9635b7aa99441a7c8d2cf6?s=96&d=mm&r=g","contentUrl":"https:\/\/secure.gravatar.com\/avatar\/6673d8bc6a9c17fa9a453eaa3448de834fa308c2ec9635b7aa99441a7c8d2cf6?s=96&d=mm&r=g","caption":"la r\u00e9daction"},"url":"https:\/\/vosgesinfo.fr\/saintdieinfo\/author\/redac\/"}]}},"_links":{"self":[{"href":"https:\/\/vosgesinfo.fr\/saintdieinfo\/wp-json\/wp\/v2\/posts\/37843","targetHints":{"allow":["GET"]}}],"collection":[{"href":"https:\/\/vosgesinfo.fr\/saintdieinfo\/wp-json\/wp\/v2\/posts"}],"about":[{"href":"https:\/\/vosgesinfo.fr\/saintdieinfo\/wp-json\/wp\/v2\/types\/post"}],"author":[{"embeddable":true,"href":"https:\/\/vosgesinfo.fr\/saintdieinfo\/wp-json\/wp\/v2\/users\/44"}],"replies":[{"embeddable":true,"href":"https:\/\/vosgesinfo.fr\/saintdieinfo\/wp-json\/wp\/v2\/comments?post=37843"}],"version-history":[{"count":0,"href":"https:\/\/vosgesinfo.fr\/saintdieinfo\/wp-json\/wp\/v2\/posts\/37843\/revisions"}],"wp:featuredmedia":[{"embeddable":true,"href":"https:\/\/vosgesinfo.fr\/saintdieinfo\/wp-json\/wp\/v2\/media\/22228"}],"wp:attachment":[{"href":"https:\/\/vosgesinfo.fr\/saintdieinfo\/wp-json\/wp\/v2\/media?parent=37843"}],"wp:term":[{"taxonomy":"category","embeddable":true,"href":"https:\/\/vosgesinfo.fr\/saintdieinfo\/wp-json\/wp\/v2\/categories?post=37843"},{"taxonomy":"post_tag","embeddable":true,"href":"https:\/\/vosgesinfo.fr\/saintdieinfo\/wp-json\/wp\/v2\/tags?post=37843"}],"curies":[{"name":"wp","href":"https:\/\/api.w.org\/{rel}","templated":true}]}}