{"id":37880,"date":"2019-09-06T04:30:58","date_gmt":"2019-09-06T02:30:58","guid":{"rendered":"https:\/\/vosgesinfo.fr\/saintdieinfo\/2019\/09\/vosges-reseau-rassembler-chefs-dentreprises\/"},"modified":"2019-09-06T04:30:58","modified_gmt":"2019-09-06T02:30:58","slug":"vosges-reseau-rassembler-chefs-dentreprises","status":"publish","type":"post","link":"https:\/\/vosgesinfo.fr\/saintdieinfo\/2019\/09\/vosges-reseau-rassembler-chefs-dentreprises\/","title":{"rendered":"Vosges \u2013 Un r\u00e9seau pour rassembler les chefs d\u2019entreprises"},"content":{"rendered":"<div id=\"attachment_144017\" style=\"width: 970px\" class=\"wp-caption aligncenter\"><a href=\"\/2019\/09\/Ambassadeurs_\u00e9coplaine.jpg\" target=\"_blank\" rel=\"noopener\"><img decoding=\"async\" aria-describedby=\"caption-attachment-144017\" class=\"wp-image-144017 size-large\" src=\"\/2019\/09\/Ambassadeurs_\u00e9coplaine-1024x576.jpg\" alt=\"Ambassadeurs_\u00e9coplaine\" width=\"960\" height=\"540\" \/><\/a><p id=\"caption-attachment-144017\" class=\"wp-caption-text\">(Cr\u00e9dits photographiques Conseil D\u00e9partemental des Vosges)<\/p><\/div>\n<h2><span style=\"font-size: 14pt;\"><strong>Favoriser l\u2019attractivit\u00e9 du territoire est un enjeu du Conseil d\u00e9partemental des Vosges mis en avant dans le plan \u00ab Vosges Ambitions 2021 \u00bb. Le r\u00e9seau Ambassadeurs des Vosges \u00ae en est un levier.<\/strong><\/span><\/h2>\n<p><!--more--><\/p>\n<p>Cr\u00e9\u00e9 en 2007, il a pour double objectif de d\u00e9velopper le tissu \u00e9conomique vosgien et de valoriser l\u2019image des Vosges. Il r\u00e9unit des entreprises des secteurs de l\u2019industrie, des services \u00e0 l\u2019industrie et du tourisme, ayant leur si\u00e8ge social ou un \u00e9tablissement dans les Vosges. Etre une entreprise \u00ab Ambassadeurs des Vosges\u00ae \u00bb c\u2019est \u00eatre fier de son d\u00e9partement et de ses atouts. C\u2019est contribuer au rayonnement et \u00e0 la valorisation des Vosges, en France et \u00e0 l\u2019international. C\u2019est les promouvoir aupr\u00e8s de ses relations et de ses r\u00e9seaux, ou encore en partageant d\u2019\u00e9ventuelles opportunit\u00e9s \u00e9conomiques ! Les entreprises membres concourent aux r\u00e9flexions et b\u00e9n\u00e9ficient des actions port\u00e9es par <strong>le Conseil d\u00e9partemental des Vosges<\/strong>, concernant l\u2019attractivit\u00e9 du territoire et la mobilisation en faveur de l\u2019emploi.<\/p>\n<h3><strong>Trois axes strat\u00e9giques\u00a0: les RDV, l\u2019attractivit\u00e9 et la mobilisation en faveur de l\u2019emploi<\/strong><\/h3>\n<p>Les rendez-vous du r\u00e9seau sont des \u00e9v\u00e9nementiels (matinales, pl\u00e9ni\u00e8res\u2026) o\u00f9 les chefs d\u2019entreprises se rencontrent et partagent leurs exp\u00e9riences et bonnes pratiques autour de probl\u00e9matiques, comme le recrutement de comp\u00e9tences. L\u2019attractivit\u00e9 du territoire consiste \u00e0 valoriser l\u2019image des Vosges et la rendre attrayante pour de nouveaux investisseurs, cadres et techniciens\u00a0; mais aussi les m\u00e9dias. De nombreuses actions vont dans ce sens comme le d\u00e9ploiement de la marque \u00ab\u00a0<strong>Je vois la vie en Vosges<\/strong>\u00a0\u00bb ou encore l\u2019accueil et l\u2019accompagnement d\u2019investisseurs au sein des zones d\u2019int\u00e9r\u00eat d\u00e9partemental Cap Vosges. La mobilisation en faveur de l\u2019emploi vie \u00e0 renforcer les liens entre candidats \u00e0 l\u2019emploi et chefs d\u2019entreprises. Le Conseil d\u00e9partemental des Vosges propose ainsi des dispositifs d\u2019aide au recrutement\u00a0: la plateforme emploi <strong>Boss&amp;Vous<\/strong>, le dispositif de coaching personnalis\u00e9 issu de la m\u00e9thode \u00ab\u00a0<strong>Pr\u00eats \u00e0 bosser<\/strong>\u00a0\u00bb, <strong>le contrat initiative emploi<\/strong>, l\u2019accompagnement du conjoint collaborateur\u2026<br \/>\nAujourd\u2019hui, <strong>141 entreprises<\/strong> font parties du r\u00e9seau et participent activement \u00e0 la mise en avant du territoire en France et \u00e0 l\u2019international. En 2018, <strong>le r\u00e9seau des ambassadeurs des Vosges \u00ae<\/strong> repr\u00e9sentait <strong>10\u00a0000 salari\u00e9s<\/strong> et <strong>1.5 milliards d\u2019euros de chiffre d\u2019affaires<\/strong>. La derni\u00e8re entreprise \u00e0 avoir rejoint le r\u00e9seau est la <strong>pap\u00e8terie Clairefontaine<\/strong> \u00e0 Etival-Clairefontaine.<\/p>\n\n","protected":false},"excerpt":{"rendered":"<p>Favoriser l\u2019attractivit\u00e9 du territoire est un enjeu du Conseil d\u00e9partemental des Vosges mis en avant dans le plan \u00ab Vosges [&hellip;]<\/p>\n","protected":false},"author":44,"featured_media":37881,"comment_status":"open","ping_status":"open","sticky":false,"template":"","format":"standard","meta":{"footnotes":""},"categories":[460,5,18],"tags":[7334,529,7335],"class_list":["post-37880","post","type-post","status-publish","format-standard","has-post-thumbnail","hentry","category-a-la-une","category-economie","category-vosges","tag-ambassadeurs-des-vosges","tag-conseil-departemental-des-vosges","tag-vosges-ambitions-2021"],"acf":[],"yoast_head":"<!-- This site is optimized with the Yoast SEO plugin v22.5 - https:\/\/yoast.com\/wordpress\/plugins\/seo\/ -->\n<title>Vosges \u2013 Un r\u00e9seau pour rassembler les chefs d\u2019entreprises - Saint Die Info<\/title>\n<meta name=\"robots\" content=\"index, follow, max-snippet:-1, max-image-preview:large, max-video-preview:-1\" \/>\n<link rel=\"canonical\" href=\"https:\/\/vosgesinfo.fr\/saintdieinfo\/2019\/09\/vosges-reseau-rassembler-chefs-dentreprises\/\" \/>\n<meta name=\"twitter:card\" content=\"summary_large_image\" \/>\n<meta name=\"twitter:title\" content=\"Vosges \u2013 Un r\u00e9seau pour rassembler les chefs d\u2019entreprises - Saint Die Info\" \/>\n<meta name=\"twitter:description\" content=\"Favoriser l\u2019attractivit\u00e9 du territoire est un enjeu du Conseil d\u00e9partemental des Vosges mis en avant dans le plan \u00ab Vosges [&hellip;]\" \/>\n<meta name=\"twitter:image\" content=\"https:\/\/vosgesinfo.fr\/app\/uploads\/sites\/4\/2024\/08\/201909ambassadeurs-ecoplaine.jpg\" \/>\n<meta name=\"twitter:creator\" content=\"@VosgesInfo88\" \/>\n<meta name=\"twitter:site\" content=\"@VosgesInfo88\" \/>\n<meta name=\"twitter:label1\" content=\"\u00c9crit par\" \/>\n\t<meta name=\"twitter:data1\" content=\"la r\u00e9daction\" \/>\n\t<meta name=\"twitter:label2\" content=\"Dur\u00e9e de lecture estim\u00e9e\" \/>\n\t<meta name=\"twitter:data2\" content=\"2 minutes\" \/>\n<script type=\"application\/ld+json\" class=\"yoast-schema-graph\">{\"@context\":\"https:\/\/schema.org\",\"@graph\":[{\"@type\":\"Article\",\"@id\":\"https:\/\/vosgesinfo.fr\/saintdieinfo\/2019\/09\/vosges-reseau-rassembler-chefs-dentreprises\/#article\",\"isPartOf\":{\"@id\":\"https:\/\/vosgesinfo.fr\/saintdieinfo\/2019\/09\/vosges-reseau-rassembler-chefs-dentreprises\/\"},\"author\":{\"name\":\"la r\u00e9daction\",\"@id\":\"https:\/\/vosgesinfo.fr\/saintdieinfo\/#\/schema\/person\/faee6704a21f3977511db84bd1cd450f\"},\"headline\":\"Vosges \u2013 Un r\u00e9seau pour rassembler les chefs d\u2019entreprises\",\"datePublished\":\"2019-09-06T02:30:58+00:00\",\"dateModified\":\"2019-09-06T02:30:58+00:00\",\"mainEntityOfPage\":{\"@id\":\"https:\/\/vosgesinfo.fr\/saintdieinfo\/2019\/09\/vosges-reseau-rassembler-chefs-dentreprises\/\"},\"wordCount\":442,\"commentCount\":0,\"publisher\":{\"@id\":\"https:\/\/vosgesinfo.fr\/saintdieinfo\/#organization\"},\"image\":{\"@id\":\"https:\/\/vosgesinfo.fr\/saintdieinfo\/2019\/09\/vosges-reseau-rassembler-chefs-dentreprises\/#primaryimage\"},\"thumbnailUrl\":\"https:\/\/vosgesinfo.fr\/app\/uploads\/sites\/4\/2024\/08\/201909ambassadeurs-ecoplaine.jpg\",\"keywords\":[\"Ambassadeurs des Vosges\",\"Conseil d\u00e9partemental des Vosges\",\"Vosges Ambitions 2021\"],\"articleSection\":[\"A la Une\",\"\u00c9conomie\",\"Vosges\"],\"inLanguage\":\"fr-FR\",\"potentialAction\":[{\"@type\":\"CommentAction\",\"name\":\"Comment\",\"target\":[\"https:\/\/vosgesinfo.fr\/saintdieinfo\/2019\/09\/vosges-reseau-rassembler-chefs-dentreprises\/#respond\"]}]},{\"@type\":\"WebPage\",\"@id\":\"https:\/\/vosgesinfo.fr\/saintdieinfo\/2019\/09\/vosges-reseau-rassembler-chefs-dentreprises\/\",\"url\":\"https:\/\/vosgesinfo.fr\/saintdieinfo\/2019\/09\/vosges-reseau-rassembler-chefs-dentreprises\/\",\"name\":\"Vosges \u2013 Un r\u00e9seau pour rassembler les chefs d\u2019entreprises - Saint Die Info\",\"isPartOf\":{\"@id\":\"https:\/\/vosgesinfo.fr\/saintdieinfo\/#website\"},\"primaryImageOfPage\":{\"@id\":\"https:\/\/vosgesinfo.fr\/saintdieinfo\/2019\/09\/vosges-reseau-rassembler-chefs-dentreprises\/#primaryimage\"},\"image\":{\"@id\":\"https:\/\/vosgesinfo.fr\/saintdieinfo\/2019\/09\/vosges-reseau-rassembler-chefs-dentreprises\/#primaryimage\"},\"thumbnailUrl\":\"https:\/\/vosgesinfo.fr\/app\/uploads\/sites\/4\/2024\/08\/201909ambassadeurs-ecoplaine.jpg\",\"datePublished\":\"2019-09-06T02:30:58+00:00\",\"dateModified\":\"2019-09-06T02:30:58+00:00\",\"breadcrumb\":{\"@id\":\"https:\/\/vosgesinfo.fr\/saintdieinfo\/2019\/09\/vosges-reseau-rassembler-chefs-dentreprises\/#breadcrumb\"},\"inLanguage\":\"fr-FR\",\"potentialAction\":[{\"@type\":\"ReadAction\",\"target\":[\"https:\/\/vosgesinfo.fr\/saintdieinfo\/2019\/09\/vosges-reseau-rassembler-chefs-dentreprises\/\"]}]},{\"@type\":\"ImageObject\",\"inLanguage\":\"fr-FR\",\"@id\":\"https:\/\/vosgesinfo.fr\/saintdieinfo\/2019\/09\/vosges-reseau-rassembler-chefs-dentreprises\/#primaryimage\",\"url\":\"https:\/\/vosgesinfo.fr\/app\/uploads\/sites\/4\/2024\/08\/201909ambassadeurs-ecoplaine.jpg\",\"contentUrl\":\"https:\/\/vosgesinfo.fr\/app\/uploads\/sites\/4\/2024\/08\/201909ambassadeurs-ecoplaine.jpg\",\"width\":1600,\"height\":900},{\"@type\":\"BreadcrumbList\",\"@id\":\"https:\/\/vosgesinfo.fr\/saintdieinfo\/2019\/09\/vosges-reseau-rassembler-chefs-dentreprises\/#breadcrumb\",\"itemListElement\":[{\"@type\":\"ListItem\",\"position\":1,\"name\":\"Home\",\"item\":\"https:\/\/vosgesinfo.fr\/saintdieinfo\/\"},{\"@type\":\"ListItem\",\"position\":2,\"name\":\"Vosges \u2013 Un r\u00e9seau pour rassembler les chefs d\u2019entreprises\"}]},{\"@type\":\"WebSite\",\"@id\":\"https:\/\/vosgesinfo.fr\/saintdieinfo\/#website\",\"url\":\"https:\/\/vosgesinfo.fr\/saintdieinfo\/\",\"name\":\"Saint Die Info\",\"description\":\"Toute l&#039;actualit\u00e9 de Saint-Di\u00e9-Des-Vosges\",\"publisher\":{\"@id\":\"https:\/\/vosgesinfo.fr\/saintdieinfo\/#organization\"},\"alternateName\":\"Toute l'actualit\u00e9 de Saint-Di\u00e9-Des-Vosges\",\"potentialAction\":[{\"@type\":\"SearchAction\",\"target\":{\"@type\":\"EntryPoint\",\"urlTemplate\":\"https:\/\/vosgesinfo.fr\/saintdieinfo\/?s={search_term_string}\"},\"query-input\":\"required name=search_term_string\"}],\"inLanguage\":\"fr-FR\"},{\"@type\":\"Organization\",\"@id\":\"https:\/\/vosgesinfo.fr\/saintdieinfo\/#organization\",\"name\":\"Saint Die Info\",\"url\":\"https:\/\/vosgesinfo.fr\/saintdieinfo\/\",\"logo\":{\"@type\":\"ImageObject\",\"inLanguage\":\"fr-FR\",\"@id\":\"https:\/\/vosgesinfo.fr\/saintdieinfo\/#\/schema\/logo\/image\/\",\"url\":\"https:\/\/vosgesinfo.fr\/app\/uploads\/sites\/4\/2024\/02\/logo-sdi.jpg\",\"contentUrl\":\"https:\/\/vosgesinfo.fr\/app\/uploads\/sites\/4\/2024\/02\/logo-sdi.jpg\",\"width\":600,\"height\":600,\"caption\":\"Saint Die Info\"},\"image\":{\"@id\":\"https:\/\/vosgesinfo.fr\/saintdieinfo\/#\/schema\/logo\/image\/\"},\"sameAs\":[\"https:\/\/www.facebook.com\/Saintdieinfofr\",\"https:\/\/x.com\/VosgesInfo88\",\"https:\/\/www.youtube.com\/@vosgesinfo\"]},{\"@type\":\"Person\",\"@id\":\"https:\/\/vosgesinfo.fr\/saintdieinfo\/#\/schema\/person\/faee6704a21f3977511db84bd1cd450f\",\"name\":\"la r\u00e9daction\",\"image\":{\"@type\":\"ImageObject\",\"inLanguage\":\"fr-FR\",\"@id\":\"https:\/\/vosgesinfo.fr\/saintdieinfo\/#\/schema\/person\/image\/\",\"url\":\"https:\/\/secure.gravatar.com\/avatar\/6673d8bc6a9c17fa9a453eaa3448de834fa308c2ec9635b7aa99441a7c8d2cf6?s=96&d=mm&r=g\",\"contentUrl\":\"https:\/\/secure.gravatar.com\/avatar\/6673d8bc6a9c17fa9a453eaa3448de834fa308c2ec9635b7aa99441a7c8d2cf6?s=96&d=mm&r=g\",\"caption\":\"la r\u00e9daction\"},\"url\":\"https:\/\/vosgesinfo.fr\/saintdieinfo\/author\/redac\/\"}]}<\/script>\n<!-- \/ Yoast SEO plugin. -->","yoast_head_json":{"title":"Vosges \u2013 Un r\u00e9seau pour rassembler les chefs d\u2019entreprises - Saint Die Info","robots":{"index":"index","follow":"follow","max-snippet":"max-snippet:-1","max-image-preview":"max-image-preview:large","max-video-preview":"max-video-preview:-1"},"canonical":"https:\/\/vosgesinfo.fr\/saintdieinfo\/2019\/09\/vosges-reseau-rassembler-chefs-dentreprises\/","twitter_card":"summary_large_image","twitter_title":"Vosges \u2013 Un r\u00e9seau pour rassembler les chefs d\u2019entreprises - Saint Die Info","twitter_description":"Favoriser l\u2019attractivit\u00e9 du territoire est un enjeu du Conseil d\u00e9partemental des Vosges mis en avant dans le plan \u00ab Vosges [&hellip;]","twitter_image":"https:\/\/vosgesinfo.fr\/app\/uploads\/sites\/4\/2024\/08\/201909ambassadeurs-ecoplaine.jpg","twitter_creator":"@VosgesInfo88","twitter_site":"@VosgesInfo88","twitter_misc":{"\u00c9crit par":"la r\u00e9daction","Dur\u00e9e de lecture estim\u00e9e":"2 minutes"},"schema":{"@context":"https:\/\/schema.org","@graph":[{"@type":"Article","@id":"https:\/\/vosgesinfo.fr\/saintdieinfo\/2019\/09\/vosges-reseau-rassembler-chefs-dentreprises\/#article","isPartOf":{"@id":"https:\/\/vosgesinfo.fr\/saintdieinfo\/2019\/09\/vosges-reseau-rassembler-chefs-dentreprises\/"},"author":{"name":"la r\u00e9daction","@id":"https:\/\/vosgesinfo.fr\/saintdieinfo\/#\/schema\/person\/faee6704a21f3977511db84bd1cd450f"},"headline":"Vosges \u2013 Un r\u00e9seau pour rassembler les chefs d\u2019entreprises","datePublished":"2019-09-06T02:30:58+00:00","dateModified":"2019-09-06T02:30:58+00:00","mainEntityOfPage":{"@id":"https:\/\/vosgesinfo.fr\/saintdieinfo\/2019\/09\/vosges-reseau-rassembler-chefs-dentreprises\/"},"wordCount":442,"commentCount":0,"publisher":{"@id":"https:\/\/vosgesinfo.fr\/saintdieinfo\/#organization"},"image":{"@id":"https:\/\/vosgesinfo.fr\/saintdieinfo\/2019\/09\/vosges-reseau-rassembler-chefs-dentreprises\/#primaryimage"},"thumbnailUrl":"https:\/\/vosgesinfo.fr\/app\/uploads\/sites\/4\/2024\/08\/201909ambassadeurs-ecoplaine.jpg","keywords":["Ambassadeurs des Vosges","Conseil d\u00e9partemental des Vosges","Vosges Ambitions 2021"],"articleSection":["A la Une","\u00c9conomie","Vosges"],"inLanguage":"fr-FR","potentialAction":[{"@type":"CommentAction","name":"Comment","target":["https:\/\/vosgesinfo.fr\/saintdieinfo\/2019\/09\/vosges-reseau-rassembler-chefs-dentreprises\/#respond"]}]},{"@type":"WebPage","@id":"https:\/\/vosgesinfo.fr\/saintdieinfo\/2019\/09\/vosges-reseau-rassembler-chefs-dentreprises\/","url":"https:\/\/vosgesinfo.fr\/saintdieinfo\/2019\/09\/vosges-reseau-rassembler-chefs-dentreprises\/","name":"Vosges \u2013 Un r\u00e9seau pour rassembler les chefs d\u2019entreprises - Saint Die Info","isPartOf":{"@id":"https:\/\/vosgesinfo.fr\/saintdieinfo\/#website"},"primaryImageOfPage":{"@id":"https:\/\/vosgesinfo.fr\/saintdieinfo\/2019\/09\/vosges-reseau-rassembler-chefs-dentreprises\/#primaryimage"},"image":{"@id":"https:\/\/vosgesinfo.fr\/saintdieinfo\/2019\/09\/vosges-reseau-rassembler-chefs-dentreprises\/#primaryimage"},"thumbnailUrl":"https:\/\/vosgesinfo.fr\/app\/uploads\/sites\/4\/2024\/08\/201909ambassadeurs-ecoplaine.jpg","datePublished":"2019-09-06T02:30:58+00:00","dateModified":"2019-09-06T02:30:58+00:00","breadcrumb":{"@id":"https:\/\/vosgesinfo.fr\/saintdieinfo\/2019\/09\/vosges-reseau-rassembler-chefs-dentreprises\/#breadcrumb"},"inLanguage":"fr-FR","potentialAction":[{"@type":"ReadAction","target":["https:\/\/vosgesinfo.fr\/saintdieinfo\/2019\/09\/vosges-reseau-rassembler-chefs-dentreprises\/"]}]},{"@type":"ImageObject","inLanguage":"fr-FR","@id":"https:\/\/vosgesinfo.fr\/saintdieinfo\/2019\/09\/vosges-reseau-rassembler-chefs-dentreprises\/#primaryimage","url":"https:\/\/vosgesinfo.fr\/app\/uploads\/sites\/4\/2024\/08\/201909ambassadeurs-ecoplaine.jpg","contentUrl":"https:\/\/vosgesinfo.fr\/app\/uploads\/sites\/4\/2024\/08\/201909ambassadeurs-ecoplaine.jpg","width":1600,"height":900},{"@type":"BreadcrumbList","@id":"https:\/\/vosgesinfo.fr\/saintdieinfo\/2019\/09\/vosges-reseau-rassembler-chefs-dentreprises\/#breadcrumb","itemListElement":[{"@type":"ListItem","position":1,"name":"Home","item":"https:\/\/vosgesinfo.fr\/saintdieinfo\/"},{"@type":"ListItem","position":2,"name":"Vosges \u2013 Un r\u00e9seau pour rassembler les chefs d\u2019entreprises"}]},{"@type":"WebSite","@id":"https:\/\/vosgesinfo.fr\/saintdieinfo\/#website","url":"https:\/\/vosgesinfo.fr\/saintdieinfo\/","name":"Saint Die Info","description":"Toute l&#039;actualit\u00e9 de Saint-Di\u00e9-Des-Vosges","publisher":{"@id":"https:\/\/vosgesinfo.fr\/saintdieinfo\/#organization"},"alternateName":"Toute l'actualit\u00e9 de Saint-Di\u00e9-Des-Vosges","potentialAction":[{"@type":"SearchAction","target":{"@type":"EntryPoint","urlTemplate":"https:\/\/vosgesinfo.fr\/saintdieinfo\/?s={search_term_string}"},"query-input":"required name=search_term_string"}],"inLanguage":"fr-FR"},{"@type":"Organization","@id":"https:\/\/vosgesinfo.fr\/saintdieinfo\/#organization","name":"Saint Die Info","url":"https:\/\/vosgesinfo.fr\/saintdieinfo\/","logo":{"@type":"ImageObject","inLanguage":"fr-FR","@id":"https:\/\/vosgesinfo.fr\/saintdieinfo\/#\/schema\/logo\/image\/","url":"https:\/\/vosgesinfo.fr\/app\/uploads\/sites\/4\/2024\/02\/logo-sdi.jpg","contentUrl":"https:\/\/vosgesinfo.fr\/app\/uploads\/sites\/4\/2024\/02\/logo-sdi.jpg","width":600,"height":600,"caption":"Saint Die Info"},"image":{"@id":"https:\/\/vosgesinfo.fr\/saintdieinfo\/#\/schema\/logo\/image\/"},"sameAs":["https:\/\/www.facebook.com\/Saintdieinfofr","https:\/\/x.com\/VosgesInfo88","https:\/\/www.youtube.com\/@vosgesinfo"]},{"@type":"Person","@id":"https:\/\/vosgesinfo.fr\/saintdieinfo\/#\/schema\/person\/faee6704a21f3977511db84bd1cd450f","name":"la r\u00e9daction","image":{"@type":"ImageObject","inLanguage":"fr-FR","@id":"https:\/\/vosgesinfo.fr\/saintdieinfo\/#\/schema\/person\/image\/","url":"https:\/\/secure.gravatar.com\/avatar\/6673d8bc6a9c17fa9a453eaa3448de834fa308c2ec9635b7aa99441a7c8d2cf6?s=96&d=mm&r=g","contentUrl":"https:\/\/secure.gravatar.com\/avatar\/6673d8bc6a9c17fa9a453eaa3448de834fa308c2ec9635b7aa99441a7c8d2cf6?s=96&d=mm&r=g","caption":"la r\u00e9daction"},"url":"https:\/\/vosgesinfo.fr\/saintdieinfo\/author\/redac\/"}]}},"_links":{"self":[{"href":"https:\/\/vosgesinfo.fr\/saintdieinfo\/wp-json\/wp\/v2\/posts\/37880","targetHints":{"allow":["GET"]}}],"collection":[{"href":"https:\/\/vosgesinfo.fr\/saintdieinfo\/wp-json\/wp\/v2\/posts"}],"about":[{"href":"https:\/\/vosgesinfo.fr\/saintdieinfo\/wp-json\/wp\/v2\/types\/post"}],"author":[{"embeddable":true,"href":"https:\/\/vosgesinfo.fr\/saintdieinfo\/wp-json\/wp\/v2\/users\/44"}],"replies":[{"embeddable":true,"href":"https:\/\/vosgesinfo.fr\/saintdieinfo\/wp-json\/wp\/v2\/comments?post=37880"}],"version-history":[{"count":0,"href":"https:\/\/vosgesinfo.fr\/saintdieinfo\/wp-json\/wp\/v2\/posts\/37880\/revisions"}],"wp:featuredmedia":[{"embeddable":true,"href":"https:\/\/vosgesinfo.fr\/saintdieinfo\/wp-json\/wp\/v2\/media\/37881"}],"wp:attachment":[{"href":"https:\/\/vosgesinfo.fr\/saintdieinfo\/wp-json\/wp\/v2\/media?parent=37880"}],"wp:term":[{"taxonomy":"category","embeddable":true,"href":"https:\/\/vosgesinfo.fr\/saintdieinfo\/wp-json\/wp\/v2\/categories?post=37880"},{"taxonomy":"post_tag","embeddable":true,"href":"https:\/\/vosgesinfo.fr\/saintdieinfo\/wp-json\/wp\/v2\/tags?post=37880"}],"curies":[{"name":"wp","href":"https:\/\/api.w.org\/{rel}","templated":true}]}}