{"id":37970,"date":"2019-09-09T03:45:31","date_gmt":"2019-09-09T01:45:31","guid":{"rendered":"https:\/\/vosgesinfo.fr\/saintdieinfo\/2019\/09\/vosges-mediatheque-departementale-cinema\/"},"modified":"2019-09-09T03:45:31","modified_gmt":"2019-09-09T01:45:31","slug":"vosges-mediatheque-departementale-cinema","status":"publish","type":"post","link":"https:\/\/vosgesinfo.fr\/saintdieinfo\/2019\/09\/vosges-mediatheque-departementale-cinema\/","title":{"rendered":"Vosges \u2013 La m\u00e9diath\u00e8que d\u00e9partementale fait son cin\u00e9ma"},"content":{"rendered":"<h2><span style=\"font-size: 14pt;\">Jusqu\u2019au 29 septembre, une s\u00e9lection de 19 courts-m\u00e9trages pour tous les publics sont \u00e0 d\u00e9couvrir dans les biblioth\u00e8ques du d\u00e9partement et sur la plate-forme \u00ab La Mallette num\u00e9rique \u00bb des biblioth\u00e8ques et m\u00e9diath\u00e8ques vosgiennes.<\/span><\/h2>\n<p><!--more--><\/p>\n<p>\u00ab Chacun son court! \u00bb est un festival national qui propose des courts-m\u00e9trages s\u00e9lectionn\u00e9s par les biblioth\u00e9caires et issus de la s\u00e9lection officielle du Festival du Court M\u00e9trage de Clermont Ferrand. En partenariat avec la m\u00e9diath\u00e8que Num\u00e9rique CVS, qui regroupe des contenus audiovisuels en ligne pour les collectivit\u00e9s et les institutions, le festival permet la d\u00e9couverte des courts-m\u00e9trages durant des projections publiques au sein des biblioth\u00e8ques, mais aussi en continue sur la plate-forme de ressources num\u00e9riques \u00ab La Mallette Num\u00e9rique \u00bb. Au niveau de la s\u00e9lection des films, tous les genres sont repr\u00e9sent\u00e9s : fiction, documentaire, animation, etc\u2026 Certains films seront pr\u00e9sent\u00e9s en avant-premi\u00e8re !<\/p>\n<h3><strong>Un festival pour d\u00e9couvrir \u00ab La Malette Num\u00e9rique \u00bb<\/strong><\/h3>\n<p>Le festival permet de d\u00e9couvrir des films de qualit\u00e9 et d\u2019une grande diversit\u00e9, mais aussi et surtout de faire venir le public au sein des biblioth\u00e8ques et des m\u00e9diath\u00e8ques, et de faire d\u00e9couvrir les services de la \u00ab Malette Num\u00e9rique \u00bb. En effet, cette derni\u00e8re permet d\u2019acc\u00e9der \u00e0 un tr\u00e8s grand nombre de documents consultables en ligne : films, musiques, photos, livres. Apr\u00e8s s\u2019\u00eatre inscrit dans une biblioth\u00e8que partenaire, vous pouvez acc\u00e9der \u00e0 la plate-forme par une simple inscription en ligne.<\/p>\n<h3><strong>Un vote du public et des pass VIP \u00e0 gagner<\/strong><\/h3>\n<p>Le public est invit\u00e9 \u00e0 se rendre sur \u00ab sa Mallette Num\u00e9rique \u00bb pour voter pour son court-m\u00e9trage favori et ainsi tenter de gagner des pass VIP (comprenant le transport, l\u2019accr\u00e9ditation et l\u2019h\u00e9bergement) pour l\u2019\u00e9dition 2020 du Festival de Clermont-Ferrand.<\/p>\n<p>\u25baPour conna\u00eetre les lieux et dates des projections cliquez\u00a0<strong><a href=\"\/2019\/09\/2019Flyerprogrammes-002.pdf\" target=\"_blank\" rel=\"noopener\">ici.<\/a><\/strong><\/p>\n<p>\u25baPour le programme des films projet\u00e9s, se renseigner aupr\u00e8s de chaque biblioth\u00e8que. Contact : Carole Schaer (<strong><a href=\"mailto:mediatheque-departementale@vosges.fr,\">mediatheque-departementale@vosges.<\/a>fr<\/strong>, <strong>03 29 31 10 95<\/strong>, Conseil d\u00e9partemental, service de la M\u00e9diath\u00e8que)<\/p>\n<p><a href=\"\/2019\/09\/Affiche-A3-Festival-des-m\u00e9diath\u00e8que-2019-41-page-001.jpg\" target=\"_blank\" rel=\"noopener\"><img decoding=\"async\" class=\"aligncenter wp-image-144166 size-large\" src=\"\/2019\/09\/Affiche-A3-Festival-des-m\u00e9diath\u00e8que-2019-41-page-001-724x1024.jpg\" alt=\"Affiche A3 Festival des m\u00e9diath\u00e8que 2019 #4(1)-page-001\" width=\"724\" height=\"1024\" \/><\/a><\/p>\n","protected":false},"excerpt":{"rendered":"<p>Jusqu\u2019au 29 septembre, une s\u00e9lection de 19 courts-m\u00e9trages pour tous les publics sont \u00e0 d\u00e9couvrir dans les biblioth\u00e8ques du d\u00e9partement [&hellip;]<\/p>\n","protected":false},"author":44,"featured_media":37971,"comment_status":"open","ping_status":"open","sticky":false,"template":"","format":"standard","meta":{"footnotes":""},"categories":[460,18],"tags":[41,7359,7360],"class_list":["post-37970","post","type-post","status-publish","format-standard","has-post-thumbnail","hentry","category-a-la-une","category-vosges","tag-epinal","tag-festival-des-mediatheques-2019","tag-mediatheque-departementale-des-vosges"],"acf":[],"yoast_head":"<!-- This site is optimized with the Yoast SEO plugin v22.5 - https:\/\/yoast.com\/wordpress\/plugins\/seo\/ -->\n<title>Vosges \u2013 La m\u00e9diath\u00e8que d\u00e9partementale fait son cin\u00e9ma - Saint Die Info<\/title>\n<meta name=\"robots\" content=\"index, follow, max-snippet:-1, max-image-preview:large, max-video-preview:-1\" \/>\n<link rel=\"canonical\" href=\"https:\/\/vosgesinfo.fr\/saintdieinfo\/2019\/09\/vosges-mediatheque-departementale-cinema\/\" \/>\n<meta name=\"twitter:card\" content=\"summary_large_image\" \/>\n<meta name=\"twitter:title\" content=\"Vosges \u2013 La m\u00e9diath\u00e8que d\u00e9partementale fait son cin\u00e9ma - Saint Die Info\" \/>\n<meta name=\"twitter:description\" content=\"Jusqu\u2019au 29 septembre, une s\u00e9lection de 19 courts-m\u00e9trages pour tous les publics sont \u00e0 d\u00e9couvrir dans les biblioth\u00e8ques du d\u00e9partement [&hellip;]\" \/>\n<meta name=\"twitter:image\" content=\"https:\/\/vosgesinfo.fr\/app\/uploads\/sites\/4\/2024\/08\/201909festival-mediatheques-2019.jpg\" \/>\n<meta name=\"twitter:creator\" content=\"@VosgesInfo88\" \/>\n<meta name=\"twitter:site\" content=\"@VosgesInfo88\" \/>\n<meta name=\"twitter:label1\" content=\"\u00c9crit par\" \/>\n\t<meta name=\"twitter:data1\" content=\"la r\u00e9daction\" \/>\n\t<meta name=\"twitter:label2\" content=\"Dur\u00e9e de lecture estim\u00e9e\" \/>\n\t<meta name=\"twitter:data2\" content=\"2 minutes\" \/>\n<script type=\"application\/ld+json\" class=\"yoast-schema-graph\">{\"@context\":\"https:\/\/schema.org\",\"@graph\":[{\"@type\":\"Article\",\"@id\":\"https:\/\/vosgesinfo.fr\/saintdieinfo\/2019\/09\/vosges-mediatheque-departementale-cinema\/#article\",\"isPartOf\":{\"@id\":\"https:\/\/vosgesinfo.fr\/saintdieinfo\/2019\/09\/vosges-mediatheque-departementale-cinema\/\"},\"author\":{\"name\":\"la r\u00e9daction\",\"@id\":\"https:\/\/vosgesinfo.fr\/saintdieinfo\/#\/schema\/person\/faee6704a21f3977511db84bd1cd450f\"},\"headline\":\"Vosges \u2013 La m\u00e9diath\u00e8que d\u00e9partementale fait son cin\u00e9ma\",\"datePublished\":\"2019-09-09T01:45:31+00:00\",\"dateModified\":\"2019-09-09T01:45:31+00:00\",\"mainEntityOfPage\":{\"@id\":\"https:\/\/vosgesinfo.fr\/saintdieinfo\/2019\/09\/vosges-mediatheque-departementale-cinema\/\"},\"wordCount\":363,\"commentCount\":0,\"publisher\":{\"@id\":\"https:\/\/vosgesinfo.fr\/saintdieinfo\/#organization\"},\"image\":{\"@id\":\"https:\/\/vosgesinfo.fr\/saintdieinfo\/2019\/09\/vosges-mediatheque-departementale-cinema\/#primaryimage\"},\"thumbnailUrl\":\"https:\/\/vosgesinfo.fr\/app\/uploads\/sites\/4\/2024\/08\/201909festival-mediatheques-2019.jpg\",\"keywords\":[\"Epinal\",\"Festival des m\u00e9diath\u00e8ques 2019\",\"M\u00e9diath\u00e8que D\u00e9partementale des Vosges\"],\"articleSection\":[\"A la Une\",\"Vosges\"],\"inLanguage\":\"fr-FR\",\"potentialAction\":[{\"@type\":\"CommentAction\",\"name\":\"Comment\",\"target\":[\"https:\/\/vosgesinfo.fr\/saintdieinfo\/2019\/09\/vosges-mediatheque-departementale-cinema\/#respond\"]}]},{\"@type\":\"WebPage\",\"@id\":\"https:\/\/vosgesinfo.fr\/saintdieinfo\/2019\/09\/vosges-mediatheque-departementale-cinema\/\",\"url\":\"https:\/\/vosgesinfo.fr\/saintdieinfo\/2019\/09\/vosges-mediatheque-departementale-cinema\/\",\"name\":\"Vosges \u2013 La m\u00e9diath\u00e8que d\u00e9partementale fait son cin\u00e9ma - Saint Die Info\",\"isPartOf\":{\"@id\":\"https:\/\/vosgesinfo.fr\/saintdieinfo\/#website\"},\"primaryImageOfPage\":{\"@id\":\"https:\/\/vosgesinfo.fr\/saintdieinfo\/2019\/09\/vosges-mediatheque-departementale-cinema\/#primaryimage\"},\"image\":{\"@id\":\"https:\/\/vosgesinfo.fr\/saintdieinfo\/2019\/09\/vosges-mediatheque-departementale-cinema\/#primaryimage\"},\"thumbnailUrl\":\"https:\/\/vosgesinfo.fr\/app\/uploads\/sites\/4\/2024\/08\/201909festival-mediatheques-2019.jpg\",\"datePublished\":\"2019-09-09T01:45:31+00:00\",\"dateModified\":\"2019-09-09T01:45:31+00:00\",\"breadcrumb\":{\"@id\":\"https:\/\/vosgesinfo.fr\/saintdieinfo\/2019\/09\/vosges-mediatheque-departementale-cinema\/#breadcrumb\"},\"inLanguage\":\"fr-FR\",\"potentialAction\":[{\"@type\":\"ReadAction\",\"target\":[\"https:\/\/vosgesinfo.fr\/saintdieinfo\/2019\/09\/vosges-mediatheque-departementale-cinema\/\"]}]},{\"@type\":\"ImageObject\",\"inLanguage\":\"fr-FR\",\"@id\":\"https:\/\/vosgesinfo.fr\/saintdieinfo\/2019\/09\/vosges-mediatheque-departementale-cinema\/#primaryimage\",\"url\":\"https:\/\/vosgesinfo.fr\/app\/uploads\/sites\/4\/2024\/08\/201909festival-mediatheques-2019.jpg\",\"contentUrl\":\"https:\/\/vosgesinfo.fr\/app\/uploads\/sites\/4\/2024\/08\/201909festival-mediatheques-2019.jpg\",\"width\":1000,\"height\":543},{\"@type\":\"BreadcrumbList\",\"@id\":\"https:\/\/vosgesinfo.fr\/saintdieinfo\/2019\/09\/vosges-mediatheque-departementale-cinema\/#breadcrumb\",\"itemListElement\":[{\"@type\":\"ListItem\",\"position\":1,\"name\":\"Home\",\"item\":\"https:\/\/vosgesinfo.fr\/saintdieinfo\/\"},{\"@type\":\"ListItem\",\"position\":2,\"name\":\"Vosges \u2013 La m\u00e9diath\u00e8que d\u00e9partementale fait son cin\u00e9ma\"}]},{\"@type\":\"WebSite\",\"@id\":\"https:\/\/vosgesinfo.fr\/saintdieinfo\/#website\",\"url\":\"https:\/\/vosgesinfo.fr\/saintdieinfo\/\",\"name\":\"Saint Die Info\",\"description\":\"Toute l&#039;actualit\u00e9 de Saint-Di\u00e9-Des-Vosges\",\"publisher\":{\"@id\":\"https:\/\/vosgesinfo.fr\/saintdieinfo\/#organization\"},\"alternateName\":\"Toute l'actualit\u00e9 de Saint-Di\u00e9-Des-Vosges\",\"potentialAction\":[{\"@type\":\"SearchAction\",\"target\":{\"@type\":\"EntryPoint\",\"urlTemplate\":\"https:\/\/vosgesinfo.fr\/saintdieinfo\/?s={search_term_string}\"},\"query-input\":\"required name=search_term_string\"}],\"inLanguage\":\"fr-FR\"},{\"@type\":\"Organization\",\"@id\":\"https:\/\/vosgesinfo.fr\/saintdieinfo\/#organization\",\"name\":\"Saint Die Info\",\"url\":\"https:\/\/vosgesinfo.fr\/saintdieinfo\/\",\"logo\":{\"@type\":\"ImageObject\",\"inLanguage\":\"fr-FR\",\"@id\":\"https:\/\/vosgesinfo.fr\/saintdieinfo\/#\/schema\/logo\/image\/\",\"url\":\"https:\/\/vosgesinfo.fr\/app\/uploads\/sites\/4\/2024\/02\/logo-sdi.jpg\",\"contentUrl\":\"https:\/\/vosgesinfo.fr\/app\/uploads\/sites\/4\/2024\/02\/logo-sdi.jpg\",\"width\":600,\"height\":600,\"caption\":\"Saint Die Info\"},\"image\":{\"@id\":\"https:\/\/vosgesinfo.fr\/saintdieinfo\/#\/schema\/logo\/image\/\"},\"sameAs\":[\"https:\/\/www.facebook.com\/Saintdieinfofr\",\"https:\/\/x.com\/VosgesInfo88\",\"https:\/\/www.youtube.com\/@vosgesinfo\"]},{\"@type\":\"Person\",\"@id\":\"https:\/\/vosgesinfo.fr\/saintdieinfo\/#\/schema\/person\/faee6704a21f3977511db84bd1cd450f\",\"name\":\"la r\u00e9daction\",\"image\":{\"@type\":\"ImageObject\",\"inLanguage\":\"fr-FR\",\"@id\":\"https:\/\/vosgesinfo.fr\/saintdieinfo\/#\/schema\/person\/image\/\",\"url\":\"https:\/\/secure.gravatar.com\/avatar\/6673d8bc6a9c17fa9a453eaa3448de834fa308c2ec9635b7aa99441a7c8d2cf6?s=96&d=mm&r=g\",\"contentUrl\":\"https:\/\/secure.gravatar.com\/avatar\/6673d8bc6a9c17fa9a453eaa3448de834fa308c2ec9635b7aa99441a7c8d2cf6?s=96&d=mm&r=g\",\"caption\":\"la r\u00e9daction\"},\"url\":\"https:\/\/vosgesinfo.fr\/saintdieinfo\/author\/redac\/\"}]}<\/script>\n<!-- \/ Yoast SEO plugin. -->","yoast_head_json":{"title":"Vosges \u2013 La m\u00e9diath\u00e8que d\u00e9partementale fait son cin\u00e9ma - Saint Die Info","robots":{"index":"index","follow":"follow","max-snippet":"max-snippet:-1","max-image-preview":"max-image-preview:large","max-video-preview":"max-video-preview:-1"},"canonical":"https:\/\/vosgesinfo.fr\/saintdieinfo\/2019\/09\/vosges-mediatheque-departementale-cinema\/","twitter_card":"summary_large_image","twitter_title":"Vosges \u2013 La m\u00e9diath\u00e8que d\u00e9partementale fait son cin\u00e9ma - Saint Die Info","twitter_description":"Jusqu\u2019au 29 septembre, une s\u00e9lection de 19 courts-m\u00e9trages pour tous les publics sont \u00e0 d\u00e9couvrir dans les biblioth\u00e8ques du d\u00e9partement [&hellip;]","twitter_image":"https:\/\/vosgesinfo.fr\/app\/uploads\/sites\/4\/2024\/08\/201909festival-mediatheques-2019.jpg","twitter_creator":"@VosgesInfo88","twitter_site":"@VosgesInfo88","twitter_misc":{"\u00c9crit par":"la r\u00e9daction","Dur\u00e9e de lecture estim\u00e9e":"2 minutes"},"schema":{"@context":"https:\/\/schema.org","@graph":[{"@type":"Article","@id":"https:\/\/vosgesinfo.fr\/saintdieinfo\/2019\/09\/vosges-mediatheque-departementale-cinema\/#article","isPartOf":{"@id":"https:\/\/vosgesinfo.fr\/saintdieinfo\/2019\/09\/vosges-mediatheque-departementale-cinema\/"},"author":{"name":"la r\u00e9daction","@id":"https:\/\/vosgesinfo.fr\/saintdieinfo\/#\/schema\/person\/faee6704a21f3977511db84bd1cd450f"},"headline":"Vosges \u2013 La m\u00e9diath\u00e8que d\u00e9partementale fait son cin\u00e9ma","datePublished":"2019-09-09T01:45:31+00:00","dateModified":"2019-09-09T01:45:31+00:00","mainEntityOfPage":{"@id":"https:\/\/vosgesinfo.fr\/saintdieinfo\/2019\/09\/vosges-mediatheque-departementale-cinema\/"},"wordCount":363,"commentCount":0,"publisher":{"@id":"https:\/\/vosgesinfo.fr\/saintdieinfo\/#organization"},"image":{"@id":"https:\/\/vosgesinfo.fr\/saintdieinfo\/2019\/09\/vosges-mediatheque-departementale-cinema\/#primaryimage"},"thumbnailUrl":"https:\/\/vosgesinfo.fr\/app\/uploads\/sites\/4\/2024\/08\/201909festival-mediatheques-2019.jpg","keywords":["Epinal","Festival des m\u00e9diath\u00e8ques 2019","M\u00e9diath\u00e8que D\u00e9partementale des Vosges"],"articleSection":["A la Une","Vosges"],"inLanguage":"fr-FR","potentialAction":[{"@type":"CommentAction","name":"Comment","target":["https:\/\/vosgesinfo.fr\/saintdieinfo\/2019\/09\/vosges-mediatheque-departementale-cinema\/#respond"]}]},{"@type":"WebPage","@id":"https:\/\/vosgesinfo.fr\/saintdieinfo\/2019\/09\/vosges-mediatheque-departementale-cinema\/","url":"https:\/\/vosgesinfo.fr\/saintdieinfo\/2019\/09\/vosges-mediatheque-departementale-cinema\/","name":"Vosges \u2013 La m\u00e9diath\u00e8que d\u00e9partementale fait son cin\u00e9ma - Saint Die Info","isPartOf":{"@id":"https:\/\/vosgesinfo.fr\/saintdieinfo\/#website"},"primaryImageOfPage":{"@id":"https:\/\/vosgesinfo.fr\/saintdieinfo\/2019\/09\/vosges-mediatheque-departementale-cinema\/#primaryimage"},"image":{"@id":"https:\/\/vosgesinfo.fr\/saintdieinfo\/2019\/09\/vosges-mediatheque-departementale-cinema\/#primaryimage"},"thumbnailUrl":"https:\/\/vosgesinfo.fr\/app\/uploads\/sites\/4\/2024\/08\/201909festival-mediatheques-2019.jpg","datePublished":"2019-09-09T01:45:31+00:00","dateModified":"2019-09-09T01:45:31+00:00","breadcrumb":{"@id":"https:\/\/vosgesinfo.fr\/saintdieinfo\/2019\/09\/vosges-mediatheque-departementale-cinema\/#breadcrumb"},"inLanguage":"fr-FR","potentialAction":[{"@type":"ReadAction","target":["https:\/\/vosgesinfo.fr\/saintdieinfo\/2019\/09\/vosges-mediatheque-departementale-cinema\/"]}]},{"@type":"ImageObject","inLanguage":"fr-FR","@id":"https:\/\/vosgesinfo.fr\/saintdieinfo\/2019\/09\/vosges-mediatheque-departementale-cinema\/#primaryimage","url":"https:\/\/vosgesinfo.fr\/app\/uploads\/sites\/4\/2024\/08\/201909festival-mediatheques-2019.jpg","contentUrl":"https:\/\/vosgesinfo.fr\/app\/uploads\/sites\/4\/2024\/08\/201909festival-mediatheques-2019.jpg","width":1000,"height":543},{"@type":"BreadcrumbList","@id":"https:\/\/vosgesinfo.fr\/saintdieinfo\/2019\/09\/vosges-mediatheque-departementale-cinema\/#breadcrumb","itemListElement":[{"@type":"ListItem","position":1,"name":"Home","item":"https:\/\/vosgesinfo.fr\/saintdieinfo\/"},{"@type":"ListItem","position":2,"name":"Vosges \u2013 La m\u00e9diath\u00e8que d\u00e9partementale fait son cin\u00e9ma"}]},{"@type":"WebSite","@id":"https:\/\/vosgesinfo.fr\/saintdieinfo\/#website","url":"https:\/\/vosgesinfo.fr\/saintdieinfo\/","name":"Saint Die Info","description":"Toute l&#039;actualit\u00e9 de Saint-Di\u00e9-Des-Vosges","publisher":{"@id":"https:\/\/vosgesinfo.fr\/saintdieinfo\/#organization"},"alternateName":"Toute l'actualit\u00e9 de Saint-Di\u00e9-Des-Vosges","potentialAction":[{"@type":"SearchAction","target":{"@type":"EntryPoint","urlTemplate":"https:\/\/vosgesinfo.fr\/saintdieinfo\/?s={search_term_string}"},"query-input":"required name=search_term_string"}],"inLanguage":"fr-FR"},{"@type":"Organization","@id":"https:\/\/vosgesinfo.fr\/saintdieinfo\/#organization","name":"Saint Die Info","url":"https:\/\/vosgesinfo.fr\/saintdieinfo\/","logo":{"@type":"ImageObject","inLanguage":"fr-FR","@id":"https:\/\/vosgesinfo.fr\/saintdieinfo\/#\/schema\/logo\/image\/","url":"https:\/\/vosgesinfo.fr\/app\/uploads\/sites\/4\/2024\/02\/logo-sdi.jpg","contentUrl":"https:\/\/vosgesinfo.fr\/app\/uploads\/sites\/4\/2024\/02\/logo-sdi.jpg","width":600,"height":600,"caption":"Saint Die Info"},"image":{"@id":"https:\/\/vosgesinfo.fr\/saintdieinfo\/#\/schema\/logo\/image\/"},"sameAs":["https:\/\/www.facebook.com\/Saintdieinfofr","https:\/\/x.com\/VosgesInfo88","https:\/\/www.youtube.com\/@vosgesinfo"]},{"@type":"Person","@id":"https:\/\/vosgesinfo.fr\/saintdieinfo\/#\/schema\/person\/faee6704a21f3977511db84bd1cd450f","name":"la r\u00e9daction","image":{"@type":"ImageObject","inLanguage":"fr-FR","@id":"https:\/\/vosgesinfo.fr\/saintdieinfo\/#\/schema\/person\/image\/","url":"https:\/\/secure.gravatar.com\/avatar\/6673d8bc6a9c17fa9a453eaa3448de834fa308c2ec9635b7aa99441a7c8d2cf6?s=96&d=mm&r=g","contentUrl":"https:\/\/secure.gravatar.com\/avatar\/6673d8bc6a9c17fa9a453eaa3448de834fa308c2ec9635b7aa99441a7c8d2cf6?s=96&d=mm&r=g","caption":"la r\u00e9daction"},"url":"https:\/\/vosgesinfo.fr\/saintdieinfo\/author\/redac\/"}]}},"_links":{"self":[{"href":"https:\/\/vosgesinfo.fr\/saintdieinfo\/wp-json\/wp\/v2\/posts\/37970","targetHints":{"allow":["GET"]}}],"collection":[{"href":"https:\/\/vosgesinfo.fr\/saintdieinfo\/wp-json\/wp\/v2\/posts"}],"about":[{"href":"https:\/\/vosgesinfo.fr\/saintdieinfo\/wp-json\/wp\/v2\/types\/post"}],"author":[{"embeddable":true,"href":"https:\/\/vosgesinfo.fr\/saintdieinfo\/wp-json\/wp\/v2\/users\/44"}],"replies":[{"embeddable":true,"href":"https:\/\/vosgesinfo.fr\/saintdieinfo\/wp-json\/wp\/v2\/comments?post=37970"}],"version-history":[{"count":0,"href":"https:\/\/vosgesinfo.fr\/saintdieinfo\/wp-json\/wp\/v2\/posts\/37970\/revisions"}],"wp:featuredmedia":[{"embeddable":true,"href":"https:\/\/vosgesinfo.fr\/saintdieinfo\/wp-json\/wp\/v2\/media\/37971"}],"wp:attachment":[{"href":"https:\/\/vosgesinfo.fr\/saintdieinfo\/wp-json\/wp\/v2\/media?parent=37970"}],"wp:term":[{"taxonomy":"category","embeddable":true,"href":"https:\/\/vosgesinfo.fr\/saintdieinfo\/wp-json\/wp\/v2\/categories?post=37970"},{"taxonomy":"post_tag","embeddable":true,"href":"https:\/\/vosgesinfo.fr\/saintdieinfo\/wp-json\/wp\/v2\/tags?post=37970"}],"curies":[{"name":"wp","href":"https:\/\/api.w.org\/{rel}","templated":true}]}}