{"id":37973,"date":"2019-09-09T10:00:00","date_gmt":"2019-09-09T08:00:00","guid":{"rendered":"https:\/\/vosgesinfo.fr\/saintdieinfo\/2019\/09\/deux-journees-de-cohesion-eleves-lycee-georges-baumont\/"},"modified":"2019-09-09T10:00:00","modified_gmt":"2019-09-09T08:00:00","slug":"deux-journees-de-cohesion-eleves-lycee-georges-baumont","status":"publish","type":"post","link":"https:\/\/vosgesinfo.fr\/saintdieinfo\/2019\/09\/deux-journees-de-cohesion-eleves-lycee-georges-baumont\/","title":{"rendered":"Deux journ\u00e9es de coh\u00e9sion pour des \u00e9l\u00e8ves du lyc\u00e9e Georges-Baumont"},"content":{"rendered":"<div id=\"attachment_144170\" style=\"width: 1010px\" class=\"wp-caption aligncenter\"><a href=\"\/2019\/09\/Journ\u00e9e_Coh\u00e9sion_2nd_Pro_Lyc\u00e9e_Georges-Baumont-2.jpg\" target=\"_blank\" rel=\"noopener\"><img decoding=\"async\" aria-describedby=\"caption-attachment-144170\" class=\"wp-image-144170 size-full\" src=\"\/2019\/09\/Journ\u00e9e_Coh\u00e9sion_2nd_Pro_Lyc\u00e9e_Georges-Baumont-2.jpg\" alt=\"Journ\u00e9e_Coh\u00e9sion_2nd_Pro_Lyc\u00e9e_Georges-Baumont (2)\" width=\"1000\" height=\"667\" \/><\/a><p id=\"caption-attachment-144170\" class=\"wp-caption-text\">L&rsquo;handisport occupait une place importante ce lundi, pour la premi\u00e8re des 2 journ\u00e9es de coh\u00e9sion.<\/p><\/div>\n<h2><strong><span style=\"font-family: Calibri, sans-serif;\"><span style=\"font-size: large;\">Pour la troisi\u00e8me ann\u00e9e cons\u00e9cutive, le lyc\u00e9e Georges-Baumont organise 2 journ\u00e9es de coh\u00e9sion \u00e0 l&rsquo;intention des \u00e9l\u00e8ves en classes de Seconde Pro. S&rsquo;inscrivant dans le cadre du Comit\u00e9 d&rsquo;Education \u00e0 la Sant\u00e9 et \u00e0 la Citoyennet\u00e9 \u2013 CESC \u2013 ces journ\u00e9es se d\u00e9roulent ces lundi et mardi. Respectivement du c\u00f4t\u00e9 du Palais Omnisports Joseph-Claudel de Saint-Di\u00e9-des-Vosges aujourd&rsquo;hui, puis \u00e0 G\u00e9rardmer demain.<\/span><\/span><\/strong><\/h2>\n<p><!--more--><\/p>\n<p><span style=\"font-family: Calibri, sans-serif;\"><span style=\"font-size: large;\">Pour le volet d\u00e9odatien et comme l&rsquo;an dernier, des ateliers anim\u00e9s par des professeurs d&rsquo;EPS de l&rsquo;\u00e9tablissement et divers intervenants \u00e9taient propos\u00e9s tout au long de la journ\u00e9e, de 9h \u00e0 12h le matin puis de 13h30 \u00e0 16h l&rsquo;apr\u00e8s-midi. R\u00e9partis par groupes d&rsquo;une dizaine d&rsquo;\u00e9l\u00e8ves de diff\u00e9rentes classes, les lyc\u00e9ens ont pris part, successivement et \u00e0 tour de r\u00f4le, \u00e0 8 ateliers d&rsquo;une dur\u00e9e de 40 minutes chacun. Le but de ces 2 journ\u00e9es \u00e9tant, comme l&rsquo;indique leur intitul\u00e9, de renforcer la coh\u00e9sion en apprenant \u00e0 mieux se conna\u00eetre via diverses activit\u00e9s sportives.<\/span><\/span><\/p>\n<p><span style=\"font-family: Calibri, sans-serif;\"><span style=\"font-size: large;\">Au programme : du tir \u00e0 l&rsquo;arc avec la Compagnie de Tir \u00e0 l&rsquo;Arc de Saint-Di\u00e9-des-Vosges; du cirque avec du mat\u00e9riel pr\u00eat\u00e9 par l&rsquo;Ecole des Nez-Rouges; de l&rsquo;expression corporelle avec Christophe Perrin; du <em>crossfit<\/em> et de l&rsquo;ergoaviron, avec le mat\u00e9riel du lyc\u00e9e g\u00e9r\u00f4mois La Haie Griselle; diff\u00e9rents ateliers de sensibilisation \u00e0 l&rsquo;handisport aux c\u00f4t\u00e9s d&rsquo;intervenants du Comit\u00e9 R\u00e9gional Handisport Grand Est. Lors de ces ateliers, les adolescents ont ainsi pu s&rsquo;essayer \u00e0 la sarbacane, mais aussi \u00e0 la boccia (une p\u00e9tanque adapt\u00e9e au handicap), au basket en fauteuil et au torball (un sport de ballon pratiqu\u00e9 par des personnes malvoyantes ou non-voyantes).<\/span><\/span><\/p>\n<p><span style=\"font-family: Calibri, sans-serif;\"><span style=\"font-size: large;\">Demain mardi, ces m\u00eames adolescents pratiqueront l&rsquo;accrobranche \u00e0 G\u00e9rardmer, ainsi que du \u00ab\u00a0dragon boat\u00a0\u00bb sur le lac de la Perle des Vosges.<\/span><\/span><\/p>\n<p>J.J.<\/p>\n\n","protected":false},"excerpt":{"rendered":"<p>Pour la troisi\u00e8me ann\u00e9e cons\u00e9cutive, le lyc\u00e9e Georges-Baumont organise 2 journ\u00e9es de coh\u00e9sion \u00e0 l&rsquo;intention des \u00e9l\u00e8ves en classes de [&hellip;]<\/p>\n","protected":false},"author":46,"featured_media":37974,"comment_status":"open","ping_status":"open","sticky":false,"template":"","format":"standard","meta":{"footnotes":""},"categories":[460,6,2915],"tags":[7361,7362,79,2876,7363,3371,3126],"class_list":["post-37973","post","type-post","status-publish","format-standard","has-post-thumbnail","hentry","category-a-la-une","category-education","category-saint-die-son-canton","tag-cesc","tag-comite-deducation-a-la-sante-et-a-la-citoyennete","tag-gerardmer","tag-handisport","tag-journees-de-cohesion","tag-lycee-georges-baumont","tag-palais-omnisports-joseph-claudel"],"acf":[],"yoast_head":"<!-- This site is optimized with the Yoast SEO plugin v22.5 - https:\/\/yoast.com\/wordpress\/plugins\/seo\/ -->\n<title>Deux journ\u00e9es de coh\u00e9sion pour des \u00e9l\u00e8ves du lyc\u00e9e Georges-Baumont - Saint Die Info<\/title>\n<meta name=\"robots\" content=\"index, follow, max-snippet:-1, max-image-preview:large, max-video-preview:-1\" \/>\n<link rel=\"canonical\" href=\"https:\/\/vosgesinfo.fr\/saintdieinfo\/2019\/09\/deux-journees-de-cohesion-eleves-lycee-georges-baumont\/\" \/>\n<meta name=\"twitter:card\" content=\"summary_large_image\" \/>\n<meta name=\"twitter:title\" content=\"Deux journ\u00e9es de coh\u00e9sion pour des \u00e9l\u00e8ves du lyc\u00e9e Georges-Baumont - Saint Die Info\" \/>\n<meta name=\"twitter:description\" content=\"Pour la troisi\u00e8me ann\u00e9e cons\u00e9cutive, le lyc\u00e9e Georges-Baumont organise 2 journ\u00e9es de coh\u00e9sion \u00e0 l&rsquo;intention des \u00e9l\u00e8ves en classes de [&hellip;]\" \/>\n<meta name=\"twitter:image\" content=\"https:\/\/vosgesinfo.fr\/app\/uploads\/sites\/4\/2024\/08\/201909journee-cohesion-2nd-pro-lycee-georges-baumont-2.jpg\" \/>\n<meta name=\"twitter:creator\" content=\"@VosgesInfo88\" \/>\n<meta name=\"twitter:site\" content=\"@VosgesInfo88\" \/>\n<meta name=\"twitter:label1\" content=\"\u00c9crit par\" \/>\n\t<meta name=\"twitter:data1\" content=\"J.J.\" \/>\n\t<meta name=\"twitter:label2\" content=\"Dur\u00e9e de lecture estim\u00e9e\" \/>\n\t<meta name=\"twitter:data2\" content=\"2 minutes\" \/>\n<script type=\"application\/ld+json\" class=\"yoast-schema-graph\">{\"@context\":\"https:\/\/schema.org\",\"@graph\":[{\"@type\":\"Article\",\"@id\":\"https:\/\/vosgesinfo.fr\/saintdieinfo\/2019\/09\/deux-journees-de-cohesion-eleves-lycee-georges-baumont\/#article\",\"isPartOf\":{\"@id\":\"https:\/\/vosgesinfo.fr\/saintdieinfo\/2019\/09\/deux-journees-de-cohesion-eleves-lycee-georges-baumont\/\"},\"author\":{\"name\":\"J.J.\",\"@id\":\"https:\/\/vosgesinfo.fr\/saintdieinfo\/#\/schema\/person\/fa73e9f726d67bb88f46d5b7943cb572\"},\"headline\":\"Deux journ\u00e9es de coh\u00e9sion pour des \u00e9l\u00e8ves du lyc\u00e9e Georges-Baumont\",\"datePublished\":\"2019-09-09T08:00:00+00:00\",\"dateModified\":\"2019-09-09T08:00:00+00:00\",\"mainEntityOfPage\":{\"@id\":\"https:\/\/vosgesinfo.fr\/saintdieinfo\/2019\/09\/deux-journees-de-cohesion-eleves-lycee-georges-baumont\/\"},\"wordCount\":367,\"commentCount\":0,\"publisher\":{\"@id\":\"https:\/\/vosgesinfo.fr\/saintdieinfo\/#organization\"},\"image\":{\"@id\":\"https:\/\/vosgesinfo.fr\/saintdieinfo\/2019\/09\/deux-journees-de-cohesion-eleves-lycee-georges-baumont\/#primaryimage\"},\"thumbnailUrl\":\"https:\/\/vosgesinfo.fr\/app\/uploads\/sites\/4\/2024\/08\/201909journee-cohesion-2nd-pro-lycee-georges-baumont-2.jpg\",\"keywords\":[\"CESC\",\"Comit\u00e9 d'Education \u00e0 la Sant\u00e9 et \u00e0 la Citoyennet\u00e9\",\"G\u00e9rardmer\",\"Handisport\",\"Journ\u00e9es de coh\u00e9sion\",\"Lyc\u00e9e Georges-Baumont\",\"Palais Omnisports Joseph-Claudel\"],\"articleSection\":[\"A la Une\",\"\u00c9ducation\",\"Saint-Di\u00e9-des-Vosges et son Agglom\u00e9ration\"],\"inLanguage\":\"fr-FR\",\"potentialAction\":[{\"@type\":\"CommentAction\",\"name\":\"Comment\",\"target\":[\"https:\/\/vosgesinfo.fr\/saintdieinfo\/2019\/09\/deux-journees-de-cohesion-eleves-lycee-georges-baumont\/#respond\"]}]},{\"@type\":\"WebPage\",\"@id\":\"https:\/\/vosgesinfo.fr\/saintdieinfo\/2019\/09\/deux-journees-de-cohesion-eleves-lycee-georges-baumont\/\",\"url\":\"https:\/\/vosgesinfo.fr\/saintdieinfo\/2019\/09\/deux-journees-de-cohesion-eleves-lycee-georges-baumont\/\",\"name\":\"Deux journ\u00e9es de coh\u00e9sion pour des \u00e9l\u00e8ves du lyc\u00e9e Georges-Baumont - Saint Die Info\",\"isPartOf\":{\"@id\":\"https:\/\/vosgesinfo.fr\/saintdieinfo\/#website\"},\"primaryImageOfPage\":{\"@id\":\"https:\/\/vosgesinfo.fr\/saintdieinfo\/2019\/09\/deux-journees-de-cohesion-eleves-lycee-georges-baumont\/#primaryimage\"},\"image\":{\"@id\":\"https:\/\/vosgesinfo.fr\/saintdieinfo\/2019\/09\/deux-journees-de-cohesion-eleves-lycee-georges-baumont\/#primaryimage\"},\"thumbnailUrl\":\"https:\/\/vosgesinfo.fr\/app\/uploads\/sites\/4\/2024\/08\/201909journee-cohesion-2nd-pro-lycee-georges-baumont-2.jpg\",\"datePublished\":\"2019-09-09T08:00:00+00:00\",\"dateModified\":\"2019-09-09T08:00:00+00:00\",\"breadcrumb\":{\"@id\":\"https:\/\/vosgesinfo.fr\/saintdieinfo\/2019\/09\/deux-journees-de-cohesion-eleves-lycee-georges-baumont\/#breadcrumb\"},\"inLanguage\":\"fr-FR\",\"potentialAction\":[{\"@type\":\"ReadAction\",\"target\":[\"https:\/\/vosgesinfo.fr\/saintdieinfo\/2019\/09\/deux-journees-de-cohesion-eleves-lycee-georges-baumont\/\"]}]},{\"@type\":\"ImageObject\",\"inLanguage\":\"fr-FR\",\"@id\":\"https:\/\/vosgesinfo.fr\/saintdieinfo\/2019\/09\/deux-journees-de-cohesion-eleves-lycee-georges-baumont\/#primaryimage\",\"url\":\"https:\/\/vosgesinfo.fr\/app\/uploads\/sites\/4\/2024\/08\/201909journee-cohesion-2nd-pro-lycee-georges-baumont-2.jpg\",\"contentUrl\":\"https:\/\/vosgesinfo.fr\/app\/uploads\/sites\/4\/2024\/08\/201909journee-cohesion-2nd-pro-lycee-georges-baumont-2.jpg\",\"width\":1000,\"height\":667},{\"@type\":\"BreadcrumbList\",\"@id\":\"https:\/\/vosgesinfo.fr\/saintdieinfo\/2019\/09\/deux-journees-de-cohesion-eleves-lycee-georges-baumont\/#breadcrumb\",\"itemListElement\":[{\"@type\":\"ListItem\",\"position\":1,\"name\":\"Home\",\"item\":\"https:\/\/vosgesinfo.fr\/saintdieinfo\/\"},{\"@type\":\"ListItem\",\"position\":2,\"name\":\"Deux journ\u00e9es de coh\u00e9sion pour des \u00e9l\u00e8ves du lyc\u00e9e Georges-Baumont\"}]},{\"@type\":\"WebSite\",\"@id\":\"https:\/\/vosgesinfo.fr\/saintdieinfo\/#website\",\"url\":\"https:\/\/vosgesinfo.fr\/saintdieinfo\/\",\"name\":\"Saint Die Info\",\"description\":\"Toute l&#039;actualit\u00e9 de Saint-Di\u00e9-Des-Vosges\",\"publisher\":{\"@id\":\"https:\/\/vosgesinfo.fr\/saintdieinfo\/#organization\"},\"alternateName\":\"Toute l'actualit\u00e9 de Saint-Di\u00e9-Des-Vosges\",\"potentialAction\":[{\"@type\":\"SearchAction\",\"target\":{\"@type\":\"EntryPoint\",\"urlTemplate\":\"https:\/\/vosgesinfo.fr\/saintdieinfo\/?s={search_term_string}\"},\"query-input\":\"required name=search_term_string\"}],\"inLanguage\":\"fr-FR\"},{\"@type\":\"Organization\",\"@id\":\"https:\/\/vosgesinfo.fr\/saintdieinfo\/#organization\",\"name\":\"Saint Die Info\",\"url\":\"https:\/\/vosgesinfo.fr\/saintdieinfo\/\",\"logo\":{\"@type\":\"ImageObject\",\"inLanguage\":\"fr-FR\",\"@id\":\"https:\/\/vosgesinfo.fr\/saintdieinfo\/#\/schema\/logo\/image\/\",\"url\":\"https:\/\/vosgesinfo.fr\/app\/uploads\/sites\/4\/2024\/02\/logo-sdi.jpg\",\"contentUrl\":\"https:\/\/vosgesinfo.fr\/app\/uploads\/sites\/4\/2024\/02\/logo-sdi.jpg\",\"width\":600,\"height\":600,\"caption\":\"Saint Die Info\"},\"image\":{\"@id\":\"https:\/\/vosgesinfo.fr\/saintdieinfo\/#\/schema\/logo\/image\/\"},\"sameAs\":[\"https:\/\/www.facebook.com\/Saintdieinfofr\",\"https:\/\/x.com\/VosgesInfo88\",\"https:\/\/www.youtube.com\/@vosgesinfo\"]},{\"@type\":\"Person\",\"@id\":\"https:\/\/vosgesinfo.fr\/saintdieinfo\/#\/schema\/person\/fa73e9f726d67bb88f46d5b7943cb572\",\"name\":\"J.J.\",\"image\":{\"@type\":\"ImageObject\",\"inLanguage\":\"fr-FR\",\"@id\":\"https:\/\/vosgesinfo.fr\/saintdieinfo\/#\/schema\/person\/image\/\",\"url\":\"https:\/\/secure.gravatar.com\/avatar\/219e749e47ffbcca018a360ae4add7d4cdf1cdaaf8bc7676b27efade3fe65615?s=96&d=mm&r=g\",\"contentUrl\":\"https:\/\/secure.gravatar.com\/avatar\/219e749e47ffbcca018a360ae4add7d4cdf1cdaaf8bc7676b27efade3fe65615?s=96&d=mm&r=g\",\"caption\":\"J.J.\"},\"url\":\"https:\/\/vosgesinfo.fr\/saintdieinfo\/author\/j-j\/\"}]}<\/script>\n<!-- \/ Yoast SEO plugin. -->","yoast_head_json":{"title":"Deux journ\u00e9es de coh\u00e9sion pour des \u00e9l\u00e8ves du lyc\u00e9e Georges-Baumont - Saint Die Info","robots":{"index":"index","follow":"follow","max-snippet":"max-snippet:-1","max-image-preview":"max-image-preview:large","max-video-preview":"max-video-preview:-1"},"canonical":"https:\/\/vosgesinfo.fr\/saintdieinfo\/2019\/09\/deux-journees-de-cohesion-eleves-lycee-georges-baumont\/","twitter_card":"summary_large_image","twitter_title":"Deux journ\u00e9es de coh\u00e9sion pour des \u00e9l\u00e8ves du lyc\u00e9e Georges-Baumont - Saint Die Info","twitter_description":"Pour la troisi\u00e8me ann\u00e9e cons\u00e9cutive, le lyc\u00e9e Georges-Baumont organise 2 journ\u00e9es de coh\u00e9sion \u00e0 l&rsquo;intention des \u00e9l\u00e8ves en classes de [&hellip;]","twitter_image":"https:\/\/vosgesinfo.fr\/app\/uploads\/sites\/4\/2024\/08\/201909journee-cohesion-2nd-pro-lycee-georges-baumont-2.jpg","twitter_creator":"@VosgesInfo88","twitter_site":"@VosgesInfo88","twitter_misc":{"\u00c9crit par":"J.J.","Dur\u00e9e de lecture estim\u00e9e":"2 minutes"},"schema":{"@context":"https:\/\/schema.org","@graph":[{"@type":"Article","@id":"https:\/\/vosgesinfo.fr\/saintdieinfo\/2019\/09\/deux-journees-de-cohesion-eleves-lycee-georges-baumont\/#article","isPartOf":{"@id":"https:\/\/vosgesinfo.fr\/saintdieinfo\/2019\/09\/deux-journees-de-cohesion-eleves-lycee-georges-baumont\/"},"author":{"name":"J.J.","@id":"https:\/\/vosgesinfo.fr\/saintdieinfo\/#\/schema\/person\/fa73e9f726d67bb88f46d5b7943cb572"},"headline":"Deux journ\u00e9es de coh\u00e9sion pour des \u00e9l\u00e8ves du lyc\u00e9e Georges-Baumont","datePublished":"2019-09-09T08:00:00+00:00","dateModified":"2019-09-09T08:00:00+00:00","mainEntityOfPage":{"@id":"https:\/\/vosgesinfo.fr\/saintdieinfo\/2019\/09\/deux-journees-de-cohesion-eleves-lycee-georges-baumont\/"},"wordCount":367,"commentCount":0,"publisher":{"@id":"https:\/\/vosgesinfo.fr\/saintdieinfo\/#organization"},"image":{"@id":"https:\/\/vosgesinfo.fr\/saintdieinfo\/2019\/09\/deux-journees-de-cohesion-eleves-lycee-georges-baumont\/#primaryimage"},"thumbnailUrl":"https:\/\/vosgesinfo.fr\/app\/uploads\/sites\/4\/2024\/08\/201909journee-cohesion-2nd-pro-lycee-georges-baumont-2.jpg","keywords":["CESC","Comit\u00e9 d'Education \u00e0 la Sant\u00e9 et \u00e0 la Citoyennet\u00e9","G\u00e9rardmer","Handisport","Journ\u00e9es de coh\u00e9sion","Lyc\u00e9e Georges-Baumont","Palais Omnisports Joseph-Claudel"],"articleSection":["A la Une","\u00c9ducation","Saint-Di\u00e9-des-Vosges et son Agglom\u00e9ration"],"inLanguage":"fr-FR","potentialAction":[{"@type":"CommentAction","name":"Comment","target":["https:\/\/vosgesinfo.fr\/saintdieinfo\/2019\/09\/deux-journees-de-cohesion-eleves-lycee-georges-baumont\/#respond"]}]},{"@type":"WebPage","@id":"https:\/\/vosgesinfo.fr\/saintdieinfo\/2019\/09\/deux-journees-de-cohesion-eleves-lycee-georges-baumont\/","url":"https:\/\/vosgesinfo.fr\/saintdieinfo\/2019\/09\/deux-journees-de-cohesion-eleves-lycee-georges-baumont\/","name":"Deux journ\u00e9es de coh\u00e9sion pour des \u00e9l\u00e8ves du lyc\u00e9e Georges-Baumont - Saint Die Info","isPartOf":{"@id":"https:\/\/vosgesinfo.fr\/saintdieinfo\/#website"},"primaryImageOfPage":{"@id":"https:\/\/vosgesinfo.fr\/saintdieinfo\/2019\/09\/deux-journees-de-cohesion-eleves-lycee-georges-baumont\/#primaryimage"},"image":{"@id":"https:\/\/vosgesinfo.fr\/saintdieinfo\/2019\/09\/deux-journees-de-cohesion-eleves-lycee-georges-baumont\/#primaryimage"},"thumbnailUrl":"https:\/\/vosgesinfo.fr\/app\/uploads\/sites\/4\/2024\/08\/201909journee-cohesion-2nd-pro-lycee-georges-baumont-2.jpg","datePublished":"2019-09-09T08:00:00+00:00","dateModified":"2019-09-09T08:00:00+00:00","breadcrumb":{"@id":"https:\/\/vosgesinfo.fr\/saintdieinfo\/2019\/09\/deux-journees-de-cohesion-eleves-lycee-georges-baumont\/#breadcrumb"},"inLanguage":"fr-FR","potentialAction":[{"@type":"ReadAction","target":["https:\/\/vosgesinfo.fr\/saintdieinfo\/2019\/09\/deux-journees-de-cohesion-eleves-lycee-georges-baumont\/"]}]},{"@type":"ImageObject","inLanguage":"fr-FR","@id":"https:\/\/vosgesinfo.fr\/saintdieinfo\/2019\/09\/deux-journees-de-cohesion-eleves-lycee-georges-baumont\/#primaryimage","url":"https:\/\/vosgesinfo.fr\/app\/uploads\/sites\/4\/2024\/08\/201909journee-cohesion-2nd-pro-lycee-georges-baumont-2.jpg","contentUrl":"https:\/\/vosgesinfo.fr\/app\/uploads\/sites\/4\/2024\/08\/201909journee-cohesion-2nd-pro-lycee-georges-baumont-2.jpg","width":1000,"height":667},{"@type":"BreadcrumbList","@id":"https:\/\/vosgesinfo.fr\/saintdieinfo\/2019\/09\/deux-journees-de-cohesion-eleves-lycee-georges-baumont\/#breadcrumb","itemListElement":[{"@type":"ListItem","position":1,"name":"Home","item":"https:\/\/vosgesinfo.fr\/saintdieinfo\/"},{"@type":"ListItem","position":2,"name":"Deux journ\u00e9es de coh\u00e9sion pour des \u00e9l\u00e8ves du lyc\u00e9e Georges-Baumont"}]},{"@type":"WebSite","@id":"https:\/\/vosgesinfo.fr\/saintdieinfo\/#website","url":"https:\/\/vosgesinfo.fr\/saintdieinfo\/","name":"Saint Die Info","description":"Toute l&#039;actualit\u00e9 de Saint-Di\u00e9-Des-Vosges","publisher":{"@id":"https:\/\/vosgesinfo.fr\/saintdieinfo\/#organization"},"alternateName":"Toute l'actualit\u00e9 de Saint-Di\u00e9-Des-Vosges","potentialAction":[{"@type":"SearchAction","target":{"@type":"EntryPoint","urlTemplate":"https:\/\/vosgesinfo.fr\/saintdieinfo\/?s={search_term_string}"},"query-input":"required name=search_term_string"}],"inLanguage":"fr-FR"},{"@type":"Organization","@id":"https:\/\/vosgesinfo.fr\/saintdieinfo\/#organization","name":"Saint Die Info","url":"https:\/\/vosgesinfo.fr\/saintdieinfo\/","logo":{"@type":"ImageObject","inLanguage":"fr-FR","@id":"https:\/\/vosgesinfo.fr\/saintdieinfo\/#\/schema\/logo\/image\/","url":"https:\/\/vosgesinfo.fr\/app\/uploads\/sites\/4\/2024\/02\/logo-sdi.jpg","contentUrl":"https:\/\/vosgesinfo.fr\/app\/uploads\/sites\/4\/2024\/02\/logo-sdi.jpg","width":600,"height":600,"caption":"Saint Die Info"},"image":{"@id":"https:\/\/vosgesinfo.fr\/saintdieinfo\/#\/schema\/logo\/image\/"},"sameAs":["https:\/\/www.facebook.com\/Saintdieinfofr","https:\/\/x.com\/VosgesInfo88","https:\/\/www.youtube.com\/@vosgesinfo"]},{"@type":"Person","@id":"https:\/\/vosgesinfo.fr\/saintdieinfo\/#\/schema\/person\/fa73e9f726d67bb88f46d5b7943cb572","name":"J.J.","image":{"@type":"ImageObject","inLanguage":"fr-FR","@id":"https:\/\/vosgesinfo.fr\/saintdieinfo\/#\/schema\/person\/image\/","url":"https:\/\/secure.gravatar.com\/avatar\/219e749e47ffbcca018a360ae4add7d4cdf1cdaaf8bc7676b27efade3fe65615?s=96&d=mm&r=g","contentUrl":"https:\/\/secure.gravatar.com\/avatar\/219e749e47ffbcca018a360ae4add7d4cdf1cdaaf8bc7676b27efade3fe65615?s=96&d=mm&r=g","caption":"J.J."},"url":"https:\/\/vosgesinfo.fr\/saintdieinfo\/author\/j-j\/"}]}},"_links":{"self":[{"href":"https:\/\/vosgesinfo.fr\/saintdieinfo\/wp-json\/wp\/v2\/posts\/37973","targetHints":{"allow":["GET"]}}],"collection":[{"href":"https:\/\/vosgesinfo.fr\/saintdieinfo\/wp-json\/wp\/v2\/posts"}],"about":[{"href":"https:\/\/vosgesinfo.fr\/saintdieinfo\/wp-json\/wp\/v2\/types\/post"}],"author":[{"embeddable":true,"href":"https:\/\/vosgesinfo.fr\/saintdieinfo\/wp-json\/wp\/v2\/users\/46"}],"replies":[{"embeddable":true,"href":"https:\/\/vosgesinfo.fr\/saintdieinfo\/wp-json\/wp\/v2\/comments?post=37973"}],"version-history":[{"count":0,"href":"https:\/\/vosgesinfo.fr\/saintdieinfo\/wp-json\/wp\/v2\/posts\/37973\/revisions"}],"wp:featuredmedia":[{"embeddable":true,"href":"https:\/\/vosgesinfo.fr\/saintdieinfo\/wp-json\/wp\/v2\/media\/37974"}],"wp:attachment":[{"href":"https:\/\/vosgesinfo.fr\/saintdieinfo\/wp-json\/wp\/v2\/media?parent=37973"}],"wp:term":[{"taxonomy":"category","embeddable":true,"href":"https:\/\/vosgesinfo.fr\/saintdieinfo\/wp-json\/wp\/v2\/categories?post=37973"},{"taxonomy":"post_tag","embeddable":true,"href":"https:\/\/vosgesinfo.fr\/saintdieinfo\/wp-json\/wp\/v2\/tags?post=37973"}],"curies":[{"name":"wp","href":"https:\/\/api.w.org\/{rel}","templated":true}]}}