{"id":37995,"date":"2019-09-10T05:00:36","date_gmt":"2019-09-10T03:00:36","guid":{"rendered":"https:\/\/vosgesinfo.fr\/saintdieinfo\/2019\/09\/vosges-journees-europeennes-patrimoine-rendez-a-lhotel-de-prefecture\/"},"modified":"2019-09-10T05:00:36","modified_gmt":"2019-09-10T03:00:36","slug":"vosges-journees-europeennes-patrimoine-rendez-a-lhotel-de-prefecture","status":"publish","type":"post","link":"https:\/\/vosgesinfo.fr\/saintdieinfo\/2019\/09\/vosges-journees-europeennes-patrimoine-rendez-a-lhotel-de-prefecture\/","title":{"rendered":"Vosges \u2013 Journ\u00e9es Europ\u00e9ennes du Patrimoine : rendez-vous \u00e0 l\u2019H\u00f4tel de la Pr\u00e9fecture"},"content":{"rendered":"<p><a href=\"\/2019\/09\/journees-du-patrimoine.jpg\" target=\"_blank\" rel=\"noopener\"><img decoding=\"async\" class=\"aligncenter wp-image-144190 size-full\" src=\"\/2019\/09\/journees-du-patrimoine.jpg\" alt=\"journees-du-patrimoine\" width=\"849\" height=\"323\" \/><\/a><\/p>\n<h2><span style=\"font-size: 14pt;\"><strong>L\u2019H\u00f4tel de la Pr\u00e9fecture des Vosges sera exceptionnellement ouvert au public \u00e0 l\u2019occasion des prochaines Journ\u00e9es Europ\u00e9ennes du Patrimoine qui auront lieu les samedi 21 et dimanche 22 septembre 2019 apr\u00e8s-midi. Les visites seront exclusivement guid\u00e9es.<\/strong><\/span><\/h2>\n<p><!--more--><\/p>\n<h3><strong>Elles d\u00e9buteront :<\/strong><\/h3>\n<ul>\n<li>le samedi 21 septembre \u00e0 14h15 et 16h00 avec \u00e0 l\u2019issue de chaque visite un petit concert d\u2019une demi-heure de la formation musicale du 1er R\u00e9giment des Tirailleurs d\u2019\u00c9pinal dans les jardins de l\u2019H\u00f4tel de la Pr\u00e9fecture;<\/li>\n<li>le dimanche 22 septembre \u00e0 14h15 \u2013 15h15 et 16h15 (pr\u00e9voir d\u2019arriver 15 minutes avant).<\/li>\n<\/ul>\n<p>L\u2019entr\u00e9e est gratuite mais une r\u00e9servation pr\u00e9alable est obligatoire sur : <a href=\"http:\/\/www.billetweb.fr\/jep2019-prefecture-des-vosges\" target=\"_blank\" rel=\"noopener\"><strong>http:\/\/www.billetweb.fr\/jep2019-prefecture-des-vosges<\/strong><\/a> ou par t\u00e9l\u00e9phone (<strong>03 29 69 88 36 ou 37<\/strong>) pour les personnes ne disposant pas de connexion \u00e0 internet. En raison du plan Vigipirate, l\u2019acc\u00e8s se fera sur pr\u00e9sentation d\u2019une pi\u00e8ce d\u2019identit\u00e9.<\/p>\n","protected":false},"excerpt":{"rendered":"<p>L\u2019H\u00f4tel de la Pr\u00e9fecture des Vosges sera exceptionnellement ouvert au public \u00e0 l\u2019occasion des prochaines Journ\u00e9es Europ\u00e9ennes du Patrimoine qui [&hellip;]<\/p>\n","protected":false},"author":44,"featured_media":37996,"comment_status":"open","ping_status":"open","sticky":false,"template":"","format":"standard","meta":{"footnotes":""},"categories":[460,18],"tags":[3285,2163,7368],"class_list":["post-37995","post","type-post","status-publish","format-standard","has-post-thumbnail","hentry","category-a-la-une","category-vosges","tag-hotel-de-la-prefecture-des-vosges","tag-journees-europeennes-du-patrimoine","tag-journees-europeennes-du-patrimoine-2019"],"acf":[],"yoast_head":"<!-- This site is optimized with the Yoast SEO plugin v22.5 - https:\/\/yoast.com\/wordpress\/plugins\/seo\/ -->\n<title>Vosges \u2013 Journ\u00e9es Europ\u00e9ennes du Patrimoine : rendez-vous \u00e0 l\u2019H\u00f4tel de la Pr\u00e9fecture - Saint Die Info<\/title>\n<meta name=\"robots\" content=\"index, follow, max-snippet:-1, max-image-preview:large, max-video-preview:-1\" \/>\n<link rel=\"canonical\" href=\"https:\/\/vosgesinfo.fr\/saintdieinfo\/2019\/09\/vosges-journees-europeennes-patrimoine-rendez-a-lhotel-de-prefecture\/\" \/>\n<meta name=\"twitter:card\" content=\"summary_large_image\" \/>\n<meta name=\"twitter:title\" content=\"Vosges \u2013 Journ\u00e9es Europ\u00e9ennes du Patrimoine : rendez-vous \u00e0 l\u2019H\u00f4tel de la Pr\u00e9fecture - Saint Die Info\" \/>\n<meta name=\"twitter:description\" content=\"L\u2019H\u00f4tel de la Pr\u00e9fecture des Vosges sera exceptionnellement ouvert au public \u00e0 l\u2019occasion des prochaines Journ\u00e9es Europ\u00e9ennes du Patrimoine qui [&hellip;]\" \/>\n<meta name=\"twitter:image\" content=\"https:\/\/vosgesinfo.fr\/app\/uploads\/sites\/4\/2024\/08\/201909journees-du-patrimoine.jpg\" \/>\n<meta name=\"twitter:creator\" content=\"@VosgesInfo88\" \/>\n<meta name=\"twitter:site\" content=\"@VosgesInfo88\" \/>\n<meta name=\"twitter:label1\" content=\"\u00c9crit par\" \/>\n\t<meta name=\"twitter:data1\" content=\"la r\u00e9daction\" \/>\n\t<meta name=\"twitter:label2\" content=\"Dur\u00e9e de lecture estim\u00e9e\" \/>\n\t<meta name=\"twitter:data2\" content=\"1 minute\" \/>\n<script type=\"application\/ld+json\" class=\"yoast-schema-graph\">{\"@context\":\"https:\/\/schema.org\",\"@graph\":[{\"@type\":\"Article\",\"@id\":\"https:\/\/vosgesinfo.fr\/saintdieinfo\/2019\/09\/vosges-journees-europeennes-patrimoine-rendez-a-lhotel-de-prefecture\/#article\",\"isPartOf\":{\"@id\":\"https:\/\/vosgesinfo.fr\/saintdieinfo\/2019\/09\/vosges-journees-europeennes-patrimoine-rendez-a-lhotel-de-prefecture\/\"},\"author\":{\"name\":\"la r\u00e9daction\",\"@id\":\"https:\/\/vosgesinfo.fr\/saintdieinfo\/#\/schema\/person\/faee6704a21f3977511db84bd1cd450f\"},\"headline\":\"Vosges \u2013 Journ\u00e9es Europ\u00e9ennes du Patrimoine : rendez-vous \u00e0 l\u2019H\u00f4tel de la Pr\u00e9fecture\",\"datePublished\":\"2019-09-10T03:00:36+00:00\",\"dateModified\":\"2019-09-10T03:00:36+00:00\",\"mainEntityOfPage\":{\"@id\":\"https:\/\/vosgesinfo.fr\/saintdieinfo\/2019\/09\/vosges-journees-europeennes-patrimoine-rendez-a-lhotel-de-prefecture\/\"},\"wordCount\":166,\"commentCount\":0,\"publisher\":{\"@id\":\"https:\/\/vosgesinfo.fr\/saintdieinfo\/#organization\"},\"image\":{\"@id\":\"https:\/\/vosgesinfo.fr\/saintdieinfo\/2019\/09\/vosges-journees-europeennes-patrimoine-rendez-a-lhotel-de-prefecture\/#primaryimage\"},\"thumbnailUrl\":\"https:\/\/vosgesinfo.fr\/app\/uploads\/sites\/4\/2024\/08\/201909journees-du-patrimoine.jpg\",\"keywords\":[\"H\u00f4tel de la Pr\u00e9fecture des Vosges\",\"journ\u00e9es europ\u00e9ennes du patrimoine\",\"Journ\u00e9es Europ\u00e9ennes du Patrimoine 2019\"],\"articleSection\":[\"A la Une\",\"Vosges\"],\"inLanguage\":\"fr-FR\",\"potentialAction\":[{\"@type\":\"CommentAction\",\"name\":\"Comment\",\"target\":[\"https:\/\/vosgesinfo.fr\/saintdieinfo\/2019\/09\/vosges-journees-europeennes-patrimoine-rendez-a-lhotel-de-prefecture\/#respond\"]}]},{\"@type\":\"WebPage\",\"@id\":\"https:\/\/vosgesinfo.fr\/saintdieinfo\/2019\/09\/vosges-journees-europeennes-patrimoine-rendez-a-lhotel-de-prefecture\/\",\"url\":\"https:\/\/vosgesinfo.fr\/saintdieinfo\/2019\/09\/vosges-journees-europeennes-patrimoine-rendez-a-lhotel-de-prefecture\/\",\"name\":\"Vosges \u2013 Journ\u00e9es Europ\u00e9ennes du Patrimoine : rendez-vous \u00e0 l\u2019H\u00f4tel de la Pr\u00e9fecture - Saint Die Info\",\"isPartOf\":{\"@id\":\"https:\/\/vosgesinfo.fr\/saintdieinfo\/#website\"},\"primaryImageOfPage\":{\"@id\":\"https:\/\/vosgesinfo.fr\/saintdieinfo\/2019\/09\/vosges-journees-europeennes-patrimoine-rendez-a-lhotel-de-prefecture\/#primaryimage\"},\"image\":{\"@id\":\"https:\/\/vosgesinfo.fr\/saintdieinfo\/2019\/09\/vosges-journees-europeennes-patrimoine-rendez-a-lhotel-de-prefecture\/#primaryimage\"},\"thumbnailUrl\":\"https:\/\/vosgesinfo.fr\/app\/uploads\/sites\/4\/2024\/08\/201909journees-du-patrimoine.jpg\",\"datePublished\":\"2019-09-10T03:00:36+00:00\",\"dateModified\":\"2019-09-10T03:00:36+00:00\",\"breadcrumb\":{\"@id\":\"https:\/\/vosgesinfo.fr\/saintdieinfo\/2019\/09\/vosges-journees-europeennes-patrimoine-rendez-a-lhotel-de-prefecture\/#breadcrumb\"},\"inLanguage\":\"fr-FR\",\"potentialAction\":[{\"@type\":\"ReadAction\",\"target\":[\"https:\/\/vosgesinfo.fr\/saintdieinfo\/2019\/09\/vosges-journees-europeennes-patrimoine-rendez-a-lhotel-de-prefecture\/\"]}]},{\"@type\":\"ImageObject\",\"inLanguage\":\"fr-FR\",\"@id\":\"https:\/\/vosgesinfo.fr\/saintdieinfo\/2019\/09\/vosges-journees-europeennes-patrimoine-rendez-a-lhotel-de-prefecture\/#primaryimage\",\"url\":\"https:\/\/vosgesinfo.fr\/app\/uploads\/sites\/4\/2024\/08\/201909journees-du-patrimoine.jpg\",\"contentUrl\":\"https:\/\/vosgesinfo.fr\/app\/uploads\/sites\/4\/2024\/08\/201909journees-du-patrimoine.jpg\",\"width\":849,\"height\":323},{\"@type\":\"BreadcrumbList\",\"@id\":\"https:\/\/vosgesinfo.fr\/saintdieinfo\/2019\/09\/vosges-journees-europeennes-patrimoine-rendez-a-lhotel-de-prefecture\/#breadcrumb\",\"itemListElement\":[{\"@type\":\"ListItem\",\"position\":1,\"name\":\"Home\",\"item\":\"https:\/\/vosgesinfo.fr\/saintdieinfo\/\"},{\"@type\":\"ListItem\",\"position\":2,\"name\":\"Vosges \u2013 Journ\u00e9es Europ\u00e9ennes du Patrimoine : rendez-vous \u00e0 l\u2019H\u00f4tel de la Pr\u00e9fecture\"}]},{\"@type\":\"WebSite\",\"@id\":\"https:\/\/vosgesinfo.fr\/saintdieinfo\/#website\",\"url\":\"https:\/\/vosgesinfo.fr\/saintdieinfo\/\",\"name\":\"Saint Die Info\",\"description\":\"Toute l&#039;actualit\u00e9 de Saint-Di\u00e9-Des-Vosges\",\"publisher\":{\"@id\":\"https:\/\/vosgesinfo.fr\/saintdieinfo\/#organization\"},\"alternateName\":\"Toute l'actualit\u00e9 de Saint-Di\u00e9-Des-Vosges\",\"potentialAction\":[{\"@type\":\"SearchAction\",\"target\":{\"@type\":\"EntryPoint\",\"urlTemplate\":\"https:\/\/vosgesinfo.fr\/saintdieinfo\/?s={search_term_string}\"},\"query-input\":\"required name=search_term_string\"}],\"inLanguage\":\"fr-FR\"},{\"@type\":\"Organization\",\"@id\":\"https:\/\/vosgesinfo.fr\/saintdieinfo\/#organization\",\"name\":\"Saint Die Info\",\"url\":\"https:\/\/vosgesinfo.fr\/saintdieinfo\/\",\"logo\":{\"@type\":\"ImageObject\",\"inLanguage\":\"fr-FR\",\"@id\":\"https:\/\/vosgesinfo.fr\/saintdieinfo\/#\/schema\/logo\/image\/\",\"url\":\"https:\/\/vosgesinfo.fr\/app\/uploads\/sites\/4\/2024\/02\/logo-sdi.jpg\",\"contentUrl\":\"https:\/\/vosgesinfo.fr\/app\/uploads\/sites\/4\/2024\/02\/logo-sdi.jpg\",\"width\":600,\"height\":600,\"caption\":\"Saint Die Info\"},\"image\":{\"@id\":\"https:\/\/vosgesinfo.fr\/saintdieinfo\/#\/schema\/logo\/image\/\"},\"sameAs\":[\"https:\/\/www.facebook.com\/Saintdieinfofr\",\"https:\/\/x.com\/VosgesInfo88\",\"https:\/\/www.youtube.com\/@vosgesinfo\"]},{\"@type\":\"Person\",\"@id\":\"https:\/\/vosgesinfo.fr\/saintdieinfo\/#\/schema\/person\/faee6704a21f3977511db84bd1cd450f\",\"name\":\"la r\u00e9daction\",\"image\":{\"@type\":\"ImageObject\",\"inLanguage\":\"fr-FR\",\"@id\":\"https:\/\/vosgesinfo.fr\/saintdieinfo\/#\/schema\/person\/image\/\",\"url\":\"https:\/\/secure.gravatar.com\/avatar\/6673d8bc6a9c17fa9a453eaa3448de834fa308c2ec9635b7aa99441a7c8d2cf6?s=96&d=mm&r=g\",\"contentUrl\":\"https:\/\/secure.gravatar.com\/avatar\/6673d8bc6a9c17fa9a453eaa3448de834fa308c2ec9635b7aa99441a7c8d2cf6?s=96&d=mm&r=g\",\"caption\":\"la r\u00e9daction\"},\"url\":\"https:\/\/vosgesinfo.fr\/saintdieinfo\/author\/redac\/\"}]}<\/script>\n<!-- \/ Yoast SEO plugin. -->","yoast_head_json":{"title":"Vosges \u2013 Journ\u00e9es Europ\u00e9ennes du Patrimoine : rendez-vous \u00e0 l\u2019H\u00f4tel de la Pr\u00e9fecture - Saint Die Info","robots":{"index":"index","follow":"follow","max-snippet":"max-snippet:-1","max-image-preview":"max-image-preview:large","max-video-preview":"max-video-preview:-1"},"canonical":"https:\/\/vosgesinfo.fr\/saintdieinfo\/2019\/09\/vosges-journees-europeennes-patrimoine-rendez-a-lhotel-de-prefecture\/","twitter_card":"summary_large_image","twitter_title":"Vosges \u2013 Journ\u00e9es Europ\u00e9ennes du Patrimoine : rendez-vous \u00e0 l\u2019H\u00f4tel de la Pr\u00e9fecture - Saint Die Info","twitter_description":"L\u2019H\u00f4tel de la Pr\u00e9fecture des Vosges sera exceptionnellement ouvert au public \u00e0 l\u2019occasion des prochaines Journ\u00e9es Europ\u00e9ennes du Patrimoine qui [&hellip;]","twitter_image":"https:\/\/vosgesinfo.fr\/app\/uploads\/sites\/4\/2024\/08\/201909journees-du-patrimoine.jpg","twitter_creator":"@VosgesInfo88","twitter_site":"@VosgesInfo88","twitter_misc":{"\u00c9crit par":"la r\u00e9daction","Dur\u00e9e de lecture estim\u00e9e":"1 minute"},"schema":{"@context":"https:\/\/schema.org","@graph":[{"@type":"Article","@id":"https:\/\/vosgesinfo.fr\/saintdieinfo\/2019\/09\/vosges-journees-europeennes-patrimoine-rendez-a-lhotel-de-prefecture\/#article","isPartOf":{"@id":"https:\/\/vosgesinfo.fr\/saintdieinfo\/2019\/09\/vosges-journees-europeennes-patrimoine-rendez-a-lhotel-de-prefecture\/"},"author":{"name":"la r\u00e9daction","@id":"https:\/\/vosgesinfo.fr\/saintdieinfo\/#\/schema\/person\/faee6704a21f3977511db84bd1cd450f"},"headline":"Vosges \u2013 Journ\u00e9es Europ\u00e9ennes du Patrimoine : rendez-vous \u00e0 l\u2019H\u00f4tel de la Pr\u00e9fecture","datePublished":"2019-09-10T03:00:36+00:00","dateModified":"2019-09-10T03:00:36+00:00","mainEntityOfPage":{"@id":"https:\/\/vosgesinfo.fr\/saintdieinfo\/2019\/09\/vosges-journees-europeennes-patrimoine-rendez-a-lhotel-de-prefecture\/"},"wordCount":166,"commentCount":0,"publisher":{"@id":"https:\/\/vosgesinfo.fr\/saintdieinfo\/#organization"},"image":{"@id":"https:\/\/vosgesinfo.fr\/saintdieinfo\/2019\/09\/vosges-journees-europeennes-patrimoine-rendez-a-lhotel-de-prefecture\/#primaryimage"},"thumbnailUrl":"https:\/\/vosgesinfo.fr\/app\/uploads\/sites\/4\/2024\/08\/201909journees-du-patrimoine.jpg","keywords":["H\u00f4tel de la Pr\u00e9fecture des Vosges","journ\u00e9es europ\u00e9ennes du patrimoine","Journ\u00e9es Europ\u00e9ennes du Patrimoine 2019"],"articleSection":["A la Une","Vosges"],"inLanguage":"fr-FR","potentialAction":[{"@type":"CommentAction","name":"Comment","target":["https:\/\/vosgesinfo.fr\/saintdieinfo\/2019\/09\/vosges-journees-europeennes-patrimoine-rendez-a-lhotel-de-prefecture\/#respond"]}]},{"@type":"WebPage","@id":"https:\/\/vosgesinfo.fr\/saintdieinfo\/2019\/09\/vosges-journees-europeennes-patrimoine-rendez-a-lhotel-de-prefecture\/","url":"https:\/\/vosgesinfo.fr\/saintdieinfo\/2019\/09\/vosges-journees-europeennes-patrimoine-rendez-a-lhotel-de-prefecture\/","name":"Vosges \u2013 Journ\u00e9es Europ\u00e9ennes du Patrimoine : rendez-vous \u00e0 l\u2019H\u00f4tel de la Pr\u00e9fecture - Saint Die Info","isPartOf":{"@id":"https:\/\/vosgesinfo.fr\/saintdieinfo\/#website"},"primaryImageOfPage":{"@id":"https:\/\/vosgesinfo.fr\/saintdieinfo\/2019\/09\/vosges-journees-europeennes-patrimoine-rendez-a-lhotel-de-prefecture\/#primaryimage"},"image":{"@id":"https:\/\/vosgesinfo.fr\/saintdieinfo\/2019\/09\/vosges-journees-europeennes-patrimoine-rendez-a-lhotel-de-prefecture\/#primaryimage"},"thumbnailUrl":"https:\/\/vosgesinfo.fr\/app\/uploads\/sites\/4\/2024\/08\/201909journees-du-patrimoine.jpg","datePublished":"2019-09-10T03:00:36+00:00","dateModified":"2019-09-10T03:00:36+00:00","breadcrumb":{"@id":"https:\/\/vosgesinfo.fr\/saintdieinfo\/2019\/09\/vosges-journees-europeennes-patrimoine-rendez-a-lhotel-de-prefecture\/#breadcrumb"},"inLanguage":"fr-FR","potentialAction":[{"@type":"ReadAction","target":["https:\/\/vosgesinfo.fr\/saintdieinfo\/2019\/09\/vosges-journees-europeennes-patrimoine-rendez-a-lhotel-de-prefecture\/"]}]},{"@type":"ImageObject","inLanguage":"fr-FR","@id":"https:\/\/vosgesinfo.fr\/saintdieinfo\/2019\/09\/vosges-journees-europeennes-patrimoine-rendez-a-lhotel-de-prefecture\/#primaryimage","url":"https:\/\/vosgesinfo.fr\/app\/uploads\/sites\/4\/2024\/08\/201909journees-du-patrimoine.jpg","contentUrl":"https:\/\/vosgesinfo.fr\/app\/uploads\/sites\/4\/2024\/08\/201909journees-du-patrimoine.jpg","width":849,"height":323},{"@type":"BreadcrumbList","@id":"https:\/\/vosgesinfo.fr\/saintdieinfo\/2019\/09\/vosges-journees-europeennes-patrimoine-rendez-a-lhotel-de-prefecture\/#breadcrumb","itemListElement":[{"@type":"ListItem","position":1,"name":"Home","item":"https:\/\/vosgesinfo.fr\/saintdieinfo\/"},{"@type":"ListItem","position":2,"name":"Vosges \u2013 Journ\u00e9es Europ\u00e9ennes du Patrimoine : rendez-vous \u00e0 l\u2019H\u00f4tel de la Pr\u00e9fecture"}]},{"@type":"WebSite","@id":"https:\/\/vosgesinfo.fr\/saintdieinfo\/#website","url":"https:\/\/vosgesinfo.fr\/saintdieinfo\/","name":"Saint Die Info","description":"Toute l&#039;actualit\u00e9 de Saint-Di\u00e9-Des-Vosges","publisher":{"@id":"https:\/\/vosgesinfo.fr\/saintdieinfo\/#organization"},"alternateName":"Toute l'actualit\u00e9 de Saint-Di\u00e9-Des-Vosges","potentialAction":[{"@type":"SearchAction","target":{"@type":"EntryPoint","urlTemplate":"https:\/\/vosgesinfo.fr\/saintdieinfo\/?s={search_term_string}"},"query-input":"required name=search_term_string"}],"inLanguage":"fr-FR"},{"@type":"Organization","@id":"https:\/\/vosgesinfo.fr\/saintdieinfo\/#organization","name":"Saint Die Info","url":"https:\/\/vosgesinfo.fr\/saintdieinfo\/","logo":{"@type":"ImageObject","inLanguage":"fr-FR","@id":"https:\/\/vosgesinfo.fr\/saintdieinfo\/#\/schema\/logo\/image\/","url":"https:\/\/vosgesinfo.fr\/app\/uploads\/sites\/4\/2024\/02\/logo-sdi.jpg","contentUrl":"https:\/\/vosgesinfo.fr\/app\/uploads\/sites\/4\/2024\/02\/logo-sdi.jpg","width":600,"height":600,"caption":"Saint Die Info"},"image":{"@id":"https:\/\/vosgesinfo.fr\/saintdieinfo\/#\/schema\/logo\/image\/"},"sameAs":["https:\/\/www.facebook.com\/Saintdieinfofr","https:\/\/x.com\/VosgesInfo88","https:\/\/www.youtube.com\/@vosgesinfo"]},{"@type":"Person","@id":"https:\/\/vosgesinfo.fr\/saintdieinfo\/#\/schema\/person\/faee6704a21f3977511db84bd1cd450f","name":"la r\u00e9daction","image":{"@type":"ImageObject","inLanguage":"fr-FR","@id":"https:\/\/vosgesinfo.fr\/saintdieinfo\/#\/schema\/person\/image\/","url":"https:\/\/secure.gravatar.com\/avatar\/6673d8bc6a9c17fa9a453eaa3448de834fa308c2ec9635b7aa99441a7c8d2cf6?s=96&d=mm&r=g","contentUrl":"https:\/\/secure.gravatar.com\/avatar\/6673d8bc6a9c17fa9a453eaa3448de834fa308c2ec9635b7aa99441a7c8d2cf6?s=96&d=mm&r=g","caption":"la r\u00e9daction"},"url":"https:\/\/vosgesinfo.fr\/saintdieinfo\/author\/redac\/"}]}},"_links":{"self":[{"href":"https:\/\/vosgesinfo.fr\/saintdieinfo\/wp-json\/wp\/v2\/posts\/37995","targetHints":{"allow":["GET"]}}],"collection":[{"href":"https:\/\/vosgesinfo.fr\/saintdieinfo\/wp-json\/wp\/v2\/posts"}],"about":[{"href":"https:\/\/vosgesinfo.fr\/saintdieinfo\/wp-json\/wp\/v2\/types\/post"}],"author":[{"embeddable":true,"href":"https:\/\/vosgesinfo.fr\/saintdieinfo\/wp-json\/wp\/v2\/users\/44"}],"replies":[{"embeddable":true,"href":"https:\/\/vosgesinfo.fr\/saintdieinfo\/wp-json\/wp\/v2\/comments?post=37995"}],"version-history":[{"count":0,"href":"https:\/\/vosgesinfo.fr\/saintdieinfo\/wp-json\/wp\/v2\/posts\/37995\/revisions"}],"wp:featuredmedia":[{"embeddable":true,"href":"https:\/\/vosgesinfo.fr\/saintdieinfo\/wp-json\/wp\/v2\/media\/37996"}],"wp:attachment":[{"href":"https:\/\/vosgesinfo.fr\/saintdieinfo\/wp-json\/wp\/v2\/media?parent=37995"}],"wp:term":[{"taxonomy":"category","embeddable":true,"href":"https:\/\/vosgesinfo.fr\/saintdieinfo\/wp-json\/wp\/v2\/categories?post=37995"},{"taxonomy":"post_tag","embeddable":true,"href":"https:\/\/vosgesinfo.fr\/saintdieinfo\/wp-json\/wp\/v2\/tags?post=37995"}],"curies":[{"name":"wp","href":"https:\/\/api.w.org\/{rel}","templated":true}]}}