{"id":38000,"date":"2019-09-10T05:15:54","date_gmt":"2019-09-10T03:15:54","guid":{"rendered":"https:\/\/vosgesinfo.fr\/saintdieinfo\/2019\/09\/vosges-restera-t-de-4019\/"},"modified":"2019-09-10T05:15:54","modified_gmt":"2019-09-10T03:15:54","slug":"vosges-restera-t-de-4019","status":"publish","type":"post","link":"https:\/\/vosgesinfo.fr\/saintdieinfo\/2019\/09\/vosges-restera-t-de-4019\/","title":{"rendered":"Vosges \u2013 Que restera-t-il de nous en 4019 ?"},"content":{"rendered":"<div class=\"detail-description\">\n<div id=\"attachment_144203\" style=\"width: 970px\" class=\"wp-caption aligncenter\"><a href=\"\/2019\/09\/FA5.jpg\" target=\"_blank\" rel=\"noopener\"><img decoding=\"async\" aria-describedby=\"caption-attachment-144203\" class=\"wp-image-144203 size-large\" src=\"\/2019\/09\/FA5-1024x576.jpg\" alt=\"FA5\" width=\"960\" height=\"540\" \/><\/a><p id=\"caption-attachment-144203\" class=\"wp-caption-text\">(Cr\u00e9dits photographiques Conseil D\u00e9partemental des Vosges)<\/p><\/div>\n<h2><span style=\"font-size: 14pt;\"><strong>Une question simple pour des r\u00e9ponses qui fusent \u00e0 Epinal au MUDAAC (Mus\u00e9e d\u00e9partemental d\u2019art ancien et contemporain) gr\u00e2ce \u00e0 l\u2019exposition \u00ab\u00a0Futur Ant\u00e9rieur\u00a0\u00bb qui y sera pr\u00e9sent\u00e9e du 12 septembre 2019 au 31 janvier 2020.<\/strong><\/span><\/h2>\n<\/div>\n<p><!--more-->\u00ab\u00a0<strong><em>Une exposition s\u00e9rieuse qui ne se prend pas au s\u00e9rieux<\/em><\/strong><em>. <strong>Une exposition qui nous interroge sur ce que nous laisserons \u00e0 nos descendants.<\/strong> <strong>Une exposition qui nous fait prendre conscience de la difficult\u00e9 d\u2019archiver et de conserver nos donn\u00e9es<\/strong><\/em>\u00a0\u00bb comme l\u2019explique Aur\u00e9lie Debrosse, responsable du service des publics\u00a0du MUDAAC qui supervise l\u2019exposition \u00ab\u00a0Futur Ant\u00e9rieur\u00a0\u00bb. En r\u00e9sum\u00e9, une exposition \u00e0 visiter d\u2019urgence.<\/p>\n<div class=\"detail-description\">\n<p><strong>\u00ab\u00a0Futur ant\u00e9rieur\u00a0\u00bb nous transporte en 4019, une \u00e9poque o\u00f9 la m\u00e9moire \u00e9crite et audiovisuelle a \u00e9t\u00e9 effac\u00e9e,<\/strong> victime de ses supports trop fragiles. <strong>Le papier, les disques durs, les cl\u00e9s USB (\u2026) n\u2019ont pas pass\u00e9 l\u2019\u00e9preuve du temps contrairement aux objets en m\u00e9taux, c\u00e9ramique, verre, pierre. Les arch\u00e9ologues restituent alors 2019 via ces objets fragmentaires<\/strong> parfois avec justesse parfois en se trompant. \u00ab\u00a0<strong><em>Ce qui donne \u00e0 cette exposition tout l\u2019humour, la d\u00e9rision et le s\u00e9rieux n\u00e9cessaires<\/em><\/strong><em> pour comprendre les d\u00e9fis auxquels est confront\u00e9e l\u2019arch\u00e9ologie<\/em>\u00a0\u00bb pr\u00e9cise Aur\u00e9lie Debrosse. <strong>Un ton d\u00e9cal\u00e9<\/strong> qui nous permet de fl\u00e2ner durant une apr\u00e8s-midi au sein du MUDAAC et d\u2019en ressortir plus riche.<\/p>\n<p><strong>Une exposition con\u00e7ue et pr\u00eat\u00e9e par le Mus\u00e9e romain de Lausanne-Vidy (Suisse). Laurent Flutsch, le conservateur <\/strong>du Mus\u00e9e romain de Lausanne-Vidy <strong>et concepteur de l\u2019exposition sera d\u2019ailleurs pr\u00e9sent le 22 novembre \u00e0 18h <\/strong>\u00e0 l\u2019occasion d\u2019une conf\u00e9rence\/ap\u00e9ro o\u00f9 il donnera sa vision de l\u2019arch\u00e9ologie.<\/p>\n<p><strong>Cette exposition est aussi l\u2019occasion de red\u00e9couvrir un artiste, Daniel Spoerri, et son \u00ab\u00a0D\u00e9jeuner sous l\u2019herbe\u00a0\u00bb.<\/strong> En partenariat avec l\u2019Institut national de recherches arch\u00e9ologiques pr\u00e9ventives (Inrap), le MUDAAC propose de mettre en lumi\u00e8re les chantiers de fouilles men\u00e9s en 2010 et 2016 dans un parc \u00e0 Jouy-en-Josas. En effet, en 1983, l\u2019artiste Daniel Spoerri organisait une vaste performance baptis\u00e9e le \u00ab D\u00e9jeuner sous l\u2019herbe \u00e0 l\u2019occasion de l\u2019enterrement du tableau-pi\u00e8ge \u00bb, un banquet r\u00e9unissant une centaine de personnes, parmi les happy few de l\u2019art contemporain de l\u2019\u00e9poque. Apr\u00e8s le plat de r\u00e9sistance, les convives ont \u00e9t\u00e9 invit\u00e9s \u00e0 d\u00e9tacher le plateau de leur table et \u00e0 le d\u00e9poser au fond d\u2019une tranch\u00e9e creus\u00e9e pour l\u2019occasion. L\u2019ensemble recouvert de terre, le repas poursuivit ensuite son cours, les convives encha\u00eenant avec le fromage et le dessert, le tout proprement arros\u00e9, une pluie fine et p\u00e9n\u00e9trante for\u00e7ant au repli dans le salon du ch\u00e2teau du parc. L\u2019assembl\u00e9e se quittait ensuite en convenant de revenir bient\u00f4t, pour y ouvrir un chantier arch\u00e9ologique original que l\u2019artiste r\u00eavait, non sans jubiler, comme les \u00ab premi\u00e8res fouilles de l\u2019art moderne \u00bb \u2026<\/p>\n\n<\/div>\n","protected":false},"excerpt":{"rendered":"<p>Une question simple pour des r\u00e9ponses qui fusent \u00e0 Epinal au MUDAAC (Mus\u00e9e d\u00e9partemental d\u2019art ancien et contemporain) gr\u00e2ce \u00e0 [&hellip;]<\/p>\n","protected":false},"author":44,"featured_media":38001,"comment_status":"open","ping_status":"open","sticky":false,"template":"","format":"standard","meta":{"footnotes":""},"categories":[460,18],"tags":[41,7375,672,1806],"class_list":["post-38000","post","type-post","status-publish","format-standard","has-post-thumbnail","hentry","category-a-la-une","category-vosges","tag-epinal","tag-futur-anterieur","tag-mudaac","tag-musee-departemental-dart-ancien-et-contemporain"],"acf":[],"yoast_head":"<!-- This site is optimized with the Yoast SEO plugin v22.5 - https:\/\/yoast.com\/wordpress\/plugins\/seo\/ -->\n<title>Vosges \u2013 Que restera-t-il de nous en 4019 ? - Saint Die Info<\/title>\n<meta name=\"robots\" content=\"index, follow, max-snippet:-1, max-image-preview:large, max-video-preview:-1\" \/>\n<link rel=\"canonical\" href=\"https:\/\/vosgesinfo.fr\/saintdieinfo\/2019\/09\/vosges-restera-t-de-4019\/\" \/>\n<meta name=\"twitter:card\" content=\"summary_large_image\" \/>\n<meta name=\"twitter:title\" content=\"Vosges \u2013 Que restera-t-il de nous en 4019 ? - Saint Die Info\" \/>\n<meta name=\"twitter:description\" content=\"Une question simple pour des r\u00e9ponses qui fusent \u00e0 Epinal au MUDAAC (Mus\u00e9e d\u00e9partemental d\u2019art ancien et contemporain) gr\u00e2ce \u00e0 [&hellip;]\" \/>\n<meta name=\"twitter:image\" content=\"https:\/\/vosgesinfo.fr\/app\/uploads\/sites\/4\/2024\/08\/201909fa5.jpg\" \/>\n<meta name=\"twitter:creator\" content=\"@VosgesInfo88\" \/>\n<meta name=\"twitter:site\" content=\"@VosgesInfo88\" \/>\n<meta name=\"twitter:label1\" content=\"\u00c9crit par\" \/>\n\t<meta name=\"twitter:data1\" content=\"la r\u00e9daction\" \/>\n\t<meta name=\"twitter:label2\" content=\"Dur\u00e9e de lecture estim\u00e9e\" \/>\n\t<meta name=\"twitter:data2\" content=\"3 minutes\" \/>\n<script type=\"application\/ld+json\" class=\"yoast-schema-graph\">{\"@context\":\"https:\/\/schema.org\",\"@graph\":[{\"@type\":\"Article\",\"@id\":\"https:\/\/vosgesinfo.fr\/saintdieinfo\/2019\/09\/vosges-restera-t-de-4019\/#article\",\"isPartOf\":{\"@id\":\"https:\/\/vosgesinfo.fr\/saintdieinfo\/2019\/09\/vosges-restera-t-de-4019\/\"},\"author\":{\"name\":\"la r\u00e9daction\",\"@id\":\"https:\/\/vosgesinfo.fr\/saintdieinfo\/#\/schema\/person\/faee6704a21f3977511db84bd1cd450f\"},\"headline\":\"Vosges \u2013 Que restera-t-il de nous en 4019 ?\",\"datePublished\":\"2019-09-10T03:15:54+00:00\",\"dateModified\":\"2019-09-10T03:15:54+00:00\",\"mainEntityOfPage\":{\"@id\":\"https:\/\/vosgesinfo.fr\/saintdieinfo\/2019\/09\/vosges-restera-t-de-4019\/\"},\"wordCount\":532,\"commentCount\":0,\"publisher\":{\"@id\":\"https:\/\/vosgesinfo.fr\/saintdieinfo\/#organization\"},\"image\":{\"@id\":\"https:\/\/vosgesinfo.fr\/saintdieinfo\/2019\/09\/vosges-restera-t-de-4019\/#primaryimage\"},\"thumbnailUrl\":\"https:\/\/vosgesinfo.fr\/app\/uploads\/sites\/4\/2024\/08\/201909fa5.jpg\",\"keywords\":[\"Epinal\",\"Futur Ant\u00e9rieur\",\"Mudaac\",\"mus\u00e9e d\u00e9partemental d'art ancien et contemporain\"],\"articleSection\":[\"A la Une\",\"Vosges\"],\"inLanguage\":\"fr-FR\",\"potentialAction\":[{\"@type\":\"CommentAction\",\"name\":\"Comment\",\"target\":[\"https:\/\/vosgesinfo.fr\/saintdieinfo\/2019\/09\/vosges-restera-t-de-4019\/#respond\"]}]},{\"@type\":\"WebPage\",\"@id\":\"https:\/\/vosgesinfo.fr\/saintdieinfo\/2019\/09\/vosges-restera-t-de-4019\/\",\"url\":\"https:\/\/vosgesinfo.fr\/saintdieinfo\/2019\/09\/vosges-restera-t-de-4019\/\",\"name\":\"Vosges \u2013 Que restera-t-il de nous en 4019 ? - Saint Die Info\",\"isPartOf\":{\"@id\":\"https:\/\/vosgesinfo.fr\/saintdieinfo\/#website\"},\"primaryImageOfPage\":{\"@id\":\"https:\/\/vosgesinfo.fr\/saintdieinfo\/2019\/09\/vosges-restera-t-de-4019\/#primaryimage\"},\"image\":{\"@id\":\"https:\/\/vosgesinfo.fr\/saintdieinfo\/2019\/09\/vosges-restera-t-de-4019\/#primaryimage\"},\"thumbnailUrl\":\"https:\/\/vosgesinfo.fr\/app\/uploads\/sites\/4\/2024\/08\/201909fa5.jpg\",\"datePublished\":\"2019-09-10T03:15:54+00:00\",\"dateModified\":\"2019-09-10T03:15:54+00:00\",\"breadcrumb\":{\"@id\":\"https:\/\/vosgesinfo.fr\/saintdieinfo\/2019\/09\/vosges-restera-t-de-4019\/#breadcrumb\"},\"inLanguage\":\"fr-FR\",\"potentialAction\":[{\"@type\":\"ReadAction\",\"target\":[\"https:\/\/vosgesinfo.fr\/saintdieinfo\/2019\/09\/vosges-restera-t-de-4019\/\"]}]},{\"@type\":\"ImageObject\",\"inLanguage\":\"fr-FR\",\"@id\":\"https:\/\/vosgesinfo.fr\/saintdieinfo\/2019\/09\/vosges-restera-t-de-4019\/#primaryimage\",\"url\":\"https:\/\/vosgesinfo.fr\/app\/uploads\/sites\/4\/2024\/08\/201909fa5.jpg\",\"contentUrl\":\"https:\/\/vosgesinfo.fr\/app\/uploads\/sites\/4\/2024\/08\/201909fa5.jpg\",\"width\":1600,\"height\":900},{\"@type\":\"BreadcrumbList\",\"@id\":\"https:\/\/vosgesinfo.fr\/saintdieinfo\/2019\/09\/vosges-restera-t-de-4019\/#breadcrumb\",\"itemListElement\":[{\"@type\":\"ListItem\",\"position\":1,\"name\":\"Home\",\"item\":\"https:\/\/vosgesinfo.fr\/saintdieinfo\/\"},{\"@type\":\"ListItem\",\"position\":2,\"name\":\"Vosges \u2013 Que restera-t-il de nous en 4019 ?\"}]},{\"@type\":\"WebSite\",\"@id\":\"https:\/\/vosgesinfo.fr\/saintdieinfo\/#website\",\"url\":\"https:\/\/vosgesinfo.fr\/saintdieinfo\/\",\"name\":\"Saint Die Info\",\"description\":\"Toute l&#039;actualit\u00e9 de Saint-Di\u00e9-Des-Vosges\",\"publisher\":{\"@id\":\"https:\/\/vosgesinfo.fr\/saintdieinfo\/#organization\"},\"alternateName\":\"Toute l'actualit\u00e9 de Saint-Di\u00e9-Des-Vosges\",\"potentialAction\":[{\"@type\":\"SearchAction\",\"target\":{\"@type\":\"EntryPoint\",\"urlTemplate\":\"https:\/\/vosgesinfo.fr\/saintdieinfo\/?s={search_term_string}\"},\"query-input\":\"required name=search_term_string\"}],\"inLanguage\":\"fr-FR\"},{\"@type\":\"Organization\",\"@id\":\"https:\/\/vosgesinfo.fr\/saintdieinfo\/#organization\",\"name\":\"Saint Die Info\",\"url\":\"https:\/\/vosgesinfo.fr\/saintdieinfo\/\",\"logo\":{\"@type\":\"ImageObject\",\"inLanguage\":\"fr-FR\",\"@id\":\"https:\/\/vosgesinfo.fr\/saintdieinfo\/#\/schema\/logo\/image\/\",\"url\":\"https:\/\/vosgesinfo.fr\/app\/uploads\/sites\/4\/2024\/02\/logo-sdi.jpg\",\"contentUrl\":\"https:\/\/vosgesinfo.fr\/app\/uploads\/sites\/4\/2024\/02\/logo-sdi.jpg\",\"width\":600,\"height\":600,\"caption\":\"Saint Die Info\"},\"image\":{\"@id\":\"https:\/\/vosgesinfo.fr\/saintdieinfo\/#\/schema\/logo\/image\/\"},\"sameAs\":[\"https:\/\/www.facebook.com\/Saintdieinfofr\",\"https:\/\/x.com\/VosgesInfo88\",\"https:\/\/www.youtube.com\/@vosgesinfo\"]},{\"@type\":\"Person\",\"@id\":\"https:\/\/vosgesinfo.fr\/saintdieinfo\/#\/schema\/person\/faee6704a21f3977511db84bd1cd450f\",\"name\":\"la r\u00e9daction\",\"image\":{\"@type\":\"ImageObject\",\"inLanguage\":\"fr-FR\",\"@id\":\"https:\/\/vosgesinfo.fr\/saintdieinfo\/#\/schema\/person\/image\/\",\"url\":\"https:\/\/secure.gravatar.com\/avatar\/6673d8bc6a9c17fa9a453eaa3448de834fa308c2ec9635b7aa99441a7c8d2cf6?s=96&d=mm&r=g\",\"contentUrl\":\"https:\/\/secure.gravatar.com\/avatar\/6673d8bc6a9c17fa9a453eaa3448de834fa308c2ec9635b7aa99441a7c8d2cf6?s=96&d=mm&r=g\",\"caption\":\"la r\u00e9daction\"},\"url\":\"https:\/\/vosgesinfo.fr\/saintdieinfo\/author\/redac\/\"}]}<\/script>\n<!-- \/ Yoast SEO plugin. -->","yoast_head_json":{"title":"Vosges \u2013 Que restera-t-il de nous en 4019 ? - Saint Die Info","robots":{"index":"index","follow":"follow","max-snippet":"max-snippet:-1","max-image-preview":"max-image-preview:large","max-video-preview":"max-video-preview:-1"},"canonical":"https:\/\/vosgesinfo.fr\/saintdieinfo\/2019\/09\/vosges-restera-t-de-4019\/","twitter_card":"summary_large_image","twitter_title":"Vosges \u2013 Que restera-t-il de nous en 4019 ? - Saint Die Info","twitter_description":"Une question simple pour des r\u00e9ponses qui fusent \u00e0 Epinal au MUDAAC (Mus\u00e9e d\u00e9partemental d\u2019art ancien et contemporain) gr\u00e2ce \u00e0 [&hellip;]","twitter_image":"https:\/\/vosgesinfo.fr\/app\/uploads\/sites\/4\/2024\/08\/201909fa5.jpg","twitter_creator":"@VosgesInfo88","twitter_site":"@VosgesInfo88","twitter_misc":{"\u00c9crit par":"la r\u00e9daction","Dur\u00e9e de lecture estim\u00e9e":"3 minutes"},"schema":{"@context":"https:\/\/schema.org","@graph":[{"@type":"Article","@id":"https:\/\/vosgesinfo.fr\/saintdieinfo\/2019\/09\/vosges-restera-t-de-4019\/#article","isPartOf":{"@id":"https:\/\/vosgesinfo.fr\/saintdieinfo\/2019\/09\/vosges-restera-t-de-4019\/"},"author":{"name":"la r\u00e9daction","@id":"https:\/\/vosgesinfo.fr\/saintdieinfo\/#\/schema\/person\/faee6704a21f3977511db84bd1cd450f"},"headline":"Vosges \u2013 Que restera-t-il de nous en 4019 ?","datePublished":"2019-09-10T03:15:54+00:00","dateModified":"2019-09-10T03:15:54+00:00","mainEntityOfPage":{"@id":"https:\/\/vosgesinfo.fr\/saintdieinfo\/2019\/09\/vosges-restera-t-de-4019\/"},"wordCount":532,"commentCount":0,"publisher":{"@id":"https:\/\/vosgesinfo.fr\/saintdieinfo\/#organization"},"image":{"@id":"https:\/\/vosgesinfo.fr\/saintdieinfo\/2019\/09\/vosges-restera-t-de-4019\/#primaryimage"},"thumbnailUrl":"https:\/\/vosgesinfo.fr\/app\/uploads\/sites\/4\/2024\/08\/201909fa5.jpg","keywords":["Epinal","Futur Ant\u00e9rieur","Mudaac","mus\u00e9e d\u00e9partemental d'art ancien et contemporain"],"articleSection":["A la Une","Vosges"],"inLanguage":"fr-FR","potentialAction":[{"@type":"CommentAction","name":"Comment","target":["https:\/\/vosgesinfo.fr\/saintdieinfo\/2019\/09\/vosges-restera-t-de-4019\/#respond"]}]},{"@type":"WebPage","@id":"https:\/\/vosgesinfo.fr\/saintdieinfo\/2019\/09\/vosges-restera-t-de-4019\/","url":"https:\/\/vosgesinfo.fr\/saintdieinfo\/2019\/09\/vosges-restera-t-de-4019\/","name":"Vosges \u2013 Que restera-t-il de nous en 4019 ? - Saint Die Info","isPartOf":{"@id":"https:\/\/vosgesinfo.fr\/saintdieinfo\/#website"},"primaryImageOfPage":{"@id":"https:\/\/vosgesinfo.fr\/saintdieinfo\/2019\/09\/vosges-restera-t-de-4019\/#primaryimage"},"image":{"@id":"https:\/\/vosgesinfo.fr\/saintdieinfo\/2019\/09\/vosges-restera-t-de-4019\/#primaryimage"},"thumbnailUrl":"https:\/\/vosgesinfo.fr\/app\/uploads\/sites\/4\/2024\/08\/201909fa5.jpg","datePublished":"2019-09-10T03:15:54+00:00","dateModified":"2019-09-10T03:15:54+00:00","breadcrumb":{"@id":"https:\/\/vosgesinfo.fr\/saintdieinfo\/2019\/09\/vosges-restera-t-de-4019\/#breadcrumb"},"inLanguage":"fr-FR","potentialAction":[{"@type":"ReadAction","target":["https:\/\/vosgesinfo.fr\/saintdieinfo\/2019\/09\/vosges-restera-t-de-4019\/"]}]},{"@type":"ImageObject","inLanguage":"fr-FR","@id":"https:\/\/vosgesinfo.fr\/saintdieinfo\/2019\/09\/vosges-restera-t-de-4019\/#primaryimage","url":"https:\/\/vosgesinfo.fr\/app\/uploads\/sites\/4\/2024\/08\/201909fa5.jpg","contentUrl":"https:\/\/vosgesinfo.fr\/app\/uploads\/sites\/4\/2024\/08\/201909fa5.jpg","width":1600,"height":900},{"@type":"BreadcrumbList","@id":"https:\/\/vosgesinfo.fr\/saintdieinfo\/2019\/09\/vosges-restera-t-de-4019\/#breadcrumb","itemListElement":[{"@type":"ListItem","position":1,"name":"Home","item":"https:\/\/vosgesinfo.fr\/saintdieinfo\/"},{"@type":"ListItem","position":2,"name":"Vosges \u2013 Que restera-t-il de nous en 4019 ?"}]},{"@type":"WebSite","@id":"https:\/\/vosgesinfo.fr\/saintdieinfo\/#website","url":"https:\/\/vosgesinfo.fr\/saintdieinfo\/","name":"Saint Die Info","description":"Toute l&#039;actualit\u00e9 de Saint-Di\u00e9-Des-Vosges","publisher":{"@id":"https:\/\/vosgesinfo.fr\/saintdieinfo\/#organization"},"alternateName":"Toute l'actualit\u00e9 de Saint-Di\u00e9-Des-Vosges","potentialAction":[{"@type":"SearchAction","target":{"@type":"EntryPoint","urlTemplate":"https:\/\/vosgesinfo.fr\/saintdieinfo\/?s={search_term_string}"},"query-input":"required name=search_term_string"}],"inLanguage":"fr-FR"},{"@type":"Organization","@id":"https:\/\/vosgesinfo.fr\/saintdieinfo\/#organization","name":"Saint Die Info","url":"https:\/\/vosgesinfo.fr\/saintdieinfo\/","logo":{"@type":"ImageObject","inLanguage":"fr-FR","@id":"https:\/\/vosgesinfo.fr\/saintdieinfo\/#\/schema\/logo\/image\/","url":"https:\/\/vosgesinfo.fr\/app\/uploads\/sites\/4\/2024\/02\/logo-sdi.jpg","contentUrl":"https:\/\/vosgesinfo.fr\/app\/uploads\/sites\/4\/2024\/02\/logo-sdi.jpg","width":600,"height":600,"caption":"Saint Die Info"},"image":{"@id":"https:\/\/vosgesinfo.fr\/saintdieinfo\/#\/schema\/logo\/image\/"},"sameAs":["https:\/\/www.facebook.com\/Saintdieinfofr","https:\/\/x.com\/VosgesInfo88","https:\/\/www.youtube.com\/@vosgesinfo"]},{"@type":"Person","@id":"https:\/\/vosgesinfo.fr\/saintdieinfo\/#\/schema\/person\/faee6704a21f3977511db84bd1cd450f","name":"la r\u00e9daction","image":{"@type":"ImageObject","inLanguage":"fr-FR","@id":"https:\/\/vosgesinfo.fr\/saintdieinfo\/#\/schema\/person\/image\/","url":"https:\/\/secure.gravatar.com\/avatar\/6673d8bc6a9c17fa9a453eaa3448de834fa308c2ec9635b7aa99441a7c8d2cf6?s=96&d=mm&r=g","contentUrl":"https:\/\/secure.gravatar.com\/avatar\/6673d8bc6a9c17fa9a453eaa3448de834fa308c2ec9635b7aa99441a7c8d2cf6?s=96&d=mm&r=g","caption":"la r\u00e9daction"},"url":"https:\/\/vosgesinfo.fr\/saintdieinfo\/author\/redac\/"}]}},"_links":{"self":[{"href":"https:\/\/vosgesinfo.fr\/saintdieinfo\/wp-json\/wp\/v2\/posts\/38000","targetHints":{"allow":["GET"]}}],"collection":[{"href":"https:\/\/vosgesinfo.fr\/saintdieinfo\/wp-json\/wp\/v2\/posts"}],"about":[{"href":"https:\/\/vosgesinfo.fr\/saintdieinfo\/wp-json\/wp\/v2\/types\/post"}],"author":[{"embeddable":true,"href":"https:\/\/vosgesinfo.fr\/saintdieinfo\/wp-json\/wp\/v2\/users\/44"}],"replies":[{"embeddable":true,"href":"https:\/\/vosgesinfo.fr\/saintdieinfo\/wp-json\/wp\/v2\/comments?post=38000"}],"version-history":[{"count":0,"href":"https:\/\/vosgesinfo.fr\/saintdieinfo\/wp-json\/wp\/v2\/posts\/38000\/revisions"}],"wp:featuredmedia":[{"embeddable":true,"href":"https:\/\/vosgesinfo.fr\/saintdieinfo\/wp-json\/wp\/v2\/media\/38001"}],"wp:attachment":[{"href":"https:\/\/vosgesinfo.fr\/saintdieinfo\/wp-json\/wp\/v2\/media?parent=38000"}],"wp:term":[{"taxonomy":"category","embeddable":true,"href":"https:\/\/vosgesinfo.fr\/saintdieinfo\/wp-json\/wp\/v2\/categories?post=38000"},{"taxonomy":"post_tag","embeddable":true,"href":"https:\/\/vosgesinfo.fr\/saintdieinfo\/wp-json\/wp\/v2\/tags?post=38000"}],"curies":[{"name":"wp","href":"https:\/\/api.w.org\/{rel}","templated":true}]}}