{"id":38008,"date":"2019-09-10T06:15:55","date_gmt":"2019-09-10T04:15:55","guid":{"rendered":"https:\/\/vosgesinfo.fr\/saintdieinfo\/2019\/09\/grande-fosse-balade-fil-de-leau-cimes-argentees\/"},"modified":"2019-09-10T06:15:55","modified_gmt":"2019-09-10T04:15:55","slug":"grande-fosse-balade-fil-de-leau-cimes-argentees","status":"publish","type":"post","link":"https:\/\/vosgesinfo.fr\/saintdieinfo\/2019\/09\/grande-fosse-balade-fil-de-leau-cimes-argentees\/","title":{"rendered":"La Grande-Fosse \u2013 Balade au fil de l&rsquo;eau pour \u00ab\u00a0Les C\u00eemes Argent\u00e9es\u00a0\u00bb"},"content":{"rendered":"<div id=\"attachment_144207\" style=\"width: 1010px\" class=\"wp-caption aligncenter\"><a href=\"\/2019\/09\/Croisi\u00e8re_Moselle_Rhin_C\u00eemes_Argent\u00e9es.jpg\" target=\"_blank\" rel=\"noopener\"><img decoding=\"async\" aria-describedby=\"caption-attachment-144207\" class=\"wp-image-144207 size-full\" src=\"\/2019\/09\/Croisi\u00e8re_Moselle_Rhin_C\u00eemes_Argent\u00e9es.jpg\" alt=\"Croisi\u00e8re_Moselle_Rhin_C\u00eemes_Argent\u00e9es\" width=\"1000\" height=\"750\" \/><\/a><p id=\"caption-attachment-144207\" class=\"wp-caption-text\">(Cr\u00e9dit photographique association \u00ab\u00a0Les C\u00eemes Argent\u00e9es\u00a0\u00bb)<\/p><\/div>\n<h2 style=\"text-align: left;\" align=\"JUSTIFY\"><strong><span style=\"font-family: Arial, sans-serif;\"><span style=\"font-size: medium;\">L&rsquo;association \u00ab\u00a0Les C\u00eemes Argent\u00e9es\u00a0\u00bb de la Grande-Fosse avait organis\u00e9 les 7 et 8 septembre, une balade au fil de l\u2019eau sur la Moselle et le Rhin Romantique.<\/span><\/span><\/strong><\/h2>\n<p style=\"text-align: left;\" align=\"JUSTIFY\"><!--more--><\/p>\n<p style=\"text-align: left;\" align=\"JUSTIFY\"><span style=\"font-family: Arial, sans-serif;\"><span style=\"font-size: medium;\">Apr\u00e8s s\u2019\u00eatre dirig\u00e9es vers Tr\u00e8ves en autocar, ce sont 27 personnes qui ont embarqu\u00e9 \u00e0 bord du bateau le samedi matin et ont d\u00e9couvert les rives et les m\u00e9andres de la MOSELLE, jalonn\u00e9es de vignes abondantes et de paysages verdoyants, et ont pu fl\u00e2ner dans la jolie petite ville de Bernkastel-Kues .<\/span><\/span><\/p>\n<p style=\"text-align: left;\" align=\"JUSTIFY\"><span style=\"font-family: Arial, sans-serif;\"><span style=\"font-size: medium;\">Apr\u00e8s une nuit r\u00e9paratrice \u00e0 Bingen am Rheim; le second embarquement s\u2019est fait \u00e0 Saint Goar pour rejoindre le Rhin Romantique, sa flamboyante Loreley et sa diversit\u00e9 de ch\u00e2teaux qui jalonnent les rives du Rhin ; le temps l\u00e9g\u00e8rement maussade n\u2019a pas d\u00e9courag\u00e9 nos croisi\u00e9ristes, bien au contraire. Le charme de la ballade au fil de l\u2019eau a compens\u00e9 largement la faiblesse du soleil.<\/span><\/span><\/p>\n<p style=\"text-align: left;\" align=\"JUSTIFY\"><span style=\"font-family: Arial, sans-serif;\"><span style=\"font-size: medium;\">Le dimanche apr\u00e8s-midi a pris fin par la charmante bourgade de R\u00fcdesheim, et sa c\u00e9l\u00e8bre rue Drosselgasse.<\/span><\/span><\/p>\n<p style=\"text-align: left;\" align=\"JUSTIFY\"><span style=\"font-family: Arial, sans-serif;\"><span style=\"font-size: medium;\">De retour \u00e0 20H45 \u00e0 Russ, l\u2019\u00e9quipe s\u2019est d\u2019ores et d\u00e9j\u00e0 donn\u00e9 rendez-vous pour son prochain voyage en 2020. <\/span><\/span><\/p>\n<p style=\"text-align: left;\" align=\"JUSTIFY\"><span style=\"font-family: Arial, sans-serif;\"><span style=\"font-size: medium;\">Mais auparavant<\/span><\/span><span style=\"font-family: Arial, sans-serif;\"><span style=\"font-size: medium;\"><b>, vous les retrouverez en pleine forme \u00e0 l\u2019occasion du week-end \u00ab\u00a0d\u00eener spectacle\u00a0\u00bb qui aura lieu les 8 et 9 Novembre prochains au chalet des C\u00eemes Argent\u00e9es. (R\u00e9servation au pr\u00e9alable demand\u00e9e, en ligne sur <\/b><\/span><\/span><a href=\"http:\/\/cimes.argentees.over-blog.com\/\" target=\"_blank\" rel=\"noopener\"><strong><span style=\"color: #000080;\"><span lang=\"zxx\"><u><span style=\"font-family: Arial, sans-serif;\"><span style=\"font-size: medium;\">http:\/\/cimes.argentees.over-blog.com\/<\/span><\/span><\/u><\/span><\/span><\/strong><\/a><span style=\"font-family: Arial, sans-serif;\"><span style=\"font-size: medium;\"><b> et par t\u00e9l\u00e9phone, uniquement au <\/b><strong>06-81-33-45-23<\/strong><b>).<\/b><\/span><\/span><\/p>\n","protected":false},"excerpt":{"rendered":"<p>L&rsquo;association \u00ab\u00a0Les C\u00eemes Argent\u00e9es\u00a0\u00bb de la Grande-Fosse avait organis\u00e9 les 7 et 8 septembre, une balade au fil de l\u2019eau [&hellip;]<\/p>\n","protected":false},"author":44,"featured_media":38009,"comment_status":"open","ping_status":"open","sticky":false,"template":"","format":"standard","meta":{"footnotes":""},"categories":[460,2915,17],"tags":[7376,7377,2042,7378],"class_list":["post-38008","post","type-post","status-publish","format-standard","has-post-thumbnail","hentry","category-a-la-une","category-saint-die-son-canton","category-vie-associative","tag-la-grande-fosse","tag-les-cimees-argentees","tag-moselle","tag-rhin"],"acf":[],"yoast_head":"<!-- This site is optimized with the Yoast SEO plugin v22.5 - https:\/\/yoast.com\/wordpress\/plugins\/seo\/ -->\n<title>La Grande-Fosse \u2013 Balade au fil de l&#039;eau pour &quot;Les C\u00eemes Argent\u00e9es&quot; - Saint Die Info<\/title>\n<meta name=\"robots\" content=\"index, follow, max-snippet:-1, max-image-preview:large, max-video-preview:-1\" \/>\n<link rel=\"canonical\" href=\"https:\/\/vosgesinfo.fr\/saintdieinfo\/2019\/09\/grande-fosse-balade-fil-de-leau-cimes-argentees\/\" \/>\n<meta name=\"twitter:card\" content=\"summary_large_image\" \/>\n<meta name=\"twitter:title\" content=\"La Grande-Fosse \u2013 Balade au fil de l&#039;eau pour &quot;Les C\u00eemes Argent\u00e9es&quot; - Saint Die Info\" \/>\n<meta name=\"twitter:description\" content=\"L&rsquo;association \u00ab\u00a0Les C\u00eemes Argent\u00e9es\u00a0\u00bb de la Grande-Fosse avait organis\u00e9 les 7 et 8 septembre, une balade au fil de l\u2019eau [&hellip;]\" \/>\n<meta name=\"twitter:image\" content=\"https:\/\/vosgesinfo.fr\/app\/uploads\/sites\/4\/2024\/08\/201909croisiere-moselle-rhin-cimes-argentees.jpg\" \/>\n<meta name=\"twitter:creator\" content=\"@VosgesInfo88\" \/>\n<meta name=\"twitter:site\" content=\"@VosgesInfo88\" \/>\n<meta name=\"twitter:label1\" content=\"\u00c9crit par\" \/>\n\t<meta name=\"twitter:data1\" content=\"la r\u00e9daction\" \/>\n\t<meta name=\"twitter:label2\" content=\"Dur\u00e9e de lecture estim\u00e9e\" \/>\n\t<meta name=\"twitter:data2\" content=\"1 minute\" \/>\n<script type=\"application\/ld+json\" class=\"yoast-schema-graph\">{\"@context\":\"https:\/\/schema.org\",\"@graph\":[{\"@type\":\"Article\",\"@id\":\"https:\/\/vosgesinfo.fr\/saintdieinfo\/2019\/09\/grande-fosse-balade-fil-de-leau-cimes-argentees\/#article\",\"isPartOf\":{\"@id\":\"https:\/\/vosgesinfo.fr\/saintdieinfo\/2019\/09\/grande-fosse-balade-fil-de-leau-cimes-argentees\/\"},\"author\":{\"name\":\"la r\u00e9daction\",\"@id\":\"https:\/\/vosgesinfo.fr\/saintdieinfo\/#\/schema\/person\/faee6704a21f3977511db84bd1cd450f\"},\"headline\":\"La Grande-Fosse \u2013 Balade au fil de l&rsquo;eau pour \u00ab\u00a0Les C\u00eemes Argent\u00e9es\u00a0\u00bb\",\"datePublished\":\"2019-09-10T04:15:55+00:00\",\"dateModified\":\"2019-09-10T04:15:55+00:00\",\"mainEntityOfPage\":{\"@id\":\"https:\/\/vosgesinfo.fr\/saintdieinfo\/2019\/09\/grande-fosse-balade-fil-de-leau-cimes-argentees\/\"},\"wordCount\":283,\"commentCount\":0,\"publisher\":{\"@id\":\"https:\/\/vosgesinfo.fr\/saintdieinfo\/#organization\"},\"image\":{\"@id\":\"https:\/\/vosgesinfo.fr\/saintdieinfo\/2019\/09\/grande-fosse-balade-fil-de-leau-cimes-argentees\/#primaryimage\"},\"thumbnailUrl\":\"https:\/\/vosgesinfo.fr\/app\/uploads\/sites\/4\/2024\/08\/201909croisiere-moselle-rhin-cimes-argentees.jpg\",\"keywords\":[\"La Grande Fosse\",\"Les C\u00eem\u00e9es Argent\u00e9es\",\"Moselle\",\"Rhin\"],\"articleSection\":[\"A la Une\",\"Saint-Di\u00e9-des-Vosges et son Agglom\u00e9ration\",\"Vie Associative\"],\"inLanguage\":\"fr-FR\",\"potentialAction\":[{\"@type\":\"CommentAction\",\"name\":\"Comment\",\"target\":[\"https:\/\/vosgesinfo.fr\/saintdieinfo\/2019\/09\/grande-fosse-balade-fil-de-leau-cimes-argentees\/#respond\"]}]},{\"@type\":\"WebPage\",\"@id\":\"https:\/\/vosgesinfo.fr\/saintdieinfo\/2019\/09\/grande-fosse-balade-fil-de-leau-cimes-argentees\/\",\"url\":\"https:\/\/vosgesinfo.fr\/saintdieinfo\/2019\/09\/grande-fosse-balade-fil-de-leau-cimes-argentees\/\",\"name\":\"La Grande-Fosse \u2013 Balade au fil de l'eau pour \\\"Les C\u00eemes Argent\u00e9es\\\" - Saint Die Info\",\"isPartOf\":{\"@id\":\"https:\/\/vosgesinfo.fr\/saintdieinfo\/#website\"},\"primaryImageOfPage\":{\"@id\":\"https:\/\/vosgesinfo.fr\/saintdieinfo\/2019\/09\/grande-fosse-balade-fil-de-leau-cimes-argentees\/#primaryimage\"},\"image\":{\"@id\":\"https:\/\/vosgesinfo.fr\/saintdieinfo\/2019\/09\/grande-fosse-balade-fil-de-leau-cimes-argentees\/#primaryimage\"},\"thumbnailUrl\":\"https:\/\/vosgesinfo.fr\/app\/uploads\/sites\/4\/2024\/08\/201909croisiere-moselle-rhin-cimes-argentees.jpg\",\"datePublished\":\"2019-09-10T04:15:55+00:00\",\"dateModified\":\"2019-09-10T04:15:55+00:00\",\"breadcrumb\":{\"@id\":\"https:\/\/vosgesinfo.fr\/saintdieinfo\/2019\/09\/grande-fosse-balade-fil-de-leau-cimes-argentees\/#breadcrumb\"},\"inLanguage\":\"fr-FR\",\"potentialAction\":[{\"@type\":\"ReadAction\",\"target\":[\"https:\/\/vosgesinfo.fr\/saintdieinfo\/2019\/09\/grande-fosse-balade-fil-de-leau-cimes-argentees\/\"]}]},{\"@type\":\"ImageObject\",\"inLanguage\":\"fr-FR\",\"@id\":\"https:\/\/vosgesinfo.fr\/saintdieinfo\/2019\/09\/grande-fosse-balade-fil-de-leau-cimes-argentees\/#primaryimage\",\"url\":\"https:\/\/vosgesinfo.fr\/app\/uploads\/sites\/4\/2024\/08\/201909croisiere-moselle-rhin-cimes-argentees.jpg\",\"contentUrl\":\"https:\/\/vosgesinfo.fr\/app\/uploads\/sites\/4\/2024\/08\/201909croisiere-moselle-rhin-cimes-argentees.jpg\",\"width\":1000,\"height\":750},{\"@type\":\"BreadcrumbList\",\"@id\":\"https:\/\/vosgesinfo.fr\/saintdieinfo\/2019\/09\/grande-fosse-balade-fil-de-leau-cimes-argentees\/#breadcrumb\",\"itemListElement\":[{\"@type\":\"ListItem\",\"position\":1,\"name\":\"Home\",\"item\":\"https:\/\/vosgesinfo.fr\/saintdieinfo\/\"},{\"@type\":\"ListItem\",\"position\":2,\"name\":\"La Grande-Fosse \u2013 Balade au fil de l&rsquo;eau pour \u00ab\u00a0Les C\u00eemes Argent\u00e9es\u00a0\u00bb\"}]},{\"@type\":\"WebSite\",\"@id\":\"https:\/\/vosgesinfo.fr\/saintdieinfo\/#website\",\"url\":\"https:\/\/vosgesinfo.fr\/saintdieinfo\/\",\"name\":\"Saint Die Info\",\"description\":\"Toute l&#039;actualit\u00e9 de Saint-Di\u00e9-Des-Vosges\",\"publisher\":{\"@id\":\"https:\/\/vosgesinfo.fr\/saintdieinfo\/#organization\"},\"alternateName\":\"Toute l'actualit\u00e9 de Saint-Di\u00e9-Des-Vosges\",\"potentialAction\":[{\"@type\":\"SearchAction\",\"target\":{\"@type\":\"EntryPoint\",\"urlTemplate\":\"https:\/\/vosgesinfo.fr\/saintdieinfo\/?s={search_term_string}\"},\"query-input\":\"required name=search_term_string\"}],\"inLanguage\":\"fr-FR\"},{\"@type\":\"Organization\",\"@id\":\"https:\/\/vosgesinfo.fr\/saintdieinfo\/#organization\",\"name\":\"Saint Die Info\",\"url\":\"https:\/\/vosgesinfo.fr\/saintdieinfo\/\",\"logo\":{\"@type\":\"ImageObject\",\"inLanguage\":\"fr-FR\",\"@id\":\"https:\/\/vosgesinfo.fr\/saintdieinfo\/#\/schema\/logo\/image\/\",\"url\":\"https:\/\/vosgesinfo.fr\/app\/uploads\/sites\/4\/2024\/02\/logo-sdi.jpg\",\"contentUrl\":\"https:\/\/vosgesinfo.fr\/app\/uploads\/sites\/4\/2024\/02\/logo-sdi.jpg\",\"width\":600,\"height\":600,\"caption\":\"Saint Die Info\"},\"image\":{\"@id\":\"https:\/\/vosgesinfo.fr\/saintdieinfo\/#\/schema\/logo\/image\/\"},\"sameAs\":[\"https:\/\/www.facebook.com\/Saintdieinfofr\",\"https:\/\/x.com\/VosgesInfo88\",\"https:\/\/www.youtube.com\/@vosgesinfo\"]},{\"@type\":\"Person\",\"@id\":\"https:\/\/vosgesinfo.fr\/saintdieinfo\/#\/schema\/person\/faee6704a21f3977511db84bd1cd450f\",\"name\":\"la r\u00e9daction\",\"image\":{\"@type\":\"ImageObject\",\"inLanguage\":\"fr-FR\",\"@id\":\"https:\/\/vosgesinfo.fr\/saintdieinfo\/#\/schema\/person\/image\/\",\"url\":\"https:\/\/secure.gravatar.com\/avatar\/6673d8bc6a9c17fa9a453eaa3448de834fa308c2ec9635b7aa99441a7c8d2cf6?s=96&d=mm&r=g\",\"contentUrl\":\"https:\/\/secure.gravatar.com\/avatar\/6673d8bc6a9c17fa9a453eaa3448de834fa308c2ec9635b7aa99441a7c8d2cf6?s=96&d=mm&r=g\",\"caption\":\"la r\u00e9daction\"},\"url\":\"https:\/\/vosgesinfo.fr\/saintdieinfo\/author\/redac\/\"}]}<\/script>\n<!-- \/ Yoast SEO plugin. -->","yoast_head_json":{"title":"La Grande-Fosse \u2013 Balade au fil de l'eau pour \"Les C\u00eemes Argent\u00e9es\" - Saint Die Info","robots":{"index":"index","follow":"follow","max-snippet":"max-snippet:-1","max-image-preview":"max-image-preview:large","max-video-preview":"max-video-preview:-1"},"canonical":"https:\/\/vosgesinfo.fr\/saintdieinfo\/2019\/09\/grande-fosse-balade-fil-de-leau-cimes-argentees\/","twitter_card":"summary_large_image","twitter_title":"La Grande-Fosse \u2013 Balade au fil de l'eau pour \"Les C\u00eemes Argent\u00e9es\" - Saint Die Info","twitter_description":"L&rsquo;association \u00ab\u00a0Les C\u00eemes Argent\u00e9es\u00a0\u00bb de la Grande-Fosse avait organis\u00e9 les 7 et 8 septembre, une balade au fil de l\u2019eau [&hellip;]","twitter_image":"https:\/\/vosgesinfo.fr\/app\/uploads\/sites\/4\/2024\/08\/201909croisiere-moselle-rhin-cimes-argentees.jpg","twitter_creator":"@VosgesInfo88","twitter_site":"@VosgesInfo88","twitter_misc":{"\u00c9crit par":"la r\u00e9daction","Dur\u00e9e de lecture estim\u00e9e":"1 minute"},"schema":{"@context":"https:\/\/schema.org","@graph":[{"@type":"Article","@id":"https:\/\/vosgesinfo.fr\/saintdieinfo\/2019\/09\/grande-fosse-balade-fil-de-leau-cimes-argentees\/#article","isPartOf":{"@id":"https:\/\/vosgesinfo.fr\/saintdieinfo\/2019\/09\/grande-fosse-balade-fil-de-leau-cimes-argentees\/"},"author":{"name":"la r\u00e9daction","@id":"https:\/\/vosgesinfo.fr\/saintdieinfo\/#\/schema\/person\/faee6704a21f3977511db84bd1cd450f"},"headline":"La Grande-Fosse \u2013 Balade au fil de l&rsquo;eau pour \u00ab\u00a0Les C\u00eemes Argent\u00e9es\u00a0\u00bb","datePublished":"2019-09-10T04:15:55+00:00","dateModified":"2019-09-10T04:15:55+00:00","mainEntityOfPage":{"@id":"https:\/\/vosgesinfo.fr\/saintdieinfo\/2019\/09\/grande-fosse-balade-fil-de-leau-cimes-argentees\/"},"wordCount":283,"commentCount":0,"publisher":{"@id":"https:\/\/vosgesinfo.fr\/saintdieinfo\/#organization"},"image":{"@id":"https:\/\/vosgesinfo.fr\/saintdieinfo\/2019\/09\/grande-fosse-balade-fil-de-leau-cimes-argentees\/#primaryimage"},"thumbnailUrl":"https:\/\/vosgesinfo.fr\/app\/uploads\/sites\/4\/2024\/08\/201909croisiere-moselle-rhin-cimes-argentees.jpg","keywords":["La Grande Fosse","Les C\u00eem\u00e9es Argent\u00e9es","Moselle","Rhin"],"articleSection":["A la Une","Saint-Di\u00e9-des-Vosges et son Agglom\u00e9ration","Vie Associative"],"inLanguage":"fr-FR","potentialAction":[{"@type":"CommentAction","name":"Comment","target":["https:\/\/vosgesinfo.fr\/saintdieinfo\/2019\/09\/grande-fosse-balade-fil-de-leau-cimes-argentees\/#respond"]}]},{"@type":"WebPage","@id":"https:\/\/vosgesinfo.fr\/saintdieinfo\/2019\/09\/grande-fosse-balade-fil-de-leau-cimes-argentees\/","url":"https:\/\/vosgesinfo.fr\/saintdieinfo\/2019\/09\/grande-fosse-balade-fil-de-leau-cimes-argentees\/","name":"La Grande-Fosse \u2013 Balade au fil de l'eau pour \"Les C\u00eemes Argent\u00e9es\" - Saint Die Info","isPartOf":{"@id":"https:\/\/vosgesinfo.fr\/saintdieinfo\/#website"},"primaryImageOfPage":{"@id":"https:\/\/vosgesinfo.fr\/saintdieinfo\/2019\/09\/grande-fosse-balade-fil-de-leau-cimes-argentees\/#primaryimage"},"image":{"@id":"https:\/\/vosgesinfo.fr\/saintdieinfo\/2019\/09\/grande-fosse-balade-fil-de-leau-cimes-argentees\/#primaryimage"},"thumbnailUrl":"https:\/\/vosgesinfo.fr\/app\/uploads\/sites\/4\/2024\/08\/201909croisiere-moselle-rhin-cimes-argentees.jpg","datePublished":"2019-09-10T04:15:55+00:00","dateModified":"2019-09-10T04:15:55+00:00","breadcrumb":{"@id":"https:\/\/vosgesinfo.fr\/saintdieinfo\/2019\/09\/grande-fosse-balade-fil-de-leau-cimes-argentees\/#breadcrumb"},"inLanguage":"fr-FR","potentialAction":[{"@type":"ReadAction","target":["https:\/\/vosgesinfo.fr\/saintdieinfo\/2019\/09\/grande-fosse-balade-fil-de-leau-cimes-argentees\/"]}]},{"@type":"ImageObject","inLanguage":"fr-FR","@id":"https:\/\/vosgesinfo.fr\/saintdieinfo\/2019\/09\/grande-fosse-balade-fil-de-leau-cimes-argentees\/#primaryimage","url":"https:\/\/vosgesinfo.fr\/app\/uploads\/sites\/4\/2024\/08\/201909croisiere-moselle-rhin-cimes-argentees.jpg","contentUrl":"https:\/\/vosgesinfo.fr\/app\/uploads\/sites\/4\/2024\/08\/201909croisiere-moselle-rhin-cimes-argentees.jpg","width":1000,"height":750},{"@type":"BreadcrumbList","@id":"https:\/\/vosgesinfo.fr\/saintdieinfo\/2019\/09\/grande-fosse-balade-fil-de-leau-cimes-argentees\/#breadcrumb","itemListElement":[{"@type":"ListItem","position":1,"name":"Home","item":"https:\/\/vosgesinfo.fr\/saintdieinfo\/"},{"@type":"ListItem","position":2,"name":"La Grande-Fosse \u2013 Balade au fil de l&rsquo;eau pour \u00ab\u00a0Les C\u00eemes Argent\u00e9es\u00a0\u00bb"}]},{"@type":"WebSite","@id":"https:\/\/vosgesinfo.fr\/saintdieinfo\/#website","url":"https:\/\/vosgesinfo.fr\/saintdieinfo\/","name":"Saint Die Info","description":"Toute l&#039;actualit\u00e9 de Saint-Di\u00e9-Des-Vosges","publisher":{"@id":"https:\/\/vosgesinfo.fr\/saintdieinfo\/#organization"},"alternateName":"Toute l'actualit\u00e9 de Saint-Di\u00e9-Des-Vosges","potentialAction":[{"@type":"SearchAction","target":{"@type":"EntryPoint","urlTemplate":"https:\/\/vosgesinfo.fr\/saintdieinfo\/?s={search_term_string}"},"query-input":"required name=search_term_string"}],"inLanguage":"fr-FR"},{"@type":"Organization","@id":"https:\/\/vosgesinfo.fr\/saintdieinfo\/#organization","name":"Saint Die Info","url":"https:\/\/vosgesinfo.fr\/saintdieinfo\/","logo":{"@type":"ImageObject","inLanguage":"fr-FR","@id":"https:\/\/vosgesinfo.fr\/saintdieinfo\/#\/schema\/logo\/image\/","url":"https:\/\/vosgesinfo.fr\/app\/uploads\/sites\/4\/2024\/02\/logo-sdi.jpg","contentUrl":"https:\/\/vosgesinfo.fr\/app\/uploads\/sites\/4\/2024\/02\/logo-sdi.jpg","width":600,"height":600,"caption":"Saint Die Info"},"image":{"@id":"https:\/\/vosgesinfo.fr\/saintdieinfo\/#\/schema\/logo\/image\/"},"sameAs":["https:\/\/www.facebook.com\/Saintdieinfofr","https:\/\/x.com\/VosgesInfo88","https:\/\/www.youtube.com\/@vosgesinfo"]},{"@type":"Person","@id":"https:\/\/vosgesinfo.fr\/saintdieinfo\/#\/schema\/person\/faee6704a21f3977511db84bd1cd450f","name":"la r\u00e9daction","image":{"@type":"ImageObject","inLanguage":"fr-FR","@id":"https:\/\/vosgesinfo.fr\/saintdieinfo\/#\/schema\/person\/image\/","url":"https:\/\/secure.gravatar.com\/avatar\/6673d8bc6a9c17fa9a453eaa3448de834fa308c2ec9635b7aa99441a7c8d2cf6?s=96&d=mm&r=g","contentUrl":"https:\/\/secure.gravatar.com\/avatar\/6673d8bc6a9c17fa9a453eaa3448de834fa308c2ec9635b7aa99441a7c8d2cf6?s=96&d=mm&r=g","caption":"la r\u00e9daction"},"url":"https:\/\/vosgesinfo.fr\/saintdieinfo\/author\/redac\/"}]}},"_links":{"self":[{"href":"https:\/\/vosgesinfo.fr\/saintdieinfo\/wp-json\/wp\/v2\/posts\/38008","targetHints":{"allow":["GET"]}}],"collection":[{"href":"https:\/\/vosgesinfo.fr\/saintdieinfo\/wp-json\/wp\/v2\/posts"}],"about":[{"href":"https:\/\/vosgesinfo.fr\/saintdieinfo\/wp-json\/wp\/v2\/types\/post"}],"author":[{"embeddable":true,"href":"https:\/\/vosgesinfo.fr\/saintdieinfo\/wp-json\/wp\/v2\/users\/44"}],"replies":[{"embeddable":true,"href":"https:\/\/vosgesinfo.fr\/saintdieinfo\/wp-json\/wp\/v2\/comments?post=38008"}],"version-history":[{"count":0,"href":"https:\/\/vosgesinfo.fr\/saintdieinfo\/wp-json\/wp\/v2\/posts\/38008\/revisions"}],"wp:featuredmedia":[{"embeddable":true,"href":"https:\/\/vosgesinfo.fr\/saintdieinfo\/wp-json\/wp\/v2\/media\/38009"}],"wp:attachment":[{"href":"https:\/\/vosgesinfo.fr\/saintdieinfo\/wp-json\/wp\/v2\/media?parent=38008"}],"wp:term":[{"taxonomy":"category","embeddable":true,"href":"https:\/\/vosgesinfo.fr\/saintdieinfo\/wp-json\/wp\/v2\/categories?post=38008"},{"taxonomy":"post_tag","embeddable":true,"href":"https:\/\/vosgesinfo.fr\/saintdieinfo\/wp-json\/wp\/v2\/tags?post=38008"}],"curies":[{"name":"wp","href":"https:\/\/api.w.org\/{rel}","templated":true}]}}