{"id":38010,"date":"2019-09-10T12:00:43","date_gmt":"2019-09-10T10:00:43","guid":{"rendered":"https:\/\/vosgesinfo.fr\/saintdieinfo\/2019\/09\/redecouvrez-patrimoine-de-deodatie-lors-36eme-journees-europeennes-patrimoine\/"},"modified":"2019-09-10T12:00:43","modified_gmt":"2019-09-10T10:00:43","slug":"redecouvrez-patrimoine-de-deodatie-lors-36eme-journees-europeennes-patrimoine","status":"publish","type":"post","link":"https:\/\/vosgesinfo.fr\/saintdieinfo\/2019\/09\/redecouvrez-patrimoine-de-deodatie-lors-36eme-journees-europeennes-patrimoine\/","title":{"rendered":"(Re)d\u00e9couvrez le patrimoine de la D\u00e9odatie lors des 36\u00e8me Journ\u00e9es Europ\u00e9ennes du Patrimoine"},"content":{"rendered":"<p><a href=\"\/2019\/09\/Affiche_JEP_2019_01.jpg\" target=\"_blank\" rel=\"noopener\"><img decoding=\"async\" class=\"aligncenter wp-image-144213 size-large\" src=\"\/2019\/09\/Affiche_JEP_2019_01-722x1024.jpg\" alt=\"Affiche_JEP_2019_01\" width=\"722\" height=\"1024\" \/><\/a><\/p>\n<h2><strong><span style=\"font-family: Calibri, sans-serif;\"><span style=\"font-size: large;\">Les Journ\u00e9es Europ\u00e9ennes du Patrimoine feront leur 36\u00e8me \u00e9dition les samedi 21 et dimanche 22 septembre prochains. Et comme chaque ann\u00e9e, Saint-Di\u00e9-des-Vosges et la D\u00e9odatie se feront \u00e9cho de cette grande manifestation culturelle, qui sera port\u00e9e localement par la Communaut\u00e9 d&rsquo;Agglom\u00e9ration.<\/span><\/span><\/strong><\/h2>\n<p><!--more--><\/p>\n<p><span style=\"font-family: Calibri, sans-serif;\"><span style=\"font-size: large;\">Ce week-end l\u00e0, autour du th\u00e8me des Arts et du divertissement, les diff\u00e9rents sites patrimoniaux \u2013 urbains, industriels, religieux, militaires \u2013 situ\u00e9s sur le territoire intercommunal\u00a0 ouvriront gratuitement leurs portes au public, proposant \u00e9galement diverses animations. Mus\u00e9es, m\u00e9diath\u00e8ques, bureaux de l&rsquo;Office de Tourisme, sites de visites ou de m\u00e9moire&#8230; Au total, ce sont 27 lieux qui accueilleront les visiteurs durant ces 2 jours plac\u00e9s sous le signe du patrimoine, avec au programme des visites guid\u00e9es bien entendu, mais aussi des expositions, conf\u00e9rences, ateliers et jeux.<\/span><\/span><\/p>\n<p><span style=\"font-family: Calibri, sans-serif;\"><span style=\"font-size: large;\">Les amateurs d&rsquo;Histoire, et plus particuli\u00e8rement de la Grande Guerre, pourront par exemple visiter le le Centre d&rsquo;Interpr\u00e9tation et de Documentation 1914 \u2013 1918 de Celles-sur-Plaine. Ils pourront \u00e9galement visiter le col de la Chapelotte, th\u00e9\u00e2tre de combats acharn\u00e9s de 1915 \u00e0 1918. Du c\u00f4t\u00e9 de la Scierie du Lan\u00e7oir du D\u00e9fil\u00e9 de Straiture, \u00e0 Ban-sur-Meurthe-Clefcy, des lectures de contes et l\u00e9gendes, avec interm\u00e8des musicaux et pr\u00e9sentation du Haut-Fer, rythmeront la journ\u00e9e de dimanche. Un d\u00e9tour par la vall\u00e9e du Rabodeau permettra d&rsquo;en apprendre davantage sur les Arts et divertissements au temps de princes de Salm-Salm ou sur les abbayes de Moyenmoutier et Senones, les cabinets de curiosit\u00e9s et le lac de la Maix. A Etival-Clairefontaine, la m\u00e9diath\u00e8que intercommunale mettra en lumi\u00e8re via une exposition Gaston Litaize, organiste vosgien aveugle peu apr\u00e8s sa naissance. Toujours \u00e0 la m\u00e9diath\u00e8que stivalienne, une conf\u00e9rence sera donn\u00e9e vendredi soir, \u00e0 20h, autour du th\u00e8me de la musique m\u00e9di\u00e9vale au travers des livres.<\/span><\/span><\/p>\n<p><span style=\"font-family: Calibri, sans-serif;\"><span style=\"font-size: large;\">Saint-Di\u00e9-des-Vosges n&rsquo;est bien entendu pas en reste, avec au programme des visites guid\u00e9es du centre-ville, de l&rsquo;ensemble Cath\u00e9dral, de la salle du Tr\u00e9sor et des r\u00e9serves de la m\u00e9diath\u00e8que Victor-Hugo, des collections et des expositions temporaires \u00ab\u00a0D&rsquo;ici et d&rsquo;ailleurs, \u00e0 la crois\u00e9e des Vosges du Nord\u00a0\u00bb et \u00ab\u00a0Maurice Ehlinger, la cr\u00e9ation en action\u00a0\u00bb&#8230; le tout sans oublier, \u00e9galement au mus\u00e9e Pierre-No\u00ebl, le vernissage de l&rsquo;exposition \u00ab\u00a0Les D\u00e9odatiens racontent\u00a0\u00bb des \u00e9l\u00e8ves du lyc\u00e9e Jules-Ferry et la pr\u00e9sentation d&rsquo;instruments de musique m\u00e9di\u00e9vaux par l&rsquo;ensemble Alla Francesca, le rallye en famille \u00ab\u00a0Croque ta ville\u00a0\u00bb et la quadruple exposition \u00e0 d\u00e9couvrir dans les jardins de la Chapelle Saint-Roch.<\/span><\/span><\/p>\n<p><span style=\"font-family: Calibri, sans-serif;\"><span style=\"font-size: large;\">Et en guise de nouveaut\u00e9 cette ann\u00e9e, le patrimoine fun\u00e9raire de la cit\u00e9 d\u00e9odatienne sera mis en lumi\u00e8re, par des visites guid\u00e9es dans les 2 cimeti\u00e8res de la C\u00f4te Calot et de Foucharupt.<\/span><\/span><\/p>\n<p><span style=\"font-family: Calibri, sans-serif;\"><span style=\"font-size: large;\"><em>\u00ab\u00a0Il y en aura pour tous les go\u00fbts et tous les \u00e2ges, permettant \u00e0 chacun de venir d\u00e9couvrir ou red\u00e9couvrir ces patrimoine qui nous appartiennent \u00e0 tous\u00a0\u00bb<\/em> souligne le maire d\u00e9odatien et pr\u00e9sident de la Communaut\u00e9 d&rsquo;Agglom\u00e9ration David Valence, dans son \u00e9dito de l&rsquo;\u00e9dition 2019 des Journ\u00e9es Europ\u00e9ennes du Patrimoine en D\u00e9odatie. Une \u00e9dition 2019 dont l&rsquo;int\u00e9gralit\u00e9 du programme est \u00e0 retrouver sur <strong><a href=\"https:\/\/saint-die.eu\/images\/09_ACTU\/2019\/08-Aout\/Programme-JEP-2019-MPN_BD.pdf\" target=\"_blank\" rel=\"noopener\">le site Internet de la Ville de Saint-Di\u00e9-des-Vosges.<\/a><\/strong><\/span><\/span><\/p>\n<p>J.J.<\/p>\n<div id=\"attachment_144212\" style=\"width: 732px\" class=\"wp-caption aligncenter\"><a href=\"\/2019\/09\/Carte_JEP_2019.jpg\" target=\"_blank\" rel=\"noopener\"><img decoding=\"async\" aria-describedby=\"caption-attachment-144212\" class=\"wp-image-144212 size-large\" src=\"\/2019\/09\/Carte_JEP_2019-722x1024.jpg\" alt=\"Carte_JEP_2019\" width=\"722\" height=\"1024\" \/><\/a><p id=\"caption-attachment-144212\" class=\"wp-caption-text\">(Cliquer pour agrandir)<\/p><\/div>\n","protected":false},"excerpt":{"rendered":"<p>Les Journ\u00e9es Europ\u00e9ennes du Patrimoine feront leur 36\u00e8me \u00e9dition les samedi 21 et dimanche 22 septembre prochains. Et comme chaque [&hellip;]<\/p>\n","protected":false},"author":46,"featured_media":38011,"comment_status":"open","ping_status":"open","sticky":false,"template":"","format":"standard","meta":{"footnotes":""},"categories":[460,2915],"tags":[7379,3282,2163,7368,1063,7380],"class_list":["post-38010","post","type-post","status-publish","format-standard","has-post-thumbnail","hentry","category-a-la-une","category-saint-die-son-canton","tag-38eme-journees-europeennes-du-patrimoine","tag-communaute-dagglomeration-de-saint-die-des-vosges","tag-journees-europeennes-du-patrimoine","tag-journees-europeennes-du-patrimoine-2019","tag-patrimoine","tag-patrimoine-de-la-deodatie"],"acf":[],"yoast_head":"<!-- This site is optimized with the Yoast SEO plugin v22.5 - https:\/\/yoast.com\/wordpress\/plugins\/seo\/ -->\n<title>(Re)d\u00e9couvrez le patrimoine de la D\u00e9odatie lors des 36\u00e8me Journ\u00e9es Europ\u00e9ennes du Patrimoine - Saint Die Info<\/title>\n<meta name=\"robots\" content=\"index, follow, max-snippet:-1, max-image-preview:large, max-video-preview:-1\" \/>\n<link rel=\"canonical\" href=\"https:\/\/vosgesinfo.fr\/saintdieinfo\/2019\/09\/redecouvrez-patrimoine-de-deodatie-lors-36eme-journees-europeennes-patrimoine\/\" \/>\n<meta name=\"twitter:card\" content=\"summary_large_image\" \/>\n<meta name=\"twitter:title\" content=\"(Re)d\u00e9couvrez le patrimoine de la D\u00e9odatie lors des 36\u00e8me Journ\u00e9es Europ\u00e9ennes du Patrimoine - Saint Die Info\" \/>\n<meta name=\"twitter:description\" content=\"Les Journ\u00e9es Europ\u00e9ennes du Patrimoine feront leur 36\u00e8me \u00e9dition les samedi 21 et dimanche 22 septembre prochains. Et comme chaque [&hellip;]\" \/>\n<meta name=\"twitter:image\" content=\"https:\/\/vosgesinfo.fr\/app\/uploads\/sites\/4\/2024\/08\/201909jep-2019-2.jpg\" \/>\n<meta name=\"twitter:creator\" content=\"@VosgesInfo88\" \/>\n<meta name=\"twitter:site\" content=\"@VosgesInfo88\" \/>\n<meta name=\"twitter:label1\" content=\"\u00c9crit par\" \/>\n\t<meta name=\"twitter:data1\" content=\"J.J.\" \/>\n\t<meta name=\"twitter:label2\" content=\"Dur\u00e9e de lecture estim\u00e9e\" \/>\n\t<meta name=\"twitter:data2\" content=\"3 minutes\" \/>\n<script type=\"application\/ld+json\" class=\"yoast-schema-graph\">{\"@context\":\"https:\/\/schema.org\",\"@graph\":[{\"@type\":\"Article\",\"@id\":\"https:\/\/vosgesinfo.fr\/saintdieinfo\/2019\/09\/redecouvrez-patrimoine-de-deodatie-lors-36eme-journees-europeennes-patrimoine\/#article\",\"isPartOf\":{\"@id\":\"https:\/\/vosgesinfo.fr\/saintdieinfo\/2019\/09\/redecouvrez-patrimoine-de-deodatie-lors-36eme-journees-europeennes-patrimoine\/\"},\"author\":{\"name\":\"J.J.\",\"@id\":\"https:\/\/vosgesinfo.fr\/saintdieinfo\/#\/schema\/person\/fa73e9f726d67bb88f46d5b7943cb572\"},\"headline\":\"(Re)d\u00e9couvrez le patrimoine de la D\u00e9odatie lors des 36\u00e8me Journ\u00e9es Europ\u00e9ennes du Patrimoine\",\"datePublished\":\"2019-09-10T10:00:43+00:00\",\"dateModified\":\"2019-09-10T10:00:43+00:00\",\"mainEntityOfPage\":{\"@id\":\"https:\/\/vosgesinfo.fr\/saintdieinfo\/2019\/09\/redecouvrez-patrimoine-de-deodatie-lors-36eme-journees-europeennes-patrimoine\/\"},\"wordCount\":592,\"commentCount\":0,\"publisher\":{\"@id\":\"https:\/\/vosgesinfo.fr\/saintdieinfo\/#organization\"},\"image\":{\"@id\":\"https:\/\/vosgesinfo.fr\/saintdieinfo\/2019\/09\/redecouvrez-patrimoine-de-deodatie-lors-36eme-journees-europeennes-patrimoine\/#primaryimage\"},\"thumbnailUrl\":\"https:\/\/vosgesinfo.fr\/app\/uploads\/sites\/4\/2024\/08\/201909jep-2019-2.jpg\",\"keywords\":[\"38\u00e8me Journ\u00e9es Europ\u00e9ennes du Patrimoine\",\"Communaut\u00e9 d'Agglom\u00e9ration de Saint-Di\u00e9-des-Vosges\",\"journ\u00e9es europ\u00e9ennes du patrimoine\",\"Journ\u00e9es Europ\u00e9ennes du Patrimoine 2019\",\"patrimoine\",\"Patrimoine de la D\u00e9odatie\"],\"articleSection\":[\"A la Une\",\"Saint-Di\u00e9-des-Vosges et son Agglom\u00e9ration\"],\"inLanguage\":\"fr-FR\",\"potentialAction\":[{\"@type\":\"CommentAction\",\"name\":\"Comment\",\"target\":[\"https:\/\/vosgesinfo.fr\/saintdieinfo\/2019\/09\/redecouvrez-patrimoine-de-deodatie-lors-36eme-journees-europeennes-patrimoine\/#respond\"]}]},{\"@type\":\"WebPage\",\"@id\":\"https:\/\/vosgesinfo.fr\/saintdieinfo\/2019\/09\/redecouvrez-patrimoine-de-deodatie-lors-36eme-journees-europeennes-patrimoine\/\",\"url\":\"https:\/\/vosgesinfo.fr\/saintdieinfo\/2019\/09\/redecouvrez-patrimoine-de-deodatie-lors-36eme-journees-europeennes-patrimoine\/\",\"name\":\"(Re)d\u00e9couvrez le patrimoine de la D\u00e9odatie lors des 36\u00e8me Journ\u00e9es Europ\u00e9ennes du Patrimoine - Saint Die Info\",\"isPartOf\":{\"@id\":\"https:\/\/vosgesinfo.fr\/saintdieinfo\/#website\"},\"primaryImageOfPage\":{\"@id\":\"https:\/\/vosgesinfo.fr\/saintdieinfo\/2019\/09\/redecouvrez-patrimoine-de-deodatie-lors-36eme-journees-europeennes-patrimoine\/#primaryimage\"},\"image\":{\"@id\":\"https:\/\/vosgesinfo.fr\/saintdieinfo\/2019\/09\/redecouvrez-patrimoine-de-deodatie-lors-36eme-journees-europeennes-patrimoine\/#primaryimage\"},\"thumbnailUrl\":\"https:\/\/vosgesinfo.fr\/app\/uploads\/sites\/4\/2024\/08\/201909jep-2019-2.jpg\",\"datePublished\":\"2019-09-10T10:00:43+00:00\",\"dateModified\":\"2019-09-10T10:00:43+00:00\",\"breadcrumb\":{\"@id\":\"https:\/\/vosgesinfo.fr\/saintdieinfo\/2019\/09\/redecouvrez-patrimoine-de-deodatie-lors-36eme-journees-europeennes-patrimoine\/#breadcrumb\"},\"inLanguage\":\"fr-FR\",\"potentialAction\":[{\"@type\":\"ReadAction\",\"target\":[\"https:\/\/vosgesinfo.fr\/saintdieinfo\/2019\/09\/redecouvrez-patrimoine-de-deodatie-lors-36eme-journees-europeennes-patrimoine\/\"]}]},{\"@type\":\"ImageObject\",\"inLanguage\":\"fr-FR\",\"@id\":\"https:\/\/vosgesinfo.fr\/saintdieinfo\/2019\/09\/redecouvrez-patrimoine-de-deodatie-lors-36eme-journees-europeennes-patrimoine\/#primaryimage\",\"url\":\"https:\/\/vosgesinfo.fr\/app\/uploads\/sites\/4\/2024\/08\/201909jep-2019-2.jpg\",\"contentUrl\":\"https:\/\/vosgesinfo.fr\/app\/uploads\/sites\/4\/2024\/08\/201909jep-2019-2.jpg\",\"width\":1000,\"height\":748},{\"@type\":\"BreadcrumbList\",\"@id\":\"https:\/\/vosgesinfo.fr\/saintdieinfo\/2019\/09\/redecouvrez-patrimoine-de-deodatie-lors-36eme-journees-europeennes-patrimoine\/#breadcrumb\",\"itemListElement\":[{\"@type\":\"ListItem\",\"position\":1,\"name\":\"Home\",\"item\":\"https:\/\/vosgesinfo.fr\/saintdieinfo\/\"},{\"@type\":\"ListItem\",\"position\":2,\"name\":\"(Re)d\u00e9couvrez le patrimoine de la D\u00e9odatie lors des 36\u00e8me Journ\u00e9es Europ\u00e9ennes du Patrimoine\"}]},{\"@type\":\"WebSite\",\"@id\":\"https:\/\/vosgesinfo.fr\/saintdieinfo\/#website\",\"url\":\"https:\/\/vosgesinfo.fr\/saintdieinfo\/\",\"name\":\"Saint Die Info\",\"description\":\"Toute l&#039;actualit\u00e9 de Saint-Di\u00e9-Des-Vosges\",\"publisher\":{\"@id\":\"https:\/\/vosgesinfo.fr\/saintdieinfo\/#organization\"},\"alternateName\":\"Toute l'actualit\u00e9 de Saint-Di\u00e9-Des-Vosges\",\"potentialAction\":[{\"@type\":\"SearchAction\",\"target\":{\"@type\":\"EntryPoint\",\"urlTemplate\":\"https:\/\/vosgesinfo.fr\/saintdieinfo\/?s={search_term_string}\"},\"query-input\":\"required name=search_term_string\"}],\"inLanguage\":\"fr-FR\"},{\"@type\":\"Organization\",\"@id\":\"https:\/\/vosgesinfo.fr\/saintdieinfo\/#organization\",\"name\":\"Saint Die Info\",\"url\":\"https:\/\/vosgesinfo.fr\/saintdieinfo\/\",\"logo\":{\"@type\":\"ImageObject\",\"inLanguage\":\"fr-FR\",\"@id\":\"https:\/\/vosgesinfo.fr\/saintdieinfo\/#\/schema\/logo\/image\/\",\"url\":\"https:\/\/vosgesinfo.fr\/app\/uploads\/sites\/4\/2024\/02\/logo-sdi.jpg\",\"contentUrl\":\"https:\/\/vosgesinfo.fr\/app\/uploads\/sites\/4\/2024\/02\/logo-sdi.jpg\",\"width\":600,\"height\":600,\"caption\":\"Saint Die Info\"},\"image\":{\"@id\":\"https:\/\/vosgesinfo.fr\/saintdieinfo\/#\/schema\/logo\/image\/\"},\"sameAs\":[\"https:\/\/www.facebook.com\/Saintdieinfofr\",\"https:\/\/x.com\/VosgesInfo88\",\"https:\/\/www.youtube.com\/@vosgesinfo\"]},{\"@type\":\"Person\",\"@id\":\"https:\/\/vosgesinfo.fr\/saintdieinfo\/#\/schema\/person\/fa73e9f726d67bb88f46d5b7943cb572\",\"name\":\"J.J.\",\"image\":{\"@type\":\"ImageObject\",\"inLanguage\":\"fr-FR\",\"@id\":\"https:\/\/vosgesinfo.fr\/saintdieinfo\/#\/schema\/person\/image\/\",\"url\":\"https:\/\/secure.gravatar.com\/avatar\/219e749e47ffbcca018a360ae4add7d4cdf1cdaaf8bc7676b27efade3fe65615?s=96&d=mm&r=g\",\"contentUrl\":\"https:\/\/secure.gravatar.com\/avatar\/219e749e47ffbcca018a360ae4add7d4cdf1cdaaf8bc7676b27efade3fe65615?s=96&d=mm&r=g\",\"caption\":\"J.J.\"},\"url\":\"https:\/\/vosgesinfo.fr\/saintdieinfo\/author\/j-j\/\"}]}<\/script>\n<!-- \/ Yoast SEO plugin. -->","yoast_head_json":{"title":"(Re)d\u00e9couvrez le patrimoine de la D\u00e9odatie lors des 36\u00e8me Journ\u00e9es Europ\u00e9ennes du Patrimoine - Saint Die Info","robots":{"index":"index","follow":"follow","max-snippet":"max-snippet:-1","max-image-preview":"max-image-preview:large","max-video-preview":"max-video-preview:-1"},"canonical":"https:\/\/vosgesinfo.fr\/saintdieinfo\/2019\/09\/redecouvrez-patrimoine-de-deodatie-lors-36eme-journees-europeennes-patrimoine\/","twitter_card":"summary_large_image","twitter_title":"(Re)d\u00e9couvrez le patrimoine de la D\u00e9odatie lors des 36\u00e8me Journ\u00e9es Europ\u00e9ennes du Patrimoine - Saint Die Info","twitter_description":"Les Journ\u00e9es Europ\u00e9ennes du Patrimoine feront leur 36\u00e8me \u00e9dition les samedi 21 et dimanche 22 septembre prochains. Et comme chaque [&hellip;]","twitter_image":"https:\/\/vosgesinfo.fr\/app\/uploads\/sites\/4\/2024\/08\/201909jep-2019-2.jpg","twitter_creator":"@VosgesInfo88","twitter_site":"@VosgesInfo88","twitter_misc":{"\u00c9crit par":"J.J.","Dur\u00e9e de lecture estim\u00e9e":"3 minutes"},"schema":{"@context":"https:\/\/schema.org","@graph":[{"@type":"Article","@id":"https:\/\/vosgesinfo.fr\/saintdieinfo\/2019\/09\/redecouvrez-patrimoine-de-deodatie-lors-36eme-journees-europeennes-patrimoine\/#article","isPartOf":{"@id":"https:\/\/vosgesinfo.fr\/saintdieinfo\/2019\/09\/redecouvrez-patrimoine-de-deodatie-lors-36eme-journees-europeennes-patrimoine\/"},"author":{"name":"J.J.","@id":"https:\/\/vosgesinfo.fr\/saintdieinfo\/#\/schema\/person\/fa73e9f726d67bb88f46d5b7943cb572"},"headline":"(Re)d\u00e9couvrez le patrimoine de la D\u00e9odatie lors des 36\u00e8me Journ\u00e9es Europ\u00e9ennes du Patrimoine","datePublished":"2019-09-10T10:00:43+00:00","dateModified":"2019-09-10T10:00:43+00:00","mainEntityOfPage":{"@id":"https:\/\/vosgesinfo.fr\/saintdieinfo\/2019\/09\/redecouvrez-patrimoine-de-deodatie-lors-36eme-journees-europeennes-patrimoine\/"},"wordCount":592,"commentCount":0,"publisher":{"@id":"https:\/\/vosgesinfo.fr\/saintdieinfo\/#organization"},"image":{"@id":"https:\/\/vosgesinfo.fr\/saintdieinfo\/2019\/09\/redecouvrez-patrimoine-de-deodatie-lors-36eme-journees-europeennes-patrimoine\/#primaryimage"},"thumbnailUrl":"https:\/\/vosgesinfo.fr\/app\/uploads\/sites\/4\/2024\/08\/201909jep-2019-2.jpg","keywords":["38\u00e8me Journ\u00e9es Europ\u00e9ennes du Patrimoine","Communaut\u00e9 d'Agglom\u00e9ration de Saint-Di\u00e9-des-Vosges","journ\u00e9es europ\u00e9ennes du patrimoine","Journ\u00e9es Europ\u00e9ennes du Patrimoine 2019","patrimoine","Patrimoine de la D\u00e9odatie"],"articleSection":["A la Une","Saint-Di\u00e9-des-Vosges et son Agglom\u00e9ration"],"inLanguage":"fr-FR","potentialAction":[{"@type":"CommentAction","name":"Comment","target":["https:\/\/vosgesinfo.fr\/saintdieinfo\/2019\/09\/redecouvrez-patrimoine-de-deodatie-lors-36eme-journees-europeennes-patrimoine\/#respond"]}]},{"@type":"WebPage","@id":"https:\/\/vosgesinfo.fr\/saintdieinfo\/2019\/09\/redecouvrez-patrimoine-de-deodatie-lors-36eme-journees-europeennes-patrimoine\/","url":"https:\/\/vosgesinfo.fr\/saintdieinfo\/2019\/09\/redecouvrez-patrimoine-de-deodatie-lors-36eme-journees-europeennes-patrimoine\/","name":"(Re)d\u00e9couvrez le patrimoine de la D\u00e9odatie lors des 36\u00e8me Journ\u00e9es Europ\u00e9ennes du Patrimoine - Saint Die Info","isPartOf":{"@id":"https:\/\/vosgesinfo.fr\/saintdieinfo\/#website"},"primaryImageOfPage":{"@id":"https:\/\/vosgesinfo.fr\/saintdieinfo\/2019\/09\/redecouvrez-patrimoine-de-deodatie-lors-36eme-journees-europeennes-patrimoine\/#primaryimage"},"image":{"@id":"https:\/\/vosgesinfo.fr\/saintdieinfo\/2019\/09\/redecouvrez-patrimoine-de-deodatie-lors-36eme-journees-europeennes-patrimoine\/#primaryimage"},"thumbnailUrl":"https:\/\/vosgesinfo.fr\/app\/uploads\/sites\/4\/2024\/08\/201909jep-2019-2.jpg","datePublished":"2019-09-10T10:00:43+00:00","dateModified":"2019-09-10T10:00:43+00:00","breadcrumb":{"@id":"https:\/\/vosgesinfo.fr\/saintdieinfo\/2019\/09\/redecouvrez-patrimoine-de-deodatie-lors-36eme-journees-europeennes-patrimoine\/#breadcrumb"},"inLanguage":"fr-FR","potentialAction":[{"@type":"ReadAction","target":["https:\/\/vosgesinfo.fr\/saintdieinfo\/2019\/09\/redecouvrez-patrimoine-de-deodatie-lors-36eme-journees-europeennes-patrimoine\/"]}]},{"@type":"ImageObject","inLanguage":"fr-FR","@id":"https:\/\/vosgesinfo.fr\/saintdieinfo\/2019\/09\/redecouvrez-patrimoine-de-deodatie-lors-36eme-journees-europeennes-patrimoine\/#primaryimage","url":"https:\/\/vosgesinfo.fr\/app\/uploads\/sites\/4\/2024\/08\/201909jep-2019-2.jpg","contentUrl":"https:\/\/vosgesinfo.fr\/app\/uploads\/sites\/4\/2024\/08\/201909jep-2019-2.jpg","width":1000,"height":748},{"@type":"BreadcrumbList","@id":"https:\/\/vosgesinfo.fr\/saintdieinfo\/2019\/09\/redecouvrez-patrimoine-de-deodatie-lors-36eme-journees-europeennes-patrimoine\/#breadcrumb","itemListElement":[{"@type":"ListItem","position":1,"name":"Home","item":"https:\/\/vosgesinfo.fr\/saintdieinfo\/"},{"@type":"ListItem","position":2,"name":"(Re)d\u00e9couvrez le patrimoine de la D\u00e9odatie lors des 36\u00e8me Journ\u00e9es Europ\u00e9ennes du Patrimoine"}]},{"@type":"WebSite","@id":"https:\/\/vosgesinfo.fr\/saintdieinfo\/#website","url":"https:\/\/vosgesinfo.fr\/saintdieinfo\/","name":"Saint Die Info","description":"Toute l&#039;actualit\u00e9 de Saint-Di\u00e9-Des-Vosges","publisher":{"@id":"https:\/\/vosgesinfo.fr\/saintdieinfo\/#organization"},"alternateName":"Toute l'actualit\u00e9 de Saint-Di\u00e9-Des-Vosges","potentialAction":[{"@type":"SearchAction","target":{"@type":"EntryPoint","urlTemplate":"https:\/\/vosgesinfo.fr\/saintdieinfo\/?s={search_term_string}"},"query-input":"required name=search_term_string"}],"inLanguage":"fr-FR"},{"@type":"Organization","@id":"https:\/\/vosgesinfo.fr\/saintdieinfo\/#organization","name":"Saint Die Info","url":"https:\/\/vosgesinfo.fr\/saintdieinfo\/","logo":{"@type":"ImageObject","inLanguage":"fr-FR","@id":"https:\/\/vosgesinfo.fr\/saintdieinfo\/#\/schema\/logo\/image\/","url":"https:\/\/vosgesinfo.fr\/app\/uploads\/sites\/4\/2024\/02\/logo-sdi.jpg","contentUrl":"https:\/\/vosgesinfo.fr\/app\/uploads\/sites\/4\/2024\/02\/logo-sdi.jpg","width":600,"height":600,"caption":"Saint Die Info"},"image":{"@id":"https:\/\/vosgesinfo.fr\/saintdieinfo\/#\/schema\/logo\/image\/"},"sameAs":["https:\/\/www.facebook.com\/Saintdieinfofr","https:\/\/x.com\/VosgesInfo88","https:\/\/www.youtube.com\/@vosgesinfo"]},{"@type":"Person","@id":"https:\/\/vosgesinfo.fr\/saintdieinfo\/#\/schema\/person\/fa73e9f726d67bb88f46d5b7943cb572","name":"J.J.","image":{"@type":"ImageObject","inLanguage":"fr-FR","@id":"https:\/\/vosgesinfo.fr\/saintdieinfo\/#\/schema\/person\/image\/","url":"https:\/\/secure.gravatar.com\/avatar\/219e749e47ffbcca018a360ae4add7d4cdf1cdaaf8bc7676b27efade3fe65615?s=96&d=mm&r=g","contentUrl":"https:\/\/secure.gravatar.com\/avatar\/219e749e47ffbcca018a360ae4add7d4cdf1cdaaf8bc7676b27efade3fe65615?s=96&d=mm&r=g","caption":"J.J."},"url":"https:\/\/vosgesinfo.fr\/saintdieinfo\/author\/j-j\/"}]}},"_links":{"self":[{"href":"https:\/\/vosgesinfo.fr\/saintdieinfo\/wp-json\/wp\/v2\/posts\/38010","targetHints":{"allow":["GET"]}}],"collection":[{"href":"https:\/\/vosgesinfo.fr\/saintdieinfo\/wp-json\/wp\/v2\/posts"}],"about":[{"href":"https:\/\/vosgesinfo.fr\/saintdieinfo\/wp-json\/wp\/v2\/types\/post"}],"author":[{"embeddable":true,"href":"https:\/\/vosgesinfo.fr\/saintdieinfo\/wp-json\/wp\/v2\/users\/46"}],"replies":[{"embeddable":true,"href":"https:\/\/vosgesinfo.fr\/saintdieinfo\/wp-json\/wp\/v2\/comments?post=38010"}],"version-history":[{"count":0,"href":"https:\/\/vosgesinfo.fr\/saintdieinfo\/wp-json\/wp\/v2\/posts\/38010\/revisions"}],"wp:featuredmedia":[{"embeddable":true,"href":"https:\/\/vosgesinfo.fr\/saintdieinfo\/wp-json\/wp\/v2\/media\/38011"}],"wp:attachment":[{"href":"https:\/\/vosgesinfo.fr\/saintdieinfo\/wp-json\/wp\/v2\/media?parent=38010"}],"wp:term":[{"taxonomy":"category","embeddable":true,"href":"https:\/\/vosgesinfo.fr\/saintdieinfo\/wp-json\/wp\/v2\/categories?post=38010"},{"taxonomy":"post_tag","embeddable":true,"href":"https:\/\/vosgesinfo.fr\/saintdieinfo\/wp-json\/wp\/v2\/tags?post=38010"}],"curies":[{"name":"wp","href":"https:\/\/api.w.org\/{rel}","templated":true}]}}