{"id":38014,"date":"2019-09-10T12:30:48","date_gmt":"2019-09-10T10:30:48","guid":{"rendered":"https:\/\/vosgesinfo.fr\/saintdieinfo\/2019\/09\/rappel-concert-grognards-profit-de-spa-deodatienne-cest-samedi-28-septembre-a-lespace-georges-sadoul\/"},"modified":"2019-09-10T12:30:48","modified_gmt":"2019-09-10T10:30:48","slug":"rappel-concert-grognards-profit-de-spa-deodatienne-cest-samedi-28-septembre-a-lespace-georges-sadoul","status":"publish","type":"post","link":"https:\/\/vosgesinfo.fr\/saintdieinfo\/2019\/09\/rappel-concert-grognards-profit-de-spa-deodatienne-cest-samedi-28-septembre-a-lespace-georges-sadoul\/","title":{"rendered":"Rappel \u2013 Le concert des Grognards au profit de la SPA D\u00e9odatienne, c&rsquo;est samedi 28 septembre \u00e0 l&rsquo;Espace Georges-Sadoul"},"content":{"rendered":"<div id=\"attachment_143465\" style=\"width: 1010px\" class=\"wp-caption aligncenter\"><a href=\"\/2019\/08\/Concert_Grognards_SPA_D\u00e9odatienne.jpg\" target=\"_blank\" rel=\"noopener\"><img decoding=\"async\" aria-describedby=\"caption-attachment-143465\" class=\"wp-image-143465 size-full\" src=\"\/2019\/08\/Concert_Grognards_SPA_D\u00e9odatienne.jpg\" alt=\"\" width=\"1000\" height=\"623\" \/><\/a><p id=\"caption-attachment-143465\" class=\"wp-caption-text\">(Cr\u00e9dit photographique Les Grognards)<\/p><\/div>\n<h2><strong><span style=\"font-family: Calibri, sans-serif;\"><span style=\"font-size: large;\">Les Grognards, musique des anciens du 18\u00e8me R\u00e9giment de Transmissions d&rsquo;Epinal, se produiront \u00e0 l\u2019Espace Georges-Sadoul au profit de la SPA D\u00e9odatienne le samedi 28 septembre prochain, \u00e0 partir de 20h30.<\/span><\/span><\/strong><\/h2>\n<p><!--more--><\/p>\n<p><span style=\"font-family: Calibri, sans-serif;\"><span style=\"font-size: large;\"><em>\u00ab\u00a0Nous vous attendons ! Rev\u00eatu de la prestigieuse tenue de gendarme de l&rsquo;Empire qui a fait notre renomm\u00e9e. Un v\u00e9ritable voyage dans le temps, la musique vous transporte de l\u2019\u00e9poque Napol\u00e9onienne \u00e0 nos jours ! Notre r\u00e9pertoire est vari\u00e9 allant de la musique militaire aux morceaux les plus modernes\u00a0\u00bb<\/em> ont d\u00e9clar\u00e9 les Grognards sur <a href=\"https:\/\/www.facebook.com\/spa.pbelfort\/\" target=\"_blank\" rel=\"noopener\"><strong>la page Facebook de la SPA D\u00e9odatienne.<\/strong><\/a> Tous b\u00e9n\u00e9voles, les musiciens composant le groupe ont entre 16 et 82 ans.<\/span><\/span><\/p>\n<p><a name=\"more-143464\"><\/a><span style=\"font-family: Calibri, sans-serif;\"><span style=\"font-size: large;\">Les billets sont d&rsquo;ores et d\u00e9j\u00e0 en vente aupr\u00e8s du magasin \u00ab\u00a0La Pap\u00e9th\u00e8que\u00a0\u00bb de la rue Thiers. Tarif unique de 12 euros, sachant que l\u2019ensemble des b\u00e9n\u00e9fices seront ensuite revers\u00e9s \u00e0 l\u2019association de protection animale.<\/span><\/span><\/p>\n<p><span style=\"font-family: Calibri, sans-serif;\"><span style=\"font-size: large;\">J.J.<\/span><\/span><\/p>\n","protected":false},"excerpt":{"rendered":"<p>Les Grognards, musique des anciens du 18\u00e8me R\u00e9giment de Transmissions d&rsquo;Epinal, se produiront \u00e0 l\u2019Espace Georges-Sadoul au profit de la [&hellip;]<\/p>\n","protected":false},"author":46,"featured_media":38015,"comment_status":"open","ping_status":"open","sticky":false,"template":"","format":"standard","meta":{"footnotes":""},"categories":[460,2915,17],"tags":[7381,5844,3559,7226,2944],"class_list":["post-38014","post","type-post","status-publish","format-standard","has-post-thumbnail","hentry","category-a-la-une","category-saint-die-son-canton","category-vie-associative","tag-18eme-regiment-de-transmissions-depinal","tag-concert-caritatif","tag-espace-georges-sadoul","tag-les-grognards","tag-spa-deodatienne"],"acf":[],"yoast_head":"<!-- This site is optimized with the Yoast SEO plugin v22.5 - https:\/\/yoast.com\/wordpress\/plugins\/seo\/ -->\n<title>Rappel \u2013 Le concert des Grognards au profit de la SPA D\u00e9odatienne, c&#039;est samedi 28 septembre \u00e0 l&#039;Espace Georges-Sadoul - Saint Die Info<\/title>\n<meta name=\"robots\" content=\"index, follow, max-snippet:-1, max-image-preview:large, max-video-preview:-1\" \/>\n<link rel=\"canonical\" href=\"https:\/\/vosgesinfo.fr\/saintdieinfo\/2019\/09\/rappel-concert-grognards-profit-de-spa-deodatienne-cest-samedi-28-septembre-a-lespace-georges-sadoul\/\" \/>\n<meta name=\"twitter:card\" content=\"summary_large_image\" \/>\n<meta name=\"twitter:title\" content=\"Rappel \u2013 Le concert des Grognards au profit de la SPA D\u00e9odatienne, c&#039;est samedi 28 septembre \u00e0 l&#039;Espace Georges-Sadoul - Saint Die Info\" \/>\n<meta name=\"twitter:description\" content=\"Les Grognards, musique des anciens du 18\u00e8me R\u00e9giment de Transmissions d&rsquo;Epinal, se produiront \u00e0 l\u2019Espace Georges-Sadoul au profit de la [&hellip;]\" \/>\n<meta name=\"twitter:image\" content=\"https:\/\/vosgesinfo.fr\/app\/uploads\/sites\/4\/2024\/08\/201908concert-grognards-spa-deodatienne-1.jpg\" \/>\n<meta name=\"twitter:creator\" content=\"@VosgesInfo88\" \/>\n<meta name=\"twitter:site\" content=\"@VosgesInfo88\" \/>\n<meta name=\"twitter:label1\" content=\"\u00c9crit par\" \/>\n\t<meta name=\"twitter:data1\" content=\"J.J.\" \/>\n\t<meta name=\"twitter:label2\" content=\"Dur\u00e9e de lecture estim\u00e9e\" \/>\n\t<meta name=\"twitter:data2\" content=\"1 minute\" \/>\n<script type=\"application\/ld+json\" class=\"yoast-schema-graph\">{\"@context\":\"https:\/\/schema.org\",\"@graph\":[{\"@type\":\"Article\",\"@id\":\"https:\/\/vosgesinfo.fr\/saintdieinfo\/2019\/09\/rappel-concert-grognards-profit-de-spa-deodatienne-cest-samedi-28-septembre-a-lespace-georges-sadoul\/#article\",\"isPartOf\":{\"@id\":\"https:\/\/vosgesinfo.fr\/saintdieinfo\/2019\/09\/rappel-concert-grognards-profit-de-spa-deodatienne-cest-samedi-28-septembre-a-lespace-georges-sadoul\/\"},\"author\":{\"name\":\"J.J.\",\"@id\":\"https:\/\/vosgesinfo.fr\/saintdieinfo\/#\/schema\/person\/fa73e9f726d67bb88f46d5b7943cb572\"},\"headline\":\"Rappel \u2013 Le concert des Grognards au profit de la SPA D\u00e9odatienne, c&rsquo;est samedi 28 septembre \u00e0 l&rsquo;Espace Georges-Sadoul\",\"datePublished\":\"2019-09-10T10:30:48+00:00\",\"dateModified\":\"2019-09-10T10:30:48+00:00\",\"mainEntityOfPage\":{\"@id\":\"https:\/\/vosgesinfo.fr\/saintdieinfo\/2019\/09\/rappel-concert-grognards-profit-de-spa-deodatienne-cest-samedi-28-septembre-a-lespace-georges-sadoul\/\"},\"wordCount\":188,\"commentCount\":0,\"publisher\":{\"@id\":\"https:\/\/vosgesinfo.fr\/saintdieinfo\/#organization\"},\"image\":{\"@id\":\"https:\/\/vosgesinfo.fr\/saintdieinfo\/2019\/09\/rappel-concert-grognards-profit-de-spa-deodatienne-cest-samedi-28-septembre-a-lespace-georges-sadoul\/#primaryimage\"},\"thumbnailUrl\":\"https:\/\/vosgesinfo.fr\/app\/uploads\/sites\/4\/2024\/08\/201908concert-grognards-spa-deodatienne-1.jpg\",\"keywords\":[\"18\u00e8me R\u00e9giment de Transmissions d'Epinal\",\"Concert caritatif\",\"Espace Georges-Sadoul\",\"Les Grognards\",\"SPA D\u00e9odatienne\"],\"articleSection\":[\"A la Une\",\"Saint-Di\u00e9-des-Vosges et son Agglom\u00e9ration\",\"Vie Associative\"],\"inLanguage\":\"fr-FR\",\"potentialAction\":[{\"@type\":\"CommentAction\",\"name\":\"Comment\",\"target\":[\"https:\/\/vosgesinfo.fr\/saintdieinfo\/2019\/09\/rappel-concert-grognards-profit-de-spa-deodatienne-cest-samedi-28-septembre-a-lespace-georges-sadoul\/#respond\"]}]},{\"@type\":\"WebPage\",\"@id\":\"https:\/\/vosgesinfo.fr\/saintdieinfo\/2019\/09\/rappel-concert-grognards-profit-de-spa-deodatienne-cest-samedi-28-septembre-a-lespace-georges-sadoul\/\",\"url\":\"https:\/\/vosgesinfo.fr\/saintdieinfo\/2019\/09\/rappel-concert-grognards-profit-de-spa-deodatienne-cest-samedi-28-septembre-a-lespace-georges-sadoul\/\",\"name\":\"Rappel \u2013 Le concert des Grognards au profit de la SPA D\u00e9odatienne, c'est samedi 28 septembre \u00e0 l'Espace Georges-Sadoul - Saint Die Info\",\"isPartOf\":{\"@id\":\"https:\/\/vosgesinfo.fr\/saintdieinfo\/#website\"},\"primaryImageOfPage\":{\"@id\":\"https:\/\/vosgesinfo.fr\/saintdieinfo\/2019\/09\/rappel-concert-grognards-profit-de-spa-deodatienne-cest-samedi-28-septembre-a-lespace-georges-sadoul\/#primaryimage\"},\"image\":{\"@id\":\"https:\/\/vosgesinfo.fr\/saintdieinfo\/2019\/09\/rappel-concert-grognards-profit-de-spa-deodatienne-cest-samedi-28-septembre-a-lespace-georges-sadoul\/#primaryimage\"},\"thumbnailUrl\":\"https:\/\/vosgesinfo.fr\/app\/uploads\/sites\/4\/2024\/08\/201908concert-grognards-spa-deodatienne-1.jpg\",\"datePublished\":\"2019-09-10T10:30:48+00:00\",\"dateModified\":\"2019-09-10T10:30:48+00:00\",\"breadcrumb\":{\"@id\":\"https:\/\/vosgesinfo.fr\/saintdieinfo\/2019\/09\/rappel-concert-grognards-profit-de-spa-deodatienne-cest-samedi-28-septembre-a-lespace-georges-sadoul\/#breadcrumb\"},\"inLanguage\":\"fr-FR\",\"potentialAction\":[{\"@type\":\"ReadAction\",\"target\":[\"https:\/\/vosgesinfo.fr\/saintdieinfo\/2019\/09\/rappel-concert-grognards-profit-de-spa-deodatienne-cest-samedi-28-septembre-a-lespace-georges-sadoul\/\"]}]},{\"@type\":\"ImageObject\",\"inLanguage\":\"fr-FR\",\"@id\":\"https:\/\/vosgesinfo.fr\/saintdieinfo\/2019\/09\/rappel-concert-grognards-profit-de-spa-deodatienne-cest-samedi-28-septembre-a-lespace-georges-sadoul\/#primaryimage\",\"url\":\"https:\/\/vosgesinfo.fr\/app\/uploads\/sites\/4\/2024\/08\/201908concert-grognards-spa-deodatienne-1.jpg\",\"contentUrl\":\"https:\/\/vosgesinfo.fr\/app\/uploads\/sites\/4\/2024\/08\/201908concert-grognards-spa-deodatienne-1.jpg\",\"width\":1000,\"height\":623},{\"@type\":\"BreadcrumbList\",\"@id\":\"https:\/\/vosgesinfo.fr\/saintdieinfo\/2019\/09\/rappel-concert-grognards-profit-de-spa-deodatienne-cest-samedi-28-septembre-a-lespace-georges-sadoul\/#breadcrumb\",\"itemListElement\":[{\"@type\":\"ListItem\",\"position\":1,\"name\":\"Home\",\"item\":\"https:\/\/vosgesinfo.fr\/saintdieinfo\/\"},{\"@type\":\"ListItem\",\"position\":2,\"name\":\"Rappel \u2013 Le concert des Grognards au profit de la SPA D\u00e9odatienne, c&rsquo;est samedi 28 septembre \u00e0 l&rsquo;Espace Georges-Sadoul\"}]},{\"@type\":\"WebSite\",\"@id\":\"https:\/\/vosgesinfo.fr\/saintdieinfo\/#website\",\"url\":\"https:\/\/vosgesinfo.fr\/saintdieinfo\/\",\"name\":\"Saint Die Info\",\"description\":\"Toute l&#039;actualit\u00e9 de Saint-Di\u00e9-Des-Vosges\",\"publisher\":{\"@id\":\"https:\/\/vosgesinfo.fr\/saintdieinfo\/#organization\"},\"alternateName\":\"Toute l'actualit\u00e9 de Saint-Di\u00e9-Des-Vosges\",\"potentialAction\":[{\"@type\":\"SearchAction\",\"target\":{\"@type\":\"EntryPoint\",\"urlTemplate\":\"https:\/\/vosgesinfo.fr\/saintdieinfo\/?s={search_term_string}\"},\"query-input\":\"required name=search_term_string\"}],\"inLanguage\":\"fr-FR\"},{\"@type\":\"Organization\",\"@id\":\"https:\/\/vosgesinfo.fr\/saintdieinfo\/#organization\",\"name\":\"Saint Die Info\",\"url\":\"https:\/\/vosgesinfo.fr\/saintdieinfo\/\",\"logo\":{\"@type\":\"ImageObject\",\"inLanguage\":\"fr-FR\",\"@id\":\"https:\/\/vosgesinfo.fr\/saintdieinfo\/#\/schema\/logo\/image\/\",\"url\":\"https:\/\/vosgesinfo.fr\/app\/uploads\/sites\/4\/2024\/02\/logo-sdi.jpg\",\"contentUrl\":\"https:\/\/vosgesinfo.fr\/app\/uploads\/sites\/4\/2024\/02\/logo-sdi.jpg\",\"width\":600,\"height\":600,\"caption\":\"Saint Die Info\"},\"image\":{\"@id\":\"https:\/\/vosgesinfo.fr\/saintdieinfo\/#\/schema\/logo\/image\/\"},\"sameAs\":[\"https:\/\/www.facebook.com\/Saintdieinfofr\",\"https:\/\/x.com\/VosgesInfo88\",\"https:\/\/www.youtube.com\/@vosgesinfo\"]},{\"@type\":\"Person\",\"@id\":\"https:\/\/vosgesinfo.fr\/saintdieinfo\/#\/schema\/person\/fa73e9f726d67bb88f46d5b7943cb572\",\"name\":\"J.J.\",\"image\":{\"@type\":\"ImageObject\",\"inLanguage\":\"fr-FR\",\"@id\":\"https:\/\/vosgesinfo.fr\/saintdieinfo\/#\/schema\/person\/image\/\",\"url\":\"https:\/\/secure.gravatar.com\/avatar\/219e749e47ffbcca018a360ae4add7d4cdf1cdaaf8bc7676b27efade3fe65615?s=96&d=mm&r=g\",\"contentUrl\":\"https:\/\/secure.gravatar.com\/avatar\/219e749e47ffbcca018a360ae4add7d4cdf1cdaaf8bc7676b27efade3fe65615?s=96&d=mm&r=g\",\"caption\":\"J.J.\"},\"url\":\"https:\/\/vosgesinfo.fr\/saintdieinfo\/author\/j-j\/\"}]}<\/script>\n<!-- \/ Yoast SEO plugin. -->","yoast_head_json":{"title":"Rappel \u2013 Le concert des Grognards au profit de la SPA D\u00e9odatienne, c'est samedi 28 septembre \u00e0 l'Espace Georges-Sadoul - Saint Die Info","robots":{"index":"index","follow":"follow","max-snippet":"max-snippet:-1","max-image-preview":"max-image-preview:large","max-video-preview":"max-video-preview:-1"},"canonical":"https:\/\/vosgesinfo.fr\/saintdieinfo\/2019\/09\/rappel-concert-grognards-profit-de-spa-deodatienne-cest-samedi-28-septembre-a-lespace-georges-sadoul\/","twitter_card":"summary_large_image","twitter_title":"Rappel \u2013 Le concert des Grognards au profit de la SPA D\u00e9odatienne, c'est samedi 28 septembre \u00e0 l'Espace Georges-Sadoul - Saint Die Info","twitter_description":"Les Grognards, musique des anciens du 18\u00e8me R\u00e9giment de Transmissions d&rsquo;Epinal, se produiront \u00e0 l\u2019Espace Georges-Sadoul au profit de la [&hellip;]","twitter_image":"https:\/\/vosgesinfo.fr\/app\/uploads\/sites\/4\/2024\/08\/201908concert-grognards-spa-deodatienne-1.jpg","twitter_creator":"@VosgesInfo88","twitter_site":"@VosgesInfo88","twitter_misc":{"\u00c9crit par":"J.J.","Dur\u00e9e de lecture estim\u00e9e":"1 minute"},"schema":{"@context":"https:\/\/schema.org","@graph":[{"@type":"Article","@id":"https:\/\/vosgesinfo.fr\/saintdieinfo\/2019\/09\/rappel-concert-grognards-profit-de-spa-deodatienne-cest-samedi-28-septembre-a-lespace-georges-sadoul\/#article","isPartOf":{"@id":"https:\/\/vosgesinfo.fr\/saintdieinfo\/2019\/09\/rappel-concert-grognards-profit-de-spa-deodatienne-cest-samedi-28-septembre-a-lespace-georges-sadoul\/"},"author":{"name":"J.J.","@id":"https:\/\/vosgesinfo.fr\/saintdieinfo\/#\/schema\/person\/fa73e9f726d67bb88f46d5b7943cb572"},"headline":"Rappel \u2013 Le concert des Grognards au profit de la SPA D\u00e9odatienne, c&rsquo;est samedi 28 septembre \u00e0 l&rsquo;Espace Georges-Sadoul","datePublished":"2019-09-10T10:30:48+00:00","dateModified":"2019-09-10T10:30:48+00:00","mainEntityOfPage":{"@id":"https:\/\/vosgesinfo.fr\/saintdieinfo\/2019\/09\/rappel-concert-grognards-profit-de-spa-deodatienne-cest-samedi-28-septembre-a-lespace-georges-sadoul\/"},"wordCount":188,"commentCount":0,"publisher":{"@id":"https:\/\/vosgesinfo.fr\/saintdieinfo\/#organization"},"image":{"@id":"https:\/\/vosgesinfo.fr\/saintdieinfo\/2019\/09\/rappel-concert-grognards-profit-de-spa-deodatienne-cest-samedi-28-septembre-a-lespace-georges-sadoul\/#primaryimage"},"thumbnailUrl":"https:\/\/vosgesinfo.fr\/app\/uploads\/sites\/4\/2024\/08\/201908concert-grognards-spa-deodatienne-1.jpg","keywords":["18\u00e8me R\u00e9giment de Transmissions d'Epinal","Concert caritatif","Espace Georges-Sadoul","Les Grognards","SPA D\u00e9odatienne"],"articleSection":["A la Une","Saint-Di\u00e9-des-Vosges et son Agglom\u00e9ration","Vie Associative"],"inLanguage":"fr-FR","potentialAction":[{"@type":"CommentAction","name":"Comment","target":["https:\/\/vosgesinfo.fr\/saintdieinfo\/2019\/09\/rappel-concert-grognards-profit-de-spa-deodatienne-cest-samedi-28-septembre-a-lespace-georges-sadoul\/#respond"]}]},{"@type":"WebPage","@id":"https:\/\/vosgesinfo.fr\/saintdieinfo\/2019\/09\/rappel-concert-grognards-profit-de-spa-deodatienne-cest-samedi-28-septembre-a-lespace-georges-sadoul\/","url":"https:\/\/vosgesinfo.fr\/saintdieinfo\/2019\/09\/rappel-concert-grognards-profit-de-spa-deodatienne-cest-samedi-28-septembre-a-lespace-georges-sadoul\/","name":"Rappel \u2013 Le concert des Grognards au profit de la SPA D\u00e9odatienne, c'est samedi 28 septembre \u00e0 l'Espace Georges-Sadoul - Saint Die Info","isPartOf":{"@id":"https:\/\/vosgesinfo.fr\/saintdieinfo\/#website"},"primaryImageOfPage":{"@id":"https:\/\/vosgesinfo.fr\/saintdieinfo\/2019\/09\/rappel-concert-grognards-profit-de-spa-deodatienne-cest-samedi-28-septembre-a-lespace-georges-sadoul\/#primaryimage"},"image":{"@id":"https:\/\/vosgesinfo.fr\/saintdieinfo\/2019\/09\/rappel-concert-grognards-profit-de-spa-deodatienne-cest-samedi-28-septembre-a-lespace-georges-sadoul\/#primaryimage"},"thumbnailUrl":"https:\/\/vosgesinfo.fr\/app\/uploads\/sites\/4\/2024\/08\/201908concert-grognards-spa-deodatienne-1.jpg","datePublished":"2019-09-10T10:30:48+00:00","dateModified":"2019-09-10T10:30:48+00:00","breadcrumb":{"@id":"https:\/\/vosgesinfo.fr\/saintdieinfo\/2019\/09\/rappel-concert-grognards-profit-de-spa-deodatienne-cest-samedi-28-septembre-a-lespace-georges-sadoul\/#breadcrumb"},"inLanguage":"fr-FR","potentialAction":[{"@type":"ReadAction","target":["https:\/\/vosgesinfo.fr\/saintdieinfo\/2019\/09\/rappel-concert-grognards-profit-de-spa-deodatienne-cest-samedi-28-septembre-a-lespace-georges-sadoul\/"]}]},{"@type":"ImageObject","inLanguage":"fr-FR","@id":"https:\/\/vosgesinfo.fr\/saintdieinfo\/2019\/09\/rappel-concert-grognards-profit-de-spa-deodatienne-cest-samedi-28-septembre-a-lespace-georges-sadoul\/#primaryimage","url":"https:\/\/vosgesinfo.fr\/app\/uploads\/sites\/4\/2024\/08\/201908concert-grognards-spa-deodatienne-1.jpg","contentUrl":"https:\/\/vosgesinfo.fr\/app\/uploads\/sites\/4\/2024\/08\/201908concert-grognards-spa-deodatienne-1.jpg","width":1000,"height":623},{"@type":"BreadcrumbList","@id":"https:\/\/vosgesinfo.fr\/saintdieinfo\/2019\/09\/rappel-concert-grognards-profit-de-spa-deodatienne-cest-samedi-28-septembre-a-lespace-georges-sadoul\/#breadcrumb","itemListElement":[{"@type":"ListItem","position":1,"name":"Home","item":"https:\/\/vosgesinfo.fr\/saintdieinfo\/"},{"@type":"ListItem","position":2,"name":"Rappel \u2013 Le concert des Grognards au profit de la SPA D\u00e9odatienne, c&rsquo;est samedi 28 septembre \u00e0 l&rsquo;Espace Georges-Sadoul"}]},{"@type":"WebSite","@id":"https:\/\/vosgesinfo.fr\/saintdieinfo\/#website","url":"https:\/\/vosgesinfo.fr\/saintdieinfo\/","name":"Saint Die Info","description":"Toute l&#039;actualit\u00e9 de Saint-Di\u00e9-Des-Vosges","publisher":{"@id":"https:\/\/vosgesinfo.fr\/saintdieinfo\/#organization"},"alternateName":"Toute l'actualit\u00e9 de Saint-Di\u00e9-Des-Vosges","potentialAction":[{"@type":"SearchAction","target":{"@type":"EntryPoint","urlTemplate":"https:\/\/vosgesinfo.fr\/saintdieinfo\/?s={search_term_string}"},"query-input":"required name=search_term_string"}],"inLanguage":"fr-FR"},{"@type":"Organization","@id":"https:\/\/vosgesinfo.fr\/saintdieinfo\/#organization","name":"Saint Die Info","url":"https:\/\/vosgesinfo.fr\/saintdieinfo\/","logo":{"@type":"ImageObject","inLanguage":"fr-FR","@id":"https:\/\/vosgesinfo.fr\/saintdieinfo\/#\/schema\/logo\/image\/","url":"https:\/\/vosgesinfo.fr\/app\/uploads\/sites\/4\/2024\/02\/logo-sdi.jpg","contentUrl":"https:\/\/vosgesinfo.fr\/app\/uploads\/sites\/4\/2024\/02\/logo-sdi.jpg","width":600,"height":600,"caption":"Saint Die Info"},"image":{"@id":"https:\/\/vosgesinfo.fr\/saintdieinfo\/#\/schema\/logo\/image\/"},"sameAs":["https:\/\/www.facebook.com\/Saintdieinfofr","https:\/\/x.com\/VosgesInfo88","https:\/\/www.youtube.com\/@vosgesinfo"]},{"@type":"Person","@id":"https:\/\/vosgesinfo.fr\/saintdieinfo\/#\/schema\/person\/fa73e9f726d67bb88f46d5b7943cb572","name":"J.J.","image":{"@type":"ImageObject","inLanguage":"fr-FR","@id":"https:\/\/vosgesinfo.fr\/saintdieinfo\/#\/schema\/person\/image\/","url":"https:\/\/secure.gravatar.com\/avatar\/219e749e47ffbcca018a360ae4add7d4cdf1cdaaf8bc7676b27efade3fe65615?s=96&d=mm&r=g","contentUrl":"https:\/\/secure.gravatar.com\/avatar\/219e749e47ffbcca018a360ae4add7d4cdf1cdaaf8bc7676b27efade3fe65615?s=96&d=mm&r=g","caption":"J.J."},"url":"https:\/\/vosgesinfo.fr\/saintdieinfo\/author\/j-j\/"}]}},"_links":{"self":[{"href":"https:\/\/vosgesinfo.fr\/saintdieinfo\/wp-json\/wp\/v2\/posts\/38014","targetHints":{"allow":["GET"]}}],"collection":[{"href":"https:\/\/vosgesinfo.fr\/saintdieinfo\/wp-json\/wp\/v2\/posts"}],"about":[{"href":"https:\/\/vosgesinfo.fr\/saintdieinfo\/wp-json\/wp\/v2\/types\/post"}],"author":[{"embeddable":true,"href":"https:\/\/vosgesinfo.fr\/saintdieinfo\/wp-json\/wp\/v2\/users\/46"}],"replies":[{"embeddable":true,"href":"https:\/\/vosgesinfo.fr\/saintdieinfo\/wp-json\/wp\/v2\/comments?post=38014"}],"version-history":[{"count":0,"href":"https:\/\/vosgesinfo.fr\/saintdieinfo\/wp-json\/wp\/v2\/posts\/38014\/revisions"}],"wp:featuredmedia":[{"embeddable":true,"href":"https:\/\/vosgesinfo.fr\/saintdieinfo\/wp-json\/wp\/v2\/media\/38015"}],"wp:attachment":[{"href":"https:\/\/vosgesinfo.fr\/saintdieinfo\/wp-json\/wp\/v2\/media?parent=38014"}],"wp:term":[{"taxonomy":"category","embeddable":true,"href":"https:\/\/vosgesinfo.fr\/saintdieinfo\/wp-json\/wp\/v2\/categories?post=38014"},{"taxonomy":"post_tag","embeddable":true,"href":"https:\/\/vosgesinfo.fr\/saintdieinfo\/wp-json\/wp\/v2\/tags?post=38014"}],"curies":[{"name":"wp","href":"https:\/\/api.w.org\/{rel}","templated":true}]}}