{"id":38016,"date":"2019-09-10T12:45:20","date_gmt":"2019-09-10T10:45:20","guid":{"rendered":"https:\/\/vosgesinfo.fr\/saintdieinfo\/2019\/09\/gamm-vert-booste-pouvoir-dachat\/"},"modified":"2019-09-10T12:45:20","modified_gmt":"2019-09-10T10:45:20","slug":"gamm-vert-booste-pouvoir-dachat","status":"publish","type":"post","link":"https:\/\/vosgesinfo.fr\/saintdieinfo\/2019\/09\/gamm-vert-booste-pouvoir-dachat\/","title":{"rendered":"Gamm Vert booste votre pouvoir d\u2019achat !"},"content":{"rendered":"<p><a href=\"\/2019\/09\/gamm-vert-photo-premium.jpg\" target=\"_blank\" rel=\"noopener\"><img decoding=\"async\" class=\"aligncenter wp-image-144220 size-full\" src=\"\/2019\/09\/gamm-vert-photo-premium.jpg\" alt=\"gamm vert photo premium\" width=\"684\" height=\"532\" \/><\/a><\/p>\n<h2><strong><span style=\"font-size: 12pt;\">Ce samedi 14 septembre, vos magasins Gamm Vert ont mis en place une op\u00e9ration \u00ab\u00a0Bon d\u2019achat\u00a0\u00bb\u00a0!<\/span><\/strong><\/h2>\n<p><!--more--><\/p>\n<p><span style=\"font-size: 12pt;\">En cette p\u00e9riode de rentr\u00e9e, particuli\u00e8rement plus co\u00fbteuse, il est fort appr\u00e9ciable de pouvoir r\u00e9aliser des \u00e9conomies sur ses achats\u00a0!<b> <\/b>et<strong> l\u2019enseigne Gamm Vert, proche de ses clients, va contribuer \u00e0 redonner un peu plus d\u2019amplitude \u00e0 l\u2019ouverture de votre porte-monnaie !<\/strong><\/span><\/p>\n<p><span style=\"font-size: 12pt;\"><a name=\"_GoBack\"><\/a>Comment\u00a0? gr\u00e2ce \u00e0 une<b> <\/b>op\u00e9ration tr\u00e8s sp\u00e9ciale<b>, <\/b><strong>valable uniquement lors de cette journ\u00e9e du 14 septembre, en faisant profiter \u00e0 tous les clients\u00a0de deux bons d\u2019achat de 25 \u20ac, qu\u2019ils recevront d\u00e8s 50 \u20ac d\u2019achat comptabilis\u00e9s par bon\u00a0! <\/strong><\/span><\/p>\n<p><span style=\"font-size: 12pt;\">Le premier bon pourra \u00eatre utilis\u00e9 \u00e0 partir de 75 \u20ac d\u2019achat, du 25 au 29 septembre 2019, et le second bon, d\u00e8s 75 \u20ac d\u2019achat pourra \u00eatre utilis\u00e9, du 14 au 20 octobre 2019. <\/span><\/p>\n<p><span style=\"font-size: 12pt;\">Un client ne pourra pas recevoir plus de deux bons d\u2019achat lors de son passage en caisse, m\u00eame s\u2019il d\u00e9pense plus de 50 \u20ac, offre non valable sur le site gammvert.fr\u00a0; non cumulable avec tout autre op\u00e9ration en cours et non remboursable, ne pouvant donner lieu \u00e0 aucune contrepartie mon\u00e9taire.<\/span><\/p>\n<p><span style=\"font-size: 12pt;\">Alors profitez de ces bons plats et rendez-vous dans votre magasin Gamm Vert.<\/span><\/p>\n<p><span style=\"font-size: 12pt;\"><strong>Gamm Vert Saint-Di\u00e9, 16 rue Emile de Durkheim, t\u00e9l.\u00a0: 03.29.56\u00a0.94.70<\/strong><\/span><\/p>\n<p><span style=\"font-size: 12pt;\"><strong>Gamm Vert Corcieux, 68 rue de la Gare, t\u00e9l.\u00a0: 03.29.50.65.11<\/strong><\/span><\/p>\n<p><span style=\"font-size: 12pt;\"><strong>Gamm Vert Fraize, 1 rue Victor Lalev\u00e9e, t\u00e9l.\u00a0: 03.29.50.30.39<\/strong><\/span><\/p>\n<p><span style=\"font-size: 12pt;\"><strong><span style=\"font-family: Times New Roman, serif;\"><span style=\"font-family: Arial, serif;\">Gamm Vert Champs-Le-Duc<\/span><span style=\"font-family: Arial, serif;\">, <\/span><span style=\"font-family: Arial, serif;\">1, Zone Artisanale, t\u00e9l.\u00a0: 03.29.52.48.97<\/span><\/span><\/strong><\/span><\/p>\n<p style=\"text-align: center;\"><a href=\"\/2019\/09\/gamm-vert-photo-2.jpg\" target=\"_blank\" rel=\"noopener\"><img decoding=\"async\" class=\"aligncenter wp-image-144221 size-full\" src=\"\/2019\/09\/gamm-vert-photo-2.jpg\" alt=\"gamm vert photo 2\" width=\"700\" height=\"448\" \/><\/a><br \/>\n<span style=\"font-size: 12pt;\">R\u00e9daction\u00a0: Patricia Ferry-Demange<\/span><\/p>\n","protected":false},"excerpt":{"rendered":"<p>Ce samedi 14 septembre, vos magasins Gamm Vert ont mis en place une op\u00e9ration \u00ab\u00a0Bon d\u2019achat\u00a0\u00bb\u00a0!<\/p>\n","protected":false},"author":44,"featured_media":38017,"comment_status":"open","ping_status":"open","sticky":false,"template":"","format":"standard","meta":{"footnotes":""},"categories":[460,2915],"tags":[2942],"class_list":["post-38016","post","type-post","status-publish","format-standard","has-post-thumbnail","hentry","category-a-la-une","category-saint-die-son-canton","tag-gamm-vert"],"acf":[],"yoast_head":"<!-- This site is optimized with the Yoast SEO plugin v22.5 - https:\/\/yoast.com\/wordpress\/plugins\/seo\/ -->\n<title>Gamm Vert booste votre pouvoir d\u2019achat ! - Saint Die Info<\/title>\n<meta name=\"robots\" content=\"index, follow, max-snippet:-1, max-image-preview:large, max-video-preview:-1\" \/>\n<link rel=\"canonical\" href=\"https:\/\/vosgesinfo.fr\/saintdieinfo\/2019\/09\/gamm-vert-booste-pouvoir-dachat\/\" \/>\n<meta name=\"twitter:card\" content=\"summary_large_image\" \/>\n<meta name=\"twitter:title\" content=\"Gamm Vert booste votre pouvoir d\u2019achat ! - Saint Die Info\" \/>\n<meta name=\"twitter:description\" content=\"Ce samedi 14 septembre, vos magasins Gamm Vert ont mis en place une op\u00e9ration \u00ab\u00a0Bon d\u2019achat\u00a0\u00bb\u00a0!\" \/>\n<meta name=\"twitter:image\" content=\"https:\/\/vosgesinfo.fr\/app\/uploads\/sites\/4\/2024\/08\/201909gamm-vert-photo-premium.jpg\" \/>\n<meta name=\"twitter:creator\" content=\"@VosgesInfo88\" \/>\n<meta name=\"twitter:site\" content=\"@VosgesInfo88\" \/>\n<meta name=\"twitter:label1\" content=\"\u00c9crit par\" \/>\n\t<meta name=\"twitter:data1\" content=\"la r\u00e9daction\" \/>\n\t<meta name=\"twitter:label2\" content=\"Dur\u00e9e de lecture estim\u00e9e\" \/>\n\t<meta name=\"twitter:data2\" content=\"1 minute\" \/>\n<script type=\"application\/ld+json\" class=\"yoast-schema-graph\">{\"@context\":\"https:\/\/schema.org\",\"@graph\":[{\"@type\":\"Article\",\"@id\":\"https:\/\/vosgesinfo.fr\/saintdieinfo\/2019\/09\/gamm-vert-booste-pouvoir-dachat\/#article\",\"isPartOf\":{\"@id\":\"https:\/\/vosgesinfo.fr\/saintdieinfo\/2019\/09\/gamm-vert-booste-pouvoir-dachat\/\"},\"author\":{\"name\":\"la r\u00e9daction\",\"@id\":\"https:\/\/vosgesinfo.fr\/saintdieinfo\/#\/schema\/person\/faee6704a21f3977511db84bd1cd450f\"},\"headline\":\"Gamm Vert booste votre pouvoir d\u2019achat !\",\"datePublished\":\"2019-09-10T10:45:20+00:00\",\"dateModified\":\"2019-09-10T10:45:20+00:00\",\"mainEntityOfPage\":{\"@id\":\"https:\/\/vosgesinfo.fr\/saintdieinfo\/2019\/09\/gamm-vert-booste-pouvoir-dachat\/\"},\"wordCount\":246,\"commentCount\":0,\"publisher\":{\"@id\":\"https:\/\/vosgesinfo.fr\/saintdieinfo\/#organization\"},\"image\":{\"@id\":\"https:\/\/vosgesinfo.fr\/saintdieinfo\/2019\/09\/gamm-vert-booste-pouvoir-dachat\/#primaryimage\"},\"thumbnailUrl\":\"https:\/\/vosgesinfo.fr\/app\/uploads\/sites\/4\/2024\/08\/201909gamm-vert-photo-premium.jpg\",\"keywords\":[\"Gamm Vert\"],\"articleSection\":[\"A la Une\",\"Saint-Di\u00e9-des-Vosges et son Agglom\u00e9ration\"],\"inLanguage\":\"fr-FR\",\"potentialAction\":[{\"@type\":\"CommentAction\",\"name\":\"Comment\",\"target\":[\"https:\/\/vosgesinfo.fr\/saintdieinfo\/2019\/09\/gamm-vert-booste-pouvoir-dachat\/#respond\"]}]},{\"@type\":\"WebPage\",\"@id\":\"https:\/\/vosgesinfo.fr\/saintdieinfo\/2019\/09\/gamm-vert-booste-pouvoir-dachat\/\",\"url\":\"https:\/\/vosgesinfo.fr\/saintdieinfo\/2019\/09\/gamm-vert-booste-pouvoir-dachat\/\",\"name\":\"Gamm Vert booste votre pouvoir d\u2019achat ! - Saint Die Info\",\"isPartOf\":{\"@id\":\"https:\/\/vosgesinfo.fr\/saintdieinfo\/#website\"},\"primaryImageOfPage\":{\"@id\":\"https:\/\/vosgesinfo.fr\/saintdieinfo\/2019\/09\/gamm-vert-booste-pouvoir-dachat\/#primaryimage\"},\"image\":{\"@id\":\"https:\/\/vosgesinfo.fr\/saintdieinfo\/2019\/09\/gamm-vert-booste-pouvoir-dachat\/#primaryimage\"},\"thumbnailUrl\":\"https:\/\/vosgesinfo.fr\/app\/uploads\/sites\/4\/2024\/08\/201909gamm-vert-photo-premium.jpg\",\"datePublished\":\"2019-09-10T10:45:20+00:00\",\"dateModified\":\"2019-09-10T10:45:20+00:00\",\"breadcrumb\":{\"@id\":\"https:\/\/vosgesinfo.fr\/saintdieinfo\/2019\/09\/gamm-vert-booste-pouvoir-dachat\/#breadcrumb\"},\"inLanguage\":\"fr-FR\",\"potentialAction\":[{\"@type\":\"ReadAction\",\"target\":[\"https:\/\/vosgesinfo.fr\/saintdieinfo\/2019\/09\/gamm-vert-booste-pouvoir-dachat\/\"]}]},{\"@type\":\"ImageObject\",\"inLanguage\":\"fr-FR\",\"@id\":\"https:\/\/vosgesinfo.fr\/saintdieinfo\/2019\/09\/gamm-vert-booste-pouvoir-dachat\/#primaryimage\",\"url\":\"https:\/\/vosgesinfo.fr\/app\/uploads\/sites\/4\/2024\/08\/201909gamm-vert-photo-premium.jpg\",\"contentUrl\":\"https:\/\/vosgesinfo.fr\/app\/uploads\/sites\/4\/2024\/08\/201909gamm-vert-photo-premium.jpg\",\"width\":684,\"height\":532},{\"@type\":\"BreadcrumbList\",\"@id\":\"https:\/\/vosgesinfo.fr\/saintdieinfo\/2019\/09\/gamm-vert-booste-pouvoir-dachat\/#breadcrumb\",\"itemListElement\":[{\"@type\":\"ListItem\",\"position\":1,\"name\":\"Home\",\"item\":\"https:\/\/vosgesinfo.fr\/saintdieinfo\/\"},{\"@type\":\"ListItem\",\"position\":2,\"name\":\"Gamm Vert booste votre pouvoir d\u2019achat !\"}]},{\"@type\":\"WebSite\",\"@id\":\"https:\/\/vosgesinfo.fr\/saintdieinfo\/#website\",\"url\":\"https:\/\/vosgesinfo.fr\/saintdieinfo\/\",\"name\":\"Saint Die Info\",\"description\":\"Toute l&#039;actualit\u00e9 de Saint-Di\u00e9-Des-Vosges\",\"publisher\":{\"@id\":\"https:\/\/vosgesinfo.fr\/saintdieinfo\/#organization\"},\"alternateName\":\"Toute l'actualit\u00e9 de Saint-Di\u00e9-Des-Vosges\",\"potentialAction\":[{\"@type\":\"SearchAction\",\"target\":{\"@type\":\"EntryPoint\",\"urlTemplate\":\"https:\/\/vosgesinfo.fr\/saintdieinfo\/?s={search_term_string}\"},\"query-input\":\"required name=search_term_string\"}],\"inLanguage\":\"fr-FR\"},{\"@type\":\"Organization\",\"@id\":\"https:\/\/vosgesinfo.fr\/saintdieinfo\/#organization\",\"name\":\"Saint Die Info\",\"url\":\"https:\/\/vosgesinfo.fr\/saintdieinfo\/\",\"logo\":{\"@type\":\"ImageObject\",\"inLanguage\":\"fr-FR\",\"@id\":\"https:\/\/vosgesinfo.fr\/saintdieinfo\/#\/schema\/logo\/image\/\",\"url\":\"https:\/\/vosgesinfo.fr\/app\/uploads\/sites\/4\/2024\/02\/logo-sdi.jpg\",\"contentUrl\":\"https:\/\/vosgesinfo.fr\/app\/uploads\/sites\/4\/2024\/02\/logo-sdi.jpg\",\"width\":600,\"height\":600,\"caption\":\"Saint Die Info\"},\"image\":{\"@id\":\"https:\/\/vosgesinfo.fr\/saintdieinfo\/#\/schema\/logo\/image\/\"},\"sameAs\":[\"https:\/\/www.facebook.com\/Saintdieinfofr\",\"https:\/\/x.com\/VosgesInfo88\",\"https:\/\/www.youtube.com\/@vosgesinfo\"]},{\"@type\":\"Person\",\"@id\":\"https:\/\/vosgesinfo.fr\/saintdieinfo\/#\/schema\/person\/faee6704a21f3977511db84bd1cd450f\",\"name\":\"la r\u00e9daction\",\"image\":{\"@type\":\"ImageObject\",\"inLanguage\":\"fr-FR\",\"@id\":\"https:\/\/vosgesinfo.fr\/saintdieinfo\/#\/schema\/person\/image\/\",\"url\":\"https:\/\/secure.gravatar.com\/avatar\/6673d8bc6a9c17fa9a453eaa3448de834fa308c2ec9635b7aa99441a7c8d2cf6?s=96&d=mm&r=g\",\"contentUrl\":\"https:\/\/secure.gravatar.com\/avatar\/6673d8bc6a9c17fa9a453eaa3448de834fa308c2ec9635b7aa99441a7c8d2cf6?s=96&d=mm&r=g\",\"caption\":\"la r\u00e9daction\"},\"url\":\"https:\/\/vosgesinfo.fr\/saintdieinfo\/author\/redac\/\"}]}<\/script>\n<!-- \/ Yoast SEO plugin. -->","yoast_head_json":{"title":"Gamm Vert booste votre pouvoir d\u2019achat ! - Saint Die Info","robots":{"index":"index","follow":"follow","max-snippet":"max-snippet:-1","max-image-preview":"max-image-preview:large","max-video-preview":"max-video-preview:-1"},"canonical":"https:\/\/vosgesinfo.fr\/saintdieinfo\/2019\/09\/gamm-vert-booste-pouvoir-dachat\/","twitter_card":"summary_large_image","twitter_title":"Gamm Vert booste votre pouvoir d\u2019achat ! - Saint Die Info","twitter_description":"Ce samedi 14 septembre, vos magasins Gamm Vert ont mis en place une op\u00e9ration \u00ab\u00a0Bon d\u2019achat\u00a0\u00bb\u00a0!","twitter_image":"https:\/\/vosgesinfo.fr\/app\/uploads\/sites\/4\/2024\/08\/201909gamm-vert-photo-premium.jpg","twitter_creator":"@VosgesInfo88","twitter_site":"@VosgesInfo88","twitter_misc":{"\u00c9crit par":"la r\u00e9daction","Dur\u00e9e de lecture estim\u00e9e":"1 minute"},"schema":{"@context":"https:\/\/schema.org","@graph":[{"@type":"Article","@id":"https:\/\/vosgesinfo.fr\/saintdieinfo\/2019\/09\/gamm-vert-booste-pouvoir-dachat\/#article","isPartOf":{"@id":"https:\/\/vosgesinfo.fr\/saintdieinfo\/2019\/09\/gamm-vert-booste-pouvoir-dachat\/"},"author":{"name":"la r\u00e9daction","@id":"https:\/\/vosgesinfo.fr\/saintdieinfo\/#\/schema\/person\/faee6704a21f3977511db84bd1cd450f"},"headline":"Gamm Vert booste votre pouvoir d\u2019achat !","datePublished":"2019-09-10T10:45:20+00:00","dateModified":"2019-09-10T10:45:20+00:00","mainEntityOfPage":{"@id":"https:\/\/vosgesinfo.fr\/saintdieinfo\/2019\/09\/gamm-vert-booste-pouvoir-dachat\/"},"wordCount":246,"commentCount":0,"publisher":{"@id":"https:\/\/vosgesinfo.fr\/saintdieinfo\/#organization"},"image":{"@id":"https:\/\/vosgesinfo.fr\/saintdieinfo\/2019\/09\/gamm-vert-booste-pouvoir-dachat\/#primaryimage"},"thumbnailUrl":"https:\/\/vosgesinfo.fr\/app\/uploads\/sites\/4\/2024\/08\/201909gamm-vert-photo-premium.jpg","keywords":["Gamm Vert"],"articleSection":["A la Une","Saint-Di\u00e9-des-Vosges et son Agglom\u00e9ration"],"inLanguage":"fr-FR","potentialAction":[{"@type":"CommentAction","name":"Comment","target":["https:\/\/vosgesinfo.fr\/saintdieinfo\/2019\/09\/gamm-vert-booste-pouvoir-dachat\/#respond"]}]},{"@type":"WebPage","@id":"https:\/\/vosgesinfo.fr\/saintdieinfo\/2019\/09\/gamm-vert-booste-pouvoir-dachat\/","url":"https:\/\/vosgesinfo.fr\/saintdieinfo\/2019\/09\/gamm-vert-booste-pouvoir-dachat\/","name":"Gamm Vert booste votre pouvoir d\u2019achat ! - Saint Die Info","isPartOf":{"@id":"https:\/\/vosgesinfo.fr\/saintdieinfo\/#website"},"primaryImageOfPage":{"@id":"https:\/\/vosgesinfo.fr\/saintdieinfo\/2019\/09\/gamm-vert-booste-pouvoir-dachat\/#primaryimage"},"image":{"@id":"https:\/\/vosgesinfo.fr\/saintdieinfo\/2019\/09\/gamm-vert-booste-pouvoir-dachat\/#primaryimage"},"thumbnailUrl":"https:\/\/vosgesinfo.fr\/app\/uploads\/sites\/4\/2024\/08\/201909gamm-vert-photo-premium.jpg","datePublished":"2019-09-10T10:45:20+00:00","dateModified":"2019-09-10T10:45:20+00:00","breadcrumb":{"@id":"https:\/\/vosgesinfo.fr\/saintdieinfo\/2019\/09\/gamm-vert-booste-pouvoir-dachat\/#breadcrumb"},"inLanguage":"fr-FR","potentialAction":[{"@type":"ReadAction","target":["https:\/\/vosgesinfo.fr\/saintdieinfo\/2019\/09\/gamm-vert-booste-pouvoir-dachat\/"]}]},{"@type":"ImageObject","inLanguage":"fr-FR","@id":"https:\/\/vosgesinfo.fr\/saintdieinfo\/2019\/09\/gamm-vert-booste-pouvoir-dachat\/#primaryimage","url":"https:\/\/vosgesinfo.fr\/app\/uploads\/sites\/4\/2024\/08\/201909gamm-vert-photo-premium.jpg","contentUrl":"https:\/\/vosgesinfo.fr\/app\/uploads\/sites\/4\/2024\/08\/201909gamm-vert-photo-premium.jpg","width":684,"height":532},{"@type":"BreadcrumbList","@id":"https:\/\/vosgesinfo.fr\/saintdieinfo\/2019\/09\/gamm-vert-booste-pouvoir-dachat\/#breadcrumb","itemListElement":[{"@type":"ListItem","position":1,"name":"Home","item":"https:\/\/vosgesinfo.fr\/saintdieinfo\/"},{"@type":"ListItem","position":2,"name":"Gamm Vert booste votre pouvoir d\u2019achat !"}]},{"@type":"WebSite","@id":"https:\/\/vosgesinfo.fr\/saintdieinfo\/#website","url":"https:\/\/vosgesinfo.fr\/saintdieinfo\/","name":"Saint Die Info","description":"Toute l&#039;actualit\u00e9 de Saint-Di\u00e9-Des-Vosges","publisher":{"@id":"https:\/\/vosgesinfo.fr\/saintdieinfo\/#organization"},"alternateName":"Toute l'actualit\u00e9 de Saint-Di\u00e9-Des-Vosges","potentialAction":[{"@type":"SearchAction","target":{"@type":"EntryPoint","urlTemplate":"https:\/\/vosgesinfo.fr\/saintdieinfo\/?s={search_term_string}"},"query-input":"required name=search_term_string"}],"inLanguage":"fr-FR"},{"@type":"Organization","@id":"https:\/\/vosgesinfo.fr\/saintdieinfo\/#organization","name":"Saint Die Info","url":"https:\/\/vosgesinfo.fr\/saintdieinfo\/","logo":{"@type":"ImageObject","inLanguage":"fr-FR","@id":"https:\/\/vosgesinfo.fr\/saintdieinfo\/#\/schema\/logo\/image\/","url":"https:\/\/vosgesinfo.fr\/app\/uploads\/sites\/4\/2024\/02\/logo-sdi.jpg","contentUrl":"https:\/\/vosgesinfo.fr\/app\/uploads\/sites\/4\/2024\/02\/logo-sdi.jpg","width":600,"height":600,"caption":"Saint Die Info"},"image":{"@id":"https:\/\/vosgesinfo.fr\/saintdieinfo\/#\/schema\/logo\/image\/"},"sameAs":["https:\/\/www.facebook.com\/Saintdieinfofr","https:\/\/x.com\/VosgesInfo88","https:\/\/www.youtube.com\/@vosgesinfo"]},{"@type":"Person","@id":"https:\/\/vosgesinfo.fr\/saintdieinfo\/#\/schema\/person\/faee6704a21f3977511db84bd1cd450f","name":"la r\u00e9daction","image":{"@type":"ImageObject","inLanguage":"fr-FR","@id":"https:\/\/vosgesinfo.fr\/saintdieinfo\/#\/schema\/person\/image\/","url":"https:\/\/secure.gravatar.com\/avatar\/6673d8bc6a9c17fa9a453eaa3448de834fa308c2ec9635b7aa99441a7c8d2cf6?s=96&d=mm&r=g","contentUrl":"https:\/\/secure.gravatar.com\/avatar\/6673d8bc6a9c17fa9a453eaa3448de834fa308c2ec9635b7aa99441a7c8d2cf6?s=96&d=mm&r=g","caption":"la r\u00e9daction"},"url":"https:\/\/vosgesinfo.fr\/saintdieinfo\/author\/redac\/"}]}},"_links":{"self":[{"href":"https:\/\/vosgesinfo.fr\/saintdieinfo\/wp-json\/wp\/v2\/posts\/38016","targetHints":{"allow":["GET"]}}],"collection":[{"href":"https:\/\/vosgesinfo.fr\/saintdieinfo\/wp-json\/wp\/v2\/posts"}],"about":[{"href":"https:\/\/vosgesinfo.fr\/saintdieinfo\/wp-json\/wp\/v2\/types\/post"}],"author":[{"embeddable":true,"href":"https:\/\/vosgesinfo.fr\/saintdieinfo\/wp-json\/wp\/v2\/users\/44"}],"replies":[{"embeddable":true,"href":"https:\/\/vosgesinfo.fr\/saintdieinfo\/wp-json\/wp\/v2\/comments?post=38016"}],"version-history":[{"count":0,"href":"https:\/\/vosgesinfo.fr\/saintdieinfo\/wp-json\/wp\/v2\/posts\/38016\/revisions"}],"wp:featuredmedia":[{"embeddable":true,"href":"https:\/\/vosgesinfo.fr\/saintdieinfo\/wp-json\/wp\/v2\/media\/38017"}],"wp:attachment":[{"href":"https:\/\/vosgesinfo.fr\/saintdieinfo\/wp-json\/wp\/v2\/media?parent=38016"}],"wp:term":[{"taxonomy":"category","embeddable":true,"href":"https:\/\/vosgesinfo.fr\/saintdieinfo\/wp-json\/wp\/v2\/categories?post=38016"},{"taxonomy":"post_tag","embeddable":true,"href":"https:\/\/vosgesinfo.fr\/saintdieinfo\/wp-json\/wp\/v2\/tags?post=38016"}],"curies":[{"name":"wp","href":"https:\/\/api.w.org\/{rel}","templated":true}]}}