{"id":38040,"date":"2019-09-11T08:00:26","date_gmt":"2019-09-11T06:00:26","guid":{"rendered":"https:\/\/vosgesinfo.fr\/saintdieinfo\/2019\/09\/journee-dintegration-etudiants-premiere-annee-de-liut-deodatien\/"},"modified":"2019-09-11T08:00:26","modified_gmt":"2019-09-11T06:00:26","slug":"journee-dintegration-etudiants-premiere-annee-de-liut-deodatien","status":"publish","type":"post","link":"https:\/\/vosgesinfo.fr\/saintdieinfo\/2019\/09\/journee-dintegration-etudiants-premiere-annee-de-liut-deodatien\/","title":{"rendered":"Journ\u00e9e d&rsquo;int\u00e9gration pour les \u00e9tudiants en premi\u00e8re ann\u00e9e de l&rsquo;IUT d\u00e9odatien"},"content":{"rendered":"<p><a href=\"\/2019\/09\/Journ\u00e9e_Int\u00e9gration_Etudiants_IUT_SDDV-11.jpg\" target=\"_blank\" rel=\"noopener\"><img decoding=\"async\" class=\"aligncenter wp-image-144237 size-full\" src=\"\/2019\/09\/Journ\u00e9e_Int\u00e9gration_Etudiants_IUT_SDDV-11.jpg\" alt=\"Journ\u00e9e_Int\u00e9gration_Etudiants_IUT_SDDV (11)\" width=\"1000\" height=\"667\" \/><\/a><\/p>\n<h2><strong><span style=\"font-family: Calibri, sans-serif;\"><span style=\"font-size: large;\">Un peu plus d&rsquo;une semaine apr\u00e8s la rentr\u00e9e de mardi dernier (<a href=\"https:\/\/saintdieinfo.fr\/2019\/09\/tour-de-liut-deodatien-de-faire-rentree\/\" target=\"_blank\" rel=\"noopener\">lire notre pr\u00e9c\u00e9dent article<\/a>), des \u00e9tudiants de l&rsquo;AEPUD \u2013 Association des Etudiants du P\u00f4le Universitaire D\u00e9odatien \u2013 organisaient une journ\u00e9e d&rsquo;int\u00e9gration ce mercredi, comme c&rsquo;est la tradition chaque ann\u00e9e.<\/span><\/span><\/strong><\/h2>\n<p><!--more--><\/p>\n<p><span style=\"font-family: Calibri, sans-serif;\"><span style=\"font-size: large;\">Rendez-vous \u00e9tait donn\u00e9 en milieu de matin\u00e9e au parc Jean-Mansuy, o\u00f9 les \u00e9l\u00e8ves en premi\u00e8re ann\u00e9e de DUT MMI, INFO et GEII \u00e9taient r\u00e9partis en 10 groupes. Des groupes compos\u00e9s 3 \u00e9tudiants de chaque d\u00e9partement et de 3 \u00e9l\u00e8ves en deuxi\u00e8me ann\u00e9e, qui ont encha\u00een\u00e9 diff\u00e9rents ateliers \u00e0 tour de r\u00f4le. Au programme, et de mani\u00e8re non exhaustive, du chamboule-tout et du bi\u00e8re pong \u2013 sans bi\u00e8re \u2013 du rugby avec le SDRB XV; et du volley avec le SRD Volley-Ball, un stand d&rsquo;information pour faire conna\u00eetre le CLLAJ \u2013 Comit\u00e9 Local pour le Logement Autonome des Jeunes \u2013 et son action, du p\u00e9dalage sur un v\u00e9lo avec l&rsquo;Engrenage, de l&rsquo;accrobranche&#8230; le tout dans une bonne humeur certaine.<\/span><\/span><\/p>\n<p><span style=\"font-family: Calibri, sans-serif;\"><span style=\"font-size: large;\">Le but de cette journ\u00e9e conviviale, \u00e0 laquelle participaient des enseignants de l&rsquo;\u00e9tablissement, \u00e9tant toujours d&rsquo;amener les \u00e9tudiants \u00e0 faire plus ample connaissance avec leurs camarades, les \u00e9l\u00e8ves des autres promotions et leurs a\u00een\u00e9s. Cet apr\u00e8s-midi, apr\u00e8s un pique-nique et apr\u00e8s une d\u00e9couverte du centre-ville, l&rsquo;heure sera \u00e0 la remise de prix sur les coups de 16h. Car chacun des ateliers du jour permettait de marquer des points. Une c\u00e9r\u00e9monie de parrainage individuel des \u00e9tudiants de premi\u00e8re ann\u00e9e par des deuxi\u00e8mes ann\u00e9es, puis une soir\u00e9e \u00e9tudiante, cl\u00f4tureront les festivit\u00e9s.<\/span><\/span><\/p>\n<p>J.J.<\/p>\n\n","protected":false},"excerpt":{"rendered":"<p>Un peu plus d&rsquo;une semaine apr\u00e8s la rentr\u00e9e de mardi dernier (lire notre pr\u00e9c\u00e9dent article), des \u00e9tudiants de l&rsquo;AEPUD \u2013 [&hellip;]<\/p>\n","protected":false},"author":46,"featured_media":38041,"comment_status":"open","ping_status":"open","sticky":false,"template":"","format":"standard","meta":{"footnotes":""},"categories":[460,6,2915],"tags":[7389,7390,3205,7391,3095],"class_list":["post-38040","post","type-post","status-publish","format-standard","has-post-thumbnail","hentry","category-a-la-une","category-education","category-saint-die-son-canton","tag-aepud","tag-association-des-etudiants-du-pole-universitaire-deodatien","tag-iut-de-saint-die-des-vosges","tag-journee-dintegration","tag-parc-jean-mansuy"],"acf":[],"yoast_head":"<!-- This site is optimized with the Yoast SEO plugin v22.5 - https:\/\/yoast.com\/wordpress\/plugins\/seo\/ -->\n<title>Journ\u00e9e d&#039;int\u00e9gration pour les \u00e9tudiants en premi\u00e8re ann\u00e9e de l&#039;IUT d\u00e9odatien - Saint Die Info<\/title>\n<meta name=\"robots\" content=\"index, follow, max-snippet:-1, max-image-preview:large, max-video-preview:-1\" \/>\n<link rel=\"canonical\" href=\"https:\/\/vosgesinfo.fr\/saintdieinfo\/2019\/09\/journee-dintegration-etudiants-premiere-annee-de-liut-deodatien\/\" \/>\n<meta name=\"twitter:card\" content=\"summary_large_image\" \/>\n<meta name=\"twitter:title\" content=\"Journ\u00e9e d&#039;int\u00e9gration pour les \u00e9tudiants en premi\u00e8re ann\u00e9e de l&#039;IUT d\u00e9odatien - Saint Die Info\" \/>\n<meta name=\"twitter:description\" content=\"Un peu plus d&rsquo;une semaine apr\u00e8s la rentr\u00e9e de mardi dernier (lire notre pr\u00e9c\u00e9dent article), des \u00e9tudiants de l&rsquo;AEPUD \u2013 [&hellip;]\" \/>\n<meta name=\"twitter:image\" content=\"https:\/\/vosgesinfo.fr\/app\/uploads\/sites\/4\/2024\/08\/201909journee-integration-etudiants-iut-sddv-11-1.jpg\" \/>\n<meta name=\"twitter:creator\" content=\"@VosgesInfo88\" \/>\n<meta name=\"twitter:site\" content=\"@VosgesInfo88\" \/>\n<meta name=\"twitter:label1\" content=\"\u00c9crit par\" \/>\n\t<meta name=\"twitter:data1\" content=\"J.J.\" \/>\n\t<meta name=\"twitter:label2\" content=\"Dur\u00e9e de lecture estim\u00e9e\" \/>\n\t<meta name=\"twitter:data2\" content=\"1 minute\" \/>\n<script type=\"application\/ld+json\" class=\"yoast-schema-graph\">{\"@context\":\"https:\/\/schema.org\",\"@graph\":[{\"@type\":\"Article\",\"@id\":\"https:\/\/vosgesinfo.fr\/saintdieinfo\/2019\/09\/journee-dintegration-etudiants-premiere-annee-de-liut-deodatien\/#article\",\"isPartOf\":{\"@id\":\"https:\/\/vosgesinfo.fr\/saintdieinfo\/2019\/09\/journee-dintegration-etudiants-premiere-annee-de-liut-deodatien\/\"},\"author\":{\"name\":\"J.J.\",\"@id\":\"https:\/\/vosgesinfo.fr\/saintdieinfo\/#\/schema\/person\/fa73e9f726d67bb88f46d5b7943cb572\"},\"headline\":\"Journ\u00e9e d&rsquo;int\u00e9gration pour les \u00e9tudiants en premi\u00e8re ann\u00e9e de l&rsquo;IUT d\u00e9odatien\",\"datePublished\":\"2019-09-11T06:00:26+00:00\",\"dateModified\":\"2019-09-11T06:00:26+00:00\",\"mainEntityOfPage\":{\"@id\":\"https:\/\/vosgesinfo.fr\/saintdieinfo\/2019\/09\/journee-dintegration-etudiants-premiere-annee-de-liut-deodatien\/\"},\"wordCount\":315,\"commentCount\":0,\"publisher\":{\"@id\":\"https:\/\/vosgesinfo.fr\/saintdieinfo\/#organization\"},\"image\":{\"@id\":\"https:\/\/vosgesinfo.fr\/saintdieinfo\/2019\/09\/journee-dintegration-etudiants-premiere-annee-de-liut-deodatien\/#primaryimage\"},\"thumbnailUrl\":\"https:\/\/vosgesinfo.fr\/app\/uploads\/sites\/4\/2024\/08\/201909journee-integration-etudiants-iut-sddv-11-1.jpg\",\"keywords\":[\"AEPUD\",\"Association des Etudiants du P\u00f4le Universitaire D\u00e9odatien\",\"IUT de Saint-Di\u00e9-des-Vosges\",\"Journ\u00e9e d'int\u00e9gration\",\"Parc Jean-Mansuy\"],\"articleSection\":[\"A la Une\",\"\u00c9ducation\",\"Saint-Di\u00e9-des-Vosges et son Agglom\u00e9ration\"],\"inLanguage\":\"fr-FR\",\"potentialAction\":[{\"@type\":\"CommentAction\",\"name\":\"Comment\",\"target\":[\"https:\/\/vosgesinfo.fr\/saintdieinfo\/2019\/09\/journee-dintegration-etudiants-premiere-annee-de-liut-deodatien\/#respond\"]}]},{\"@type\":\"WebPage\",\"@id\":\"https:\/\/vosgesinfo.fr\/saintdieinfo\/2019\/09\/journee-dintegration-etudiants-premiere-annee-de-liut-deodatien\/\",\"url\":\"https:\/\/vosgesinfo.fr\/saintdieinfo\/2019\/09\/journee-dintegration-etudiants-premiere-annee-de-liut-deodatien\/\",\"name\":\"Journ\u00e9e d'int\u00e9gration pour les \u00e9tudiants en premi\u00e8re ann\u00e9e de l'IUT d\u00e9odatien - Saint Die Info\",\"isPartOf\":{\"@id\":\"https:\/\/vosgesinfo.fr\/saintdieinfo\/#website\"},\"primaryImageOfPage\":{\"@id\":\"https:\/\/vosgesinfo.fr\/saintdieinfo\/2019\/09\/journee-dintegration-etudiants-premiere-annee-de-liut-deodatien\/#primaryimage\"},\"image\":{\"@id\":\"https:\/\/vosgesinfo.fr\/saintdieinfo\/2019\/09\/journee-dintegration-etudiants-premiere-annee-de-liut-deodatien\/#primaryimage\"},\"thumbnailUrl\":\"https:\/\/vosgesinfo.fr\/app\/uploads\/sites\/4\/2024\/08\/201909journee-integration-etudiants-iut-sddv-11-1.jpg\",\"datePublished\":\"2019-09-11T06:00:26+00:00\",\"dateModified\":\"2019-09-11T06:00:26+00:00\",\"breadcrumb\":{\"@id\":\"https:\/\/vosgesinfo.fr\/saintdieinfo\/2019\/09\/journee-dintegration-etudiants-premiere-annee-de-liut-deodatien\/#breadcrumb\"},\"inLanguage\":\"fr-FR\",\"potentialAction\":[{\"@type\":\"ReadAction\",\"target\":[\"https:\/\/vosgesinfo.fr\/saintdieinfo\/2019\/09\/journee-dintegration-etudiants-premiere-annee-de-liut-deodatien\/\"]}]},{\"@type\":\"ImageObject\",\"inLanguage\":\"fr-FR\",\"@id\":\"https:\/\/vosgesinfo.fr\/saintdieinfo\/2019\/09\/journee-dintegration-etudiants-premiere-annee-de-liut-deodatien\/#primaryimage\",\"url\":\"https:\/\/vosgesinfo.fr\/app\/uploads\/sites\/4\/2024\/08\/201909journee-integration-etudiants-iut-sddv-11-1.jpg\",\"contentUrl\":\"https:\/\/vosgesinfo.fr\/app\/uploads\/sites\/4\/2024\/08\/201909journee-integration-etudiants-iut-sddv-11-1.jpg\",\"width\":1000,\"height\":667},{\"@type\":\"BreadcrumbList\",\"@id\":\"https:\/\/vosgesinfo.fr\/saintdieinfo\/2019\/09\/journee-dintegration-etudiants-premiere-annee-de-liut-deodatien\/#breadcrumb\",\"itemListElement\":[{\"@type\":\"ListItem\",\"position\":1,\"name\":\"Home\",\"item\":\"https:\/\/vosgesinfo.fr\/saintdieinfo\/\"},{\"@type\":\"ListItem\",\"position\":2,\"name\":\"Journ\u00e9e d&rsquo;int\u00e9gration pour les \u00e9tudiants en premi\u00e8re ann\u00e9e de l&rsquo;IUT d\u00e9odatien\"}]},{\"@type\":\"WebSite\",\"@id\":\"https:\/\/vosgesinfo.fr\/saintdieinfo\/#website\",\"url\":\"https:\/\/vosgesinfo.fr\/saintdieinfo\/\",\"name\":\"Saint Die Info\",\"description\":\"Toute l&#039;actualit\u00e9 de Saint-Di\u00e9-Des-Vosges\",\"publisher\":{\"@id\":\"https:\/\/vosgesinfo.fr\/saintdieinfo\/#organization\"},\"alternateName\":\"Toute l'actualit\u00e9 de Saint-Di\u00e9-Des-Vosges\",\"potentialAction\":[{\"@type\":\"SearchAction\",\"target\":{\"@type\":\"EntryPoint\",\"urlTemplate\":\"https:\/\/vosgesinfo.fr\/saintdieinfo\/?s={search_term_string}\"},\"query-input\":\"required name=search_term_string\"}],\"inLanguage\":\"fr-FR\"},{\"@type\":\"Organization\",\"@id\":\"https:\/\/vosgesinfo.fr\/saintdieinfo\/#organization\",\"name\":\"Saint Die Info\",\"url\":\"https:\/\/vosgesinfo.fr\/saintdieinfo\/\",\"logo\":{\"@type\":\"ImageObject\",\"inLanguage\":\"fr-FR\",\"@id\":\"https:\/\/vosgesinfo.fr\/saintdieinfo\/#\/schema\/logo\/image\/\",\"url\":\"https:\/\/vosgesinfo.fr\/app\/uploads\/sites\/4\/2024\/02\/logo-sdi.jpg\",\"contentUrl\":\"https:\/\/vosgesinfo.fr\/app\/uploads\/sites\/4\/2024\/02\/logo-sdi.jpg\",\"width\":600,\"height\":600,\"caption\":\"Saint Die Info\"},\"image\":{\"@id\":\"https:\/\/vosgesinfo.fr\/saintdieinfo\/#\/schema\/logo\/image\/\"},\"sameAs\":[\"https:\/\/www.facebook.com\/Saintdieinfofr\",\"https:\/\/x.com\/VosgesInfo88\",\"https:\/\/www.youtube.com\/@vosgesinfo\"]},{\"@type\":\"Person\",\"@id\":\"https:\/\/vosgesinfo.fr\/saintdieinfo\/#\/schema\/person\/fa73e9f726d67bb88f46d5b7943cb572\",\"name\":\"J.J.\",\"image\":{\"@type\":\"ImageObject\",\"inLanguage\":\"fr-FR\",\"@id\":\"https:\/\/vosgesinfo.fr\/saintdieinfo\/#\/schema\/person\/image\/\",\"url\":\"https:\/\/secure.gravatar.com\/avatar\/219e749e47ffbcca018a360ae4add7d4cdf1cdaaf8bc7676b27efade3fe65615?s=96&d=mm&r=g\",\"contentUrl\":\"https:\/\/secure.gravatar.com\/avatar\/219e749e47ffbcca018a360ae4add7d4cdf1cdaaf8bc7676b27efade3fe65615?s=96&d=mm&r=g\",\"caption\":\"J.J.\"},\"url\":\"https:\/\/vosgesinfo.fr\/saintdieinfo\/author\/j-j\/\"}]}<\/script>\n<!-- \/ Yoast SEO plugin. -->","yoast_head_json":{"title":"Journ\u00e9e d'int\u00e9gration pour les \u00e9tudiants en premi\u00e8re ann\u00e9e de l'IUT d\u00e9odatien - Saint Die Info","robots":{"index":"index","follow":"follow","max-snippet":"max-snippet:-1","max-image-preview":"max-image-preview:large","max-video-preview":"max-video-preview:-1"},"canonical":"https:\/\/vosgesinfo.fr\/saintdieinfo\/2019\/09\/journee-dintegration-etudiants-premiere-annee-de-liut-deodatien\/","twitter_card":"summary_large_image","twitter_title":"Journ\u00e9e d'int\u00e9gration pour les \u00e9tudiants en premi\u00e8re ann\u00e9e de l'IUT d\u00e9odatien - Saint Die Info","twitter_description":"Un peu plus d&rsquo;une semaine apr\u00e8s la rentr\u00e9e de mardi dernier (lire notre pr\u00e9c\u00e9dent article), des \u00e9tudiants de l&rsquo;AEPUD \u2013 [&hellip;]","twitter_image":"https:\/\/vosgesinfo.fr\/app\/uploads\/sites\/4\/2024\/08\/201909journee-integration-etudiants-iut-sddv-11-1.jpg","twitter_creator":"@VosgesInfo88","twitter_site":"@VosgesInfo88","twitter_misc":{"\u00c9crit par":"J.J.","Dur\u00e9e de lecture estim\u00e9e":"1 minute"},"schema":{"@context":"https:\/\/schema.org","@graph":[{"@type":"Article","@id":"https:\/\/vosgesinfo.fr\/saintdieinfo\/2019\/09\/journee-dintegration-etudiants-premiere-annee-de-liut-deodatien\/#article","isPartOf":{"@id":"https:\/\/vosgesinfo.fr\/saintdieinfo\/2019\/09\/journee-dintegration-etudiants-premiere-annee-de-liut-deodatien\/"},"author":{"name":"J.J.","@id":"https:\/\/vosgesinfo.fr\/saintdieinfo\/#\/schema\/person\/fa73e9f726d67bb88f46d5b7943cb572"},"headline":"Journ\u00e9e d&rsquo;int\u00e9gration pour les \u00e9tudiants en premi\u00e8re ann\u00e9e de l&rsquo;IUT d\u00e9odatien","datePublished":"2019-09-11T06:00:26+00:00","dateModified":"2019-09-11T06:00:26+00:00","mainEntityOfPage":{"@id":"https:\/\/vosgesinfo.fr\/saintdieinfo\/2019\/09\/journee-dintegration-etudiants-premiere-annee-de-liut-deodatien\/"},"wordCount":315,"commentCount":0,"publisher":{"@id":"https:\/\/vosgesinfo.fr\/saintdieinfo\/#organization"},"image":{"@id":"https:\/\/vosgesinfo.fr\/saintdieinfo\/2019\/09\/journee-dintegration-etudiants-premiere-annee-de-liut-deodatien\/#primaryimage"},"thumbnailUrl":"https:\/\/vosgesinfo.fr\/app\/uploads\/sites\/4\/2024\/08\/201909journee-integration-etudiants-iut-sddv-11-1.jpg","keywords":["AEPUD","Association des Etudiants du P\u00f4le Universitaire D\u00e9odatien","IUT de Saint-Di\u00e9-des-Vosges","Journ\u00e9e d'int\u00e9gration","Parc Jean-Mansuy"],"articleSection":["A la Une","\u00c9ducation","Saint-Di\u00e9-des-Vosges et son Agglom\u00e9ration"],"inLanguage":"fr-FR","potentialAction":[{"@type":"CommentAction","name":"Comment","target":["https:\/\/vosgesinfo.fr\/saintdieinfo\/2019\/09\/journee-dintegration-etudiants-premiere-annee-de-liut-deodatien\/#respond"]}]},{"@type":"WebPage","@id":"https:\/\/vosgesinfo.fr\/saintdieinfo\/2019\/09\/journee-dintegration-etudiants-premiere-annee-de-liut-deodatien\/","url":"https:\/\/vosgesinfo.fr\/saintdieinfo\/2019\/09\/journee-dintegration-etudiants-premiere-annee-de-liut-deodatien\/","name":"Journ\u00e9e d'int\u00e9gration pour les \u00e9tudiants en premi\u00e8re ann\u00e9e de l'IUT d\u00e9odatien - Saint Die Info","isPartOf":{"@id":"https:\/\/vosgesinfo.fr\/saintdieinfo\/#website"},"primaryImageOfPage":{"@id":"https:\/\/vosgesinfo.fr\/saintdieinfo\/2019\/09\/journee-dintegration-etudiants-premiere-annee-de-liut-deodatien\/#primaryimage"},"image":{"@id":"https:\/\/vosgesinfo.fr\/saintdieinfo\/2019\/09\/journee-dintegration-etudiants-premiere-annee-de-liut-deodatien\/#primaryimage"},"thumbnailUrl":"https:\/\/vosgesinfo.fr\/app\/uploads\/sites\/4\/2024\/08\/201909journee-integration-etudiants-iut-sddv-11-1.jpg","datePublished":"2019-09-11T06:00:26+00:00","dateModified":"2019-09-11T06:00:26+00:00","breadcrumb":{"@id":"https:\/\/vosgesinfo.fr\/saintdieinfo\/2019\/09\/journee-dintegration-etudiants-premiere-annee-de-liut-deodatien\/#breadcrumb"},"inLanguage":"fr-FR","potentialAction":[{"@type":"ReadAction","target":["https:\/\/vosgesinfo.fr\/saintdieinfo\/2019\/09\/journee-dintegration-etudiants-premiere-annee-de-liut-deodatien\/"]}]},{"@type":"ImageObject","inLanguage":"fr-FR","@id":"https:\/\/vosgesinfo.fr\/saintdieinfo\/2019\/09\/journee-dintegration-etudiants-premiere-annee-de-liut-deodatien\/#primaryimage","url":"https:\/\/vosgesinfo.fr\/app\/uploads\/sites\/4\/2024\/08\/201909journee-integration-etudiants-iut-sddv-11-1.jpg","contentUrl":"https:\/\/vosgesinfo.fr\/app\/uploads\/sites\/4\/2024\/08\/201909journee-integration-etudiants-iut-sddv-11-1.jpg","width":1000,"height":667},{"@type":"BreadcrumbList","@id":"https:\/\/vosgesinfo.fr\/saintdieinfo\/2019\/09\/journee-dintegration-etudiants-premiere-annee-de-liut-deodatien\/#breadcrumb","itemListElement":[{"@type":"ListItem","position":1,"name":"Home","item":"https:\/\/vosgesinfo.fr\/saintdieinfo\/"},{"@type":"ListItem","position":2,"name":"Journ\u00e9e d&rsquo;int\u00e9gration pour les \u00e9tudiants en premi\u00e8re ann\u00e9e de l&rsquo;IUT d\u00e9odatien"}]},{"@type":"WebSite","@id":"https:\/\/vosgesinfo.fr\/saintdieinfo\/#website","url":"https:\/\/vosgesinfo.fr\/saintdieinfo\/","name":"Saint Die Info","description":"Toute l&#039;actualit\u00e9 de Saint-Di\u00e9-Des-Vosges","publisher":{"@id":"https:\/\/vosgesinfo.fr\/saintdieinfo\/#organization"},"alternateName":"Toute l'actualit\u00e9 de Saint-Di\u00e9-Des-Vosges","potentialAction":[{"@type":"SearchAction","target":{"@type":"EntryPoint","urlTemplate":"https:\/\/vosgesinfo.fr\/saintdieinfo\/?s={search_term_string}"},"query-input":"required name=search_term_string"}],"inLanguage":"fr-FR"},{"@type":"Organization","@id":"https:\/\/vosgesinfo.fr\/saintdieinfo\/#organization","name":"Saint Die Info","url":"https:\/\/vosgesinfo.fr\/saintdieinfo\/","logo":{"@type":"ImageObject","inLanguage":"fr-FR","@id":"https:\/\/vosgesinfo.fr\/saintdieinfo\/#\/schema\/logo\/image\/","url":"https:\/\/vosgesinfo.fr\/app\/uploads\/sites\/4\/2024\/02\/logo-sdi.jpg","contentUrl":"https:\/\/vosgesinfo.fr\/app\/uploads\/sites\/4\/2024\/02\/logo-sdi.jpg","width":600,"height":600,"caption":"Saint Die Info"},"image":{"@id":"https:\/\/vosgesinfo.fr\/saintdieinfo\/#\/schema\/logo\/image\/"},"sameAs":["https:\/\/www.facebook.com\/Saintdieinfofr","https:\/\/x.com\/VosgesInfo88","https:\/\/www.youtube.com\/@vosgesinfo"]},{"@type":"Person","@id":"https:\/\/vosgesinfo.fr\/saintdieinfo\/#\/schema\/person\/fa73e9f726d67bb88f46d5b7943cb572","name":"J.J.","image":{"@type":"ImageObject","inLanguage":"fr-FR","@id":"https:\/\/vosgesinfo.fr\/saintdieinfo\/#\/schema\/person\/image\/","url":"https:\/\/secure.gravatar.com\/avatar\/219e749e47ffbcca018a360ae4add7d4cdf1cdaaf8bc7676b27efade3fe65615?s=96&d=mm&r=g","contentUrl":"https:\/\/secure.gravatar.com\/avatar\/219e749e47ffbcca018a360ae4add7d4cdf1cdaaf8bc7676b27efade3fe65615?s=96&d=mm&r=g","caption":"J.J."},"url":"https:\/\/vosgesinfo.fr\/saintdieinfo\/author\/j-j\/"}]}},"_links":{"self":[{"href":"https:\/\/vosgesinfo.fr\/saintdieinfo\/wp-json\/wp\/v2\/posts\/38040","targetHints":{"allow":["GET"]}}],"collection":[{"href":"https:\/\/vosgesinfo.fr\/saintdieinfo\/wp-json\/wp\/v2\/posts"}],"about":[{"href":"https:\/\/vosgesinfo.fr\/saintdieinfo\/wp-json\/wp\/v2\/types\/post"}],"author":[{"embeddable":true,"href":"https:\/\/vosgesinfo.fr\/saintdieinfo\/wp-json\/wp\/v2\/users\/46"}],"replies":[{"embeddable":true,"href":"https:\/\/vosgesinfo.fr\/saintdieinfo\/wp-json\/wp\/v2\/comments?post=38040"}],"version-history":[{"count":0,"href":"https:\/\/vosgesinfo.fr\/saintdieinfo\/wp-json\/wp\/v2\/posts\/38040\/revisions"}],"wp:featuredmedia":[{"embeddable":true,"href":"https:\/\/vosgesinfo.fr\/saintdieinfo\/wp-json\/wp\/v2\/media\/38041"}],"wp:attachment":[{"href":"https:\/\/vosgesinfo.fr\/saintdieinfo\/wp-json\/wp\/v2\/media?parent=38040"}],"wp:term":[{"taxonomy":"category","embeddable":true,"href":"https:\/\/vosgesinfo.fr\/saintdieinfo\/wp-json\/wp\/v2\/categories?post=38040"},{"taxonomy":"post_tag","embeddable":true,"href":"https:\/\/vosgesinfo.fr\/saintdieinfo\/wp-json\/wp\/v2\/tags?post=38040"}],"curies":[{"name":"wp","href":"https:\/\/api.w.org\/{rel}","templated":true}]}}