{"id":38066,"date":"2019-09-13T08:00:48","date_gmt":"2019-09-13T06:00:48","guid":{"rendered":"https:\/\/vosgesinfo.fr\/saintdieinfo\/2019\/09\/migrations-coeur-debats-30eme-festival-international-de-geographie\/"},"modified":"2019-09-13T08:00:48","modified_gmt":"2019-09-13T06:00:48","slug":"migrations-coeur-debats-30eme-festival-international-de-geographie","status":"publish","type":"post","link":"https:\/\/vosgesinfo.fr\/saintdieinfo\/2019\/09\/migrations-coeur-debats-30eme-festival-international-de-geographie\/","title":{"rendered":"Les migrations au coeur des d\u00e9bats du 30\u00e8me Festival International de G\u00e9ographie"},"content":{"rendered":"<p><a href=\"\/2019\/09\/Conf\u00e9rence_CNL_30\u00e8me_FIG-1.jpg\" target=\"_blank\" rel=\"noopener\"><img decoding=\"async\" class=\"aligncenter wp-image-144279 size-full\" src=\"\/2019\/09\/Conf\u00e9rence_CNL_30\u00e8me_FIG-1.jpg\" alt=\"Conf\u00e9rence_CNL_30\u00e8me_FIG (1)\" width=\"1000\" height=\"666\" \/><\/a><\/p>\n<h2><strong><span style=\"font-size: 14pt;\">Le 30\u00e8me Festival International de G\u00e9ographie de Saint-Di\u00e9-des-Vosges se d\u00e9roulera les vendredi 4, samedi 5 et dimanche 6 octobre prochains (<a href=\"https:\/\/saintdieinfo.fr\/2019\/07\/30eme-festival-international-de-geographie-se-devoile\/\" target=\"_blank\" rel=\"noopener\">lire notre pr\u00e9c\u00e9dent article<\/a>). Une \u00e9dition 2019 qui portera sur le th\u00e8me des migrations, qui mettra \u00e0 l&rsquo;honneur les Cara\u00efbes \u2013 la r\u00e9gion invit\u00e9e cette ann\u00e9e \u2013 et qui apportera son lot de nouveaut\u00e9s, tout en conservant une formule qui fait le succ\u00e8s du festival depuis sa cr\u00e9ation en 1990.<\/span><\/strong><\/h2>\n<p><!--more--><\/p>\n<h3><strong>Le FIG, ou une f\u00eate populaire de la G\u00e9ographie<\/strong><\/h3>\n<p>Cette formule \u00e9prouv\u00e9e, c&rsquo;est m\u00ealer un haut niveau scientifique avec un volet plus populaire. <em>\u00ab\u00a0Du plus cultiv\u00e9 au plus curieux, chacun pourra y venir trouver son miel\u00a0\u00bb<\/em> insiste le pr\u00e9sident-fondateur Christian Pierret ce jeudi au Centre National du Livre de Paris, qui accueillait cette ann\u00e9e encore la conf\u00e9rence nationale du festival. Le FIG, ou <em>\u00ab\u00a0une f\u00eate populaire de 7 \u00e0 77 ans\u00a0\u00bb<\/em> selon sa directrice Victoria Kapps. A maintenant 3 semaines de l&rsquo;ouverture de cette 30\u00e8me \u00e9dition, l&rsquo;heure \u00e9tait ce matin \u00e0 la pr\u00e9sentation des grandes lignes et des enjeux du festival.<\/p>\n<h3><strong>La question des migrations au coeur des d\u00e9bats<\/strong><\/h3>\n<p>Articul\u00e9 autour de 6 parcours (\u00ab\u00a0Routes de la migration d&rsquo;hier et d&rsquo;aujourd&rsquo;hui\u00a0\u00bb; \u00ab\u00a0Exp\u00e9riences et lieux de la migration\u00a0\u00bb; \u00ab\u00a0Migrations et mobilisations\u00a0\u00bb; \u00ab\u00a0Arts en migrations et sur les migrations\u00a0\u00bb; \u00ab\u00a0Enseigner les migrations internationales\u00a0\u00bb; \u00ab\u00a0Les Cara\u00efbes, la r\u00e9gion invit\u00e9e\u00a0\u00bb), le 30\u00e8me FIG soul\u00e8vera des pistes de r\u00e9flexions, \u00e0 travers de nombreuses conf\u00e9rences et autres tables-rondes, sur un th\u00e8me des plus actuels : celui des migrations.<\/p>\n<p><em>\u00ab\u00a0Des murs s&rsquo;\u00e9l\u00e8vent actuellement contre les migrations, comme c&rsquo;est par exemple le cas avec l&rsquo;administration Trump ou dans la M\u00e9diterran\u00e9e. Dans un contexte de mont\u00e9e d&rsquo;une certaine x\u00e9nophobie, le FIG n&rsquo;a pas pour vocation de prendre position mais d&rsquo;amener des r\u00e9flexions scientifiques, et ce avec une volont\u00e9 r\u00e9solument humaniste\u00a0\u00bb<\/em> estime Christian Pierret.<\/p>\n<p>Pour le maire d\u00e9odatien David Valence, <em>\u00ab\u00a0la question des migrations est une question d\u00e9licate, dont l&rsquo;enjeu est \u00e0 la fois international, national et local. Des plus de 200 \u00e9v\u00e9nements programm\u00e9s lors du 30\u00e8me FIG, j&rsquo;en attends qu&rsquo;on sorte de l&rsquo;europ\u00e9ocentriste. J&rsquo;attends \u00e9galement que ces 3 journ\u00e9es nous \u00e9clairent sur les migrations climatiques, qui am\u00e8nent ou am\u00e8neront \u00e0 des d\u00e9placements massifs de populations. Je pense notamment au Bangladesh. Notre r\u00f4le est de redonner la complexit\u00e9 du monde aux citoyens assistant au FIG, qui peut avoir comme baseline \u00ab\u00a0Le monde s&rsquo;invente chez nous\u00a0\u00bb.\u00a0\u00bb<\/em><\/p>\n<p>Qualifiant le festival de <em>\u00ab\u00a0laboratoire\u00a0\u00bb<\/em>, le pr\u00e9sident de l&rsquo;ADFIG Gilles Fumey a pour sa part insist\u00e9 sur <em>\u00ab\u00a0la chance extraordinaire que le laboratoire de recherches du CNRS \u00ab\u00a0Migraterre\u00a0\u00bb, dirig\u00e9 par Olivier Clochard, ait travaill\u00e9 sur cette questions des migrations depuis de nombreuses ann\u00e9es. Ce qui nous a permis de proposer un programme fort.\u00a0\u00bb<\/em> Ce matin, Gilles Fumey a \u00e9galement insist\u00e9 sur le bon accueil r\u00e9serv\u00e9 par Saint-Di\u00e9-des-Vosges \u00e0 la communaut\u00e9 de g\u00e9ographes pr\u00e9sents lors du festival. <em>\u00ab\u00a0Nous appr\u00e9cions beaucoup de venir en D\u00e9odatie, dans une ville qui se retrouve chaque ann\u00e9e autour de notre discipline.\u00a0\u00bb<\/em><\/p>\n<h3><strong>Des nouveaut\u00e9s cette ann\u00e9e<\/strong><\/h3>\n<p>Ce 30\u00e8me \u00e9pisode sera marqu\u00e9 par un certain nombre de nouveaut\u00e9s. La principale \u00e9tant la mutation du salon de la g\u00e9omatique en espace G\u00e9o-num\u00e9rique. D\u00e9sormais install\u00e9 au sein de l&rsquo;Espace Fran\u00e7ois-Mitterrand, ce salon se voudra plus tourn\u00e9 vers le grand \u2013 et le jeune \u2013 public, avec par exemple une exposition interactive en survolant Strasbourg en 3D, des visites immersives par drones, des d\u00e9monstrations d&rsquo;applications innovantes, ou la construction de la ville de demain sur le jeu-vid\u00e9o \u00ab\u00a0Minecraft\u00a0\u00bb.<\/p>\n<p>De fait, l&rsquo;espace d\u00e9di\u00e9 \u00e0 la gastronomie, fort appr\u00e9ci\u00e9 des festivaliers, se d\u00e9placera pour aller s&rsquo;installer sur la place du March\u00e9. Hormis ce \u00ab\u00a0d\u00e9m\u00e9nagement\u00a0\u00bb, les gourmands retrouveront \u00e0 nouveau des produits locaux ainsi que des mets aux saveurs des Cara\u00efbes&#8230; sans bien entendu oublier les d\u00e9monstrations culinaires, qui rythmeront la place de la Gastronomie tout au long du festival.<\/p>\n<p>Toujours au titre des nouveaut\u00e9s, un chapiteau festif fera son apparition sur la place Jules-Ferry, en face de l&rsquo;H\u00f4tel de Ville, o\u00f9 des musiciens feront danser le public vendredi et samedi soirs&#8230; sans oublier le petit train qui, au d\u00e9part de cette m\u00eame place Jules-Ferry, offrira un tour d&rsquo;horizon du centre-ville aux festivaliers.<\/p>\n<p>Et dans la continuit\u00e9 des derni\u00e8res \u00e9ditions, le salon du livre sera abrit\u00e9 sous un grand chapiteau au parc Jean-Mansuy, tout comme le FIG Junior. <em>\u00ab\u00a0Durant 3 jours, la plus grande librairie de G\u00e9ographie en France sera \u00e0 Saint-Di\u00e9-des-Vosges. Cette ann\u00e9e, parmi les 45 rencontres litt\u00e9raires programm\u00e9es, 2 d&rsquo;entre elles me tiennent tout particuli\u00e8rement \u00e0 coeur. Il s&rsquo;agit de \u00ab\u00a0L&rsquo;exil et la litt\u00e9rature\u00a0\u00bb d&rsquo;une part, de la rencontre avec Patrick Chamoiseau d&rsquo;autre part\u00a0\u00bb<\/em> a d\u00e9clar\u00e9 lors de sa prise de parole le pr\u00e9sident du salon du livre Olivier Huguenot, tout en ajoutant que les caf\u00e9s polars seront encore de la partie cette ann\u00e9e.<\/p>\n<h3><strong>Les personnalit\u00e9s du 30\u00e8me FIG<\/strong><\/h3>\n<p>la chef d&rsquo;entreprise Mercedes Erra, pr\u00e9sidente du FIG 2019; la journaliste Rapha\u00eblle Bacqu\u00e9, grand t\u00e9moin; le g\u00e9ographe Olivier Clochard, directeur scientifique; l&rsquo;auteur et laur\u00e9at du prix Goncourt 1992 Patrick Chamoiseau, pr\u00e9sident du salon du livre; le g\u00e9ographe politique John Agnew, prix Vautrin-Lud 2019; l&rsquo;ancien footballeur champion du monde Lilian Thuram; l&rsquo;\u00e9crivain spinalien Nicolas Mathieu, laur\u00e9at du Goncourt 2018; le scientifique, m\u00e9decin g\u00e9n\u00e9ticien et essayiste Axel Kahn; l&rsquo;\u00e9crivain Aur\u00e9lien Bellaner; le ma\u00eetre de conf\u00e9rences \u00e0 Sciences-Po Paris Fr\u00e9d\u00e9ric Encel; le journaliste et \u00e9crivain Eric Fottorino, anciennement pr\u00e9sident du salon du livre; l&rsquo;homme politique, chercheur, \u00e9crivain et diplomate Azouz Begag&#8230; sont les personnalit\u00e9s qui participeront au 30\u00e8me Festival de G\u00e9ographie de Saint-Di\u00e9-des-Vosges. En attendant le premier week-end d&rsquo;octobre, rendez-vous sur <strong><a href=\"http:\/\/www.fig.saint-die-des-vosges.fr\/\" target=\"_blank\" rel=\"noopener\">www.fig.saint-die-des-vosges.fr<\/a><\/strong><\/p>\n<p>J.J.<\/p>\n<p><a href=\"\/2019\/07\/Affiche_30\u00e8me_FIG.jpg\" target=\"_blank\" rel=\"noopener\"><img decoding=\"async\" class=\"aligncenter wp-image-141745 size-large\" src=\"\/2019\/07\/Affiche_30\u00e8me_FIG-728x1024.jpg\" alt=\"Affiche_30\u00e8me_FIG\" width=\"728\" height=\"1024\" \/><\/a><\/p>\n","protected":false},"excerpt":{"rendered":"<p>Le 30\u00e8me Festival International de G\u00e9ographie de Saint-Di\u00e9-des-Vosges se d\u00e9roulera les vendredi 4, samedi 5 et dimanche 6 octobre prochains [&hellip;]<\/p>\n","protected":false},"author":46,"featured_media":38067,"comment_status":"open","ping_status":"open","sticky":false,"template":"","format":"standard","meta":{"footnotes":""},"categories":[460,2915,17],"tags":[7399,7400,7373,3082,7401,7402,7403,7404],"class_list":["post-38066","post","type-post","status-publish","format-standard","has-post-thumbnail","hentry","category-a-la-une","category-saint-die-son-canton","category-vie-associative","tag-30eme-festival-international-de-geographie","tag-centre-national-du-fig","tag-festival-international-de-geographie","tag-fig","tag-fig-2019","tag-les-caraibes","tag-migrations","tag-paris"],"acf":[],"yoast_head":"<!-- This site is optimized with the Yoast SEO plugin v22.5 - https:\/\/yoast.com\/wordpress\/plugins\/seo\/ -->\n<title>Les migrations au coeur des d\u00e9bats du 30\u00e8me Festival International de G\u00e9ographie - Saint Die Info<\/title>\n<meta name=\"robots\" content=\"index, follow, max-snippet:-1, max-image-preview:large, max-video-preview:-1\" \/>\n<link rel=\"canonical\" href=\"https:\/\/vosgesinfo.fr\/saintdieinfo\/2019\/09\/migrations-coeur-debats-30eme-festival-international-de-geographie\/\" \/>\n<meta name=\"twitter:card\" content=\"summary_large_image\" \/>\n<meta name=\"twitter:title\" content=\"Les migrations au coeur des d\u00e9bats du 30\u00e8me Festival International de G\u00e9ographie - Saint Die Info\" \/>\n<meta name=\"twitter:description\" content=\"Le 30\u00e8me Festival International de G\u00e9ographie de Saint-Di\u00e9-des-Vosges se d\u00e9roulera les vendredi 4, samedi 5 et dimanche 6 octobre prochains [&hellip;]\" \/>\n<meta name=\"twitter:image\" content=\"https:\/\/vosgesinfo.fr\/app\/uploads\/sites\/4\/2024\/08\/201909conference-cnl-30eme-fig-1.jpg\" \/>\n<meta name=\"twitter:creator\" content=\"@VosgesInfo88\" \/>\n<meta name=\"twitter:site\" content=\"@VosgesInfo88\" \/>\n<meta name=\"twitter:label1\" content=\"\u00c9crit par\" \/>\n\t<meta name=\"twitter:data1\" content=\"J.J.\" \/>\n\t<meta name=\"twitter:label2\" content=\"Dur\u00e9e de lecture estim\u00e9e\" \/>\n\t<meta name=\"twitter:data2\" content=\"5 minutes\" \/>\n<script type=\"application\/ld+json\" class=\"yoast-schema-graph\">{\"@context\":\"https:\/\/schema.org\",\"@graph\":[{\"@type\":\"Article\",\"@id\":\"https:\/\/vosgesinfo.fr\/saintdieinfo\/2019\/09\/migrations-coeur-debats-30eme-festival-international-de-geographie\/#article\",\"isPartOf\":{\"@id\":\"https:\/\/vosgesinfo.fr\/saintdieinfo\/2019\/09\/migrations-coeur-debats-30eme-festival-international-de-geographie\/\"},\"author\":{\"name\":\"J.J.\",\"@id\":\"https:\/\/vosgesinfo.fr\/saintdieinfo\/#\/schema\/person\/fa73e9f726d67bb88f46d5b7943cb572\"},\"headline\":\"Les migrations au coeur des d\u00e9bats du 30\u00e8me Festival International de G\u00e9ographie\",\"datePublished\":\"2019-09-13T06:00:48+00:00\",\"dateModified\":\"2019-09-13T06:00:48+00:00\",\"mainEntityOfPage\":{\"@id\":\"https:\/\/vosgesinfo.fr\/saintdieinfo\/2019\/09\/migrations-coeur-debats-30eme-festival-international-de-geographie\/\"},\"wordCount\":1034,\"commentCount\":0,\"publisher\":{\"@id\":\"https:\/\/vosgesinfo.fr\/saintdieinfo\/#organization\"},\"image\":{\"@id\":\"https:\/\/vosgesinfo.fr\/saintdieinfo\/2019\/09\/migrations-coeur-debats-30eme-festival-international-de-geographie\/#primaryimage\"},\"thumbnailUrl\":\"https:\/\/vosgesinfo.fr\/app\/uploads\/sites\/4\/2024\/08\/201909conference-cnl-30eme-fig-1.jpg\",\"keywords\":[\"30\u00e8me Festival International de G\u00e9ographie\",\"Centre National du FIG\",\"Festival International de G\u00e9ographie\",\"FIG\",\"FIG 2019\",\"Les Cara\u00efbes\",\"Migrations\",\"Paris\"],\"articleSection\":[\"A la Une\",\"Saint-Di\u00e9-des-Vosges et son Agglom\u00e9ration\",\"Vie Associative\"],\"inLanguage\":\"fr-FR\",\"potentialAction\":[{\"@type\":\"CommentAction\",\"name\":\"Comment\",\"target\":[\"https:\/\/vosgesinfo.fr\/saintdieinfo\/2019\/09\/migrations-coeur-debats-30eme-festival-international-de-geographie\/#respond\"]}]},{\"@type\":\"WebPage\",\"@id\":\"https:\/\/vosgesinfo.fr\/saintdieinfo\/2019\/09\/migrations-coeur-debats-30eme-festival-international-de-geographie\/\",\"url\":\"https:\/\/vosgesinfo.fr\/saintdieinfo\/2019\/09\/migrations-coeur-debats-30eme-festival-international-de-geographie\/\",\"name\":\"Les migrations au coeur des d\u00e9bats du 30\u00e8me Festival International de G\u00e9ographie - Saint Die Info\",\"isPartOf\":{\"@id\":\"https:\/\/vosgesinfo.fr\/saintdieinfo\/#website\"},\"primaryImageOfPage\":{\"@id\":\"https:\/\/vosgesinfo.fr\/saintdieinfo\/2019\/09\/migrations-coeur-debats-30eme-festival-international-de-geographie\/#primaryimage\"},\"image\":{\"@id\":\"https:\/\/vosgesinfo.fr\/saintdieinfo\/2019\/09\/migrations-coeur-debats-30eme-festival-international-de-geographie\/#primaryimage\"},\"thumbnailUrl\":\"https:\/\/vosgesinfo.fr\/app\/uploads\/sites\/4\/2024\/08\/201909conference-cnl-30eme-fig-1.jpg\",\"datePublished\":\"2019-09-13T06:00:48+00:00\",\"dateModified\":\"2019-09-13T06:00:48+00:00\",\"breadcrumb\":{\"@id\":\"https:\/\/vosgesinfo.fr\/saintdieinfo\/2019\/09\/migrations-coeur-debats-30eme-festival-international-de-geographie\/#breadcrumb\"},\"inLanguage\":\"fr-FR\",\"potentialAction\":[{\"@type\":\"ReadAction\",\"target\":[\"https:\/\/vosgesinfo.fr\/saintdieinfo\/2019\/09\/migrations-coeur-debats-30eme-festival-international-de-geographie\/\"]}]},{\"@type\":\"ImageObject\",\"inLanguage\":\"fr-FR\",\"@id\":\"https:\/\/vosgesinfo.fr\/saintdieinfo\/2019\/09\/migrations-coeur-debats-30eme-festival-international-de-geographie\/#primaryimage\",\"url\":\"https:\/\/vosgesinfo.fr\/app\/uploads\/sites\/4\/2024\/08\/201909conference-cnl-30eme-fig-1.jpg\",\"contentUrl\":\"https:\/\/vosgesinfo.fr\/app\/uploads\/sites\/4\/2024\/08\/201909conference-cnl-30eme-fig-1.jpg\",\"width\":1000,\"height\":666},{\"@type\":\"BreadcrumbList\",\"@id\":\"https:\/\/vosgesinfo.fr\/saintdieinfo\/2019\/09\/migrations-coeur-debats-30eme-festival-international-de-geographie\/#breadcrumb\",\"itemListElement\":[{\"@type\":\"ListItem\",\"position\":1,\"name\":\"Home\",\"item\":\"https:\/\/vosgesinfo.fr\/saintdieinfo\/\"},{\"@type\":\"ListItem\",\"position\":2,\"name\":\"Les migrations au coeur des d\u00e9bats du 30\u00e8me Festival International de G\u00e9ographie\"}]},{\"@type\":\"WebSite\",\"@id\":\"https:\/\/vosgesinfo.fr\/saintdieinfo\/#website\",\"url\":\"https:\/\/vosgesinfo.fr\/saintdieinfo\/\",\"name\":\"Saint Die Info\",\"description\":\"Toute l&#039;actualit\u00e9 de Saint-Di\u00e9-Des-Vosges\",\"publisher\":{\"@id\":\"https:\/\/vosgesinfo.fr\/saintdieinfo\/#organization\"},\"alternateName\":\"Toute l'actualit\u00e9 de Saint-Di\u00e9-Des-Vosges\",\"potentialAction\":[{\"@type\":\"SearchAction\",\"target\":{\"@type\":\"EntryPoint\",\"urlTemplate\":\"https:\/\/vosgesinfo.fr\/saintdieinfo\/?s={search_term_string}\"},\"query-input\":\"required name=search_term_string\"}],\"inLanguage\":\"fr-FR\"},{\"@type\":\"Organization\",\"@id\":\"https:\/\/vosgesinfo.fr\/saintdieinfo\/#organization\",\"name\":\"Saint Die Info\",\"url\":\"https:\/\/vosgesinfo.fr\/saintdieinfo\/\",\"logo\":{\"@type\":\"ImageObject\",\"inLanguage\":\"fr-FR\",\"@id\":\"https:\/\/vosgesinfo.fr\/saintdieinfo\/#\/schema\/logo\/image\/\",\"url\":\"https:\/\/vosgesinfo.fr\/app\/uploads\/sites\/4\/2024\/02\/logo-sdi.jpg\",\"contentUrl\":\"https:\/\/vosgesinfo.fr\/app\/uploads\/sites\/4\/2024\/02\/logo-sdi.jpg\",\"width\":600,\"height\":600,\"caption\":\"Saint Die Info\"},\"image\":{\"@id\":\"https:\/\/vosgesinfo.fr\/saintdieinfo\/#\/schema\/logo\/image\/\"},\"sameAs\":[\"https:\/\/www.facebook.com\/Saintdieinfofr\",\"https:\/\/x.com\/VosgesInfo88\",\"https:\/\/www.youtube.com\/@vosgesinfo\"]},{\"@type\":\"Person\",\"@id\":\"https:\/\/vosgesinfo.fr\/saintdieinfo\/#\/schema\/person\/fa73e9f726d67bb88f46d5b7943cb572\",\"name\":\"J.J.\",\"image\":{\"@type\":\"ImageObject\",\"inLanguage\":\"fr-FR\",\"@id\":\"https:\/\/vosgesinfo.fr\/saintdieinfo\/#\/schema\/person\/image\/\",\"url\":\"https:\/\/secure.gravatar.com\/avatar\/219e749e47ffbcca018a360ae4add7d4cdf1cdaaf8bc7676b27efade3fe65615?s=96&d=mm&r=g\",\"contentUrl\":\"https:\/\/secure.gravatar.com\/avatar\/219e749e47ffbcca018a360ae4add7d4cdf1cdaaf8bc7676b27efade3fe65615?s=96&d=mm&r=g\",\"caption\":\"J.J.\"},\"url\":\"https:\/\/vosgesinfo.fr\/saintdieinfo\/author\/j-j\/\"}]}<\/script>\n<!-- \/ Yoast SEO plugin. -->","yoast_head_json":{"title":"Les migrations au coeur des d\u00e9bats du 30\u00e8me Festival International de G\u00e9ographie - Saint Die Info","robots":{"index":"index","follow":"follow","max-snippet":"max-snippet:-1","max-image-preview":"max-image-preview:large","max-video-preview":"max-video-preview:-1"},"canonical":"https:\/\/vosgesinfo.fr\/saintdieinfo\/2019\/09\/migrations-coeur-debats-30eme-festival-international-de-geographie\/","twitter_card":"summary_large_image","twitter_title":"Les migrations au coeur des d\u00e9bats du 30\u00e8me Festival International de G\u00e9ographie - Saint Die Info","twitter_description":"Le 30\u00e8me Festival International de G\u00e9ographie de Saint-Di\u00e9-des-Vosges se d\u00e9roulera les vendredi 4, samedi 5 et dimanche 6 octobre prochains [&hellip;]","twitter_image":"https:\/\/vosgesinfo.fr\/app\/uploads\/sites\/4\/2024\/08\/201909conference-cnl-30eme-fig-1.jpg","twitter_creator":"@VosgesInfo88","twitter_site":"@VosgesInfo88","twitter_misc":{"\u00c9crit par":"J.J.","Dur\u00e9e de lecture estim\u00e9e":"5 minutes"},"schema":{"@context":"https:\/\/schema.org","@graph":[{"@type":"Article","@id":"https:\/\/vosgesinfo.fr\/saintdieinfo\/2019\/09\/migrations-coeur-debats-30eme-festival-international-de-geographie\/#article","isPartOf":{"@id":"https:\/\/vosgesinfo.fr\/saintdieinfo\/2019\/09\/migrations-coeur-debats-30eme-festival-international-de-geographie\/"},"author":{"name":"J.J.","@id":"https:\/\/vosgesinfo.fr\/saintdieinfo\/#\/schema\/person\/fa73e9f726d67bb88f46d5b7943cb572"},"headline":"Les migrations au coeur des d\u00e9bats du 30\u00e8me Festival International de G\u00e9ographie","datePublished":"2019-09-13T06:00:48+00:00","dateModified":"2019-09-13T06:00:48+00:00","mainEntityOfPage":{"@id":"https:\/\/vosgesinfo.fr\/saintdieinfo\/2019\/09\/migrations-coeur-debats-30eme-festival-international-de-geographie\/"},"wordCount":1034,"commentCount":0,"publisher":{"@id":"https:\/\/vosgesinfo.fr\/saintdieinfo\/#organization"},"image":{"@id":"https:\/\/vosgesinfo.fr\/saintdieinfo\/2019\/09\/migrations-coeur-debats-30eme-festival-international-de-geographie\/#primaryimage"},"thumbnailUrl":"https:\/\/vosgesinfo.fr\/app\/uploads\/sites\/4\/2024\/08\/201909conference-cnl-30eme-fig-1.jpg","keywords":["30\u00e8me Festival International de G\u00e9ographie","Centre National du FIG","Festival International de G\u00e9ographie","FIG","FIG 2019","Les Cara\u00efbes","Migrations","Paris"],"articleSection":["A la Une","Saint-Di\u00e9-des-Vosges et son Agglom\u00e9ration","Vie Associative"],"inLanguage":"fr-FR","potentialAction":[{"@type":"CommentAction","name":"Comment","target":["https:\/\/vosgesinfo.fr\/saintdieinfo\/2019\/09\/migrations-coeur-debats-30eme-festival-international-de-geographie\/#respond"]}]},{"@type":"WebPage","@id":"https:\/\/vosgesinfo.fr\/saintdieinfo\/2019\/09\/migrations-coeur-debats-30eme-festival-international-de-geographie\/","url":"https:\/\/vosgesinfo.fr\/saintdieinfo\/2019\/09\/migrations-coeur-debats-30eme-festival-international-de-geographie\/","name":"Les migrations au coeur des d\u00e9bats du 30\u00e8me Festival International de G\u00e9ographie - Saint Die Info","isPartOf":{"@id":"https:\/\/vosgesinfo.fr\/saintdieinfo\/#website"},"primaryImageOfPage":{"@id":"https:\/\/vosgesinfo.fr\/saintdieinfo\/2019\/09\/migrations-coeur-debats-30eme-festival-international-de-geographie\/#primaryimage"},"image":{"@id":"https:\/\/vosgesinfo.fr\/saintdieinfo\/2019\/09\/migrations-coeur-debats-30eme-festival-international-de-geographie\/#primaryimage"},"thumbnailUrl":"https:\/\/vosgesinfo.fr\/app\/uploads\/sites\/4\/2024\/08\/201909conference-cnl-30eme-fig-1.jpg","datePublished":"2019-09-13T06:00:48+00:00","dateModified":"2019-09-13T06:00:48+00:00","breadcrumb":{"@id":"https:\/\/vosgesinfo.fr\/saintdieinfo\/2019\/09\/migrations-coeur-debats-30eme-festival-international-de-geographie\/#breadcrumb"},"inLanguage":"fr-FR","potentialAction":[{"@type":"ReadAction","target":["https:\/\/vosgesinfo.fr\/saintdieinfo\/2019\/09\/migrations-coeur-debats-30eme-festival-international-de-geographie\/"]}]},{"@type":"ImageObject","inLanguage":"fr-FR","@id":"https:\/\/vosgesinfo.fr\/saintdieinfo\/2019\/09\/migrations-coeur-debats-30eme-festival-international-de-geographie\/#primaryimage","url":"https:\/\/vosgesinfo.fr\/app\/uploads\/sites\/4\/2024\/08\/201909conference-cnl-30eme-fig-1.jpg","contentUrl":"https:\/\/vosgesinfo.fr\/app\/uploads\/sites\/4\/2024\/08\/201909conference-cnl-30eme-fig-1.jpg","width":1000,"height":666},{"@type":"BreadcrumbList","@id":"https:\/\/vosgesinfo.fr\/saintdieinfo\/2019\/09\/migrations-coeur-debats-30eme-festival-international-de-geographie\/#breadcrumb","itemListElement":[{"@type":"ListItem","position":1,"name":"Home","item":"https:\/\/vosgesinfo.fr\/saintdieinfo\/"},{"@type":"ListItem","position":2,"name":"Les migrations au coeur des d\u00e9bats du 30\u00e8me Festival International de G\u00e9ographie"}]},{"@type":"WebSite","@id":"https:\/\/vosgesinfo.fr\/saintdieinfo\/#website","url":"https:\/\/vosgesinfo.fr\/saintdieinfo\/","name":"Saint Die Info","description":"Toute l&#039;actualit\u00e9 de Saint-Di\u00e9-Des-Vosges","publisher":{"@id":"https:\/\/vosgesinfo.fr\/saintdieinfo\/#organization"},"alternateName":"Toute l'actualit\u00e9 de Saint-Di\u00e9-Des-Vosges","potentialAction":[{"@type":"SearchAction","target":{"@type":"EntryPoint","urlTemplate":"https:\/\/vosgesinfo.fr\/saintdieinfo\/?s={search_term_string}"},"query-input":"required name=search_term_string"}],"inLanguage":"fr-FR"},{"@type":"Organization","@id":"https:\/\/vosgesinfo.fr\/saintdieinfo\/#organization","name":"Saint Die Info","url":"https:\/\/vosgesinfo.fr\/saintdieinfo\/","logo":{"@type":"ImageObject","inLanguage":"fr-FR","@id":"https:\/\/vosgesinfo.fr\/saintdieinfo\/#\/schema\/logo\/image\/","url":"https:\/\/vosgesinfo.fr\/app\/uploads\/sites\/4\/2024\/02\/logo-sdi.jpg","contentUrl":"https:\/\/vosgesinfo.fr\/app\/uploads\/sites\/4\/2024\/02\/logo-sdi.jpg","width":600,"height":600,"caption":"Saint Die Info"},"image":{"@id":"https:\/\/vosgesinfo.fr\/saintdieinfo\/#\/schema\/logo\/image\/"},"sameAs":["https:\/\/www.facebook.com\/Saintdieinfofr","https:\/\/x.com\/VosgesInfo88","https:\/\/www.youtube.com\/@vosgesinfo"]},{"@type":"Person","@id":"https:\/\/vosgesinfo.fr\/saintdieinfo\/#\/schema\/person\/fa73e9f726d67bb88f46d5b7943cb572","name":"J.J.","image":{"@type":"ImageObject","inLanguage":"fr-FR","@id":"https:\/\/vosgesinfo.fr\/saintdieinfo\/#\/schema\/person\/image\/","url":"https:\/\/secure.gravatar.com\/avatar\/219e749e47ffbcca018a360ae4add7d4cdf1cdaaf8bc7676b27efade3fe65615?s=96&d=mm&r=g","contentUrl":"https:\/\/secure.gravatar.com\/avatar\/219e749e47ffbcca018a360ae4add7d4cdf1cdaaf8bc7676b27efade3fe65615?s=96&d=mm&r=g","caption":"J.J."},"url":"https:\/\/vosgesinfo.fr\/saintdieinfo\/author\/j-j\/"}]}},"_links":{"self":[{"href":"https:\/\/vosgesinfo.fr\/saintdieinfo\/wp-json\/wp\/v2\/posts\/38066","targetHints":{"allow":["GET"]}}],"collection":[{"href":"https:\/\/vosgesinfo.fr\/saintdieinfo\/wp-json\/wp\/v2\/posts"}],"about":[{"href":"https:\/\/vosgesinfo.fr\/saintdieinfo\/wp-json\/wp\/v2\/types\/post"}],"author":[{"embeddable":true,"href":"https:\/\/vosgesinfo.fr\/saintdieinfo\/wp-json\/wp\/v2\/users\/46"}],"replies":[{"embeddable":true,"href":"https:\/\/vosgesinfo.fr\/saintdieinfo\/wp-json\/wp\/v2\/comments?post=38066"}],"version-history":[{"count":0,"href":"https:\/\/vosgesinfo.fr\/saintdieinfo\/wp-json\/wp\/v2\/posts\/38066\/revisions"}],"wp:featuredmedia":[{"embeddable":true,"href":"https:\/\/vosgesinfo.fr\/saintdieinfo\/wp-json\/wp\/v2\/media\/38067"}],"wp:attachment":[{"href":"https:\/\/vosgesinfo.fr\/saintdieinfo\/wp-json\/wp\/v2\/media?parent=38066"}],"wp:term":[{"taxonomy":"category","embeddable":true,"href":"https:\/\/vosgesinfo.fr\/saintdieinfo\/wp-json\/wp\/v2\/categories?post=38066"},{"taxonomy":"post_tag","embeddable":true,"href":"https:\/\/vosgesinfo.fr\/saintdieinfo\/wp-json\/wp\/v2\/tags?post=38066"}],"curies":[{"name":"wp","href":"https:\/\/api.w.org\/{rel}","templated":true}]}}