{"id":38089,"date":"2019-09-13T07:35:23","date_gmt":"2019-09-13T05:35:23","guid":{"rendered":"https:\/\/vosgesinfo.fr\/saintdieinfo\/2019\/09\/carnet-rose-a-gamm-vert\/"},"modified":"2019-09-13T07:35:23","modified_gmt":"2019-09-13T05:35:23","slug":"carnet-rose-a-gamm-vert","status":"publish","type":"post","link":"https:\/\/vosgesinfo.fr\/saintdieinfo\/2019\/09\/carnet-rose-a-gamm-vert\/","title":{"rendered":"Carnet Rose \u00e0 Gamm Vert\u00a0!"},"content":{"rendered":"<p><a href=\"\/2019\/09\/gamm-vert-photo-perroq.jpg\" target=\"_blank\" rel=\"noopener\"><img decoding=\"async\" class=\"aligncenter wp-image-144312 size-full\" src=\"\/2019\/09\/gamm-vert-photo-perroq.jpg\" alt=\"gamm vert photo perroq\" width=\"368\" height=\"426\" \/><\/a><\/p>\n<h2><strong><span style=\"font-size: large;\">L\u2019\u00e9quipe est heureuse de vous annoncer, l\u2019arriv\u00e9e d\u2019un nouveau pensionnaire ce Samedi 14 septembre 2019 \u00e0 votre magasin Gamm Vert de Saint-Di\u00e9-Des-Vosges.<\/span><\/strong><\/h2>\n<p><!--more--><\/p>\n<p><span style=\"font-size: medium;\">En effet, <\/span><strong><span style=\"font-size: medium;\">un perroquet Amazone \u00e0 Front bleu (<\/span><\/strong><span style=\"font-size: medium;\"><i><b>Amazona aestiva) m\u00e2le \u00e2g\u00e9 de 4 mois,<\/b><\/i><\/span><i> <\/i><span style=\"font-size: medium;\">prend place aux milieux des poissons, rongeurs et oiseaux d\u00e9j\u00e0 pr\u00e9sents.<\/span><b> <\/b><span style=\"font-size: medium;\">Cette vari\u00e9t\u00e9 est l<\/span><span style=\"font-size: medium;\">a plus r\u00e9pandue des amazones, cependant tous les individus n\u2019ont pas la m\u00eame couleur de plumes \u00e0 la t\u00eate. <\/span><\/p>\n<p><strong><span style=\"font-size: medium;\">A la maison, avec une bonne capacit\u00e9 \u00e0 parler, il apprendra vite \u00e0 r\u00e9p\u00e9ter \u00ab\u00a0bonjour\u00a0\u00bb quand il verra vos invit\u00e9s arriver<\/span><\/strong><span style=\"font-size: medium;\"><strong>.<\/strong> Sa taille moyenne de 36 cm<\/span><span style=\"color: #222222;\"><span style=\"font-family: Arial, serif;\"><span style=\"font-size: medium;\">, <\/span><\/span><\/span><span style=\"color: #222222;\"><span style=\"font-family: Arial, serif;\">sa long\u00e9vit\u00e9 de 40 ans (jusqu&rsquo;\u00e0 80 ans en captivit\u00e9)<\/span><\/span> <span style=\"font-size: medium;\">en fait un compagnon id\u00e9al pour la famille.<\/span><\/p>\n<p><span style=\"font-size: medium;\">Originaire d\u2019Am\u00e9rique du sud, son statut, selon <\/span><span style=\"font-size: medium;\">l\u2019Union Internationale pour la conservation de la nature, <\/span><span style=\"color: #222222;\"><span style=\"font-family: Arial, serif;\">est class\u00e9 en pr\u00e9occupation mineure de danger d\u2019extinction<\/span><\/span><span style=\"color: #222222;\"><span style=\"font-family: Arial, serif;\"><span style=\"font-size: medium;\">\u00a0; <\/span><\/span><\/span><span style=\"font-size: medium;\">inscrit en annexe 2 de la CITES (convention internationale sur le commerce des esp\u00e8ces menac\u00e9es de faune et de flore sauvages), <\/span><strong><span style=\"font-size: medium;\">son adoption par un particulier ne requi\u00e8re pas de d\u00e9claration pr\u00e9alable et son heureux futur propri\u00e9taire recevra tous les certificats de tra\u00e7abilit\u00e9 et de bonne sant\u00e9\u00a0!<\/span><\/strong><b> <\/b><\/p>\n<p><strong><span style=\"font-size: medium;\">Concernant son origine, <\/span><\/strong><span style=\"font-size: medium;\"><strong>il est issu d\u2019un \u00e9levage fran\u00e7ais, qui a \u00e9t\u00e9 s\u00e9lectionn\u00e9 par les soigneurs de votre magasin Gamm Vert pour sa parfaite \u00e9thique<\/strong><b>,<\/b><\/span><span style=\"font-size: medium;\"> sp\u00e9cialis\u00e9e dans l\u2019\u00e9levage des perroquets, des plus communs aux plus menac\u00e9s et partenaire de programmes internationaux pour la pr\u00e9servation d\u2019esp\u00e8ces rares.<\/span><\/p>\n<p><span style=\"font-size: medium;\">En magasin<\/span><span style=\"font-size: medium;\"><b>, <\/b><strong>l\u2019acclimatation est r\u00e9alis\u00e9e par Cyrille et son \u00e9quipe certifi\u00e9e, suivant les r\u00e8gles minist\u00e9rielles nationales et internationales, et qui se feront un plaisir de vous pr\u00e9senter la nouvelle coqueluche de l\u2019animalerie<\/strong><b>,<\/b><\/span><span style=\"font-size: medium;\"> apr\u00e8s une p\u00e9riode d\u2019acclimatation et d\u2019observation, ainsi que les nouvelles esp\u00e8ces pr\u00e9sent\u00e9es \u00e0 la vente pour cette Rentr\u00e9e 2019\u00a0!<\/span><\/p>\n<p><a name=\"_GoBack\"><\/a><span style=\"font-size: medium;\">Vous pourrez suivre son \u00e9volution sur le Facebook \u00ab\u00a0Gamm vert st die des Vosges\u00a0\u00bb et sur Instagram.<\/span><\/p>\n<p><span style=\"font-size: small;\">Photo non contractuelle<\/span><\/p>\n<p><strong><span style=\"font-size: medium;\"><u>Informations compl\u00e9mentaires<\/u><\/span><span style=\"font-size: medium;\">\u00a0:<\/span><\/strong><\/p>\n<p><strong><span style=\"font-size: medium;\">Ouvert tous les jours (9h \u00e0 12h, 14h \u00e0 19h) sauf le dimanche<\/span><\/strong><\/p>\n<p><strong><span style=\"font-size: medium;\">Gamm Vert, 16 rue Emile Durkheim, 88\u00a0100 Saint-Di\u00e9 &#8211; T\u00e9l.\u00a0: 03.29.56.94.70 <\/span><\/strong><\/p>\n<p><strong><span style=\"font-size: medium;\">page Facebook\u00a0: Gamm Vert Saint-Di\u00e9-Des-Vosges \u2013 <\/span><\/strong><\/p>\n\n","protected":false},"excerpt":{"rendered":"<p>L\u2019\u00e9quipe est heureuse de vous annoncer, l\u2019arriv\u00e9e d\u2019un nouveau pensionnaire ce Samedi 14 septembre 2019 \u00e0 votre magasin Gamm Vert [&hellip;]<\/p>\n","protected":false},"author":44,"featured_media":38090,"comment_status":"open","ping_status":"open","sticky":false,"template":"","format":"standard","meta":{"footnotes":""},"categories":[460,2915],"tags":[2942,7412],"class_list":["post-38089","post","type-post","status-publish","format-standard","has-post-thumbnail","hentry","category-a-la-une","category-saint-die-son-canton","tag-gamm-vert","tag-perroquet"],"acf":[],"yoast_head":"<!-- This site is optimized with the Yoast SEO plugin v22.5 - https:\/\/yoast.com\/wordpress\/plugins\/seo\/ -->\n<title>Carnet Rose \u00e0 Gamm Vert\u00a0! - Saint Die Info<\/title>\n<meta name=\"robots\" content=\"index, follow, max-snippet:-1, max-image-preview:large, max-video-preview:-1\" \/>\n<link rel=\"canonical\" href=\"https:\/\/vosgesinfo.fr\/saintdieinfo\/2019\/09\/carnet-rose-a-gamm-vert\/\" \/>\n<meta name=\"twitter:card\" content=\"summary_large_image\" \/>\n<meta name=\"twitter:title\" content=\"Carnet Rose \u00e0 Gamm Vert\u00a0! - Saint Die Info\" \/>\n<meta name=\"twitter:description\" content=\"L\u2019\u00e9quipe est heureuse de vous annoncer, l\u2019arriv\u00e9e d\u2019un nouveau pensionnaire ce Samedi 14 septembre 2019 \u00e0 votre magasin Gamm Vert [&hellip;]\" \/>\n<meta name=\"twitter:image\" content=\"https:\/\/vosgesinfo.fr\/app\/uploads\/sites\/4\/2024\/08\/201909gamm-vert-photo-perroq-01.jpg\" \/>\n<meta name=\"twitter:creator\" content=\"@VosgesInfo88\" \/>\n<meta name=\"twitter:site\" content=\"@VosgesInfo88\" \/>\n<meta name=\"twitter:label1\" content=\"\u00c9crit par\" \/>\n\t<meta name=\"twitter:data1\" content=\"la r\u00e9daction\" \/>\n\t<meta name=\"twitter:label2\" content=\"Dur\u00e9e de lecture estim\u00e9e\" \/>\n\t<meta name=\"twitter:data2\" content=\"2 minutes\" \/>\n<script type=\"application\/ld+json\" class=\"yoast-schema-graph\">{\"@context\":\"https:\/\/schema.org\",\"@graph\":[{\"@type\":\"Article\",\"@id\":\"https:\/\/vosgesinfo.fr\/saintdieinfo\/2019\/09\/carnet-rose-a-gamm-vert\/#article\",\"isPartOf\":{\"@id\":\"https:\/\/vosgesinfo.fr\/saintdieinfo\/2019\/09\/carnet-rose-a-gamm-vert\/\"},\"author\":{\"name\":\"la r\u00e9daction\",\"@id\":\"https:\/\/vosgesinfo.fr\/saintdieinfo\/#\/schema\/person\/faee6704a21f3977511db84bd1cd450f\"},\"headline\":\"Carnet Rose \u00e0 Gamm Vert\u00a0!\",\"datePublished\":\"2019-09-13T05:35:23+00:00\",\"dateModified\":\"2019-09-13T05:35:23+00:00\",\"mainEntityOfPage\":{\"@id\":\"https:\/\/vosgesinfo.fr\/saintdieinfo\/2019\/09\/carnet-rose-a-gamm-vert\/\"},\"wordCount\":384,\"commentCount\":0,\"publisher\":{\"@id\":\"https:\/\/vosgesinfo.fr\/saintdieinfo\/#organization\"},\"image\":{\"@id\":\"https:\/\/vosgesinfo.fr\/saintdieinfo\/2019\/09\/carnet-rose-a-gamm-vert\/#primaryimage\"},\"thumbnailUrl\":\"https:\/\/vosgesinfo.fr\/app\/uploads\/sites\/4\/2024\/08\/201909gamm-vert-photo-perroq-01.jpg\",\"keywords\":[\"Gamm Vert\",\"Perroquet\"],\"articleSection\":[\"A la Une\",\"Saint-Di\u00e9-des-Vosges et son Agglom\u00e9ration\"],\"inLanguage\":\"fr-FR\",\"potentialAction\":[{\"@type\":\"CommentAction\",\"name\":\"Comment\",\"target\":[\"https:\/\/vosgesinfo.fr\/saintdieinfo\/2019\/09\/carnet-rose-a-gamm-vert\/#respond\"]}]},{\"@type\":\"WebPage\",\"@id\":\"https:\/\/vosgesinfo.fr\/saintdieinfo\/2019\/09\/carnet-rose-a-gamm-vert\/\",\"url\":\"https:\/\/vosgesinfo.fr\/saintdieinfo\/2019\/09\/carnet-rose-a-gamm-vert\/\",\"name\":\"Carnet Rose \u00e0 Gamm Vert\u00a0! - Saint Die Info\",\"isPartOf\":{\"@id\":\"https:\/\/vosgesinfo.fr\/saintdieinfo\/#website\"},\"primaryImageOfPage\":{\"@id\":\"https:\/\/vosgesinfo.fr\/saintdieinfo\/2019\/09\/carnet-rose-a-gamm-vert\/#primaryimage\"},\"image\":{\"@id\":\"https:\/\/vosgesinfo.fr\/saintdieinfo\/2019\/09\/carnet-rose-a-gamm-vert\/#primaryimage\"},\"thumbnailUrl\":\"https:\/\/vosgesinfo.fr\/app\/uploads\/sites\/4\/2024\/08\/201909gamm-vert-photo-perroq-01.jpg\",\"datePublished\":\"2019-09-13T05:35:23+00:00\",\"dateModified\":\"2019-09-13T05:35:23+00:00\",\"breadcrumb\":{\"@id\":\"https:\/\/vosgesinfo.fr\/saintdieinfo\/2019\/09\/carnet-rose-a-gamm-vert\/#breadcrumb\"},\"inLanguage\":\"fr-FR\",\"potentialAction\":[{\"@type\":\"ReadAction\",\"target\":[\"https:\/\/vosgesinfo.fr\/saintdieinfo\/2019\/09\/carnet-rose-a-gamm-vert\/\"]}]},{\"@type\":\"ImageObject\",\"inLanguage\":\"fr-FR\",\"@id\":\"https:\/\/vosgesinfo.fr\/saintdieinfo\/2019\/09\/carnet-rose-a-gamm-vert\/#primaryimage\",\"url\":\"https:\/\/vosgesinfo.fr\/app\/uploads\/sites\/4\/2024\/08\/201909gamm-vert-photo-perroq-01.jpg\",\"contentUrl\":\"https:\/\/vosgesinfo.fr\/app\/uploads\/sites\/4\/2024\/08\/201909gamm-vert-photo-perroq-01.jpg\",\"width\":368,\"height\":233},{\"@type\":\"BreadcrumbList\",\"@id\":\"https:\/\/vosgesinfo.fr\/saintdieinfo\/2019\/09\/carnet-rose-a-gamm-vert\/#breadcrumb\",\"itemListElement\":[{\"@type\":\"ListItem\",\"position\":1,\"name\":\"Home\",\"item\":\"https:\/\/vosgesinfo.fr\/saintdieinfo\/\"},{\"@type\":\"ListItem\",\"position\":2,\"name\":\"Carnet Rose \u00e0 Gamm Vert\u00a0!\"}]},{\"@type\":\"WebSite\",\"@id\":\"https:\/\/vosgesinfo.fr\/saintdieinfo\/#website\",\"url\":\"https:\/\/vosgesinfo.fr\/saintdieinfo\/\",\"name\":\"Saint Die Info\",\"description\":\"Toute l&#039;actualit\u00e9 de Saint-Di\u00e9-Des-Vosges\",\"publisher\":{\"@id\":\"https:\/\/vosgesinfo.fr\/saintdieinfo\/#organization\"},\"alternateName\":\"Toute l'actualit\u00e9 de Saint-Di\u00e9-Des-Vosges\",\"potentialAction\":[{\"@type\":\"SearchAction\",\"target\":{\"@type\":\"EntryPoint\",\"urlTemplate\":\"https:\/\/vosgesinfo.fr\/saintdieinfo\/?s={search_term_string}\"},\"query-input\":\"required name=search_term_string\"}],\"inLanguage\":\"fr-FR\"},{\"@type\":\"Organization\",\"@id\":\"https:\/\/vosgesinfo.fr\/saintdieinfo\/#organization\",\"name\":\"Saint Die Info\",\"url\":\"https:\/\/vosgesinfo.fr\/saintdieinfo\/\",\"logo\":{\"@type\":\"ImageObject\",\"inLanguage\":\"fr-FR\",\"@id\":\"https:\/\/vosgesinfo.fr\/saintdieinfo\/#\/schema\/logo\/image\/\",\"url\":\"https:\/\/vosgesinfo.fr\/app\/uploads\/sites\/4\/2024\/02\/logo-sdi.jpg\",\"contentUrl\":\"https:\/\/vosgesinfo.fr\/app\/uploads\/sites\/4\/2024\/02\/logo-sdi.jpg\",\"width\":600,\"height\":600,\"caption\":\"Saint Die Info\"},\"image\":{\"@id\":\"https:\/\/vosgesinfo.fr\/saintdieinfo\/#\/schema\/logo\/image\/\"},\"sameAs\":[\"https:\/\/www.facebook.com\/Saintdieinfofr\",\"https:\/\/x.com\/VosgesInfo88\",\"https:\/\/www.youtube.com\/@vosgesinfo\"]},{\"@type\":\"Person\",\"@id\":\"https:\/\/vosgesinfo.fr\/saintdieinfo\/#\/schema\/person\/faee6704a21f3977511db84bd1cd450f\",\"name\":\"la r\u00e9daction\",\"image\":{\"@type\":\"ImageObject\",\"inLanguage\":\"fr-FR\",\"@id\":\"https:\/\/vosgesinfo.fr\/saintdieinfo\/#\/schema\/person\/image\/\",\"url\":\"https:\/\/secure.gravatar.com\/avatar\/6673d8bc6a9c17fa9a453eaa3448de834fa308c2ec9635b7aa99441a7c8d2cf6?s=96&d=mm&r=g\",\"contentUrl\":\"https:\/\/secure.gravatar.com\/avatar\/6673d8bc6a9c17fa9a453eaa3448de834fa308c2ec9635b7aa99441a7c8d2cf6?s=96&d=mm&r=g\",\"caption\":\"la r\u00e9daction\"},\"url\":\"https:\/\/vosgesinfo.fr\/saintdieinfo\/author\/redac\/\"}]}<\/script>\n<!-- \/ Yoast SEO plugin. -->","yoast_head_json":{"title":"Carnet Rose \u00e0 Gamm Vert\u00a0! - Saint Die Info","robots":{"index":"index","follow":"follow","max-snippet":"max-snippet:-1","max-image-preview":"max-image-preview:large","max-video-preview":"max-video-preview:-1"},"canonical":"https:\/\/vosgesinfo.fr\/saintdieinfo\/2019\/09\/carnet-rose-a-gamm-vert\/","twitter_card":"summary_large_image","twitter_title":"Carnet Rose \u00e0 Gamm Vert\u00a0! - Saint Die Info","twitter_description":"L\u2019\u00e9quipe est heureuse de vous annoncer, l\u2019arriv\u00e9e d\u2019un nouveau pensionnaire ce Samedi 14 septembre 2019 \u00e0 votre magasin Gamm Vert [&hellip;]","twitter_image":"https:\/\/vosgesinfo.fr\/app\/uploads\/sites\/4\/2024\/08\/201909gamm-vert-photo-perroq-01.jpg","twitter_creator":"@VosgesInfo88","twitter_site":"@VosgesInfo88","twitter_misc":{"\u00c9crit par":"la r\u00e9daction","Dur\u00e9e de lecture estim\u00e9e":"2 minutes"},"schema":{"@context":"https:\/\/schema.org","@graph":[{"@type":"Article","@id":"https:\/\/vosgesinfo.fr\/saintdieinfo\/2019\/09\/carnet-rose-a-gamm-vert\/#article","isPartOf":{"@id":"https:\/\/vosgesinfo.fr\/saintdieinfo\/2019\/09\/carnet-rose-a-gamm-vert\/"},"author":{"name":"la r\u00e9daction","@id":"https:\/\/vosgesinfo.fr\/saintdieinfo\/#\/schema\/person\/faee6704a21f3977511db84bd1cd450f"},"headline":"Carnet Rose \u00e0 Gamm Vert\u00a0!","datePublished":"2019-09-13T05:35:23+00:00","dateModified":"2019-09-13T05:35:23+00:00","mainEntityOfPage":{"@id":"https:\/\/vosgesinfo.fr\/saintdieinfo\/2019\/09\/carnet-rose-a-gamm-vert\/"},"wordCount":384,"commentCount":0,"publisher":{"@id":"https:\/\/vosgesinfo.fr\/saintdieinfo\/#organization"},"image":{"@id":"https:\/\/vosgesinfo.fr\/saintdieinfo\/2019\/09\/carnet-rose-a-gamm-vert\/#primaryimage"},"thumbnailUrl":"https:\/\/vosgesinfo.fr\/app\/uploads\/sites\/4\/2024\/08\/201909gamm-vert-photo-perroq-01.jpg","keywords":["Gamm Vert","Perroquet"],"articleSection":["A la Une","Saint-Di\u00e9-des-Vosges et son Agglom\u00e9ration"],"inLanguage":"fr-FR","potentialAction":[{"@type":"CommentAction","name":"Comment","target":["https:\/\/vosgesinfo.fr\/saintdieinfo\/2019\/09\/carnet-rose-a-gamm-vert\/#respond"]}]},{"@type":"WebPage","@id":"https:\/\/vosgesinfo.fr\/saintdieinfo\/2019\/09\/carnet-rose-a-gamm-vert\/","url":"https:\/\/vosgesinfo.fr\/saintdieinfo\/2019\/09\/carnet-rose-a-gamm-vert\/","name":"Carnet Rose \u00e0 Gamm Vert\u00a0! - Saint Die Info","isPartOf":{"@id":"https:\/\/vosgesinfo.fr\/saintdieinfo\/#website"},"primaryImageOfPage":{"@id":"https:\/\/vosgesinfo.fr\/saintdieinfo\/2019\/09\/carnet-rose-a-gamm-vert\/#primaryimage"},"image":{"@id":"https:\/\/vosgesinfo.fr\/saintdieinfo\/2019\/09\/carnet-rose-a-gamm-vert\/#primaryimage"},"thumbnailUrl":"https:\/\/vosgesinfo.fr\/app\/uploads\/sites\/4\/2024\/08\/201909gamm-vert-photo-perroq-01.jpg","datePublished":"2019-09-13T05:35:23+00:00","dateModified":"2019-09-13T05:35:23+00:00","breadcrumb":{"@id":"https:\/\/vosgesinfo.fr\/saintdieinfo\/2019\/09\/carnet-rose-a-gamm-vert\/#breadcrumb"},"inLanguage":"fr-FR","potentialAction":[{"@type":"ReadAction","target":["https:\/\/vosgesinfo.fr\/saintdieinfo\/2019\/09\/carnet-rose-a-gamm-vert\/"]}]},{"@type":"ImageObject","inLanguage":"fr-FR","@id":"https:\/\/vosgesinfo.fr\/saintdieinfo\/2019\/09\/carnet-rose-a-gamm-vert\/#primaryimage","url":"https:\/\/vosgesinfo.fr\/app\/uploads\/sites\/4\/2024\/08\/201909gamm-vert-photo-perroq-01.jpg","contentUrl":"https:\/\/vosgesinfo.fr\/app\/uploads\/sites\/4\/2024\/08\/201909gamm-vert-photo-perroq-01.jpg","width":368,"height":233},{"@type":"BreadcrumbList","@id":"https:\/\/vosgesinfo.fr\/saintdieinfo\/2019\/09\/carnet-rose-a-gamm-vert\/#breadcrumb","itemListElement":[{"@type":"ListItem","position":1,"name":"Home","item":"https:\/\/vosgesinfo.fr\/saintdieinfo\/"},{"@type":"ListItem","position":2,"name":"Carnet Rose \u00e0 Gamm Vert\u00a0!"}]},{"@type":"WebSite","@id":"https:\/\/vosgesinfo.fr\/saintdieinfo\/#website","url":"https:\/\/vosgesinfo.fr\/saintdieinfo\/","name":"Saint Die Info","description":"Toute l&#039;actualit\u00e9 de Saint-Di\u00e9-Des-Vosges","publisher":{"@id":"https:\/\/vosgesinfo.fr\/saintdieinfo\/#organization"},"alternateName":"Toute l'actualit\u00e9 de Saint-Di\u00e9-Des-Vosges","potentialAction":[{"@type":"SearchAction","target":{"@type":"EntryPoint","urlTemplate":"https:\/\/vosgesinfo.fr\/saintdieinfo\/?s={search_term_string}"},"query-input":"required name=search_term_string"}],"inLanguage":"fr-FR"},{"@type":"Organization","@id":"https:\/\/vosgesinfo.fr\/saintdieinfo\/#organization","name":"Saint Die Info","url":"https:\/\/vosgesinfo.fr\/saintdieinfo\/","logo":{"@type":"ImageObject","inLanguage":"fr-FR","@id":"https:\/\/vosgesinfo.fr\/saintdieinfo\/#\/schema\/logo\/image\/","url":"https:\/\/vosgesinfo.fr\/app\/uploads\/sites\/4\/2024\/02\/logo-sdi.jpg","contentUrl":"https:\/\/vosgesinfo.fr\/app\/uploads\/sites\/4\/2024\/02\/logo-sdi.jpg","width":600,"height":600,"caption":"Saint Die Info"},"image":{"@id":"https:\/\/vosgesinfo.fr\/saintdieinfo\/#\/schema\/logo\/image\/"},"sameAs":["https:\/\/www.facebook.com\/Saintdieinfofr","https:\/\/x.com\/VosgesInfo88","https:\/\/www.youtube.com\/@vosgesinfo"]},{"@type":"Person","@id":"https:\/\/vosgesinfo.fr\/saintdieinfo\/#\/schema\/person\/faee6704a21f3977511db84bd1cd450f","name":"la r\u00e9daction","image":{"@type":"ImageObject","inLanguage":"fr-FR","@id":"https:\/\/vosgesinfo.fr\/saintdieinfo\/#\/schema\/person\/image\/","url":"https:\/\/secure.gravatar.com\/avatar\/6673d8bc6a9c17fa9a453eaa3448de834fa308c2ec9635b7aa99441a7c8d2cf6?s=96&d=mm&r=g","contentUrl":"https:\/\/secure.gravatar.com\/avatar\/6673d8bc6a9c17fa9a453eaa3448de834fa308c2ec9635b7aa99441a7c8d2cf6?s=96&d=mm&r=g","caption":"la r\u00e9daction"},"url":"https:\/\/vosgesinfo.fr\/saintdieinfo\/author\/redac\/"}]}},"_links":{"self":[{"href":"https:\/\/vosgesinfo.fr\/saintdieinfo\/wp-json\/wp\/v2\/posts\/38089","targetHints":{"allow":["GET"]}}],"collection":[{"href":"https:\/\/vosgesinfo.fr\/saintdieinfo\/wp-json\/wp\/v2\/posts"}],"about":[{"href":"https:\/\/vosgesinfo.fr\/saintdieinfo\/wp-json\/wp\/v2\/types\/post"}],"author":[{"embeddable":true,"href":"https:\/\/vosgesinfo.fr\/saintdieinfo\/wp-json\/wp\/v2\/users\/44"}],"replies":[{"embeddable":true,"href":"https:\/\/vosgesinfo.fr\/saintdieinfo\/wp-json\/wp\/v2\/comments?post=38089"}],"version-history":[{"count":0,"href":"https:\/\/vosgesinfo.fr\/saintdieinfo\/wp-json\/wp\/v2\/posts\/38089\/revisions"}],"wp:featuredmedia":[{"embeddable":true,"href":"https:\/\/vosgesinfo.fr\/saintdieinfo\/wp-json\/wp\/v2\/media\/38090"}],"wp:attachment":[{"href":"https:\/\/vosgesinfo.fr\/saintdieinfo\/wp-json\/wp\/v2\/media?parent=38089"}],"wp:term":[{"taxonomy":"category","embeddable":true,"href":"https:\/\/vosgesinfo.fr\/saintdieinfo\/wp-json\/wp\/v2\/categories?post=38089"},{"taxonomy":"post_tag","embeddable":true,"href":"https:\/\/vosgesinfo.fr\/saintdieinfo\/wp-json\/wp\/v2\/tags?post=38089"}],"curies":[{"name":"wp","href":"https:\/\/api.w.org\/{rel}","templated":true}]}}