{"id":38093,"date":"2019-09-13T07:50:36","date_gmt":"2019-09-13T05:50:36","guid":{"rendered":"https:\/\/vosgesinfo.fr\/saintdieinfo\/2019\/09\/objectif-play-offs-louves-srd-volley-ball\/"},"modified":"2019-09-13T07:50:36","modified_gmt":"2019-09-13T05:50:36","slug":"objectif-play-offs-louves-srd-volley-ball","status":"publish","type":"post","link":"https:\/\/vosgesinfo.fr\/saintdieinfo\/2019\/09\/objectif-play-offs-louves-srd-volley-ball\/","title":{"rendered":"Objectif play-offs pour les Louves du SRD Volley-Ball"},"content":{"rendered":"<p><a href=\"\/2019\/09\/Pr\u00e9sentation_Saison_2019-2020_Les_Louves-31.jpg\" target=\"_blank\" rel=\"noopener\"><img decoding=\"async\" class=\"aligncenter wp-image-144320 size-large\" src=\"\/2019\/09\/Pr\u00e9sentation_Saison_2019-2020_Les_Louves-31-1024x682.jpg\" alt=\"Pr\u00e9sentation_Saison_2019-2020_Les_Louves (3)\" width=\"960\" height=\"639\" \/><\/a><\/p>\n<h2><strong><span style=\"font-family: Calibri, sans-serif;\"><span style=\"font-size: large;\">La saison pass\u00e9e, pour sa premi\u00e8re saison en division Elite, l&rsquo;\u00e9quipe f\u00e9minine du SRD Volley-Ball est parvenue \u00e0 se maintenir apr\u00e8s avoir disput\u00e9 les play-down.<\/span><\/span><\/strong><\/h2>\n<p><!--more--><\/p>\n<p><span style=\"font-family: Calibri, sans-serif;\"><span style=\"font-size: large;\">Toujours port\u00e9es par le slogan \u00ab\u00a0Ensemble, d\u00e9pla\u00e7ons les montagnes\u00a0\u00bb, les Louves d\u00e9odatiennes auront comme objectif de jouer les play-off pour cette saison 2019 \u2013 2020, dont le coup d&rsquo;envoi sera donn\u00e9 le 5 octobre prochain au Palais Omnisports Joseph-Claudel. <em>\u00ab\u00a0Riche de notre saison 2018 \u2013 2019 r\u00e9ussie, cet effectif est plus exp\u00e9riment\u00e9 et doit travailler \u00e9norm\u00e9ment pour \u00eatre capable de jouer ensemble, et in fine, performer\u00a0\u00bb<\/em> assure l&rsquo;entra\u00eeneur Manu Dumortier, qui ne cache pas cette ambition d&rsquo;atteindre les <em>play-offs.<\/em><\/span><\/span><\/p>\n<p><span style=\"font-family: Calibri, sans-serif;\"><span style=\"font-size: large;\">Une ambition r\u00e9affirm\u00e9e ce vendredi matin du c\u00f4t\u00e9 du Grand Salon de l&rsquo;H\u00f4tel de Ville, o\u00f9 le nouveau visage de l&rsquo;effectif des Louves a \u00e9t\u00e9 pr\u00e9sent\u00e9 en pr\u00e9sence du pr\u00e9sident du club Pierre Mercier, du maire David Valence, de l&rsquo;adjoint aux Sports Nicolas Blosse et de Karine Sernaglia, directrice du service municipal des Sports. Nouveau visage, car seules 5 joueuses de la saison pr\u00e9c\u00e9dente sont rest\u00e9es, contre 7 recrutements.<\/span><\/span><\/p>\n<p><span style=\"font-family: Calibri, sans-serif;\"><span style=\"font-size: large;\">Manon Bolley, Silviya Kyoseva, Myl\u00e8ne Jacquemin, Bineta Ndiaye et Tha\u00efs Daden rempilent donc cette ann\u00e9e, tandis que Nihel El Ghoul, Sophie Rossard, Marie Salbot, Nelly Ochala, Maele Besancenez, Molly Livingston et Ashley Askin porteront pour la premi\u00e8re fois les couleurs d\u00e9odatiennes. <em>\u00ab\u00a0Le groupe a \u00e9t\u00e9 grandement renouvel\u00e9 suite au d\u00e9part de certaines joueuses. Nous avons voulu renforcer notre contingent de JIFF \u2013 Joueuses Issues de la Formation Fran\u00e7aise \u2013 pour \u00e9viter les soucis de la saison pass\u00e9e. Ce qui est chose faite avec l&rsquo;arriv\u00e9e de Nihel, Sophie, Marie, Nelly et Maele\u00a0\u00bb<\/em> explique le club \u00e0 ce propos.<\/span><\/span><\/p>\n<p><span style=\"font-family: Calibri, sans-serif;\"><span style=\"font-size: large;\">Pour suivre en direct l&rsquo;actualit\u00e9 des Louves, rendez-vous sur <strong><a href=\"http:\/\/www.facebook.com\/Saintdiedesvosgesvolleybal\" target=\"_blank\" rel=\"noopener\">www.facebook.com\/Saintdiedesvosgesvolleybal<\/a><\/strong><\/span><\/span><\/p>\n<p>J.J.<\/p>\n\n","protected":false},"excerpt":{"rendered":"<p>La saison pass\u00e9e, pour sa premi\u00e8re saison en division Elite, l&rsquo;\u00e9quipe f\u00e9minine du SRD Volley-Ball est parvenue \u00e0 se maintenir [&hellip;]<\/p>\n","protected":false},"author":46,"featured_media":38094,"comment_status":"open","ping_status":"open","sticky":false,"template":"","format":"standard","meta":{"footnotes":""},"categories":[460,2915,14],"tags":[7413,3318,3247,7414,4236,3249],"class_list":["post-38093","post","type-post","status-publish","format-standard","has-post-thumbnail","hentry","category-a-la-une","category-saint-die-son-canton","category-sport","tag-division-elite-de-volley-ball-feminin","tag-grand-salon-de-lhotel-de-ville","tag-les-louves","tag-srd-volley-ball","tag-volley-ball","tag-volley-ball-feminin"],"acf":[],"yoast_head":"<!-- This site is optimized with the Yoast SEO plugin v22.5 - https:\/\/yoast.com\/wordpress\/plugins\/seo\/ -->\n<title>Objectif play-offs pour les Louves du SRD Volley-Ball - Saint Die Info<\/title>\n<meta name=\"robots\" content=\"index, follow, max-snippet:-1, max-image-preview:large, max-video-preview:-1\" \/>\n<link rel=\"canonical\" href=\"https:\/\/vosgesinfo.fr\/saintdieinfo\/2019\/09\/objectif-play-offs-louves-srd-volley-ball\/\" \/>\n<meta name=\"twitter:card\" content=\"summary_large_image\" \/>\n<meta name=\"twitter:title\" content=\"Objectif play-offs pour les Louves du SRD Volley-Ball - Saint Die Info\" \/>\n<meta name=\"twitter:description\" content=\"La saison pass\u00e9e, pour sa premi\u00e8re saison en division Elite, l&rsquo;\u00e9quipe f\u00e9minine du SRD Volley-Ball est parvenue \u00e0 se maintenir [&hellip;]\" \/>\n<meta name=\"twitter:image\" content=\"https:\/\/vosgesinfo.fr\/app\/uploads\/sites\/4\/2024\/08\/201909presentation-saison-2019-2020-les-louves-31.jpg\" \/>\n<meta name=\"twitter:creator\" content=\"@VosgesInfo88\" \/>\n<meta name=\"twitter:site\" content=\"@VosgesInfo88\" \/>\n<meta name=\"twitter:label1\" content=\"\u00c9crit par\" \/>\n\t<meta name=\"twitter:data1\" content=\"J.J.\" \/>\n\t<meta name=\"twitter:label2\" content=\"Dur\u00e9e de lecture estim\u00e9e\" \/>\n\t<meta name=\"twitter:data2\" content=\"2 minutes\" \/>\n<script type=\"application\/ld+json\" class=\"yoast-schema-graph\">{\"@context\":\"https:\/\/schema.org\",\"@graph\":[{\"@type\":\"Article\",\"@id\":\"https:\/\/vosgesinfo.fr\/saintdieinfo\/2019\/09\/objectif-play-offs-louves-srd-volley-ball\/#article\",\"isPartOf\":{\"@id\":\"https:\/\/vosgesinfo.fr\/saintdieinfo\/2019\/09\/objectif-play-offs-louves-srd-volley-ball\/\"},\"author\":{\"name\":\"J.J.\",\"@id\":\"https:\/\/vosgesinfo.fr\/saintdieinfo\/#\/schema\/person\/fa73e9f726d67bb88f46d5b7943cb572\"},\"headline\":\"Objectif play-offs pour les Louves du SRD Volley-Ball\",\"datePublished\":\"2019-09-13T05:50:36+00:00\",\"dateModified\":\"2019-09-13T05:50:36+00:00\",\"mainEntityOfPage\":{\"@id\":\"https:\/\/vosgesinfo.fr\/saintdieinfo\/2019\/09\/objectif-play-offs-louves-srd-volley-ball\/\"},\"wordCount\":326,\"commentCount\":0,\"publisher\":{\"@id\":\"https:\/\/vosgesinfo.fr\/saintdieinfo\/#organization\"},\"image\":{\"@id\":\"https:\/\/vosgesinfo.fr\/saintdieinfo\/2019\/09\/objectif-play-offs-louves-srd-volley-ball\/#primaryimage\"},\"thumbnailUrl\":\"https:\/\/vosgesinfo.fr\/app\/uploads\/sites\/4\/2024\/08\/201909presentation-saison-2019-2020-les-louves-31.jpg\",\"keywords\":[\"Division Elite de volley-ball f\u00e9minin\",\"Grand Salon de l'H\u00f4tel de Ville\",\"Les Louves\",\"SRD Volley-Ball\",\"Volley-ball\",\"Volley-ball f\u00e9minin\"],\"articleSection\":[\"A la Une\",\"Saint-Di\u00e9-des-Vosges et son Agglom\u00e9ration\",\"Sport\"],\"inLanguage\":\"fr-FR\",\"potentialAction\":[{\"@type\":\"CommentAction\",\"name\":\"Comment\",\"target\":[\"https:\/\/vosgesinfo.fr\/saintdieinfo\/2019\/09\/objectif-play-offs-louves-srd-volley-ball\/#respond\"]}]},{\"@type\":\"WebPage\",\"@id\":\"https:\/\/vosgesinfo.fr\/saintdieinfo\/2019\/09\/objectif-play-offs-louves-srd-volley-ball\/\",\"url\":\"https:\/\/vosgesinfo.fr\/saintdieinfo\/2019\/09\/objectif-play-offs-louves-srd-volley-ball\/\",\"name\":\"Objectif play-offs pour les Louves du SRD Volley-Ball - Saint Die Info\",\"isPartOf\":{\"@id\":\"https:\/\/vosgesinfo.fr\/saintdieinfo\/#website\"},\"primaryImageOfPage\":{\"@id\":\"https:\/\/vosgesinfo.fr\/saintdieinfo\/2019\/09\/objectif-play-offs-louves-srd-volley-ball\/#primaryimage\"},\"image\":{\"@id\":\"https:\/\/vosgesinfo.fr\/saintdieinfo\/2019\/09\/objectif-play-offs-louves-srd-volley-ball\/#primaryimage\"},\"thumbnailUrl\":\"https:\/\/vosgesinfo.fr\/app\/uploads\/sites\/4\/2024\/08\/201909presentation-saison-2019-2020-les-louves-31.jpg\",\"datePublished\":\"2019-09-13T05:50:36+00:00\",\"dateModified\":\"2019-09-13T05:50:36+00:00\",\"breadcrumb\":{\"@id\":\"https:\/\/vosgesinfo.fr\/saintdieinfo\/2019\/09\/objectif-play-offs-louves-srd-volley-ball\/#breadcrumb\"},\"inLanguage\":\"fr-FR\",\"potentialAction\":[{\"@type\":\"ReadAction\",\"target\":[\"https:\/\/vosgesinfo.fr\/saintdieinfo\/2019\/09\/objectif-play-offs-louves-srd-volley-ball\/\"]}]},{\"@type\":\"ImageObject\",\"inLanguage\":\"fr-FR\",\"@id\":\"https:\/\/vosgesinfo.fr\/saintdieinfo\/2019\/09\/objectif-play-offs-louves-srd-volley-ball\/#primaryimage\",\"url\":\"https:\/\/vosgesinfo.fr\/app\/uploads\/sites\/4\/2024\/08\/201909presentation-saison-2019-2020-les-louves-31.jpg\",\"contentUrl\":\"https:\/\/vosgesinfo.fr\/app\/uploads\/sites\/4\/2024\/08\/201909presentation-saison-2019-2020-les-louves-31.jpg\",\"width\":1974,\"height\":1315},{\"@type\":\"BreadcrumbList\",\"@id\":\"https:\/\/vosgesinfo.fr\/saintdieinfo\/2019\/09\/objectif-play-offs-louves-srd-volley-ball\/#breadcrumb\",\"itemListElement\":[{\"@type\":\"ListItem\",\"position\":1,\"name\":\"Home\",\"item\":\"https:\/\/vosgesinfo.fr\/saintdieinfo\/\"},{\"@type\":\"ListItem\",\"position\":2,\"name\":\"Objectif play-offs pour les Louves du SRD Volley-Ball\"}]},{\"@type\":\"WebSite\",\"@id\":\"https:\/\/vosgesinfo.fr\/saintdieinfo\/#website\",\"url\":\"https:\/\/vosgesinfo.fr\/saintdieinfo\/\",\"name\":\"Saint Die Info\",\"description\":\"Toute l&#039;actualit\u00e9 de Saint-Di\u00e9-Des-Vosges\",\"publisher\":{\"@id\":\"https:\/\/vosgesinfo.fr\/saintdieinfo\/#organization\"},\"alternateName\":\"Toute l'actualit\u00e9 de Saint-Di\u00e9-Des-Vosges\",\"potentialAction\":[{\"@type\":\"SearchAction\",\"target\":{\"@type\":\"EntryPoint\",\"urlTemplate\":\"https:\/\/vosgesinfo.fr\/saintdieinfo\/?s={search_term_string}\"},\"query-input\":\"required name=search_term_string\"}],\"inLanguage\":\"fr-FR\"},{\"@type\":\"Organization\",\"@id\":\"https:\/\/vosgesinfo.fr\/saintdieinfo\/#organization\",\"name\":\"Saint Die Info\",\"url\":\"https:\/\/vosgesinfo.fr\/saintdieinfo\/\",\"logo\":{\"@type\":\"ImageObject\",\"inLanguage\":\"fr-FR\",\"@id\":\"https:\/\/vosgesinfo.fr\/saintdieinfo\/#\/schema\/logo\/image\/\",\"url\":\"https:\/\/vosgesinfo.fr\/app\/uploads\/sites\/4\/2024\/02\/logo-sdi.jpg\",\"contentUrl\":\"https:\/\/vosgesinfo.fr\/app\/uploads\/sites\/4\/2024\/02\/logo-sdi.jpg\",\"width\":600,\"height\":600,\"caption\":\"Saint Die Info\"},\"image\":{\"@id\":\"https:\/\/vosgesinfo.fr\/saintdieinfo\/#\/schema\/logo\/image\/\"},\"sameAs\":[\"https:\/\/www.facebook.com\/Saintdieinfofr\",\"https:\/\/x.com\/VosgesInfo88\",\"https:\/\/www.youtube.com\/@vosgesinfo\"]},{\"@type\":\"Person\",\"@id\":\"https:\/\/vosgesinfo.fr\/saintdieinfo\/#\/schema\/person\/fa73e9f726d67bb88f46d5b7943cb572\",\"name\":\"J.J.\",\"image\":{\"@type\":\"ImageObject\",\"inLanguage\":\"fr-FR\",\"@id\":\"https:\/\/vosgesinfo.fr\/saintdieinfo\/#\/schema\/person\/image\/\",\"url\":\"https:\/\/secure.gravatar.com\/avatar\/219e749e47ffbcca018a360ae4add7d4cdf1cdaaf8bc7676b27efade3fe65615?s=96&d=mm&r=g\",\"contentUrl\":\"https:\/\/secure.gravatar.com\/avatar\/219e749e47ffbcca018a360ae4add7d4cdf1cdaaf8bc7676b27efade3fe65615?s=96&d=mm&r=g\",\"caption\":\"J.J.\"},\"url\":\"https:\/\/vosgesinfo.fr\/saintdieinfo\/author\/j-j\/\"}]}<\/script>\n<!-- \/ Yoast SEO plugin. -->","yoast_head_json":{"title":"Objectif play-offs pour les Louves du SRD Volley-Ball - Saint Die Info","robots":{"index":"index","follow":"follow","max-snippet":"max-snippet:-1","max-image-preview":"max-image-preview:large","max-video-preview":"max-video-preview:-1"},"canonical":"https:\/\/vosgesinfo.fr\/saintdieinfo\/2019\/09\/objectif-play-offs-louves-srd-volley-ball\/","twitter_card":"summary_large_image","twitter_title":"Objectif play-offs pour les Louves du SRD Volley-Ball - Saint Die Info","twitter_description":"La saison pass\u00e9e, pour sa premi\u00e8re saison en division Elite, l&rsquo;\u00e9quipe f\u00e9minine du SRD Volley-Ball est parvenue \u00e0 se maintenir [&hellip;]","twitter_image":"https:\/\/vosgesinfo.fr\/app\/uploads\/sites\/4\/2024\/08\/201909presentation-saison-2019-2020-les-louves-31.jpg","twitter_creator":"@VosgesInfo88","twitter_site":"@VosgesInfo88","twitter_misc":{"\u00c9crit par":"J.J.","Dur\u00e9e de lecture estim\u00e9e":"2 minutes"},"schema":{"@context":"https:\/\/schema.org","@graph":[{"@type":"Article","@id":"https:\/\/vosgesinfo.fr\/saintdieinfo\/2019\/09\/objectif-play-offs-louves-srd-volley-ball\/#article","isPartOf":{"@id":"https:\/\/vosgesinfo.fr\/saintdieinfo\/2019\/09\/objectif-play-offs-louves-srd-volley-ball\/"},"author":{"name":"J.J.","@id":"https:\/\/vosgesinfo.fr\/saintdieinfo\/#\/schema\/person\/fa73e9f726d67bb88f46d5b7943cb572"},"headline":"Objectif play-offs pour les Louves du SRD Volley-Ball","datePublished":"2019-09-13T05:50:36+00:00","dateModified":"2019-09-13T05:50:36+00:00","mainEntityOfPage":{"@id":"https:\/\/vosgesinfo.fr\/saintdieinfo\/2019\/09\/objectif-play-offs-louves-srd-volley-ball\/"},"wordCount":326,"commentCount":0,"publisher":{"@id":"https:\/\/vosgesinfo.fr\/saintdieinfo\/#organization"},"image":{"@id":"https:\/\/vosgesinfo.fr\/saintdieinfo\/2019\/09\/objectif-play-offs-louves-srd-volley-ball\/#primaryimage"},"thumbnailUrl":"https:\/\/vosgesinfo.fr\/app\/uploads\/sites\/4\/2024\/08\/201909presentation-saison-2019-2020-les-louves-31.jpg","keywords":["Division Elite de volley-ball f\u00e9minin","Grand Salon de l'H\u00f4tel de Ville","Les Louves","SRD Volley-Ball","Volley-ball","Volley-ball f\u00e9minin"],"articleSection":["A la Une","Saint-Di\u00e9-des-Vosges et son Agglom\u00e9ration","Sport"],"inLanguage":"fr-FR","potentialAction":[{"@type":"CommentAction","name":"Comment","target":["https:\/\/vosgesinfo.fr\/saintdieinfo\/2019\/09\/objectif-play-offs-louves-srd-volley-ball\/#respond"]}]},{"@type":"WebPage","@id":"https:\/\/vosgesinfo.fr\/saintdieinfo\/2019\/09\/objectif-play-offs-louves-srd-volley-ball\/","url":"https:\/\/vosgesinfo.fr\/saintdieinfo\/2019\/09\/objectif-play-offs-louves-srd-volley-ball\/","name":"Objectif play-offs pour les Louves du SRD Volley-Ball - Saint Die Info","isPartOf":{"@id":"https:\/\/vosgesinfo.fr\/saintdieinfo\/#website"},"primaryImageOfPage":{"@id":"https:\/\/vosgesinfo.fr\/saintdieinfo\/2019\/09\/objectif-play-offs-louves-srd-volley-ball\/#primaryimage"},"image":{"@id":"https:\/\/vosgesinfo.fr\/saintdieinfo\/2019\/09\/objectif-play-offs-louves-srd-volley-ball\/#primaryimage"},"thumbnailUrl":"https:\/\/vosgesinfo.fr\/app\/uploads\/sites\/4\/2024\/08\/201909presentation-saison-2019-2020-les-louves-31.jpg","datePublished":"2019-09-13T05:50:36+00:00","dateModified":"2019-09-13T05:50:36+00:00","breadcrumb":{"@id":"https:\/\/vosgesinfo.fr\/saintdieinfo\/2019\/09\/objectif-play-offs-louves-srd-volley-ball\/#breadcrumb"},"inLanguage":"fr-FR","potentialAction":[{"@type":"ReadAction","target":["https:\/\/vosgesinfo.fr\/saintdieinfo\/2019\/09\/objectif-play-offs-louves-srd-volley-ball\/"]}]},{"@type":"ImageObject","inLanguage":"fr-FR","@id":"https:\/\/vosgesinfo.fr\/saintdieinfo\/2019\/09\/objectif-play-offs-louves-srd-volley-ball\/#primaryimage","url":"https:\/\/vosgesinfo.fr\/app\/uploads\/sites\/4\/2024\/08\/201909presentation-saison-2019-2020-les-louves-31.jpg","contentUrl":"https:\/\/vosgesinfo.fr\/app\/uploads\/sites\/4\/2024\/08\/201909presentation-saison-2019-2020-les-louves-31.jpg","width":1974,"height":1315},{"@type":"BreadcrumbList","@id":"https:\/\/vosgesinfo.fr\/saintdieinfo\/2019\/09\/objectif-play-offs-louves-srd-volley-ball\/#breadcrumb","itemListElement":[{"@type":"ListItem","position":1,"name":"Home","item":"https:\/\/vosgesinfo.fr\/saintdieinfo\/"},{"@type":"ListItem","position":2,"name":"Objectif play-offs pour les Louves du SRD Volley-Ball"}]},{"@type":"WebSite","@id":"https:\/\/vosgesinfo.fr\/saintdieinfo\/#website","url":"https:\/\/vosgesinfo.fr\/saintdieinfo\/","name":"Saint Die Info","description":"Toute l&#039;actualit\u00e9 de Saint-Di\u00e9-Des-Vosges","publisher":{"@id":"https:\/\/vosgesinfo.fr\/saintdieinfo\/#organization"},"alternateName":"Toute l'actualit\u00e9 de Saint-Di\u00e9-Des-Vosges","potentialAction":[{"@type":"SearchAction","target":{"@type":"EntryPoint","urlTemplate":"https:\/\/vosgesinfo.fr\/saintdieinfo\/?s={search_term_string}"},"query-input":"required name=search_term_string"}],"inLanguage":"fr-FR"},{"@type":"Organization","@id":"https:\/\/vosgesinfo.fr\/saintdieinfo\/#organization","name":"Saint Die Info","url":"https:\/\/vosgesinfo.fr\/saintdieinfo\/","logo":{"@type":"ImageObject","inLanguage":"fr-FR","@id":"https:\/\/vosgesinfo.fr\/saintdieinfo\/#\/schema\/logo\/image\/","url":"https:\/\/vosgesinfo.fr\/app\/uploads\/sites\/4\/2024\/02\/logo-sdi.jpg","contentUrl":"https:\/\/vosgesinfo.fr\/app\/uploads\/sites\/4\/2024\/02\/logo-sdi.jpg","width":600,"height":600,"caption":"Saint Die Info"},"image":{"@id":"https:\/\/vosgesinfo.fr\/saintdieinfo\/#\/schema\/logo\/image\/"},"sameAs":["https:\/\/www.facebook.com\/Saintdieinfofr","https:\/\/x.com\/VosgesInfo88","https:\/\/www.youtube.com\/@vosgesinfo"]},{"@type":"Person","@id":"https:\/\/vosgesinfo.fr\/saintdieinfo\/#\/schema\/person\/fa73e9f726d67bb88f46d5b7943cb572","name":"J.J.","image":{"@type":"ImageObject","inLanguage":"fr-FR","@id":"https:\/\/vosgesinfo.fr\/saintdieinfo\/#\/schema\/person\/image\/","url":"https:\/\/secure.gravatar.com\/avatar\/219e749e47ffbcca018a360ae4add7d4cdf1cdaaf8bc7676b27efade3fe65615?s=96&d=mm&r=g","contentUrl":"https:\/\/secure.gravatar.com\/avatar\/219e749e47ffbcca018a360ae4add7d4cdf1cdaaf8bc7676b27efade3fe65615?s=96&d=mm&r=g","caption":"J.J."},"url":"https:\/\/vosgesinfo.fr\/saintdieinfo\/author\/j-j\/"}]}},"_links":{"self":[{"href":"https:\/\/vosgesinfo.fr\/saintdieinfo\/wp-json\/wp\/v2\/posts\/38093","targetHints":{"allow":["GET"]}}],"collection":[{"href":"https:\/\/vosgesinfo.fr\/saintdieinfo\/wp-json\/wp\/v2\/posts"}],"about":[{"href":"https:\/\/vosgesinfo.fr\/saintdieinfo\/wp-json\/wp\/v2\/types\/post"}],"author":[{"embeddable":true,"href":"https:\/\/vosgesinfo.fr\/saintdieinfo\/wp-json\/wp\/v2\/users\/46"}],"replies":[{"embeddable":true,"href":"https:\/\/vosgesinfo.fr\/saintdieinfo\/wp-json\/wp\/v2\/comments?post=38093"}],"version-history":[{"count":0,"href":"https:\/\/vosgesinfo.fr\/saintdieinfo\/wp-json\/wp\/v2\/posts\/38093\/revisions"}],"wp:featuredmedia":[{"embeddable":true,"href":"https:\/\/vosgesinfo.fr\/saintdieinfo\/wp-json\/wp\/v2\/media\/38094"}],"wp:attachment":[{"href":"https:\/\/vosgesinfo.fr\/saintdieinfo\/wp-json\/wp\/v2\/media?parent=38093"}],"wp:term":[{"taxonomy":"category","embeddable":true,"href":"https:\/\/vosgesinfo.fr\/saintdieinfo\/wp-json\/wp\/v2\/categories?post=38093"},{"taxonomy":"post_tag","embeddable":true,"href":"https:\/\/vosgesinfo.fr\/saintdieinfo\/wp-json\/wp\/v2\/tags?post=38093"}],"curies":[{"name":"wp","href":"https:\/\/api.w.org\/{rel}","templated":true}]}}