{"id":38095,"date":"2019-09-14T04:00:24","date_gmt":"2019-09-14T02:00:24","guid":{"rendered":"https:\/\/vosgesinfo.fr\/saintdieinfo\/2019\/09\/vosges-presentes-aux-fetes-de-wallonie\/"},"modified":"2019-09-14T04:00:24","modified_gmt":"2019-09-14T02:00:24","slug":"vosges-presentes-aux-fetes-de-wallonie","status":"publish","type":"post","link":"https:\/\/vosgesinfo.fr\/saintdieinfo\/2019\/09\/vosges-presentes-aux-fetes-de-wallonie\/","title":{"rendered":"Les Vosges pr\u00e9sentes aux F\u00eates de Wallonie"},"content":{"rendered":"<div id=\"attachment_144324\" style=\"width: 970px\" class=\"wp-caption aligncenter\"><a href=\"\/2019\/09\/Sans-titre-1.jpg\" target=\"_blank\" rel=\"noopener\"><img decoding=\"async\" aria-describedby=\"caption-attachment-144324\" class=\"wp-image-144324 size-large\" src=\"\/2019\/09\/Sans-titre-1-1024x576.jpg\" alt=\"Sans-titre-1\" width=\"960\" height=\"540\" \/><\/a><p id=\"caption-attachment-144324\" class=\"wp-caption-text\">(Cr\u00e9dit photographique Conseil D\u00e9partemental des Vosges)<\/p><\/div>\n<h2><span style=\"font-size: 14pt;\"><strong>Du 13 au 15 septembre, le Conseil d\u00e9partemental et ses partenaires vont offrir aux Belges une parenth\u00e8se gourmande et immersive dans les Vosges. C&rsquo;est la toute premi\u00e8re fois que le d\u00e9partement s&rsquo;expose ainsi\u00a0en terre wallonne.<\/strong><\/span><\/h2>\n<p><!--more--><\/p>\n<p>Au programme\u00a0: une d\u00e9couverte des Vosges en r\u00e9alit\u00e9 virtuelle gr\u00e2ce une animation de \u00a0la soci\u00e9t\u00e9 Bol d\u2019Air qui a pris place dans l\u2019un des quinze quartiers anim\u00e9s de la \u00a0cit\u00e9. \u00a0Devant l\u2019h\u00f4tel de Ville, les trois chalets vosgiens install\u00e9s sont quant \u00e0 eux pr\u00eats \u00e0 accueillir les 200\u00a0000 visiteurs attendus et \u00e0 leur faire conna\u00eetre les multiples\u00a0 richesses du d\u00e9partement.<\/p>\n<h3><strong>Le village des saveurs<\/strong><\/h3>\n<p>Richesse gustatives avec \u00a0La <strong>Confiserie Des Hautes-Vosges<\/strong> de Plainfaing qui proposera ses c\u00e9l\u00e8bres bonbons et la brasserie de La Foulliotte d\u2019Epinal, qui fera \u00a0d\u00e9guster\u00a0 (avec mod\u00e9ration\u00a0 \u00e9videmment\u00a0!) sa gamme de bi\u00e8res vosgiennes.<\/p>\n<p>Pr\u00e9sente \u00e9galement et \u00e0 la disposition de tous les visiteurs en qu\u00eate de renseignements ou de conseils, la marque \u00abJe Vois la vie en Vosges\u00a0\u00bb, assurera la promotion de la destination en distribuant\u00a0 \u00a0cartes touristiques, d\u00e9pliants et autre brochures\u2026<br \/>\nDes d\u00e9fis seront aussi organis\u00e9s pour tenter de faire gagner aux visiteurs des s\u00e9jours offerts par nos partenaires <em>(<\/em><strong>Le Haut Jardin<\/strong> \u00e0 R\u00e9haupal, Bol d\u2019Air \u00e0 La Bresse, les <strong>Thermes de Contrex\u00e9ville<\/strong>).<\/p>\n<p>L\u2019enjeu de ces journ\u00e9es est important pour le d\u00e9partement et l\u2019ensemble des acteurs touristiques vosgiens. Gr\u00e2ce \u00e0 cette op\u00e9ration de relations publiques in\u00e9dite, ils entendent bien attirer de nouveaux visiteurs et renforcer leur notori\u00e9t\u00e9 aupr\u00e8s des Belges, la 1\u00e8re client\u00e8le touristique des Vosges.<\/p>\n<p>Rappelons que pour renforcer son image et sa visibilit\u00e9, le Conseil d\u00e9partemental participe durant toute l\u2019ann\u00e9e \u00e0 diff\u00e9rents\u00a0\u00e9v\u00e9nements. Il encourage \u00e9galement ses partenaires \u00e0 \u00eatre pr\u00e9sents sur des salons et \u00e0 participer \u00e0 des manifestation \u00e0 vocation touristique en les accompagnant et en leur apportant un soutien logistique.<br \/>\n<strong>Pour plus d\u2019informations\u00a0: <a href=\"http:\/\/www.tourismepro.vosges.fr\/Communiquer\/Salonset%C3%A9v%C3%A8nements.aspx\" target=\"_blank\" rel=\"noopener\">www.tourismepro.vosges.fr<\/a><\/strong><\/p>\n","protected":false},"excerpt":{"rendered":"<p>Du 13 au 15 septembre, le Conseil d\u00e9partemental et ses partenaires vont offrir aux Belges une parenth\u00e8se gourmande et immersive [&hellip;]<\/p>\n","protected":false},"author":44,"featured_media":38096,"comment_status":"open","ping_status":"open","sticky":false,"template":"","format":"standard","meta":{"footnotes":""},"categories":[460,20,18],"tags":[7415,529,7416],"class_list":["post-38095","post","type-post","status-publish","format-standard","has-post-thumbnail","hentry","category-a-la-une","category-loisirs","category-vosges","tag-belgique","tag-conseil-departemental-des-vosges","tag-fete-de-wallonie"],"acf":[],"yoast_head":"<!-- This site is optimized with the Yoast SEO plugin v22.5 - https:\/\/yoast.com\/wordpress\/plugins\/seo\/ -->\n<title>Les Vosges pr\u00e9sentes aux F\u00eates de Wallonie - Saint Die Info<\/title>\n<meta name=\"robots\" content=\"index, follow, max-snippet:-1, max-image-preview:large, max-video-preview:-1\" \/>\n<link rel=\"canonical\" href=\"https:\/\/vosgesinfo.fr\/saintdieinfo\/2019\/09\/vosges-presentes-aux-fetes-de-wallonie\/\" \/>\n<meta name=\"twitter:card\" content=\"summary_large_image\" \/>\n<meta name=\"twitter:title\" content=\"Les Vosges pr\u00e9sentes aux F\u00eates de Wallonie - Saint Die Info\" \/>\n<meta name=\"twitter:description\" content=\"Du 13 au 15 septembre, le Conseil d\u00e9partemental et ses partenaires vont offrir aux Belges une parenth\u00e8se gourmande et immersive [&hellip;]\" \/>\n<meta name=\"twitter:image\" content=\"https:\/\/vosgesinfo.fr\/app\/uploads\/sites\/4\/2024\/08\/201909sans-titre-1.jpg\" \/>\n<meta name=\"twitter:creator\" content=\"@VosgesInfo88\" \/>\n<meta name=\"twitter:site\" content=\"@VosgesInfo88\" \/>\n<meta name=\"twitter:label1\" content=\"\u00c9crit par\" \/>\n\t<meta name=\"twitter:data1\" content=\"la r\u00e9daction\" \/>\n\t<meta name=\"twitter:label2\" content=\"Dur\u00e9e de lecture estim\u00e9e\" \/>\n\t<meta name=\"twitter:data2\" content=\"2 minutes\" \/>\n<script type=\"application\/ld+json\" class=\"yoast-schema-graph\">{\"@context\":\"https:\/\/schema.org\",\"@graph\":[{\"@type\":\"Article\",\"@id\":\"https:\/\/vosgesinfo.fr\/saintdieinfo\/2019\/09\/vosges-presentes-aux-fetes-de-wallonie\/#article\",\"isPartOf\":{\"@id\":\"https:\/\/vosgesinfo.fr\/saintdieinfo\/2019\/09\/vosges-presentes-aux-fetes-de-wallonie\/\"},\"author\":{\"name\":\"la r\u00e9daction\",\"@id\":\"https:\/\/vosgesinfo.fr\/saintdieinfo\/#\/schema\/person\/faee6704a21f3977511db84bd1cd450f\"},\"headline\":\"Les Vosges pr\u00e9sentes aux F\u00eates de Wallonie\",\"datePublished\":\"2019-09-14T02:00:24+00:00\",\"dateModified\":\"2019-09-14T02:00:24+00:00\",\"mainEntityOfPage\":{\"@id\":\"https:\/\/vosgesinfo.fr\/saintdieinfo\/2019\/09\/vosges-presentes-aux-fetes-de-wallonie\/\"},\"wordCount\":362,\"commentCount\":0,\"publisher\":{\"@id\":\"https:\/\/vosgesinfo.fr\/saintdieinfo\/#organization\"},\"image\":{\"@id\":\"https:\/\/vosgesinfo.fr\/saintdieinfo\/2019\/09\/vosges-presentes-aux-fetes-de-wallonie\/#primaryimage\"},\"thumbnailUrl\":\"https:\/\/vosgesinfo.fr\/app\/uploads\/sites\/4\/2024\/08\/201909sans-titre-1.jpg\",\"keywords\":[\"Belgique\",\"Conseil d\u00e9partemental des Vosges\",\"F\u00eate de Wallonie\"],\"articleSection\":[\"A la Une\",\"Loisirs\",\"Vosges\"],\"inLanguage\":\"fr-FR\",\"potentialAction\":[{\"@type\":\"CommentAction\",\"name\":\"Comment\",\"target\":[\"https:\/\/vosgesinfo.fr\/saintdieinfo\/2019\/09\/vosges-presentes-aux-fetes-de-wallonie\/#respond\"]}]},{\"@type\":\"WebPage\",\"@id\":\"https:\/\/vosgesinfo.fr\/saintdieinfo\/2019\/09\/vosges-presentes-aux-fetes-de-wallonie\/\",\"url\":\"https:\/\/vosgesinfo.fr\/saintdieinfo\/2019\/09\/vosges-presentes-aux-fetes-de-wallonie\/\",\"name\":\"Les Vosges pr\u00e9sentes aux F\u00eates de Wallonie - Saint Die Info\",\"isPartOf\":{\"@id\":\"https:\/\/vosgesinfo.fr\/saintdieinfo\/#website\"},\"primaryImageOfPage\":{\"@id\":\"https:\/\/vosgesinfo.fr\/saintdieinfo\/2019\/09\/vosges-presentes-aux-fetes-de-wallonie\/#primaryimage\"},\"image\":{\"@id\":\"https:\/\/vosgesinfo.fr\/saintdieinfo\/2019\/09\/vosges-presentes-aux-fetes-de-wallonie\/#primaryimage\"},\"thumbnailUrl\":\"https:\/\/vosgesinfo.fr\/app\/uploads\/sites\/4\/2024\/08\/201909sans-titre-1.jpg\",\"datePublished\":\"2019-09-14T02:00:24+00:00\",\"dateModified\":\"2019-09-14T02:00:24+00:00\",\"breadcrumb\":{\"@id\":\"https:\/\/vosgesinfo.fr\/saintdieinfo\/2019\/09\/vosges-presentes-aux-fetes-de-wallonie\/#breadcrumb\"},\"inLanguage\":\"fr-FR\",\"potentialAction\":[{\"@type\":\"ReadAction\",\"target\":[\"https:\/\/vosgesinfo.fr\/saintdieinfo\/2019\/09\/vosges-presentes-aux-fetes-de-wallonie\/\"]}]},{\"@type\":\"ImageObject\",\"inLanguage\":\"fr-FR\",\"@id\":\"https:\/\/vosgesinfo.fr\/saintdieinfo\/2019\/09\/vosges-presentes-aux-fetes-de-wallonie\/#primaryimage\",\"url\":\"https:\/\/vosgesinfo.fr\/app\/uploads\/sites\/4\/2024\/08\/201909sans-titre-1.jpg\",\"contentUrl\":\"https:\/\/vosgesinfo.fr\/app\/uploads\/sites\/4\/2024\/08\/201909sans-titre-1.jpg\",\"width\":1600,\"height\":900},{\"@type\":\"BreadcrumbList\",\"@id\":\"https:\/\/vosgesinfo.fr\/saintdieinfo\/2019\/09\/vosges-presentes-aux-fetes-de-wallonie\/#breadcrumb\",\"itemListElement\":[{\"@type\":\"ListItem\",\"position\":1,\"name\":\"Home\",\"item\":\"https:\/\/vosgesinfo.fr\/saintdieinfo\/\"},{\"@type\":\"ListItem\",\"position\":2,\"name\":\"Les Vosges pr\u00e9sentes aux F\u00eates de Wallonie\"}]},{\"@type\":\"WebSite\",\"@id\":\"https:\/\/vosgesinfo.fr\/saintdieinfo\/#website\",\"url\":\"https:\/\/vosgesinfo.fr\/saintdieinfo\/\",\"name\":\"Saint Die Info\",\"description\":\"Toute l&#039;actualit\u00e9 de Saint-Di\u00e9-Des-Vosges\",\"publisher\":{\"@id\":\"https:\/\/vosgesinfo.fr\/saintdieinfo\/#organization\"},\"alternateName\":\"Toute l'actualit\u00e9 de Saint-Di\u00e9-Des-Vosges\",\"potentialAction\":[{\"@type\":\"SearchAction\",\"target\":{\"@type\":\"EntryPoint\",\"urlTemplate\":\"https:\/\/vosgesinfo.fr\/saintdieinfo\/?s={search_term_string}\"},\"query-input\":\"required name=search_term_string\"}],\"inLanguage\":\"fr-FR\"},{\"@type\":\"Organization\",\"@id\":\"https:\/\/vosgesinfo.fr\/saintdieinfo\/#organization\",\"name\":\"Saint Die Info\",\"url\":\"https:\/\/vosgesinfo.fr\/saintdieinfo\/\",\"logo\":{\"@type\":\"ImageObject\",\"inLanguage\":\"fr-FR\",\"@id\":\"https:\/\/vosgesinfo.fr\/saintdieinfo\/#\/schema\/logo\/image\/\",\"url\":\"https:\/\/vosgesinfo.fr\/app\/uploads\/sites\/4\/2024\/02\/logo-sdi.jpg\",\"contentUrl\":\"https:\/\/vosgesinfo.fr\/app\/uploads\/sites\/4\/2024\/02\/logo-sdi.jpg\",\"width\":600,\"height\":600,\"caption\":\"Saint Die Info\"},\"image\":{\"@id\":\"https:\/\/vosgesinfo.fr\/saintdieinfo\/#\/schema\/logo\/image\/\"},\"sameAs\":[\"https:\/\/www.facebook.com\/Saintdieinfofr\",\"https:\/\/x.com\/VosgesInfo88\",\"https:\/\/www.youtube.com\/@vosgesinfo\"]},{\"@type\":\"Person\",\"@id\":\"https:\/\/vosgesinfo.fr\/saintdieinfo\/#\/schema\/person\/faee6704a21f3977511db84bd1cd450f\",\"name\":\"la r\u00e9daction\",\"image\":{\"@type\":\"ImageObject\",\"inLanguage\":\"fr-FR\",\"@id\":\"https:\/\/vosgesinfo.fr\/saintdieinfo\/#\/schema\/person\/image\/\",\"url\":\"https:\/\/secure.gravatar.com\/avatar\/6673d8bc6a9c17fa9a453eaa3448de834fa308c2ec9635b7aa99441a7c8d2cf6?s=96&d=mm&r=g\",\"contentUrl\":\"https:\/\/secure.gravatar.com\/avatar\/6673d8bc6a9c17fa9a453eaa3448de834fa308c2ec9635b7aa99441a7c8d2cf6?s=96&d=mm&r=g\",\"caption\":\"la r\u00e9daction\"},\"url\":\"https:\/\/vosgesinfo.fr\/saintdieinfo\/author\/redac\/\"}]}<\/script>\n<!-- \/ Yoast SEO plugin. -->","yoast_head_json":{"title":"Les Vosges pr\u00e9sentes aux F\u00eates de Wallonie - Saint Die Info","robots":{"index":"index","follow":"follow","max-snippet":"max-snippet:-1","max-image-preview":"max-image-preview:large","max-video-preview":"max-video-preview:-1"},"canonical":"https:\/\/vosgesinfo.fr\/saintdieinfo\/2019\/09\/vosges-presentes-aux-fetes-de-wallonie\/","twitter_card":"summary_large_image","twitter_title":"Les Vosges pr\u00e9sentes aux F\u00eates de Wallonie - Saint Die Info","twitter_description":"Du 13 au 15 septembre, le Conseil d\u00e9partemental et ses partenaires vont offrir aux Belges une parenth\u00e8se gourmande et immersive [&hellip;]","twitter_image":"https:\/\/vosgesinfo.fr\/app\/uploads\/sites\/4\/2024\/08\/201909sans-titre-1.jpg","twitter_creator":"@VosgesInfo88","twitter_site":"@VosgesInfo88","twitter_misc":{"\u00c9crit par":"la r\u00e9daction","Dur\u00e9e de lecture estim\u00e9e":"2 minutes"},"schema":{"@context":"https:\/\/schema.org","@graph":[{"@type":"Article","@id":"https:\/\/vosgesinfo.fr\/saintdieinfo\/2019\/09\/vosges-presentes-aux-fetes-de-wallonie\/#article","isPartOf":{"@id":"https:\/\/vosgesinfo.fr\/saintdieinfo\/2019\/09\/vosges-presentes-aux-fetes-de-wallonie\/"},"author":{"name":"la r\u00e9daction","@id":"https:\/\/vosgesinfo.fr\/saintdieinfo\/#\/schema\/person\/faee6704a21f3977511db84bd1cd450f"},"headline":"Les Vosges pr\u00e9sentes aux F\u00eates de Wallonie","datePublished":"2019-09-14T02:00:24+00:00","dateModified":"2019-09-14T02:00:24+00:00","mainEntityOfPage":{"@id":"https:\/\/vosgesinfo.fr\/saintdieinfo\/2019\/09\/vosges-presentes-aux-fetes-de-wallonie\/"},"wordCount":362,"commentCount":0,"publisher":{"@id":"https:\/\/vosgesinfo.fr\/saintdieinfo\/#organization"},"image":{"@id":"https:\/\/vosgesinfo.fr\/saintdieinfo\/2019\/09\/vosges-presentes-aux-fetes-de-wallonie\/#primaryimage"},"thumbnailUrl":"https:\/\/vosgesinfo.fr\/app\/uploads\/sites\/4\/2024\/08\/201909sans-titre-1.jpg","keywords":["Belgique","Conseil d\u00e9partemental des Vosges","F\u00eate de Wallonie"],"articleSection":["A la Une","Loisirs","Vosges"],"inLanguage":"fr-FR","potentialAction":[{"@type":"CommentAction","name":"Comment","target":["https:\/\/vosgesinfo.fr\/saintdieinfo\/2019\/09\/vosges-presentes-aux-fetes-de-wallonie\/#respond"]}]},{"@type":"WebPage","@id":"https:\/\/vosgesinfo.fr\/saintdieinfo\/2019\/09\/vosges-presentes-aux-fetes-de-wallonie\/","url":"https:\/\/vosgesinfo.fr\/saintdieinfo\/2019\/09\/vosges-presentes-aux-fetes-de-wallonie\/","name":"Les Vosges pr\u00e9sentes aux F\u00eates de Wallonie - Saint Die Info","isPartOf":{"@id":"https:\/\/vosgesinfo.fr\/saintdieinfo\/#website"},"primaryImageOfPage":{"@id":"https:\/\/vosgesinfo.fr\/saintdieinfo\/2019\/09\/vosges-presentes-aux-fetes-de-wallonie\/#primaryimage"},"image":{"@id":"https:\/\/vosgesinfo.fr\/saintdieinfo\/2019\/09\/vosges-presentes-aux-fetes-de-wallonie\/#primaryimage"},"thumbnailUrl":"https:\/\/vosgesinfo.fr\/app\/uploads\/sites\/4\/2024\/08\/201909sans-titre-1.jpg","datePublished":"2019-09-14T02:00:24+00:00","dateModified":"2019-09-14T02:00:24+00:00","breadcrumb":{"@id":"https:\/\/vosgesinfo.fr\/saintdieinfo\/2019\/09\/vosges-presentes-aux-fetes-de-wallonie\/#breadcrumb"},"inLanguage":"fr-FR","potentialAction":[{"@type":"ReadAction","target":["https:\/\/vosgesinfo.fr\/saintdieinfo\/2019\/09\/vosges-presentes-aux-fetes-de-wallonie\/"]}]},{"@type":"ImageObject","inLanguage":"fr-FR","@id":"https:\/\/vosgesinfo.fr\/saintdieinfo\/2019\/09\/vosges-presentes-aux-fetes-de-wallonie\/#primaryimage","url":"https:\/\/vosgesinfo.fr\/app\/uploads\/sites\/4\/2024\/08\/201909sans-titre-1.jpg","contentUrl":"https:\/\/vosgesinfo.fr\/app\/uploads\/sites\/4\/2024\/08\/201909sans-titre-1.jpg","width":1600,"height":900},{"@type":"BreadcrumbList","@id":"https:\/\/vosgesinfo.fr\/saintdieinfo\/2019\/09\/vosges-presentes-aux-fetes-de-wallonie\/#breadcrumb","itemListElement":[{"@type":"ListItem","position":1,"name":"Home","item":"https:\/\/vosgesinfo.fr\/saintdieinfo\/"},{"@type":"ListItem","position":2,"name":"Les Vosges pr\u00e9sentes aux F\u00eates de Wallonie"}]},{"@type":"WebSite","@id":"https:\/\/vosgesinfo.fr\/saintdieinfo\/#website","url":"https:\/\/vosgesinfo.fr\/saintdieinfo\/","name":"Saint Die Info","description":"Toute l&#039;actualit\u00e9 de Saint-Di\u00e9-Des-Vosges","publisher":{"@id":"https:\/\/vosgesinfo.fr\/saintdieinfo\/#organization"},"alternateName":"Toute l'actualit\u00e9 de Saint-Di\u00e9-Des-Vosges","potentialAction":[{"@type":"SearchAction","target":{"@type":"EntryPoint","urlTemplate":"https:\/\/vosgesinfo.fr\/saintdieinfo\/?s={search_term_string}"},"query-input":"required name=search_term_string"}],"inLanguage":"fr-FR"},{"@type":"Organization","@id":"https:\/\/vosgesinfo.fr\/saintdieinfo\/#organization","name":"Saint Die Info","url":"https:\/\/vosgesinfo.fr\/saintdieinfo\/","logo":{"@type":"ImageObject","inLanguage":"fr-FR","@id":"https:\/\/vosgesinfo.fr\/saintdieinfo\/#\/schema\/logo\/image\/","url":"https:\/\/vosgesinfo.fr\/app\/uploads\/sites\/4\/2024\/02\/logo-sdi.jpg","contentUrl":"https:\/\/vosgesinfo.fr\/app\/uploads\/sites\/4\/2024\/02\/logo-sdi.jpg","width":600,"height":600,"caption":"Saint Die Info"},"image":{"@id":"https:\/\/vosgesinfo.fr\/saintdieinfo\/#\/schema\/logo\/image\/"},"sameAs":["https:\/\/www.facebook.com\/Saintdieinfofr","https:\/\/x.com\/VosgesInfo88","https:\/\/www.youtube.com\/@vosgesinfo"]},{"@type":"Person","@id":"https:\/\/vosgesinfo.fr\/saintdieinfo\/#\/schema\/person\/faee6704a21f3977511db84bd1cd450f","name":"la r\u00e9daction","image":{"@type":"ImageObject","inLanguage":"fr-FR","@id":"https:\/\/vosgesinfo.fr\/saintdieinfo\/#\/schema\/person\/image\/","url":"https:\/\/secure.gravatar.com\/avatar\/6673d8bc6a9c17fa9a453eaa3448de834fa308c2ec9635b7aa99441a7c8d2cf6?s=96&d=mm&r=g","contentUrl":"https:\/\/secure.gravatar.com\/avatar\/6673d8bc6a9c17fa9a453eaa3448de834fa308c2ec9635b7aa99441a7c8d2cf6?s=96&d=mm&r=g","caption":"la r\u00e9daction"},"url":"https:\/\/vosgesinfo.fr\/saintdieinfo\/author\/redac\/"}]}},"_links":{"self":[{"href":"https:\/\/vosgesinfo.fr\/saintdieinfo\/wp-json\/wp\/v2\/posts\/38095","targetHints":{"allow":["GET"]}}],"collection":[{"href":"https:\/\/vosgesinfo.fr\/saintdieinfo\/wp-json\/wp\/v2\/posts"}],"about":[{"href":"https:\/\/vosgesinfo.fr\/saintdieinfo\/wp-json\/wp\/v2\/types\/post"}],"author":[{"embeddable":true,"href":"https:\/\/vosgesinfo.fr\/saintdieinfo\/wp-json\/wp\/v2\/users\/44"}],"replies":[{"embeddable":true,"href":"https:\/\/vosgesinfo.fr\/saintdieinfo\/wp-json\/wp\/v2\/comments?post=38095"}],"version-history":[{"count":0,"href":"https:\/\/vosgesinfo.fr\/saintdieinfo\/wp-json\/wp\/v2\/posts\/38095\/revisions"}],"wp:featuredmedia":[{"embeddable":true,"href":"https:\/\/vosgesinfo.fr\/saintdieinfo\/wp-json\/wp\/v2\/media\/38096"}],"wp:attachment":[{"href":"https:\/\/vosgesinfo.fr\/saintdieinfo\/wp-json\/wp\/v2\/media?parent=38095"}],"wp:term":[{"taxonomy":"category","embeddable":true,"href":"https:\/\/vosgesinfo.fr\/saintdieinfo\/wp-json\/wp\/v2\/categories?post=38095"},{"taxonomy":"post_tag","embeddable":true,"href":"https:\/\/vosgesinfo.fr\/saintdieinfo\/wp-json\/wp\/v2\/tags?post=38095"}],"curies":[{"name":"wp","href":"https:\/\/api.w.org\/{rel}","templated":true}]}}