{"id":38097,"date":"2019-09-14T05:00:55","date_gmt":"2019-09-14T03:00:55","guid":{"rendered":"https:\/\/vosgesinfo.fr\/saintdieinfo\/2019\/09\/vosges-departement-tourne-vert-lavenir\/"},"modified":"2019-09-14T05:00:55","modified_gmt":"2019-09-14T03:00:55","slug":"vosges-departement-tourne-vert-lavenir","status":"publish","type":"post","link":"https:\/\/vosgesinfo.fr\/saintdieinfo\/2019\/09\/vosges-departement-tourne-vert-lavenir\/","title":{"rendered":"Vosges \u2013 Un D\u00e9partement tourn\u00e9 \u00ab vert \u00bb l\u2019avenir"},"content":{"rendered":"<div id=\"attachment_144328\" style=\"width: 970px\" class=\"wp-caption aligncenter\"><a href=\"\/2019\/09\/TDD3.jpg\" target=\"_blank\" rel=\"noopener\"><img decoding=\"async\" aria-describedby=\"caption-attachment-144328\" class=\"wp-image-144328 size-large\" src=\"\/2019\/09\/TDD3-1024x576.jpg\" alt=\"TDD3\" width=\"960\" height=\"540\" \/><\/a><p id=\"caption-attachment-144328\" class=\"wp-caption-text\">(Cr\u00e9dits photographiques Conseil D\u00e9partemental des Vosges)<\/p><\/div>\n<h2><span style=\"font-size: 14pt;\"><strong>Ce vendredi 13 septembre, lors de la c\u00e9r\u00e9monie des troph\u00e9es de la transition \u00e9cologique au th\u00e9\u00e2tre municipal d\u2019\u00c9pinal, 7 laur\u00e9ats ont \u00e9t\u00e9 r\u00e9compens\u00e9s pour leurs actions en faveur du d\u00e9veloppement durable et de la transition \u00e9cologique.<\/strong><em><br \/>\n<\/em><\/span><\/h2>\n<p><!--more--><\/p>\n<p>Le D\u00e9partement agit en faveur de l\u2019environnement depuis plus de 20 ans. Cet engagement s\u2019est concr\u00e9tis\u00e9 en 2017 par la mise en place du <strong>plan VASTE<\/strong> \u00ab\u00a0Vosges Ambitions Sp\u00e9cial Transition Ecologique\u00a0\u00bb, qui a pour but de cr\u00e9er\u00a0une dynamique en faveur de la transition \u00e9cologique en f\u00e9d\u00e9rant autour d\u2019une m\u00eame ambition l\u2019ensemble des Vosgiens\u00a0d\u2019ici 2021. C\u2019est dans ce cadre que s\u2019est inscrite la 4<sup>\u00e8me<\/sup> c\u00e9r\u00e9monie des troph\u00e9es de la transition \u00e9cologique. Sur trente candidatures, 7 projets ont \u00e9t\u00e9 s\u00e9lectionn\u00e9s par un jury compos\u00e9 d\u2019\u00e9lus d\u00e9partementaux et de repr\u00e9sentants d\u2019organismes ext\u00e9rieurs (DSDEN, chambre d\u2019agriculture, AMV, CCI, chambre des m\u00e9tiers, DREAL). En pr\u00e9sence de Fran\u00e7ois VANNSON, Pr\u00e9sident du Conseil d\u00e9partemental et de Martine GIMMILLARO, Conseill\u00e8re d\u00e9partementale en charge de l\u2019environnement, les laur\u00e9ats ont pr\u00e9sent\u00e9 tour \u00e0 tour leurs projets\u00a0:<\/p>\n<ul>\n<li><strong>La Communaut\u00e9 de Communes de Bruy\u00e8res Vallons des Vosges (CCB2V)<\/strong> a pr\u00e9sent\u00e9 ses rendez-vous nature. En 2018, la CCB2V a propos\u00e9 chaque mois une animation gratuite\u00a0: balades, ateliers, escape-game, afin de sensibiliser le plus large public possible \u00e0 la protection de l\u2019environnement.<\/li>\n<li><strong>La Commune de Bult<\/strong>\u00a0a plant\u00e9 un verger conservatoire et ouvert un sentier p\u00e9dagogique sur deux hectares, en partenariat avec l\u2019association les \u00ab\u00a0Croqueurs de pommes\u00a0\u00bb et le verger-\u00e9cole de Roville-Aux-Ch\u00eanes.<\/li>\n<li><strong>Le Coll\u00e8ge Charlemagne de Bruy\u00e8res<\/strong> a pr\u00e9sent\u00e9 ses tutoriels d\u2019\u00e9co-gestes pour sensibiliser les \u00e9l\u00e8ves et leurs familles \u00e0 la protection de l\u2019environnement. Le coll\u00e8ge est labellis\u00e9 E3D, niveau 2.<\/li>\n<li><strong>La section SEGPAS du Coll\u00e8ge Charlemagne de Bruy\u00e8res<\/strong> a cr\u00e9\u00e9 un \u00ab\u00a0biodigestivore\u00a0\u00bb. C\u2019est un composteur nouvelle g\u00e9n\u00e9ration qui permet de transformer rapidement les d\u00e9chets organiques en terreau.<\/li>\n<\/ul>\n<ul>\n<li><strong>Le Coll\u00e8ge Louis Armand de Golbey<\/strong>, \u00e9galement labellis\u00e9 E3D, a agi pour limiter les d\u00e9chets li\u00e9s au fonctionnement de l\u2019\u00e9tablissement et sensibiliser les \u00e9l\u00e8ves. De nombreux projets ont vu le jour comme le tri, le compostage, la cr\u00e9ation d\u2019un potager, ou des visites d\u2019\u00e9oliennes.<\/li>\n<li><strong>L\u2019Ecole Primaire de Saint-R\u00e9my<\/strong> a \u00e9t\u00e9 r\u00e9compens\u00e9e pour sa forte implication en \u00e9ducation \u00e0 l&rsquo;environnement et au d\u00e9veloppement durable\u00a0: en cr\u00e9ant un potager, une station m\u00e9t\u00e9o, un mur v\u00e9g\u00e9tal, un composteur. Sa forte collaboration avec la municipalit\u00e9 a \u00e9t\u00e9 salu\u00e9e.<\/li>\n<li><strong>La F\u00e9d\u00e9ration du BTP Vosges<\/strong> a mis en place un \u00e9co-chantier lors de la r\u00e9novation de ses locaux. Le chantier a \u00e9t\u00e9 men\u00e9 dans un souci d\u2019exemplarit\u00e9 et de sensibilisation des entreprises du b\u00e2timent \u00e0 la gestion des d\u00e9chets d\u2019activit\u00e9. Des bennes de tri ont permis de trier en amont un maximum de d\u00e9chets.<\/li>\n<li><strong>L\u2019entreprise ABCDE \/ METHAVAIR<\/strong> d\u00e9veloppe des activit\u00e9s compl\u00e9mentaires de recyclages afin de valoriser les biod\u00e9chets (invendus des supermarch\u00e9s, d\u00e9chets des cantines, d\u00e9chets agricoles), pour produire de l\u2019\u00e9lectricit\u00e9 en \u00ab\u00a0circuit court\u00a0\u00bb.<\/li>\n<\/ul>\n<p>Tout au long de la c\u00e9r\u00e9monie, les associations, les entreprises, les \u00e9tablissements scolaires et les acteurs publics ont montr\u00e9 gr\u00e2ce \u00e0 leurs actions comment r\u00e9pondre aux enjeux de notre soci\u00e9t\u00e9\u00a0: rar\u00e9factions des \u00e9nergies fossiles, gestion et recyclage des d\u00e9chets, \u00e9ducation \u00e0 l\u2019environnement, sensibilisation des populations&#8230; La r\u00e9compense pour leur implication pour l\u2019environnement fera peut-\u00eatre na\u00eetre l\u2019envie \u00e0 d\u2019autres, de devenir \u00e0 leurs tour, acteur de la transition \u00e9cologique\u00a0! La soir\u00e9e s\u2019est cl\u00f4tur\u00e9e par un cocktail \u00ab\u00a0\u00e9coresponsable\u00a0\u00bb, compos\u00e9 uniquement de produits locaux et de saison. Les invit\u00e9s ont pu assister en direct au d\u00e9fi culinaire \u00ab\u00a00 gaspi\u00a0\u00bb relev\u00e9 par le Chef M. Thouvenot du Comptoir. Il a r\u00e9alis\u00e9 des mets sucr\u00e9s \u00e0 partir des invendus du jour du march\u00e9. En partenariat avec le <a href=\"https:\/\/www.sicovad.fr\/\">SICOVAD<\/a>, cette soir\u00e9e s\u2019est voulu exemplaire en mati\u00e8re de gestion des d\u00e9chets.<\/p>\n<p><strong>Quelques actions du d\u00e9partement en faveur de l\u2019environnement<br \/>\n<\/strong><\/p>\n<ul>\n<li><strong>133 producteurs<\/strong> inscrits sur le site \u00ab\u00a0<a href=\"http:\/\/monpanierlocal.vosges.fr\" target=\"_blank\" rel=\"noopener\"><strong>monpanierlocal.vosges.fr<\/strong><\/a>\u00a0\u00bb.<\/li>\n<li><strong>68 ENS <\/strong>(espace naturel sensible) prot\u00e9g\u00e9s dans les Vosges dont 27 sites ouverts gratuitement au public.<\/li>\n<li><strong>122 km de courts d\u2019eau<\/strong> restaur\u00e9s en 2018.<\/li>\n<li><strong>196 subventions<\/strong> allou\u00e9es \u00e0 l\u2019agriculture BIO en 2018 et <strong>68 exploitations subventionn\u00e9es<\/strong> pour l\u2019installation agricole.<\/li>\n<li><strong>36% des coll\u00e8ges vosgiens, <\/strong>propri\u00e9t\u00e9 du D\u00e9partement, ont b\u00e9n\u00e9fici\u00e9 d\u2019une d\u2019am\u00e9lioration \u00e9nerg\u00e9tique de leurs b\u00e2timents\u00a0: pose de nouvelles menuiseries, isolation des murs, installation de ventilation, \u2026<\/li>\n<li>\u00a0<strong>7 communes accompagn\u00e9es<\/strong> dans le cadre de l\u2019Appel \u00e0 Projet Bourg Centre.<\/li>\n<li><strong>11\u00a0100 m\u00e8tres lin\u00e9aires de haies plant\u00e9s<\/strong> en 2018.<\/li>\n<\/ul>\n\n","protected":false},"excerpt":{"rendered":"<p>Ce vendredi 13 septembre, lors de la c\u00e9r\u00e9monie des troph\u00e9es de la transition \u00e9cologique au th\u00e9\u00e2tre municipal d\u2019\u00c9pinal, 7 laur\u00e9ats [&hellip;]<\/p>\n","protected":false},"author":44,"featured_media":38098,"comment_status":"open","ping_status":"open","sticky":false,"template":"","format":"standard","meta":{"footnotes":""},"categories":[460,18],"tags":[7417,41,7418],"class_list":["post-38097","post","type-post","status-publish","format-standard","has-post-thumbnail","hentry","category-a-la-une","category-vosges","tag-ceremonie-des-trophees-de-la-transition-ecologique","tag-epinal","tag-theatre-municipal-depinal"],"acf":[],"yoast_head":"<!-- This site is optimized with the Yoast SEO plugin v22.5 - https:\/\/yoast.com\/wordpress\/plugins\/seo\/ -->\n<title>Vosges \u2013 Un D\u00e9partement tourn\u00e9 \u00ab vert \u00bb l\u2019avenir - Saint Die Info<\/title>\n<meta name=\"robots\" content=\"index, follow, max-snippet:-1, max-image-preview:large, max-video-preview:-1\" \/>\n<link rel=\"canonical\" href=\"https:\/\/vosgesinfo.fr\/saintdieinfo\/2019\/09\/vosges-departement-tourne-vert-lavenir\/\" \/>\n<meta name=\"twitter:card\" content=\"summary_large_image\" \/>\n<meta name=\"twitter:title\" content=\"Vosges \u2013 Un D\u00e9partement tourn\u00e9 \u00ab vert \u00bb l\u2019avenir - Saint Die Info\" \/>\n<meta name=\"twitter:description\" content=\"Ce vendredi 13 septembre, lors de la c\u00e9r\u00e9monie des troph\u00e9es de la transition \u00e9cologique au th\u00e9\u00e2tre municipal d\u2019\u00c9pinal, 7 laur\u00e9ats [&hellip;]\" \/>\n<meta name=\"twitter:image\" content=\"https:\/\/vosgesinfo.fr\/app\/uploads\/sites\/4\/2024\/08\/201909tdd3.jpg\" \/>\n<meta name=\"twitter:creator\" content=\"@VosgesInfo88\" \/>\n<meta name=\"twitter:site\" content=\"@VosgesInfo88\" \/>\n<meta name=\"twitter:label1\" content=\"\u00c9crit par\" \/>\n\t<meta name=\"twitter:data1\" content=\"la r\u00e9daction\" \/>\n\t<meta name=\"twitter:label2\" content=\"Dur\u00e9e de lecture estim\u00e9e\" \/>\n\t<meta name=\"twitter:data2\" content=\"4 minutes\" \/>\n<script type=\"application\/ld+json\" class=\"yoast-schema-graph\">{\"@context\":\"https:\/\/schema.org\",\"@graph\":[{\"@type\":\"Article\",\"@id\":\"https:\/\/vosgesinfo.fr\/saintdieinfo\/2019\/09\/vosges-departement-tourne-vert-lavenir\/#article\",\"isPartOf\":{\"@id\":\"https:\/\/vosgesinfo.fr\/saintdieinfo\/2019\/09\/vosges-departement-tourne-vert-lavenir\/\"},\"author\":{\"name\":\"la r\u00e9daction\",\"@id\":\"https:\/\/vosgesinfo.fr\/saintdieinfo\/#\/schema\/person\/faee6704a21f3977511db84bd1cd450f\"},\"headline\":\"Vosges \u2013 Un D\u00e9partement tourn\u00e9 \u00ab vert \u00bb l\u2019avenir\",\"datePublished\":\"2019-09-14T03:00:55+00:00\",\"dateModified\":\"2019-09-14T03:00:55+00:00\",\"mainEntityOfPage\":{\"@id\":\"https:\/\/vosgesinfo.fr\/saintdieinfo\/2019\/09\/vosges-departement-tourne-vert-lavenir\/\"},\"wordCount\":846,\"commentCount\":0,\"publisher\":{\"@id\":\"https:\/\/vosgesinfo.fr\/saintdieinfo\/#organization\"},\"image\":{\"@id\":\"https:\/\/vosgesinfo.fr\/saintdieinfo\/2019\/09\/vosges-departement-tourne-vert-lavenir\/#primaryimage\"},\"thumbnailUrl\":\"https:\/\/vosgesinfo.fr\/app\/uploads\/sites\/4\/2024\/08\/201909tdd3.jpg\",\"keywords\":[\"C\u00e9r\u00e9monie des troph\u00e9es de la transition \u00e9cologique\",\"Epinal\",\"Th\u00e9\u00e2tre municipal d'Epinal\"],\"articleSection\":[\"A la Une\",\"Vosges\"],\"inLanguage\":\"fr-FR\",\"potentialAction\":[{\"@type\":\"CommentAction\",\"name\":\"Comment\",\"target\":[\"https:\/\/vosgesinfo.fr\/saintdieinfo\/2019\/09\/vosges-departement-tourne-vert-lavenir\/#respond\"]}]},{\"@type\":\"WebPage\",\"@id\":\"https:\/\/vosgesinfo.fr\/saintdieinfo\/2019\/09\/vosges-departement-tourne-vert-lavenir\/\",\"url\":\"https:\/\/vosgesinfo.fr\/saintdieinfo\/2019\/09\/vosges-departement-tourne-vert-lavenir\/\",\"name\":\"Vosges \u2013 Un D\u00e9partement tourn\u00e9 \u00ab vert \u00bb l\u2019avenir - Saint Die Info\",\"isPartOf\":{\"@id\":\"https:\/\/vosgesinfo.fr\/saintdieinfo\/#website\"},\"primaryImageOfPage\":{\"@id\":\"https:\/\/vosgesinfo.fr\/saintdieinfo\/2019\/09\/vosges-departement-tourne-vert-lavenir\/#primaryimage\"},\"image\":{\"@id\":\"https:\/\/vosgesinfo.fr\/saintdieinfo\/2019\/09\/vosges-departement-tourne-vert-lavenir\/#primaryimage\"},\"thumbnailUrl\":\"https:\/\/vosgesinfo.fr\/app\/uploads\/sites\/4\/2024\/08\/201909tdd3.jpg\",\"datePublished\":\"2019-09-14T03:00:55+00:00\",\"dateModified\":\"2019-09-14T03:00:55+00:00\",\"breadcrumb\":{\"@id\":\"https:\/\/vosgesinfo.fr\/saintdieinfo\/2019\/09\/vosges-departement-tourne-vert-lavenir\/#breadcrumb\"},\"inLanguage\":\"fr-FR\",\"potentialAction\":[{\"@type\":\"ReadAction\",\"target\":[\"https:\/\/vosgesinfo.fr\/saintdieinfo\/2019\/09\/vosges-departement-tourne-vert-lavenir\/\"]}]},{\"@type\":\"ImageObject\",\"inLanguage\":\"fr-FR\",\"@id\":\"https:\/\/vosgesinfo.fr\/saintdieinfo\/2019\/09\/vosges-departement-tourne-vert-lavenir\/#primaryimage\",\"url\":\"https:\/\/vosgesinfo.fr\/app\/uploads\/sites\/4\/2024\/08\/201909tdd3.jpg\",\"contentUrl\":\"https:\/\/vosgesinfo.fr\/app\/uploads\/sites\/4\/2024\/08\/201909tdd3.jpg\",\"width\":1600,\"height\":900},{\"@type\":\"BreadcrumbList\",\"@id\":\"https:\/\/vosgesinfo.fr\/saintdieinfo\/2019\/09\/vosges-departement-tourne-vert-lavenir\/#breadcrumb\",\"itemListElement\":[{\"@type\":\"ListItem\",\"position\":1,\"name\":\"Home\",\"item\":\"https:\/\/vosgesinfo.fr\/saintdieinfo\/\"},{\"@type\":\"ListItem\",\"position\":2,\"name\":\"Vosges \u2013 Un D\u00e9partement tourn\u00e9 \u00ab vert \u00bb l\u2019avenir\"}]},{\"@type\":\"WebSite\",\"@id\":\"https:\/\/vosgesinfo.fr\/saintdieinfo\/#website\",\"url\":\"https:\/\/vosgesinfo.fr\/saintdieinfo\/\",\"name\":\"Saint Die Info\",\"description\":\"Toute l&#039;actualit\u00e9 de Saint-Di\u00e9-Des-Vosges\",\"publisher\":{\"@id\":\"https:\/\/vosgesinfo.fr\/saintdieinfo\/#organization\"},\"alternateName\":\"Toute l'actualit\u00e9 de Saint-Di\u00e9-Des-Vosges\",\"potentialAction\":[{\"@type\":\"SearchAction\",\"target\":{\"@type\":\"EntryPoint\",\"urlTemplate\":\"https:\/\/vosgesinfo.fr\/saintdieinfo\/?s={search_term_string}\"},\"query-input\":\"required name=search_term_string\"}],\"inLanguage\":\"fr-FR\"},{\"@type\":\"Organization\",\"@id\":\"https:\/\/vosgesinfo.fr\/saintdieinfo\/#organization\",\"name\":\"Saint Die Info\",\"url\":\"https:\/\/vosgesinfo.fr\/saintdieinfo\/\",\"logo\":{\"@type\":\"ImageObject\",\"inLanguage\":\"fr-FR\",\"@id\":\"https:\/\/vosgesinfo.fr\/saintdieinfo\/#\/schema\/logo\/image\/\",\"url\":\"https:\/\/vosgesinfo.fr\/app\/uploads\/sites\/4\/2024\/02\/logo-sdi.jpg\",\"contentUrl\":\"https:\/\/vosgesinfo.fr\/app\/uploads\/sites\/4\/2024\/02\/logo-sdi.jpg\",\"width\":600,\"height\":600,\"caption\":\"Saint Die Info\"},\"image\":{\"@id\":\"https:\/\/vosgesinfo.fr\/saintdieinfo\/#\/schema\/logo\/image\/\"},\"sameAs\":[\"https:\/\/www.facebook.com\/Saintdieinfofr\",\"https:\/\/x.com\/VosgesInfo88\",\"https:\/\/www.youtube.com\/@vosgesinfo\"]},{\"@type\":\"Person\",\"@id\":\"https:\/\/vosgesinfo.fr\/saintdieinfo\/#\/schema\/person\/faee6704a21f3977511db84bd1cd450f\",\"name\":\"la r\u00e9daction\",\"image\":{\"@type\":\"ImageObject\",\"inLanguage\":\"fr-FR\",\"@id\":\"https:\/\/vosgesinfo.fr\/saintdieinfo\/#\/schema\/person\/image\/\",\"url\":\"https:\/\/secure.gravatar.com\/avatar\/6673d8bc6a9c17fa9a453eaa3448de834fa308c2ec9635b7aa99441a7c8d2cf6?s=96&d=mm&r=g\",\"contentUrl\":\"https:\/\/secure.gravatar.com\/avatar\/6673d8bc6a9c17fa9a453eaa3448de834fa308c2ec9635b7aa99441a7c8d2cf6?s=96&d=mm&r=g\",\"caption\":\"la r\u00e9daction\"},\"url\":\"https:\/\/vosgesinfo.fr\/saintdieinfo\/author\/redac\/\"}]}<\/script>\n<!-- \/ Yoast SEO plugin. -->","yoast_head_json":{"title":"Vosges \u2013 Un D\u00e9partement tourn\u00e9 \u00ab vert \u00bb l\u2019avenir - Saint Die Info","robots":{"index":"index","follow":"follow","max-snippet":"max-snippet:-1","max-image-preview":"max-image-preview:large","max-video-preview":"max-video-preview:-1"},"canonical":"https:\/\/vosgesinfo.fr\/saintdieinfo\/2019\/09\/vosges-departement-tourne-vert-lavenir\/","twitter_card":"summary_large_image","twitter_title":"Vosges \u2013 Un D\u00e9partement tourn\u00e9 \u00ab vert \u00bb l\u2019avenir - Saint Die Info","twitter_description":"Ce vendredi 13 septembre, lors de la c\u00e9r\u00e9monie des troph\u00e9es de la transition \u00e9cologique au th\u00e9\u00e2tre municipal d\u2019\u00c9pinal, 7 laur\u00e9ats [&hellip;]","twitter_image":"https:\/\/vosgesinfo.fr\/app\/uploads\/sites\/4\/2024\/08\/201909tdd3.jpg","twitter_creator":"@VosgesInfo88","twitter_site":"@VosgesInfo88","twitter_misc":{"\u00c9crit par":"la r\u00e9daction","Dur\u00e9e de lecture estim\u00e9e":"4 minutes"},"schema":{"@context":"https:\/\/schema.org","@graph":[{"@type":"Article","@id":"https:\/\/vosgesinfo.fr\/saintdieinfo\/2019\/09\/vosges-departement-tourne-vert-lavenir\/#article","isPartOf":{"@id":"https:\/\/vosgesinfo.fr\/saintdieinfo\/2019\/09\/vosges-departement-tourne-vert-lavenir\/"},"author":{"name":"la r\u00e9daction","@id":"https:\/\/vosgesinfo.fr\/saintdieinfo\/#\/schema\/person\/faee6704a21f3977511db84bd1cd450f"},"headline":"Vosges \u2013 Un D\u00e9partement tourn\u00e9 \u00ab vert \u00bb l\u2019avenir","datePublished":"2019-09-14T03:00:55+00:00","dateModified":"2019-09-14T03:00:55+00:00","mainEntityOfPage":{"@id":"https:\/\/vosgesinfo.fr\/saintdieinfo\/2019\/09\/vosges-departement-tourne-vert-lavenir\/"},"wordCount":846,"commentCount":0,"publisher":{"@id":"https:\/\/vosgesinfo.fr\/saintdieinfo\/#organization"},"image":{"@id":"https:\/\/vosgesinfo.fr\/saintdieinfo\/2019\/09\/vosges-departement-tourne-vert-lavenir\/#primaryimage"},"thumbnailUrl":"https:\/\/vosgesinfo.fr\/app\/uploads\/sites\/4\/2024\/08\/201909tdd3.jpg","keywords":["C\u00e9r\u00e9monie des troph\u00e9es de la transition \u00e9cologique","Epinal","Th\u00e9\u00e2tre municipal d'Epinal"],"articleSection":["A la Une","Vosges"],"inLanguage":"fr-FR","potentialAction":[{"@type":"CommentAction","name":"Comment","target":["https:\/\/vosgesinfo.fr\/saintdieinfo\/2019\/09\/vosges-departement-tourne-vert-lavenir\/#respond"]}]},{"@type":"WebPage","@id":"https:\/\/vosgesinfo.fr\/saintdieinfo\/2019\/09\/vosges-departement-tourne-vert-lavenir\/","url":"https:\/\/vosgesinfo.fr\/saintdieinfo\/2019\/09\/vosges-departement-tourne-vert-lavenir\/","name":"Vosges \u2013 Un D\u00e9partement tourn\u00e9 \u00ab vert \u00bb l\u2019avenir - Saint Die Info","isPartOf":{"@id":"https:\/\/vosgesinfo.fr\/saintdieinfo\/#website"},"primaryImageOfPage":{"@id":"https:\/\/vosgesinfo.fr\/saintdieinfo\/2019\/09\/vosges-departement-tourne-vert-lavenir\/#primaryimage"},"image":{"@id":"https:\/\/vosgesinfo.fr\/saintdieinfo\/2019\/09\/vosges-departement-tourne-vert-lavenir\/#primaryimage"},"thumbnailUrl":"https:\/\/vosgesinfo.fr\/app\/uploads\/sites\/4\/2024\/08\/201909tdd3.jpg","datePublished":"2019-09-14T03:00:55+00:00","dateModified":"2019-09-14T03:00:55+00:00","breadcrumb":{"@id":"https:\/\/vosgesinfo.fr\/saintdieinfo\/2019\/09\/vosges-departement-tourne-vert-lavenir\/#breadcrumb"},"inLanguage":"fr-FR","potentialAction":[{"@type":"ReadAction","target":["https:\/\/vosgesinfo.fr\/saintdieinfo\/2019\/09\/vosges-departement-tourne-vert-lavenir\/"]}]},{"@type":"ImageObject","inLanguage":"fr-FR","@id":"https:\/\/vosgesinfo.fr\/saintdieinfo\/2019\/09\/vosges-departement-tourne-vert-lavenir\/#primaryimage","url":"https:\/\/vosgesinfo.fr\/app\/uploads\/sites\/4\/2024\/08\/201909tdd3.jpg","contentUrl":"https:\/\/vosgesinfo.fr\/app\/uploads\/sites\/4\/2024\/08\/201909tdd3.jpg","width":1600,"height":900},{"@type":"BreadcrumbList","@id":"https:\/\/vosgesinfo.fr\/saintdieinfo\/2019\/09\/vosges-departement-tourne-vert-lavenir\/#breadcrumb","itemListElement":[{"@type":"ListItem","position":1,"name":"Home","item":"https:\/\/vosgesinfo.fr\/saintdieinfo\/"},{"@type":"ListItem","position":2,"name":"Vosges \u2013 Un D\u00e9partement tourn\u00e9 \u00ab vert \u00bb l\u2019avenir"}]},{"@type":"WebSite","@id":"https:\/\/vosgesinfo.fr\/saintdieinfo\/#website","url":"https:\/\/vosgesinfo.fr\/saintdieinfo\/","name":"Saint Die Info","description":"Toute l&#039;actualit\u00e9 de Saint-Di\u00e9-Des-Vosges","publisher":{"@id":"https:\/\/vosgesinfo.fr\/saintdieinfo\/#organization"},"alternateName":"Toute l'actualit\u00e9 de Saint-Di\u00e9-Des-Vosges","potentialAction":[{"@type":"SearchAction","target":{"@type":"EntryPoint","urlTemplate":"https:\/\/vosgesinfo.fr\/saintdieinfo\/?s={search_term_string}"},"query-input":"required name=search_term_string"}],"inLanguage":"fr-FR"},{"@type":"Organization","@id":"https:\/\/vosgesinfo.fr\/saintdieinfo\/#organization","name":"Saint Die Info","url":"https:\/\/vosgesinfo.fr\/saintdieinfo\/","logo":{"@type":"ImageObject","inLanguage":"fr-FR","@id":"https:\/\/vosgesinfo.fr\/saintdieinfo\/#\/schema\/logo\/image\/","url":"https:\/\/vosgesinfo.fr\/app\/uploads\/sites\/4\/2024\/02\/logo-sdi.jpg","contentUrl":"https:\/\/vosgesinfo.fr\/app\/uploads\/sites\/4\/2024\/02\/logo-sdi.jpg","width":600,"height":600,"caption":"Saint Die Info"},"image":{"@id":"https:\/\/vosgesinfo.fr\/saintdieinfo\/#\/schema\/logo\/image\/"},"sameAs":["https:\/\/www.facebook.com\/Saintdieinfofr","https:\/\/x.com\/VosgesInfo88","https:\/\/www.youtube.com\/@vosgesinfo"]},{"@type":"Person","@id":"https:\/\/vosgesinfo.fr\/saintdieinfo\/#\/schema\/person\/faee6704a21f3977511db84bd1cd450f","name":"la r\u00e9daction","image":{"@type":"ImageObject","inLanguage":"fr-FR","@id":"https:\/\/vosgesinfo.fr\/saintdieinfo\/#\/schema\/person\/image\/","url":"https:\/\/secure.gravatar.com\/avatar\/6673d8bc6a9c17fa9a453eaa3448de834fa308c2ec9635b7aa99441a7c8d2cf6?s=96&d=mm&r=g","contentUrl":"https:\/\/secure.gravatar.com\/avatar\/6673d8bc6a9c17fa9a453eaa3448de834fa308c2ec9635b7aa99441a7c8d2cf6?s=96&d=mm&r=g","caption":"la r\u00e9daction"},"url":"https:\/\/vosgesinfo.fr\/saintdieinfo\/author\/redac\/"}]}},"_links":{"self":[{"href":"https:\/\/vosgesinfo.fr\/saintdieinfo\/wp-json\/wp\/v2\/posts\/38097","targetHints":{"allow":["GET"]}}],"collection":[{"href":"https:\/\/vosgesinfo.fr\/saintdieinfo\/wp-json\/wp\/v2\/posts"}],"about":[{"href":"https:\/\/vosgesinfo.fr\/saintdieinfo\/wp-json\/wp\/v2\/types\/post"}],"author":[{"embeddable":true,"href":"https:\/\/vosgesinfo.fr\/saintdieinfo\/wp-json\/wp\/v2\/users\/44"}],"replies":[{"embeddable":true,"href":"https:\/\/vosgesinfo.fr\/saintdieinfo\/wp-json\/wp\/v2\/comments?post=38097"}],"version-history":[{"count":0,"href":"https:\/\/vosgesinfo.fr\/saintdieinfo\/wp-json\/wp\/v2\/posts\/38097\/revisions"}],"wp:featuredmedia":[{"embeddable":true,"href":"https:\/\/vosgesinfo.fr\/saintdieinfo\/wp-json\/wp\/v2\/media\/38098"}],"wp:attachment":[{"href":"https:\/\/vosgesinfo.fr\/saintdieinfo\/wp-json\/wp\/v2\/media?parent=38097"}],"wp:term":[{"taxonomy":"category","embeddable":true,"href":"https:\/\/vosgesinfo.fr\/saintdieinfo\/wp-json\/wp\/v2\/categories?post=38097"},{"taxonomy":"post_tag","embeddable":true,"href":"https:\/\/vosgesinfo.fr\/saintdieinfo\/wp-json\/wp\/v2\/tags?post=38097"}],"curies":[{"name":"wp","href":"https:\/\/api.w.org\/{rel}","templated":true}]}}