{"id":38105,"date":"2019-09-14T06:00:32","date_gmt":"2019-09-14T04:00:32","guid":{"rendered":"https:\/\/vosgesinfo.fr\/saintdieinfo\/2019\/09\/journees-nature-patrimoine-a-chapelle-saint-roch\/"},"modified":"2019-09-14T06:00:32","modified_gmt":"2019-09-14T04:00:32","slug":"journees-nature-patrimoine-a-chapelle-saint-roch","status":"publish","type":"post","link":"https:\/\/vosgesinfo.fr\/saintdieinfo\/2019\/09\/journees-nature-patrimoine-a-chapelle-saint-roch\/","title":{"rendered":"Journ\u00e9es nature et patrimoine \u00e0 la chapelle Saint-Roch"},"content":{"rendered":"<h2><strong><span style=\"font-family: Calibri, sans-serif;\"><span style=\"font-size: large;\">Dans le cadre des prochaines Journ\u00e9es Europ\u00e9ennes du Patrimoine, qui se tiendront les samedi 21 et dimanche 22 septembre, l&rsquo;association des Jardins de la Chapelle organisent un week-end plac\u00e9 sous le signe de la nature du patrimoine, avec 4 artistes \u00e0 d\u00e9couvrir de 14h \u00e0 18h. Respectivement Martine Hollard (c\u00e9ramiste); Madeleine Mangin (tapissi\u00e8re); Fabrice Podvin (tapissier et sculpteur de crin); Benjamin Lerousseau (\u00e9beniste et mensuier en si\u00e8ges).<\/span><\/span><\/strong><\/h2>\n<p><a href=\"\/2019\/09\/JEP_2019_Jardins_Chapelle_Saint-Roch_Affiche.jpg\" target=\"_blank\" rel=\"noopener\"><img decoding=\"async\" class=\"aligncenter wp-image-144336 size-large\" src=\"\/2019\/09\/JEP_2019_Jardins_Chapelle_Saint-Roch_Affiche-724x1024.jpg\" alt=\"JEP_2019_Jardins_Chapelle_Saint-Roch_Affiche\" width=\"724\" height=\"1024\" \/><\/a><\/p>\n","protected":false},"excerpt":{"rendered":"<p>Dans le cadre des prochaines Journ\u00e9es Europ\u00e9ennes du Patrimoine, qui se tiendront les samedi 21 et dimanche 22 septembre, l&rsquo;association [&hellip;]<\/p>\n","protected":false},"author":46,"featured_media":38106,"comment_status":"open","ping_status":"open","sticky":false,"template":"","format":"standard","meta":{"footnotes":""},"categories":[3900,2915,17],"tags":[7419,3019,7420,7421,2163,7422,7423],"class_list":["post-38105","post","type-post","status-publish","format-standard","has-post-thumbnail","hentry","category-breves","category-saint-die-son-canton","category-vie-associative","tag-benjamin-lerousseau","tag-chapelle-saint-roch","tag-fabrice-podvin","tag-jardins-de-la-chapelle","tag-journees-europeennes-du-patrimoine","tag-madeleine-mangin","tag-martine-hollard"],"acf":[],"yoast_head":"<!-- This site is optimized with the Yoast SEO plugin v22.5 - https:\/\/yoast.com\/wordpress\/plugins\/seo\/ -->\n<title>Journ\u00e9es nature et patrimoine \u00e0 la chapelle Saint-Roch - Saint Die Info<\/title>\n<meta name=\"robots\" content=\"index, follow, max-snippet:-1, max-image-preview:large, max-video-preview:-1\" \/>\n<link rel=\"canonical\" href=\"https:\/\/vosgesinfo.fr\/saintdieinfo\/2019\/09\/journees-nature-patrimoine-a-chapelle-saint-roch\/\" \/>\n<meta name=\"twitter:card\" content=\"summary_large_image\" \/>\n<meta name=\"twitter:title\" content=\"Journ\u00e9es nature et patrimoine \u00e0 la chapelle Saint-Roch - Saint Die Info\" \/>\n<meta name=\"twitter:description\" content=\"Dans le cadre des prochaines Journ\u00e9es Europ\u00e9ennes du Patrimoine, qui se tiendront les samedi 21 et dimanche 22 septembre, l&rsquo;association [&hellip;]\" \/>\n<meta name=\"twitter:image\" content=\"https:\/\/vosgesinfo.fr\/app\/uploads\/sites\/4\/2024\/08\/201909jep-2019-jardins-chapelle-saint-roch-affiche.jpg\" \/>\n<meta name=\"twitter:creator\" content=\"@VosgesInfo88\" \/>\n<meta name=\"twitter:site\" content=\"@VosgesInfo88\" \/>\n<meta name=\"twitter:label1\" content=\"\u00c9crit par\" \/>\n\t<meta name=\"twitter:data1\" content=\"J.J.\" \/>\n<script type=\"application\/ld+json\" class=\"yoast-schema-graph\">{\"@context\":\"https:\/\/schema.org\",\"@graph\":[{\"@type\":\"Article\",\"@id\":\"https:\/\/vosgesinfo.fr\/saintdieinfo\/2019\/09\/journees-nature-patrimoine-a-chapelle-saint-roch\/#article\",\"isPartOf\":{\"@id\":\"https:\/\/vosgesinfo.fr\/saintdieinfo\/2019\/09\/journees-nature-patrimoine-a-chapelle-saint-roch\/\"},\"author\":{\"name\":\"J.J.\",\"@id\":\"https:\/\/vosgesinfo.fr\/saintdieinfo\/#\/schema\/person\/fa73e9f726d67bb88f46d5b7943cb572\"},\"headline\":\"Journ\u00e9es nature et patrimoine \u00e0 la chapelle Saint-Roch\",\"datePublished\":\"2019-09-14T04:00:32+00:00\",\"dateModified\":\"2019-09-14T04:00:32+00:00\",\"mainEntityOfPage\":{\"@id\":\"https:\/\/vosgesinfo.fr\/saintdieinfo\/2019\/09\/journees-nature-patrimoine-a-chapelle-saint-roch\/\"},\"wordCount\":77,\"commentCount\":0,\"publisher\":{\"@id\":\"https:\/\/vosgesinfo.fr\/saintdieinfo\/#organization\"},\"image\":{\"@id\":\"https:\/\/vosgesinfo.fr\/saintdieinfo\/2019\/09\/journees-nature-patrimoine-a-chapelle-saint-roch\/#primaryimage\"},\"thumbnailUrl\":\"https:\/\/vosgesinfo.fr\/app\/uploads\/sites\/4\/2024\/08\/201909jep-2019-jardins-chapelle-saint-roch-affiche.jpg\",\"keywords\":[\"Benjamin Lerousseau\",\"Chapelle Saint-Roch\",\"Fabrice Podvin\",\"Jardins de la Chapelle\",\"journ\u00e9es europ\u00e9ennes du patrimoine\",\"Madeleine Mangin\",\"Martine Hollard\"],\"articleSection\":[\"Br\u00e8ves\",\"Saint-Di\u00e9-des-Vosges et son Agglom\u00e9ration\",\"Vie Associative\"],\"inLanguage\":\"fr-FR\",\"potentialAction\":[{\"@type\":\"CommentAction\",\"name\":\"Comment\",\"target\":[\"https:\/\/vosgesinfo.fr\/saintdieinfo\/2019\/09\/journees-nature-patrimoine-a-chapelle-saint-roch\/#respond\"]}]},{\"@type\":\"WebPage\",\"@id\":\"https:\/\/vosgesinfo.fr\/saintdieinfo\/2019\/09\/journees-nature-patrimoine-a-chapelle-saint-roch\/\",\"url\":\"https:\/\/vosgesinfo.fr\/saintdieinfo\/2019\/09\/journees-nature-patrimoine-a-chapelle-saint-roch\/\",\"name\":\"Journ\u00e9es nature et patrimoine \u00e0 la chapelle Saint-Roch - Saint Die Info\",\"isPartOf\":{\"@id\":\"https:\/\/vosgesinfo.fr\/saintdieinfo\/#website\"},\"primaryImageOfPage\":{\"@id\":\"https:\/\/vosgesinfo.fr\/saintdieinfo\/2019\/09\/journees-nature-patrimoine-a-chapelle-saint-roch\/#primaryimage\"},\"image\":{\"@id\":\"https:\/\/vosgesinfo.fr\/saintdieinfo\/2019\/09\/journees-nature-patrimoine-a-chapelle-saint-roch\/#primaryimage\"},\"thumbnailUrl\":\"https:\/\/vosgesinfo.fr\/app\/uploads\/sites\/4\/2024\/08\/201909jep-2019-jardins-chapelle-saint-roch-affiche.jpg\",\"datePublished\":\"2019-09-14T04:00:32+00:00\",\"dateModified\":\"2019-09-14T04:00:32+00:00\",\"breadcrumb\":{\"@id\":\"https:\/\/vosgesinfo.fr\/saintdieinfo\/2019\/09\/journees-nature-patrimoine-a-chapelle-saint-roch\/#breadcrumb\"},\"inLanguage\":\"fr-FR\",\"potentialAction\":[{\"@type\":\"ReadAction\",\"target\":[\"https:\/\/vosgesinfo.fr\/saintdieinfo\/2019\/09\/journees-nature-patrimoine-a-chapelle-saint-roch\/\"]}]},{\"@type\":\"ImageObject\",\"inLanguage\":\"fr-FR\",\"@id\":\"https:\/\/vosgesinfo.fr\/saintdieinfo\/2019\/09\/journees-nature-patrimoine-a-chapelle-saint-roch\/#primaryimage\",\"url\":\"https:\/\/vosgesinfo.fr\/app\/uploads\/sites\/4\/2024\/08\/201909jep-2019-jardins-chapelle-saint-roch-affiche.jpg\",\"contentUrl\":\"https:\/\/vosgesinfo.fr\/app\/uploads\/sites\/4\/2024\/08\/201909jep-2019-jardins-chapelle-saint-roch-affiche.jpg\",\"width\":1169,\"height\":1654},{\"@type\":\"BreadcrumbList\",\"@id\":\"https:\/\/vosgesinfo.fr\/saintdieinfo\/2019\/09\/journees-nature-patrimoine-a-chapelle-saint-roch\/#breadcrumb\",\"itemListElement\":[{\"@type\":\"ListItem\",\"position\":1,\"name\":\"Home\",\"item\":\"https:\/\/vosgesinfo.fr\/saintdieinfo\/\"},{\"@type\":\"ListItem\",\"position\":2,\"name\":\"Journ\u00e9es nature et patrimoine \u00e0 la chapelle Saint-Roch\"}]},{\"@type\":\"WebSite\",\"@id\":\"https:\/\/vosgesinfo.fr\/saintdieinfo\/#website\",\"url\":\"https:\/\/vosgesinfo.fr\/saintdieinfo\/\",\"name\":\"Saint Die Info\",\"description\":\"Toute l&#039;actualit\u00e9 de Saint-Di\u00e9-Des-Vosges\",\"publisher\":{\"@id\":\"https:\/\/vosgesinfo.fr\/saintdieinfo\/#organization\"},\"alternateName\":\"Toute l'actualit\u00e9 de Saint-Di\u00e9-Des-Vosges\",\"potentialAction\":[{\"@type\":\"SearchAction\",\"target\":{\"@type\":\"EntryPoint\",\"urlTemplate\":\"https:\/\/vosgesinfo.fr\/saintdieinfo\/?s={search_term_string}\"},\"query-input\":\"required name=search_term_string\"}],\"inLanguage\":\"fr-FR\"},{\"@type\":\"Organization\",\"@id\":\"https:\/\/vosgesinfo.fr\/saintdieinfo\/#organization\",\"name\":\"Saint Die Info\",\"url\":\"https:\/\/vosgesinfo.fr\/saintdieinfo\/\",\"logo\":{\"@type\":\"ImageObject\",\"inLanguage\":\"fr-FR\",\"@id\":\"https:\/\/vosgesinfo.fr\/saintdieinfo\/#\/schema\/logo\/image\/\",\"url\":\"https:\/\/vosgesinfo.fr\/app\/uploads\/sites\/4\/2024\/02\/logo-sdi.jpg\",\"contentUrl\":\"https:\/\/vosgesinfo.fr\/app\/uploads\/sites\/4\/2024\/02\/logo-sdi.jpg\",\"width\":600,\"height\":600,\"caption\":\"Saint Die Info\"},\"image\":{\"@id\":\"https:\/\/vosgesinfo.fr\/saintdieinfo\/#\/schema\/logo\/image\/\"},\"sameAs\":[\"https:\/\/www.facebook.com\/Saintdieinfofr\",\"https:\/\/x.com\/VosgesInfo88\",\"https:\/\/www.youtube.com\/@vosgesinfo\"]},{\"@type\":\"Person\",\"@id\":\"https:\/\/vosgesinfo.fr\/saintdieinfo\/#\/schema\/person\/fa73e9f726d67bb88f46d5b7943cb572\",\"name\":\"J.J.\",\"image\":{\"@type\":\"ImageObject\",\"inLanguage\":\"fr-FR\",\"@id\":\"https:\/\/vosgesinfo.fr\/saintdieinfo\/#\/schema\/person\/image\/\",\"url\":\"https:\/\/secure.gravatar.com\/avatar\/219e749e47ffbcca018a360ae4add7d4cdf1cdaaf8bc7676b27efade3fe65615?s=96&d=mm&r=g\",\"contentUrl\":\"https:\/\/secure.gravatar.com\/avatar\/219e749e47ffbcca018a360ae4add7d4cdf1cdaaf8bc7676b27efade3fe65615?s=96&d=mm&r=g\",\"caption\":\"J.J.\"},\"url\":\"https:\/\/vosgesinfo.fr\/saintdieinfo\/author\/j-j\/\"}]}<\/script>\n<!-- \/ Yoast SEO plugin. -->","yoast_head_json":{"title":"Journ\u00e9es nature et patrimoine \u00e0 la chapelle Saint-Roch - Saint Die Info","robots":{"index":"index","follow":"follow","max-snippet":"max-snippet:-1","max-image-preview":"max-image-preview:large","max-video-preview":"max-video-preview:-1"},"canonical":"https:\/\/vosgesinfo.fr\/saintdieinfo\/2019\/09\/journees-nature-patrimoine-a-chapelle-saint-roch\/","twitter_card":"summary_large_image","twitter_title":"Journ\u00e9es nature et patrimoine \u00e0 la chapelle Saint-Roch - Saint Die Info","twitter_description":"Dans le cadre des prochaines Journ\u00e9es Europ\u00e9ennes du Patrimoine, qui se tiendront les samedi 21 et dimanche 22 septembre, l&rsquo;association [&hellip;]","twitter_image":"https:\/\/vosgesinfo.fr\/app\/uploads\/sites\/4\/2024\/08\/201909jep-2019-jardins-chapelle-saint-roch-affiche.jpg","twitter_creator":"@VosgesInfo88","twitter_site":"@VosgesInfo88","twitter_misc":{"\u00c9crit par":"J.J."},"schema":{"@context":"https:\/\/schema.org","@graph":[{"@type":"Article","@id":"https:\/\/vosgesinfo.fr\/saintdieinfo\/2019\/09\/journees-nature-patrimoine-a-chapelle-saint-roch\/#article","isPartOf":{"@id":"https:\/\/vosgesinfo.fr\/saintdieinfo\/2019\/09\/journees-nature-patrimoine-a-chapelle-saint-roch\/"},"author":{"name":"J.J.","@id":"https:\/\/vosgesinfo.fr\/saintdieinfo\/#\/schema\/person\/fa73e9f726d67bb88f46d5b7943cb572"},"headline":"Journ\u00e9es nature et patrimoine \u00e0 la chapelle Saint-Roch","datePublished":"2019-09-14T04:00:32+00:00","dateModified":"2019-09-14T04:00:32+00:00","mainEntityOfPage":{"@id":"https:\/\/vosgesinfo.fr\/saintdieinfo\/2019\/09\/journees-nature-patrimoine-a-chapelle-saint-roch\/"},"wordCount":77,"commentCount":0,"publisher":{"@id":"https:\/\/vosgesinfo.fr\/saintdieinfo\/#organization"},"image":{"@id":"https:\/\/vosgesinfo.fr\/saintdieinfo\/2019\/09\/journees-nature-patrimoine-a-chapelle-saint-roch\/#primaryimage"},"thumbnailUrl":"https:\/\/vosgesinfo.fr\/app\/uploads\/sites\/4\/2024\/08\/201909jep-2019-jardins-chapelle-saint-roch-affiche.jpg","keywords":["Benjamin Lerousseau","Chapelle Saint-Roch","Fabrice Podvin","Jardins de la Chapelle","journ\u00e9es europ\u00e9ennes du patrimoine","Madeleine Mangin","Martine Hollard"],"articleSection":["Br\u00e8ves","Saint-Di\u00e9-des-Vosges et son Agglom\u00e9ration","Vie Associative"],"inLanguage":"fr-FR","potentialAction":[{"@type":"CommentAction","name":"Comment","target":["https:\/\/vosgesinfo.fr\/saintdieinfo\/2019\/09\/journees-nature-patrimoine-a-chapelle-saint-roch\/#respond"]}]},{"@type":"WebPage","@id":"https:\/\/vosgesinfo.fr\/saintdieinfo\/2019\/09\/journees-nature-patrimoine-a-chapelle-saint-roch\/","url":"https:\/\/vosgesinfo.fr\/saintdieinfo\/2019\/09\/journees-nature-patrimoine-a-chapelle-saint-roch\/","name":"Journ\u00e9es nature et patrimoine \u00e0 la chapelle Saint-Roch - Saint Die Info","isPartOf":{"@id":"https:\/\/vosgesinfo.fr\/saintdieinfo\/#website"},"primaryImageOfPage":{"@id":"https:\/\/vosgesinfo.fr\/saintdieinfo\/2019\/09\/journees-nature-patrimoine-a-chapelle-saint-roch\/#primaryimage"},"image":{"@id":"https:\/\/vosgesinfo.fr\/saintdieinfo\/2019\/09\/journees-nature-patrimoine-a-chapelle-saint-roch\/#primaryimage"},"thumbnailUrl":"https:\/\/vosgesinfo.fr\/app\/uploads\/sites\/4\/2024\/08\/201909jep-2019-jardins-chapelle-saint-roch-affiche.jpg","datePublished":"2019-09-14T04:00:32+00:00","dateModified":"2019-09-14T04:00:32+00:00","breadcrumb":{"@id":"https:\/\/vosgesinfo.fr\/saintdieinfo\/2019\/09\/journees-nature-patrimoine-a-chapelle-saint-roch\/#breadcrumb"},"inLanguage":"fr-FR","potentialAction":[{"@type":"ReadAction","target":["https:\/\/vosgesinfo.fr\/saintdieinfo\/2019\/09\/journees-nature-patrimoine-a-chapelle-saint-roch\/"]}]},{"@type":"ImageObject","inLanguage":"fr-FR","@id":"https:\/\/vosgesinfo.fr\/saintdieinfo\/2019\/09\/journees-nature-patrimoine-a-chapelle-saint-roch\/#primaryimage","url":"https:\/\/vosgesinfo.fr\/app\/uploads\/sites\/4\/2024\/08\/201909jep-2019-jardins-chapelle-saint-roch-affiche.jpg","contentUrl":"https:\/\/vosgesinfo.fr\/app\/uploads\/sites\/4\/2024\/08\/201909jep-2019-jardins-chapelle-saint-roch-affiche.jpg","width":1169,"height":1654},{"@type":"BreadcrumbList","@id":"https:\/\/vosgesinfo.fr\/saintdieinfo\/2019\/09\/journees-nature-patrimoine-a-chapelle-saint-roch\/#breadcrumb","itemListElement":[{"@type":"ListItem","position":1,"name":"Home","item":"https:\/\/vosgesinfo.fr\/saintdieinfo\/"},{"@type":"ListItem","position":2,"name":"Journ\u00e9es nature et patrimoine \u00e0 la chapelle Saint-Roch"}]},{"@type":"WebSite","@id":"https:\/\/vosgesinfo.fr\/saintdieinfo\/#website","url":"https:\/\/vosgesinfo.fr\/saintdieinfo\/","name":"Saint Die Info","description":"Toute l&#039;actualit\u00e9 de Saint-Di\u00e9-Des-Vosges","publisher":{"@id":"https:\/\/vosgesinfo.fr\/saintdieinfo\/#organization"},"alternateName":"Toute l'actualit\u00e9 de Saint-Di\u00e9-Des-Vosges","potentialAction":[{"@type":"SearchAction","target":{"@type":"EntryPoint","urlTemplate":"https:\/\/vosgesinfo.fr\/saintdieinfo\/?s={search_term_string}"},"query-input":"required name=search_term_string"}],"inLanguage":"fr-FR"},{"@type":"Organization","@id":"https:\/\/vosgesinfo.fr\/saintdieinfo\/#organization","name":"Saint Die Info","url":"https:\/\/vosgesinfo.fr\/saintdieinfo\/","logo":{"@type":"ImageObject","inLanguage":"fr-FR","@id":"https:\/\/vosgesinfo.fr\/saintdieinfo\/#\/schema\/logo\/image\/","url":"https:\/\/vosgesinfo.fr\/app\/uploads\/sites\/4\/2024\/02\/logo-sdi.jpg","contentUrl":"https:\/\/vosgesinfo.fr\/app\/uploads\/sites\/4\/2024\/02\/logo-sdi.jpg","width":600,"height":600,"caption":"Saint Die Info"},"image":{"@id":"https:\/\/vosgesinfo.fr\/saintdieinfo\/#\/schema\/logo\/image\/"},"sameAs":["https:\/\/www.facebook.com\/Saintdieinfofr","https:\/\/x.com\/VosgesInfo88","https:\/\/www.youtube.com\/@vosgesinfo"]},{"@type":"Person","@id":"https:\/\/vosgesinfo.fr\/saintdieinfo\/#\/schema\/person\/fa73e9f726d67bb88f46d5b7943cb572","name":"J.J.","image":{"@type":"ImageObject","inLanguage":"fr-FR","@id":"https:\/\/vosgesinfo.fr\/saintdieinfo\/#\/schema\/person\/image\/","url":"https:\/\/secure.gravatar.com\/avatar\/219e749e47ffbcca018a360ae4add7d4cdf1cdaaf8bc7676b27efade3fe65615?s=96&d=mm&r=g","contentUrl":"https:\/\/secure.gravatar.com\/avatar\/219e749e47ffbcca018a360ae4add7d4cdf1cdaaf8bc7676b27efade3fe65615?s=96&d=mm&r=g","caption":"J.J."},"url":"https:\/\/vosgesinfo.fr\/saintdieinfo\/author\/j-j\/"}]}},"_links":{"self":[{"href":"https:\/\/vosgesinfo.fr\/saintdieinfo\/wp-json\/wp\/v2\/posts\/38105","targetHints":{"allow":["GET"]}}],"collection":[{"href":"https:\/\/vosgesinfo.fr\/saintdieinfo\/wp-json\/wp\/v2\/posts"}],"about":[{"href":"https:\/\/vosgesinfo.fr\/saintdieinfo\/wp-json\/wp\/v2\/types\/post"}],"author":[{"embeddable":true,"href":"https:\/\/vosgesinfo.fr\/saintdieinfo\/wp-json\/wp\/v2\/users\/46"}],"replies":[{"embeddable":true,"href":"https:\/\/vosgesinfo.fr\/saintdieinfo\/wp-json\/wp\/v2\/comments?post=38105"}],"version-history":[{"count":0,"href":"https:\/\/vosgesinfo.fr\/saintdieinfo\/wp-json\/wp\/v2\/posts\/38105\/revisions"}],"wp:featuredmedia":[{"embeddable":true,"href":"https:\/\/vosgesinfo.fr\/saintdieinfo\/wp-json\/wp\/v2\/media\/38106"}],"wp:attachment":[{"href":"https:\/\/vosgesinfo.fr\/saintdieinfo\/wp-json\/wp\/v2\/media?parent=38105"}],"wp:term":[{"taxonomy":"category","embeddable":true,"href":"https:\/\/vosgesinfo.fr\/saintdieinfo\/wp-json\/wp\/v2\/categories?post=38105"},{"taxonomy":"post_tag","embeddable":true,"href":"https:\/\/vosgesinfo.fr\/saintdieinfo\/wp-json\/wp\/v2\/tags?post=38105"}],"curies":[{"name":"wp","href":"https:\/\/api.w.org\/{rel}","templated":true}]}}