{"id":38114,"date":"2019-09-15T10:00:51","date_gmt":"2019-09-15T08:00:51","guid":{"rendered":"https:\/\/vosgesinfo.fr\/saintdieinfo\/2019\/09\/ban-meurthe-clefcy-visites-contes-lancoir-journees-europeennes-patrimoine\/"},"modified":"2019-09-15T10:00:51","modified_gmt":"2019-09-15T08:00:51","slug":"ban-meurthe-clefcy-visites-contes-lancoir-journees-europeennes-patrimoine","status":"publish","type":"post","link":"https:\/\/vosgesinfo.fr\/saintdieinfo\/2019\/09\/ban-meurthe-clefcy-visites-contes-lancoir-journees-europeennes-patrimoine\/","title":{"rendered":"Ban-sur-Meurthe-Clefcy \u2013 Visites et contes au Lan\u00e7oir pour les Journ\u00e9es Europ\u00e9ennes du Patrimoine"},"content":{"rendered":"<h2><span style=\"font-size: 14pt;\"><strong>Dans le cadre des prochaines Journ\u00e9es Europ\u00e9ennes du Patrimoine, l&rsquo;association le Lan\u00e7oir organise des animations gratuites et ouvertes \u00e0 tous \u00e0 la Scierie du Lan\u00e7oir de Ban-sur-Meurthe-Clefcy.<\/strong><\/span><\/h2>\n<p><!--more--><\/p>\n<ul>\n<li><span style=\"text-decoration: underline;\"><strong>Samedi 21 septembre :<\/strong><\/span> \u00e0 14h et 15h30, visite de la scierie et d\u00e9monstration de sciage avec le Haut-Fer.<\/li>\n<li><strong>Dimanche 22 septembre :<\/strong> \u00e0 15h00, l\u2019association \u00ab lire et faire lire \u00bb de Saint-Di\u00e9-des-Vosges propose les \u00ab frissons litt\u00e9raires du Lan\u00e7oir \u00bb avec la pr\u00e9sentation de textes de P. Pelot, R. Marx, et des conteurs du Lan\u00e7oir, en particulier F. Maubr\u00e9 ainsi qu\u2019un conte de D\u00e9d\u00e9 Gros Nez.(?)<\/li>\n<\/ul>\n<p>Une musicienne Nahalia animera les interludes. Les illustrations des textes par les pastels de D. Caland, par les aquarelles de R Grandjean et les gouaches des jeunes \u00a0de la SifPro, ainsi que par les photographies de J. Michel seront projet\u00e9es par vid\u00e9o-projecteur.<\/p>\n<p><a href=\"\/2019\/09\/Animations-22-09-2019.1.jpg\"><img decoding=\"async\" class=\"alignnone size-large wp-image-144352\" src=\"\/2019\/09\/Animations-22-09-2019.1-1024x576.jpg\" alt=\"Animations-22-09-2019.1\" width=\"960\" height=\"540\" \/><\/a><\/p>\n<p><strong>Scierie du Lan\u00e7oir &#8211; D\u00e9fil\u00e9 de Straiture , RD73 &#8211; 88230 Ban-sur-Meurthe-Clefcy.<\/strong><\/p>\n","protected":false},"excerpt":{"rendered":"<p>Dans le cadre des prochaines Journ\u00e9es Europ\u00e9ennes du Patrimoine, l&rsquo;association le Lan\u00e7oir organise des animations gratuites et ouvertes \u00e0 tous [&hellip;]<\/p>\n","protected":false},"author":44,"featured_media":38115,"comment_status":"open","ping_status":"open","sticky":false,"template":"","format":"standard","meta":{"footnotes":""},"categories":[3900,20,2915,17],"tags":[3822,7425,7368,4351],"class_list":["post-38114","post","type-post","status-publish","format-standard","has-post-thumbnail","hentry","category-breves","category-loisirs","category-saint-die-son-canton","category-vie-associative","tag-ban-sur-meurthe-clefcy","tag-contes-vosgiens","tag-journees-europeennes-du-patrimoine-2019","tag-visites-guidees"],"acf":[],"yoast_head":"<!-- This site is optimized with the Yoast SEO plugin v22.5 - https:\/\/yoast.com\/wordpress\/plugins\/seo\/ -->\n<title>Ban-sur-Meurthe-Clefcy \u2013 Visites et contes au Lan\u00e7oir pour les Journ\u00e9es Europ\u00e9ennes du Patrimoine - Saint Die Info<\/title>\n<meta name=\"robots\" content=\"index, follow, max-snippet:-1, max-image-preview:large, max-video-preview:-1\" \/>\n<link rel=\"canonical\" href=\"https:\/\/vosgesinfo.fr\/saintdieinfo\/2019\/09\/ban-meurthe-clefcy-visites-contes-lancoir-journees-europeennes-patrimoine\/\" \/>\n<meta name=\"twitter:card\" content=\"summary_large_image\" \/>\n<meta name=\"twitter:title\" content=\"Ban-sur-Meurthe-Clefcy \u2013 Visites et contes au Lan\u00e7oir pour les Journ\u00e9es Europ\u00e9ennes du Patrimoine - Saint Die Info\" \/>\n<meta name=\"twitter:description\" content=\"Dans le cadre des prochaines Journ\u00e9es Europ\u00e9ennes du Patrimoine, l&rsquo;association le Lan\u00e7oir organise des animations gratuites et ouvertes \u00e0 tous [&hellip;]\" \/>\n<meta name=\"twitter:image\" content=\"https:\/\/vosgesinfo.fr\/app\/uploads\/sites\/4\/2024\/08\/201909animations-22-09-2019.1.jpg\" \/>\n<meta name=\"twitter:creator\" content=\"@VosgesInfo88\" \/>\n<meta name=\"twitter:site\" content=\"@VosgesInfo88\" \/>\n<meta name=\"twitter:label1\" content=\"\u00c9crit par\" \/>\n\t<meta name=\"twitter:data1\" content=\"la r\u00e9daction\" \/>\n\t<meta name=\"twitter:label2\" content=\"Dur\u00e9e de lecture estim\u00e9e\" \/>\n\t<meta name=\"twitter:data2\" content=\"1 minute\" \/>\n<script type=\"application\/ld+json\" class=\"yoast-schema-graph\">{\"@context\":\"https:\/\/schema.org\",\"@graph\":[{\"@type\":\"Article\",\"@id\":\"https:\/\/vosgesinfo.fr\/saintdieinfo\/2019\/09\/ban-meurthe-clefcy-visites-contes-lancoir-journees-europeennes-patrimoine\/#article\",\"isPartOf\":{\"@id\":\"https:\/\/vosgesinfo.fr\/saintdieinfo\/2019\/09\/ban-meurthe-clefcy-visites-contes-lancoir-journees-europeennes-patrimoine\/\"},\"author\":{\"name\":\"la r\u00e9daction\",\"@id\":\"https:\/\/vosgesinfo.fr\/saintdieinfo\/#\/schema\/person\/faee6704a21f3977511db84bd1cd450f\"},\"headline\":\"Ban-sur-Meurthe-Clefcy \u2013 Visites et contes au Lan\u00e7oir pour les Journ\u00e9es Europ\u00e9ennes du Patrimoine\",\"datePublished\":\"2019-09-15T08:00:51+00:00\",\"dateModified\":\"2019-09-15T08:00:51+00:00\",\"mainEntityOfPage\":{\"@id\":\"https:\/\/vosgesinfo.fr\/saintdieinfo\/2019\/09\/ban-meurthe-clefcy-visites-contes-lancoir-journees-europeennes-patrimoine\/\"},\"wordCount\":168,\"commentCount\":0,\"publisher\":{\"@id\":\"https:\/\/vosgesinfo.fr\/saintdieinfo\/#organization\"},\"image\":{\"@id\":\"https:\/\/vosgesinfo.fr\/saintdieinfo\/2019\/09\/ban-meurthe-clefcy-visites-contes-lancoir-journees-europeennes-patrimoine\/#primaryimage\"},\"thumbnailUrl\":\"https:\/\/vosgesinfo.fr\/app\/uploads\/sites\/4\/2024\/08\/201909animations-22-09-2019.1.jpg\",\"keywords\":[\"Ban-sur-Meurthe-Clefcy\",\"Contes vosgiens\",\"Journ\u00e9es Europ\u00e9ennes du Patrimoine 2019\",\"Visites guid\u00e9es\"],\"articleSection\":[\"Br\u00e8ves\",\"Loisirs\",\"Saint-Di\u00e9-des-Vosges et son Agglom\u00e9ration\",\"Vie Associative\"],\"inLanguage\":\"fr-FR\",\"potentialAction\":[{\"@type\":\"CommentAction\",\"name\":\"Comment\",\"target\":[\"https:\/\/vosgesinfo.fr\/saintdieinfo\/2019\/09\/ban-meurthe-clefcy-visites-contes-lancoir-journees-europeennes-patrimoine\/#respond\"]}]},{\"@type\":\"WebPage\",\"@id\":\"https:\/\/vosgesinfo.fr\/saintdieinfo\/2019\/09\/ban-meurthe-clefcy-visites-contes-lancoir-journees-europeennes-patrimoine\/\",\"url\":\"https:\/\/vosgesinfo.fr\/saintdieinfo\/2019\/09\/ban-meurthe-clefcy-visites-contes-lancoir-journees-europeennes-patrimoine\/\",\"name\":\"Ban-sur-Meurthe-Clefcy \u2013 Visites et contes au Lan\u00e7oir pour les Journ\u00e9es Europ\u00e9ennes du Patrimoine - Saint Die Info\",\"isPartOf\":{\"@id\":\"https:\/\/vosgesinfo.fr\/saintdieinfo\/#website\"},\"primaryImageOfPage\":{\"@id\":\"https:\/\/vosgesinfo.fr\/saintdieinfo\/2019\/09\/ban-meurthe-clefcy-visites-contes-lancoir-journees-europeennes-patrimoine\/#primaryimage\"},\"image\":{\"@id\":\"https:\/\/vosgesinfo.fr\/saintdieinfo\/2019\/09\/ban-meurthe-clefcy-visites-contes-lancoir-journees-europeennes-patrimoine\/#primaryimage\"},\"thumbnailUrl\":\"https:\/\/vosgesinfo.fr\/app\/uploads\/sites\/4\/2024\/08\/201909animations-22-09-2019.1.jpg\",\"datePublished\":\"2019-09-15T08:00:51+00:00\",\"dateModified\":\"2019-09-15T08:00:51+00:00\",\"breadcrumb\":{\"@id\":\"https:\/\/vosgesinfo.fr\/saintdieinfo\/2019\/09\/ban-meurthe-clefcy-visites-contes-lancoir-journees-europeennes-patrimoine\/#breadcrumb\"},\"inLanguage\":\"fr-FR\",\"potentialAction\":[{\"@type\":\"ReadAction\",\"target\":[\"https:\/\/vosgesinfo.fr\/saintdieinfo\/2019\/09\/ban-meurthe-clefcy-visites-contes-lancoir-journees-europeennes-patrimoine\/\"]}]},{\"@type\":\"ImageObject\",\"inLanguage\":\"fr-FR\",\"@id\":\"https:\/\/vosgesinfo.fr\/saintdieinfo\/2019\/09\/ban-meurthe-clefcy-visites-contes-lancoir-journees-europeennes-patrimoine\/#primaryimage\",\"url\":\"https:\/\/vosgesinfo.fr\/app\/uploads\/sites\/4\/2024\/08\/201909animations-22-09-2019.1.jpg\",\"contentUrl\":\"https:\/\/vosgesinfo.fr\/app\/uploads\/sites\/4\/2024\/08\/201909animations-22-09-2019.1.jpg\",\"width\":1565,\"height\":880},{\"@type\":\"BreadcrumbList\",\"@id\":\"https:\/\/vosgesinfo.fr\/saintdieinfo\/2019\/09\/ban-meurthe-clefcy-visites-contes-lancoir-journees-europeennes-patrimoine\/#breadcrumb\",\"itemListElement\":[{\"@type\":\"ListItem\",\"position\":1,\"name\":\"Home\",\"item\":\"https:\/\/vosgesinfo.fr\/saintdieinfo\/\"},{\"@type\":\"ListItem\",\"position\":2,\"name\":\"Ban-sur-Meurthe-Clefcy \u2013 Visites et contes au Lan\u00e7oir pour les Journ\u00e9es Europ\u00e9ennes du Patrimoine\"}]},{\"@type\":\"WebSite\",\"@id\":\"https:\/\/vosgesinfo.fr\/saintdieinfo\/#website\",\"url\":\"https:\/\/vosgesinfo.fr\/saintdieinfo\/\",\"name\":\"Saint Die Info\",\"description\":\"Toute l&#039;actualit\u00e9 de Saint-Di\u00e9-Des-Vosges\",\"publisher\":{\"@id\":\"https:\/\/vosgesinfo.fr\/saintdieinfo\/#organization\"},\"alternateName\":\"Toute l'actualit\u00e9 de Saint-Di\u00e9-Des-Vosges\",\"potentialAction\":[{\"@type\":\"SearchAction\",\"target\":{\"@type\":\"EntryPoint\",\"urlTemplate\":\"https:\/\/vosgesinfo.fr\/saintdieinfo\/?s={search_term_string}\"},\"query-input\":\"required name=search_term_string\"}],\"inLanguage\":\"fr-FR\"},{\"@type\":\"Organization\",\"@id\":\"https:\/\/vosgesinfo.fr\/saintdieinfo\/#organization\",\"name\":\"Saint Die Info\",\"url\":\"https:\/\/vosgesinfo.fr\/saintdieinfo\/\",\"logo\":{\"@type\":\"ImageObject\",\"inLanguage\":\"fr-FR\",\"@id\":\"https:\/\/vosgesinfo.fr\/saintdieinfo\/#\/schema\/logo\/image\/\",\"url\":\"https:\/\/vosgesinfo.fr\/app\/uploads\/sites\/4\/2024\/02\/logo-sdi.jpg\",\"contentUrl\":\"https:\/\/vosgesinfo.fr\/app\/uploads\/sites\/4\/2024\/02\/logo-sdi.jpg\",\"width\":600,\"height\":600,\"caption\":\"Saint Die Info\"},\"image\":{\"@id\":\"https:\/\/vosgesinfo.fr\/saintdieinfo\/#\/schema\/logo\/image\/\"},\"sameAs\":[\"https:\/\/www.facebook.com\/Saintdieinfofr\",\"https:\/\/x.com\/VosgesInfo88\",\"https:\/\/www.youtube.com\/@vosgesinfo\"]},{\"@type\":\"Person\",\"@id\":\"https:\/\/vosgesinfo.fr\/saintdieinfo\/#\/schema\/person\/faee6704a21f3977511db84bd1cd450f\",\"name\":\"la r\u00e9daction\",\"image\":{\"@type\":\"ImageObject\",\"inLanguage\":\"fr-FR\",\"@id\":\"https:\/\/vosgesinfo.fr\/saintdieinfo\/#\/schema\/person\/image\/\",\"url\":\"https:\/\/secure.gravatar.com\/avatar\/6673d8bc6a9c17fa9a453eaa3448de834fa308c2ec9635b7aa99441a7c8d2cf6?s=96&d=mm&r=g\",\"contentUrl\":\"https:\/\/secure.gravatar.com\/avatar\/6673d8bc6a9c17fa9a453eaa3448de834fa308c2ec9635b7aa99441a7c8d2cf6?s=96&d=mm&r=g\",\"caption\":\"la r\u00e9daction\"},\"url\":\"https:\/\/vosgesinfo.fr\/saintdieinfo\/author\/redac\/\"}]}<\/script>\n<!-- \/ Yoast SEO plugin. -->","yoast_head_json":{"title":"Ban-sur-Meurthe-Clefcy \u2013 Visites et contes au Lan\u00e7oir pour les Journ\u00e9es Europ\u00e9ennes du Patrimoine - Saint Die Info","robots":{"index":"index","follow":"follow","max-snippet":"max-snippet:-1","max-image-preview":"max-image-preview:large","max-video-preview":"max-video-preview:-1"},"canonical":"https:\/\/vosgesinfo.fr\/saintdieinfo\/2019\/09\/ban-meurthe-clefcy-visites-contes-lancoir-journees-europeennes-patrimoine\/","twitter_card":"summary_large_image","twitter_title":"Ban-sur-Meurthe-Clefcy \u2013 Visites et contes au Lan\u00e7oir pour les Journ\u00e9es Europ\u00e9ennes du Patrimoine - Saint Die Info","twitter_description":"Dans le cadre des prochaines Journ\u00e9es Europ\u00e9ennes du Patrimoine, l&rsquo;association le Lan\u00e7oir organise des animations gratuites et ouvertes \u00e0 tous [&hellip;]","twitter_image":"https:\/\/vosgesinfo.fr\/app\/uploads\/sites\/4\/2024\/08\/201909animations-22-09-2019.1.jpg","twitter_creator":"@VosgesInfo88","twitter_site":"@VosgesInfo88","twitter_misc":{"\u00c9crit par":"la r\u00e9daction","Dur\u00e9e de lecture estim\u00e9e":"1 minute"},"schema":{"@context":"https:\/\/schema.org","@graph":[{"@type":"Article","@id":"https:\/\/vosgesinfo.fr\/saintdieinfo\/2019\/09\/ban-meurthe-clefcy-visites-contes-lancoir-journees-europeennes-patrimoine\/#article","isPartOf":{"@id":"https:\/\/vosgesinfo.fr\/saintdieinfo\/2019\/09\/ban-meurthe-clefcy-visites-contes-lancoir-journees-europeennes-patrimoine\/"},"author":{"name":"la r\u00e9daction","@id":"https:\/\/vosgesinfo.fr\/saintdieinfo\/#\/schema\/person\/faee6704a21f3977511db84bd1cd450f"},"headline":"Ban-sur-Meurthe-Clefcy \u2013 Visites et contes au Lan\u00e7oir pour les Journ\u00e9es Europ\u00e9ennes du Patrimoine","datePublished":"2019-09-15T08:00:51+00:00","dateModified":"2019-09-15T08:00:51+00:00","mainEntityOfPage":{"@id":"https:\/\/vosgesinfo.fr\/saintdieinfo\/2019\/09\/ban-meurthe-clefcy-visites-contes-lancoir-journees-europeennes-patrimoine\/"},"wordCount":168,"commentCount":0,"publisher":{"@id":"https:\/\/vosgesinfo.fr\/saintdieinfo\/#organization"},"image":{"@id":"https:\/\/vosgesinfo.fr\/saintdieinfo\/2019\/09\/ban-meurthe-clefcy-visites-contes-lancoir-journees-europeennes-patrimoine\/#primaryimage"},"thumbnailUrl":"https:\/\/vosgesinfo.fr\/app\/uploads\/sites\/4\/2024\/08\/201909animations-22-09-2019.1.jpg","keywords":["Ban-sur-Meurthe-Clefcy","Contes vosgiens","Journ\u00e9es Europ\u00e9ennes du Patrimoine 2019","Visites guid\u00e9es"],"articleSection":["Br\u00e8ves","Loisirs","Saint-Di\u00e9-des-Vosges et son Agglom\u00e9ration","Vie Associative"],"inLanguage":"fr-FR","potentialAction":[{"@type":"CommentAction","name":"Comment","target":["https:\/\/vosgesinfo.fr\/saintdieinfo\/2019\/09\/ban-meurthe-clefcy-visites-contes-lancoir-journees-europeennes-patrimoine\/#respond"]}]},{"@type":"WebPage","@id":"https:\/\/vosgesinfo.fr\/saintdieinfo\/2019\/09\/ban-meurthe-clefcy-visites-contes-lancoir-journees-europeennes-patrimoine\/","url":"https:\/\/vosgesinfo.fr\/saintdieinfo\/2019\/09\/ban-meurthe-clefcy-visites-contes-lancoir-journees-europeennes-patrimoine\/","name":"Ban-sur-Meurthe-Clefcy \u2013 Visites et contes au Lan\u00e7oir pour les Journ\u00e9es Europ\u00e9ennes du Patrimoine - Saint Die Info","isPartOf":{"@id":"https:\/\/vosgesinfo.fr\/saintdieinfo\/#website"},"primaryImageOfPage":{"@id":"https:\/\/vosgesinfo.fr\/saintdieinfo\/2019\/09\/ban-meurthe-clefcy-visites-contes-lancoir-journees-europeennes-patrimoine\/#primaryimage"},"image":{"@id":"https:\/\/vosgesinfo.fr\/saintdieinfo\/2019\/09\/ban-meurthe-clefcy-visites-contes-lancoir-journees-europeennes-patrimoine\/#primaryimage"},"thumbnailUrl":"https:\/\/vosgesinfo.fr\/app\/uploads\/sites\/4\/2024\/08\/201909animations-22-09-2019.1.jpg","datePublished":"2019-09-15T08:00:51+00:00","dateModified":"2019-09-15T08:00:51+00:00","breadcrumb":{"@id":"https:\/\/vosgesinfo.fr\/saintdieinfo\/2019\/09\/ban-meurthe-clefcy-visites-contes-lancoir-journees-europeennes-patrimoine\/#breadcrumb"},"inLanguage":"fr-FR","potentialAction":[{"@type":"ReadAction","target":["https:\/\/vosgesinfo.fr\/saintdieinfo\/2019\/09\/ban-meurthe-clefcy-visites-contes-lancoir-journees-europeennes-patrimoine\/"]}]},{"@type":"ImageObject","inLanguage":"fr-FR","@id":"https:\/\/vosgesinfo.fr\/saintdieinfo\/2019\/09\/ban-meurthe-clefcy-visites-contes-lancoir-journees-europeennes-patrimoine\/#primaryimage","url":"https:\/\/vosgesinfo.fr\/app\/uploads\/sites\/4\/2024\/08\/201909animations-22-09-2019.1.jpg","contentUrl":"https:\/\/vosgesinfo.fr\/app\/uploads\/sites\/4\/2024\/08\/201909animations-22-09-2019.1.jpg","width":1565,"height":880},{"@type":"BreadcrumbList","@id":"https:\/\/vosgesinfo.fr\/saintdieinfo\/2019\/09\/ban-meurthe-clefcy-visites-contes-lancoir-journees-europeennes-patrimoine\/#breadcrumb","itemListElement":[{"@type":"ListItem","position":1,"name":"Home","item":"https:\/\/vosgesinfo.fr\/saintdieinfo\/"},{"@type":"ListItem","position":2,"name":"Ban-sur-Meurthe-Clefcy \u2013 Visites et contes au Lan\u00e7oir pour les Journ\u00e9es Europ\u00e9ennes du Patrimoine"}]},{"@type":"WebSite","@id":"https:\/\/vosgesinfo.fr\/saintdieinfo\/#website","url":"https:\/\/vosgesinfo.fr\/saintdieinfo\/","name":"Saint Die Info","description":"Toute l&#039;actualit\u00e9 de Saint-Di\u00e9-Des-Vosges","publisher":{"@id":"https:\/\/vosgesinfo.fr\/saintdieinfo\/#organization"},"alternateName":"Toute l'actualit\u00e9 de Saint-Di\u00e9-Des-Vosges","potentialAction":[{"@type":"SearchAction","target":{"@type":"EntryPoint","urlTemplate":"https:\/\/vosgesinfo.fr\/saintdieinfo\/?s={search_term_string}"},"query-input":"required name=search_term_string"}],"inLanguage":"fr-FR"},{"@type":"Organization","@id":"https:\/\/vosgesinfo.fr\/saintdieinfo\/#organization","name":"Saint Die Info","url":"https:\/\/vosgesinfo.fr\/saintdieinfo\/","logo":{"@type":"ImageObject","inLanguage":"fr-FR","@id":"https:\/\/vosgesinfo.fr\/saintdieinfo\/#\/schema\/logo\/image\/","url":"https:\/\/vosgesinfo.fr\/app\/uploads\/sites\/4\/2024\/02\/logo-sdi.jpg","contentUrl":"https:\/\/vosgesinfo.fr\/app\/uploads\/sites\/4\/2024\/02\/logo-sdi.jpg","width":600,"height":600,"caption":"Saint Die Info"},"image":{"@id":"https:\/\/vosgesinfo.fr\/saintdieinfo\/#\/schema\/logo\/image\/"},"sameAs":["https:\/\/www.facebook.com\/Saintdieinfofr","https:\/\/x.com\/VosgesInfo88","https:\/\/www.youtube.com\/@vosgesinfo"]},{"@type":"Person","@id":"https:\/\/vosgesinfo.fr\/saintdieinfo\/#\/schema\/person\/faee6704a21f3977511db84bd1cd450f","name":"la r\u00e9daction","image":{"@type":"ImageObject","inLanguage":"fr-FR","@id":"https:\/\/vosgesinfo.fr\/saintdieinfo\/#\/schema\/person\/image\/","url":"https:\/\/secure.gravatar.com\/avatar\/6673d8bc6a9c17fa9a453eaa3448de834fa308c2ec9635b7aa99441a7c8d2cf6?s=96&d=mm&r=g","contentUrl":"https:\/\/secure.gravatar.com\/avatar\/6673d8bc6a9c17fa9a453eaa3448de834fa308c2ec9635b7aa99441a7c8d2cf6?s=96&d=mm&r=g","caption":"la r\u00e9daction"},"url":"https:\/\/vosgesinfo.fr\/saintdieinfo\/author\/redac\/"}]}},"_links":{"self":[{"href":"https:\/\/vosgesinfo.fr\/saintdieinfo\/wp-json\/wp\/v2\/posts\/38114","targetHints":{"allow":["GET"]}}],"collection":[{"href":"https:\/\/vosgesinfo.fr\/saintdieinfo\/wp-json\/wp\/v2\/posts"}],"about":[{"href":"https:\/\/vosgesinfo.fr\/saintdieinfo\/wp-json\/wp\/v2\/types\/post"}],"author":[{"embeddable":true,"href":"https:\/\/vosgesinfo.fr\/saintdieinfo\/wp-json\/wp\/v2\/users\/44"}],"replies":[{"embeddable":true,"href":"https:\/\/vosgesinfo.fr\/saintdieinfo\/wp-json\/wp\/v2\/comments?post=38114"}],"version-history":[{"count":0,"href":"https:\/\/vosgesinfo.fr\/saintdieinfo\/wp-json\/wp\/v2\/posts\/38114\/revisions"}],"wp:featuredmedia":[{"embeddable":true,"href":"https:\/\/vosgesinfo.fr\/saintdieinfo\/wp-json\/wp\/v2\/media\/38115"}],"wp:attachment":[{"href":"https:\/\/vosgesinfo.fr\/saintdieinfo\/wp-json\/wp\/v2\/media?parent=38114"}],"wp:term":[{"taxonomy":"category","embeddable":true,"href":"https:\/\/vosgesinfo.fr\/saintdieinfo\/wp-json\/wp\/v2\/categories?post=38114"},{"taxonomy":"post_tag","embeddable":true,"href":"https:\/\/vosgesinfo.fr\/saintdieinfo\/wp-json\/wp\/v2\/tags?post=38114"}],"curies":[{"name":"wp","href":"https:\/\/api.w.org\/{rel}","templated":true}]}}