{"id":38141,"date":"2019-09-16T04:15:40","date_gmt":"2019-09-16T02:15:40","guid":{"rendered":"https:\/\/vosgesinfo.fr\/saintdieinfo\/2019\/09\/vosges-montee-ballon-2019-meilleure-editions\/"},"modified":"2019-09-16T04:15:40","modified_gmt":"2019-09-16T02:15:40","slug":"vosges-montee-ballon-2019-meilleure-editions","status":"publish","type":"post","link":"https:\/\/vosgesinfo.fr\/saintdieinfo\/2019\/09\/vosges-montee-ballon-2019-meilleure-editions\/","title":{"rendered":"Vosges \u2013 Mont\u00e9e du Ballon : 2019 la meilleure des \u00c9ditions"},"content":{"rendered":"<p><a href=\"\/2019\/09\/907.jpg\" target=\"_blank\" rel=\"noopener\"><img decoding=\"async\" class=\"aligncenter wp-image-144399 size-full\" src=\"\/2019\/09\/907.jpg\" alt=\"907\" width=\"800\" height=\"600\" \/><\/a><\/p>\n<h2><span style=\"font-size: 14pt;\"><strong>D\u00e8s le samedi, renouant avec son pass\u00e9 et bien sur le Vittel Classic Tour, l\u2019\u00e9quipe Historally avait d\u00e9cid\u00e9 d\u2019organiser ce premier Hautes Vosges Rallye, un double challenge car totalement nouveau et de plus en m\u00eame temps que la 4 \u00b0 Mont\u00e9e Historique du Ballon.<\/strong><\/span><\/h2>\n<p><!--more--><br \/>\nFaire d\u00e9couvrir la r\u00e9gion aux \u00e9quipages engag\u00e9s \u00e0 la Mont\u00e9e Historique, d\u00e9couvrir et promouvoir cette magnifique r\u00e9gion des Vosges \u00e9taient les 2 principaux objectifs, tout en conservant l\u2019esprit sport auto.<br \/>\nLa recette comprenait donc un agr\u00e9able d\u00e9part concoct\u00e9 par l\u2019\u00e9quipe de Christophe Bertrand chez Grands Moulins Autos \u00e0 Le Thillot, un arr\u00eat surprise route des cr\u00eates, histoire de boucher un petit creux, et bien sur un repas sur les bords du lac \u00e0 Gerardmer sur la terrasse du Casino Joa un must. Cot\u00e9 passion, emprunter des sp\u00e9ciales comme le c\u00e9l\u00e8bre Rainkopf souvent utilis\u00e9 par le Tour auto, ou encore faire rena\u00eetre la Course de C\u00f4te du Ph\u00e9ny \u00e0 Gerardmer ont \u00e9t\u00e9 des moments forts.<br \/>\nParmi les bons rendez vous des Hautes Vosges, nous ne pouvions \u00e9chapper \u00e0 la forte int\u00e9ressante visite de la Confiserie Bressaude, ses d\u00e9gustations dans la bonne humeur de la Famille Kieffer toujours pr\u00eate \u00e0 soutenir un \u00e9v\u00e9nement automobile, encore merci.<br \/>\nImpossible de conclure sans une remise des prix surprise, les \u00e9quipages sont repartis avec de tr\u00e8s beaux cadeaux produits et offerts par Blanc de G\u00e9rardmer un autre endroit incontournable.<br \/>\nF\u00e9licitations \u00e0 Brigitte et son \u00e9quipe, un coup de ma\u00eetre !!<\/p>\n<p>Si la pluie ne s\u2019\u00e9tait pas invit\u00e9e le dimanche apr\u00e8s midi, ce week-end aurait \u00e9t\u00e9 parfait, encore que, pour plus de 80 \u00e9quipages ces conditions m\u00e9t\u00e9o ont \u00e9t\u00e9 un r\u00e9gal\u2026 et oui les Pilotes<br \/>\nR\u00e9unir plus de 160 autos au d\u00e9part, un panel de raret\u00e9s, des pilotes de renom, et tous de vrais passionn\u00e9s, c\u2019est un pur bonheur pour les organisateurs.<\/p>\n<p>Une autre mention sp\u00e9ciale est \u00e0 porter au cr\u00e9dit de la garden party du samedi, surprenante, d\u00e9cal\u00e9e, mais qui a fait l\u2019unanimit\u00e9, merci \u00e0 l\u2019Ours Blanc traiteur \u00e0 Saint Nabord, Philippe et son \u00e9quipe avaient sorti le grand jeu !<\/p>\n<p>Un bonheur \u00e0 partager avec tous ceux qui ont permis cette manifestation, les autorit\u00e9s, les collectivit\u00e9s locales, le conseil d\u00e9partemental, la Ville de Saint Maurice sur Moselle ses \u00e9lus, ses salari\u00e9s, mais aussi toutes les villes voisines qui apportent leur contribution, les habitants de Saint Maurice sur Moselle\u00a0curieux\u00a0,accueillants, sympathiques dans leur \u00e9crasante majorit\u00e9, les Associations de Saint Maurice qui oeuvrent sur le terrain en particulier le Moto Club de David Dieudonn\u00e9, Le Ski Club de Fabrice Mangel, les b\u00e9n\u00e9voles de toutes provenances, les \u00e9quipes de s\u00e9curit\u00e9, les Directeurs et Commissaires de la FFSA indispensables, et bien sur Tous les partenaires<\/p>\n<p>Alors \u00e0 quand le prochain rendez vous ?<\/p>\n<p style=\"text-align: right;\"><strong>J-Pierre Munsch<\/strong><\/p>\n","protected":false},"excerpt":{"rendered":"<p>D\u00e8s le samedi, renouant avec son pass\u00e9 et bien sur le Vittel Classic Tour, l\u2019\u00e9quipe Historally avait d\u00e9cid\u00e9 d\u2019organiser ce [&hellip;]<\/p>\n","protected":false},"author":44,"featured_media":38142,"comment_status":"open","ping_status":"open","sticky":false,"template":"","format":"standard","meta":{"footnotes":""},"categories":[460,18],"tags":[7434],"class_list":["post-38141","post","type-post","status-publish","format-standard","has-post-thumbnail","hentry","category-a-la-une","category-vosges","tag-montee-historique-internationale-du-ballon-dalsace"],"acf":[],"yoast_head":"<!-- This site is optimized with the Yoast SEO plugin v22.5 - https:\/\/yoast.com\/wordpress\/plugins\/seo\/ -->\n<title>Vosges \u2013 Mont\u00e9e du Ballon : 2019 la meilleure des \u00c9ditions - Saint Die Info<\/title>\n<meta name=\"robots\" content=\"index, follow, max-snippet:-1, max-image-preview:large, max-video-preview:-1\" \/>\n<link rel=\"canonical\" href=\"https:\/\/vosgesinfo.fr\/saintdieinfo\/2019\/09\/vosges-montee-ballon-2019-meilleure-editions\/\" \/>\n<meta name=\"twitter:card\" content=\"summary_large_image\" \/>\n<meta name=\"twitter:title\" content=\"Vosges \u2013 Mont\u00e9e du Ballon : 2019 la meilleure des \u00c9ditions - Saint Die Info\" \/>\n<meta name=\"twitter:description\" content=\"D\u00e8s le samedi, renouant avec son pass\u00e9 et bien sur le Vittel Classic Tour, l\u2019\u00e9quipe Historally avait d\u00e9cid\u00e9 d\u2019organiser ce [&hellip;]\" \/>\n<meta name=\"twitter:image\" content=\"https:\/\/vosgesinfo.fr\/app\/uploads\/sites\/4\/2024\/08\/201909907.jpg\" \/>\n<meta name=\"twitter:creator\" content=\"@VosgesInfo88\" \/>\n<meta name=\"twitter:site\" content=\"@VosgesInfo88\" \/>\n<meta name=\"twitter:label1\" content=\"\u00c9crit par\" \/>\n\t<meta name=\"twitter:data1\" content=\"la r\u00e9daction\" \/>\n\t<meta name=\"twitter:label2\" content=\"Dur\u00e9e de lecture estim\u00e9e\" \/>\n\t<meta name=\"twitter:data2\" content=\"2 minutes\" \/>\n<script type=\"application\/ld+json\" class=\"yoast-schema-graph\">{\"@context\":\"https:\/\/schema.org\",\"@graph\":[{\"@type\":\"Article\",\"@id\":\"https:\/\/vosgesinfo.fr\/saintdieinfo\/2019\/09\/vosges-montee-ballon-2019-meilleure-editions\/#article\",\"isPartOf\":{\"@id\":\"https:\/\/vosgesinfo.fr\/saintdieinfo\/2019\/09\/vosges-montee-ballon-2019-meilleure-editions\/\"},\"author\":{\"name\":\"la r\u00e9daction\",\"@id\":\"https:\/\/vosgesinfo.fr\/saintdieinfo\/#\/schema\/person\/faee6704a21f3977511db84bd1cd450f\"},\"headline\":\"Vosges \u2013 Mont\u00e9e du Ballon : 2019 la meilleure des \u00c9ditions\",\"datePublished\":\"2019-09-16T02:15:40+00:00\",\"dateModified\":\"2019-09-16T02:15:40+00:00\",\"mainEntityOfPage\":{\"@id\":\"https:\/\/vosgesinfo.fr\/saintdieinfo\/2019\/09\/vosges-montee-ballon-2019-meilleure-editions\/\"},\"wordCount\":496,\"commentCount\":0,\"publisher\":{\"@id\":\"https:\/\/vosgesinfo.fr\/saintdieinfo\/#organization\"},\"image\":{\"@id\":\"https:\/\/vosgesinfo.fr\/saintdieinfo\/2019\/09\/vosges-montee-ballon-2019-meilleure-editions\/#primaryimage\"},\"thumbnailUrl\":\"https:\/\/vosgesinfo.fr\/app\/uploads\/sites\/4\/2024\/08\/201909907.jpg\",\"keywords\":[\"Mont\u00e9e Historique Internationale du Ballon d'Alsace\"],\"articleSection\":[\"A la Une\",\"Vosges\"],\"inLanguage\":\"fr-FR\",\"potentialAction\":[{\"@type\":\"CommentAction\",\"name\":\"Comment\",\"target\":[\"https:\/\/vosgesinfo.fr\/saintdieinfo\/2019\/09\/vosges-montee-ballon-2019-meilleure-editions\/#respond\"]}]},{\"@type\":\"WebPage\",\"@id\":\"https:\/\/vosgesinfo.fr\/saintdieinfo\/2019\/09\/vosges-montee-ballon-2019-meilleure-editions\/\",\"url\":\"https:\/\/vosgesinfo.fr\/saintdieinfo\/2019\/09\/vosges-montee-ballon-2019-meilleure-editions\/\",\"name\":\"Vosges \u2013 Mont\u00e9e du Ballon : 2019 la meilleure des \u00c9ditions - Saint Die Info\",\"isPartOf\":{\"@id\":\"https:\/\/vosgesinfo.fr\/saintdieinfo\/#website\"},\"primaryImageOfPage\":{\"@id\":\"https:\/\/vosgesinfo.fr\/saintdieinfo\/2019\/09\/vosges-montee-ballon-2019-meilleure-editions\/#primaryimage\"},\"image\":{\"@id\":\"https:\/\/vosgesinfo.fr\/saintdieinfo\/2019\/09\/vosges-montee-ballon-2019-meilleure-editions\/#primaryimage\"},\"thumbnailUrl\":\"https:\/\/vosgesinfo.fr\/app\/uploads\/sites\/4\/2024\/08\/201909907.jpg\",\"datePublished\":\"2019-09-16T02:15:40+00:00\",\"dateModified\":\"2019-09-16T02:15:40+00:00\",\"breadcrumb\":{\"@id\":\"https:\/\/vosgesinfo.fr\/saintdieinfo\/2019\/09\/vosges-montee-ballon-2019-meilleure-editions\/#breadcrumb\"},\"inLanguage\":\"fr-FR\",\"potentialAction\":[{\"@type\":\"ReadAction\",\"target\":[\"https:\/\/vosgesinfo.fr\/saintdieinfo\/2019\/09\/vosges-montee-ballon-2019-meilleure-editions\/\"]}]},{\"@type\":\"ImageObject\",\"inLanguage\":\"fr-FR\",\"@id\":\"https:\/\/vosgesinfo.fr\/saintdieinfo\/2019\/09\/vosges-montee-ballon-2019-meilleure-editions\/#primaryimage\",\"url\":\"https:\/\/vosgesinfo.fr\/app\/uploads\/sites\/4\/2024\/08\/201909907.jpg\",\"contentUrl\":\"https:\/\/vosgesinfo.fr\/app\/uploads\/sites\/4\/2024\/08\/201909907.jpg\",\"width\":800,\"height\":600},{\"@type\":\"BreadcrumbList\",\"@id\":\"https:\/\/vosgesinfo.fr\/saintdieinfo\/2019\/09\/vosges-montee-ballon-2019-meilleure-editions\/#breadcrumb\",\"itemListElement\":[{\"@type\":\"ListItem\",\"position\":1,\"name\":\"Home\",\"item\":\"https:\/\/vosgesinfo.fr\/saintdieinfo\/\"},{\"@type\":\"ListItem\",\"position\":2,\"name\":\"Vosges \u2013 Mont\u00e9e du Ballon : 2019 la meilleure des \u00c9ditions\"}]},{\"@type\":\"WebSite\",\"@id\":\"https:\/\/vosgesinfo.fr\/saintdieinfo\/#website\",\"url\":\"https:\/\/vosgesinfo.fr\/saintdieinfo\/\",\"name\":\"Saint Die Info\",\"description\":\"Toute l&#039;actualit\u00e9 de Saint-Di\u00e9-Des-Vosges\",\"publisher\":{\"@id\":\"https:\/\/vosgesinfo.fr\/saintdieinfo\/#organization\"},\"alternateName\":\"Toute l'actualit\u00e9 de Saint-Di\u00e9-Des-Vosges\",\"potentialAction\":[{\"@type\":\"SearchAction\",\"target\":{\"@type\":\"EntryPoint\",\"urlTemplate\":\"https:\/\/vosgesinfo.fr\/saintdieinfo\/?s={search_term_string}\"},\"query-input\":\"required name=search_term_string\"}],\"inLanguage\":\"fr-FR\"},{\"@type\":\"Organization\",\"@id\":\"https:\/\/vosgesinfo.fr\/saintdieinfo\/#organization\",\"name\":\"Saint Die Info\",\"url\":\"https:\/\/vosgesinfo.fr\/saintdieinfo\/\",\"logo\":{\"@type\":\"ImageObject\",\"inLanguage\":\"fr-FR\",\"@id\":\"https:\/\/vosgesinfo.fr\/saintdieinfo\/#\/schema\/logo\/image\/\",\"url\":\"https:\/\/vosgesinfo.fr\/app\/uploads\/sites\/4\/2024\/02\/logo-sdi.jpg\",\"contentUrl\":\"https:\/\/vosgesinfo.fr\/app\/uploads\/sites\/4\/2024\/02\/logo-sdi.jpg\",\"width\":600,\"height\":600,\"caption\":\"Saint Die Info\"},\"image\":{\"@id\":\"https:\/\/vosgesinfo.fr\/saintdieinfo\/#\/schema\/logo\/image\/\"},\"sameAs\":[\"https:\/\/www.facebook.com\/Saintdieinfofr\",\"https:\/\/x.com\/VosgesInfo88\",\"https:\/\/www.youtube.com\/@vosgesinfo\"]},{\"@type\":\"Person\",\"@id\":\"https:\/\/vosgesinfo.fr\/saintdieinfo\/#\/schema\/person\/faee6704a21f3977511db84bd1cd450f\",\"name\":\"la r\u00e9daction\",\"image\":{\"@type\":\"ImageObject\",\"inLanguage\":\"fr-FR\",\"@id\":\"https:\/\/vosgesinfo.fr\/saintdieinfo\/#\/schema\/person\/image\/\",\"url\":\"https:\/\/secure.gravatar.com\/avatar\/6673d8bc6a9c17fa9a453eaa3448de834fa308c2ec9635b7aa99441a7c8d2cf6?s=96&d=mm&r=g\",\"contentUrl\":\"https:\/\/secure.gravatar.com\/avatar\/6673d8bc6a9c17fa9a453eaa3448de834fa308c2ec9635b7aa99441a7c8d2cf6?s=96&d=mm&r=g\",\"caption\":\"la r\u00e9daction\"},\"url\":\"https:\/\/vosgesinfo.fr\/saintdieinfo\/author\/redac\/\"}]}<\/script>\n<!-- \/ Yoast SEO plugin. -->","yoast_head_json":{"title":"Vosges \u2013 Mont\u00e9e du Ballon : 2019 la meilleure des \u00c9ditions - Saint Die Info","robots":{"index":"index","follow":"follow","max-snippet":"max-snippet:-1","max-image-preview":"max-image-preview:large","max-video-preview":"max-video-preview:-1"},"canonical":"https:\/\/vosgesinfo.fr\/saintdieinfo\/2019\/09\/vosges-montee-ballon-2019-meilleure-editions\/","twitter_card":"summary_large_image","twitter_title":"Vosges \u2013 Mont\u00e9e du Ballon : 2019 la meilleure des \u00c9ditions - Saint Die Info","twitter_description":"D\u00e8s le samedi, renouant avec son pass\u00e9 et bien sur le Vittel Classic Tour, l\u2019\u00e9quipe Historally avait d\u00e9cid\u00e9 d\u2019organiser ce [&hellip;]","twitter_image":"https:\/\/vosgesinfo.fr\/app\/uploads\/sites\/4\/2024\/08\/201909907.jpg","twitter_creator":"@VosgesInfo88","twitter_site":"@VosgesInfo88","twitter_misc":{"\u00c9crit par":"la r\u00e9daction","Dur\u00e9e de lecture estim\u00e9e":"2 minutes"},"schema":{"@context":"https:\/\/schema.org","@graph":[{"@type":"Article","@id":"https:\/\/vosgesinfo.fr\/saintdieinfo\/2019\/09\/vosges-montee-ballon-2019-meilleure-editions\/#article","isPartOf":{"@id":"https:\/\/vosgesinfo.fr\/saintdieinfo\/2019\/09\/vosges-montee-ballon-2019-meilleure-editions\/"},"author":{"name":"la r\u00e9daction","@id":"https:\/\/vosgesinfo.fr\/saintdieinfo\/#\/schema\/person\/faee6704a21f3977511db84bd1cd450f"},"headline":"Vosges \u2013 Mont\u00e9e du Ballon : 2019 la meilleure des \u00c9ditions","datePublished":"2019-09-16T02:15:40+00:00","dateModified":"2019-09-16T02:15:40+00:00","mainEntityOfPage":{"@id":"https:\/\/vosgesinfo.fr\/saintdieinfo\/2019\/09\/vosges-montee-ballon-2019-meilleure-editions\/"},"wordCount":496,"commentCount":0,"publisher":{"@id":"https:\/\/vosgesinfo.fr\/saintdieinfo\/#organization"},"image":{"@id":"https:\/\/vosgesinfo.fr\/saintdieinfo\/2019\/09\/vosges-montee-ballon-2019-meilleure-editions\/#primaryimage"},"thumbnailUrl":"https:\/\/vosgesinfo.fr\/app\/uploads\/sites\/4\/2024\/08\/201909907.jpg","keywords":["Mont\u00e9e Historique Internationale du Ballon d'Alsace"],"articleSection":["A la Une","Vosges"],"inLanguage":"fr-FR","potentialAction":[{"@type":"CommentAction","name":"Comment","target":["https:\/\/vosgesinfo.fr\/saintdieinfo\/2019\/09\/vosges-montee-ballon-2019-meilleure-editions\/#respond"]}]},{"@type":"WebPage","@id":"https:\/\/vosgesinfo.fr\/saintdieinfo\/2019\/09\/vosges-montee-ballon-2019-meilleure-editions\/","url":"https:\/\/vosgesinfo.fr\/saintdieinfo\/2019\/09\/vosges-montee-ballon-2019-meilleure-editions\/","name":"Vosges \u2013 Mont\u00e9e du Ballon : 2019 la meilleure des \u00c9ditions - Saint Die Info","isPartOf":{"@id":"https:\/\/vosgesinfo.fr\/saintdieinfo\/#website"},"primaryImageOfPage":{"@id":"https:\/\/vosgesinfo.fr\/saintdieinfo\/2019\/09\/vosges-montee-ballon-2019-meilleure-editions\/#primaryimage"},"image":{"@id":"https:\/\/vosgesinfo.fr\/saintdieinfo\/2019\/09\/vosges-montee-ballon-2019-meilleure-editions\/#primaryimage"},"thumbnailUrl":"https:\/\/vosgesinfo.fr\/app\/uploads\/sites\/4\/2024\/08\/201909907.jpg","datePublished":"2019-09-16T02:15:40+00:00","dateModified":"2019-09-16T02:15:40+00:00","breadcrumb":{"@id":"https:\/\/vosgesinfo.fr\/saintdieinfo\/2019\/09\/vosges-montee-ballon-2019-meilleure-editions\/#breadcrumb"},"inLanguage":"fr-FR","potentialAction":[{"@type":"ReadAction","target":["https:\/\/vosgesinfo.fr\/saintdieinfo\/2019\/09\/vosges-montee-ballon-2019-meilleure-editions\/"]}]},{"@type":"ImageObject","inLanguage":"fr-FR","@id":"https:\/\/vosgesinfo.fr\/saintdieinfo\/2019\/09\/vosges-montee-ballon-2019-meilleure-editions\/#primaryimage","url":"https:\/\/vosgesinfo.fr\/app\/uploads\/sites\/4\/2024\/08\/201909907.jpg","contentUrl":"https:\/\/vosgesinfo.fr\/app\/uploads\/sites\/4\/2024\/08\/201909907.jpg","width":800,"height":600},{"@type":"BreadcrumbList","@id":"https:\/\/vosgesinfo.fr\/saintdieinfo\/2019\/09\/vosges-montee-ballon-2019-meilleure-editions\/#breadcrumb","itemListElement":[{"@type":"ListItem","position":1,"name":"Home","item":"https:\/\/vosgesinfo.fr\/saintdieinfo\/"},{"@type":"ListItem","position":2,"name":"Vosges \u2013 Mont\u00e9e du Ballon : 2019 la meilleure des \u00c9ditions"}]},{"@type":"WebSite","@id":"https:\/\/vosgesinfo.fr\/saintdieinfo\/#website","url":"https:\/\/vosgesinfo.fr\/saintdieinfo\/","name":"Saint Die Info","description":"Toute l&#039;actualit\u00e9 de Saint-Di\u00e9-Des-Vosges","publisher":{"@id":"https:\/\/vosgesinfo.fr\/saintdieinfo\/#organization"},"alternateName":"Toute l'actualit\u00e9 de Saint-Di\u00e9-Des-Vosges","potentialAction":[{"@type":"SearchAction","target":{"@type":"EntryPoint","urlTemplate":"https:\/\/vosgesinfo.fr\/saintdieinfo\/?s={search_term_string}"},"query-input":"required name=search_term_string"}],"inLanguage":"fr-FR"},{"@type":"Organization","@id":"https:\/\/vosgesinfo.fr\/saintdieinfo\/#organization","name":"Saint Die Info","url":"https:\/\/vosgesinfo.fr\/saintdieinfo\/","logo":{"@type":"ImageObject","inLanguage":"fr-FR","@id":"https:\/\/vosgesinfo.fr\/saintdieinfo\/#\/schema\/logo\/image\/","url":"https:\/\/vosgesinfo.fr\/app\/uploads\/sites\/4\/2024\/02\/logo-sdi.jpg","contentUrl":"https:\/\/vosgesinfo.fr\/app\/uploads\/sites\/4\/2024\/02\/logo-sdi.jpg","width":600,"height":600,"caption":"Saint Die Info"},"image":{"@id":"https:\/\/vosgesinfo.fr\/saintdieinfo\/#\/schema\/logo\/image\/"},"sameAs":["https:\/\/www.facebook.com\/Saintdieinfofr","https:\/\/x.com\/VosgesInfo88","https:\/\/www.youtube.com\/@vosgesinfo"]},{"@type":"Person","@id":"https:\/\/vosgesinfo.fr\/saintdieinfo\/#\/schema\/person\/faee6704a21f3977511db84bd1cd450f","name":"la r\u00e9daction","image":{"@type":"ImageObject","inLanguage":"fr-FR","@id":"https:\/\/vosgesinfo.fr\/saintdieinfo\/#\/schema\/person\/image\/","url":"https:\/\/secure.gravatar.com\/avatar\/6673d8bc6a9c17fa9a453eaa3448de834fa308c2ec9635b7aa99441a7c8d2cf6?s=96&d=mm&r=g","contentUrl":"https:\/\/secure.gravatar.com\/avatar\/6673d8bc6a9c17fa9a453eaa3448de834fa308c2ec9635b7aa99441a7c8d2cf6?s=96&d=mm&r=g","caption":"la r\u00e9daction"},"url":"https:\/\/vosgesinfo.fr\/saintdieinfo\/author\/redac\/"}]}},"_links":{"self":[{"href":"https:\/\/vosgesinfo.fr\/saintdieinfo\/wp-json\/wp\/v2\/posts\/38141","targetHints":{"allow":["GET"]}}],"collection":[{"href":"https:\/\/vosgesinfo.fr\/saintdieinfo\/wp-json\/wp\/v2\/posts"}],"about":[{"href":"https:\/\/vosgesinfo.fr\/saintdieinfo\/wp-json\/wp\/v2\/types\/post"}],"author":[{"embeddable":true,"href":"https:\/\/vosgesinfo.fr\/saintdieinfo\/wp-json\/wp\/v2\/users\/44"}],"replies":[{"embeddable":true,"href":"https:\/\/vosgesinfo.fr\/saintdieinfo\/wp-json\/wp\/v2\/comments?post=38141"}],"version-history":[{"count":0,"href":"https:\/\/vosgesinfo.fr\/saintdieinfo\/wp-json\/wp\/v2\/posts\/38141\/revisions"}],"wp:featuredmedia":[{"embeddable":true,"href":"https:\/\/vosgesinfo.fr\/saintdieinfo\/wp-json\/wp\/v2\/media\/38142"}],"wp:attachment":[{"href":"https:\/\/vosgesinfo.fr\/saintdieinfo\/wp-json\/wp\/v2\/media?parent=38141"}],"wp:term":[{"taxonomy":"category","embeddable":true,"href":"https:\/\/vosgesinfo.fr\/saintdieinfo\/wp-json\/wp\/v2\/categories?post=38141"},{"taxonomy":"post_tag","embeddable":true,"href":"https:\/\/vosgesinfo.fr\/saintdieinfo\/wp-json\/wp\/v2\/tags?post=38141"}],"curies":[{"name":"wp","href":"https:\/\/api.w.org\/{rel}","templated":true}]}}