{"id":38167,"date":"2019-09-17T06:00:37","date_gmt":"2019-09-17T04:00:37","guid":{"rendered":"https:\/\/vosgesinfo.fr\/saintdieinfo\/2019\/09\/operation-de-debardage-cheval-camp-celtique-de-bure\/"},"modified":"2019-09-17T06:00:37","modified_gmt":"2019-09-17T04:00:37","slug":"operation-de-debardage-cheval-camp-celtique-de-bure","status":"publish","type":"post","link":"https:\/\/vosgesinfo.fr\/saintdieinfo\/2019\/09\/operation-de-debardage-cheval-camp-celtique-de-bure\/","title":{"rendered":"Op\u00e9ration de d\u00e9bardage au cheval sous le camp celtique de la Bure"},"content":{"rendered":"<div id=\"attachment_144445\" style=\"width: 1010px\" class=\"wp-caption aligncenter\"><a href=\"\/2019\/09\/D\u00e9bardage_Camp_Celtique_Bure-7.jpg\" target=\"_blank\" rel=\"noopener\"><img decoding=\"async\" aria-describedby=\"caption-attachment-144445\" class=\"wp-image-144445 size-full\" src=\"\/2019\/09\/D\u00e9bardage_Camp_Celtique_Bure-7.jpg\" alt=\"D\u00e9bardage_Camp_Celtique_Bure (7)\" width=\"1000\" height=\"667\" \/><\/a><p id=\"caption-attachment-144445\" class=\"wp-caption-text\">Le d\u00e9bardage est r\u00e9alis\u00e9 par Denis Ferry et son cheval Calypso.<\/p><\/div>\n<h2><strong><span style=\"font-family: Calibri, sans-serif;\"><span style=\"font-size: large;\">Une op\u00e9ration de d\u00e9bardage est actuellement en cours en contrebas du camp celtique de la Bure, un site class\u00e9 Monument Historique et le second site arch\u00e9ologique des Vosges apr\u00e8s Grand.<\/span><\/span><\/strong><\/h2>\n<p><!--more--><\/p>\n<p><span style=\"font-family: Calibri, sans-serif;\"><span style=\"font-size: large;\">A l&rsquo;initiative de la Ville de Saint-Di\u00e9-des-Vosges et men\u00e9e en concertation avec la Soci\u00e9t\u00e9 Philomatique Vosgienne, l&rsquo;ONF, la DRAC et le SRA, cette op\u00e9ration a d\u00e9but\u00e9 le mercredi 11 septembre dernier pour normalement se terminer dans le courant de la semaine prochaine, avec comme objectif d&rsquo;ouvrir la vue sur la cit\u00e9 d\u00e9odatienne. La particularit\u00e9 \u00e9tant que ce d\u00e9bardage est r\u00e9alis\u00e9 au moyen d&rsquo;un cheval, que manoeuvre Denis Ferry de l&rsquo;entreprise \u00ab\u00a0Attrait For\u00eat\u00a0\u00bb d&rsquo;Anould.<\/span><\/span><\/p>\n<p><span style=\"font-family: Calibri, sans-serif;\"><span style=\"font-size: large;\"><em>\u00ab\u00a0Les alentours imm\u00e9diats du camp celtique sont \u00e9galement class\u00e9s Monument Historique, donc il n&rsquo;est pas possible d&rsquo;intervenir avec un tracteur. Et puis le terrain est plut\u00f4t pentu \u00e0 cet endroit\u00a0\u00bb<\/em> souligne Beno\u00eet Greniot, technicien forestier \u00e0 l&rsquo;ONF, qui s&rsquo;est rendu sur le chantier ce mardi matin avec le pr\u00e9sident de la Soci\u00e9t\u00e9 Philomatique Vosgienne Jean-Claude Fombaron, Jean-Micha\u00ebl Choserot, \u00e9galement membre de la soci\u00e9t\u00e9 savante, et l&rsquo;adjoint aux Travaux, au Patrimoine et \u00e0 la For\u00eat Patrick Zanchetta.<\/span><\/span><\/p>\n<p><span style=\"font-family: Calibri, sans-serif;\"><span style=\"font-size: large;\">Ce dernier de pr\u00e9ciser que <em>\u00ab\u00a0Cette op\u00e9ration de d\u00e9bardage repr\u00e9sente un co\u00fbt pour la Ville de 3500 euros HT, sachant que le bois coup\u00e9 est d&rsquo;ores et d\u00e9j\u00e0 vendu. Mais le but n&rsquo;est pas faire de l&rsquo;argent, mais de valoriser les abords du camp celtique tout en pr\u00e9servant la nature. Et dans la continuit\u00e9 de cette coupe et de la coupe effectu\u00e9e ces derni\u00e8res ann\u00e9es, on envisage de d\u00e9gager la vue c\u00f4t\u00e9 Hure.\u00a0\u00bb<\/em><\/span><\/span><\/p>\n<p>J.J.<\/p>\n\n","protected":false},"excerpt":{"rendered":"<p>Une op\u00e9ration de d\u00e9bardage est actuellement en cours en contrebas du camp celtique de la Bure, un site class\u00e9 Monument [&hellip;]<\/p>\n","protected":false},"author":46,"featured_media":38168,"comment_status":"open","ping_status":"open","sticky":false,"template":"","format":"standard","meta":{"footnotes":""},"categories":[460,2915],"tags":[6388,7447,7448,7282,7449,3215,7450,3240],"class_list":["post-38167","post","type-post","status-publish","format-standard","has-post-thumbnail","hentry","category-a-la-une","category-saint-die-son-canton","tag-camp-celtique-de-la-bure","tag-debardage-au-cheval","tag-drac","tag-onf","tag-operation-de-debardage","tag-societe-philomatique-vosgienne","tag-sra","tag-ville-de-saint-die-des-vosges"],"acf":[],"yoast_head":"<!-- This site is optimized with the Yoast SEO plugin v22.5 - https:\/\/yoast.com\/wordpress\/plugins\/seo\/ -->\n<title>Op\u00e9ration de d\u00e9bardage au cheval sous le camp celtique de la Bure - Saint Die Info<\/title>\n<meta name=\"robots\" content=\"index, follow, max-snippet:-1, max-image-preview:large, max-video-preview:-1\" \/>\n<link rel=\"canonical\" href=\"https:\/\/vosgesinfo.fr\/saintdieinfo\/2019\/09\/operation-de-debardage-cheval-camp-celtique-de-bure\/\" \/>\n<meta name=\"twitter:card\" content=\"summary_large_image\" \/>\n<meta name=\"twitter:title\" content=\"Op\u00e9ration de d\u00e9bardage au cheval sous le camp celtique de la Bure - Saint Die Info\" \/>\n<meta name=\"twitter:description\" content=\"Une op\u00e9ration de d\u00e9bardage est actuellement en cours en contrebas du camp celtique de la Bure, un site class\u00e9 Monument [&hellip;]\" \/>\n<meta name=\"twitter:image\" content=\"https:\/\/vosgesinfo.fr\/app\/uploads\/sites\/4\/2024\/08\/201909debardage-camp-celtique-bure-7.jpg\" \/>\n<meta name=\"twitter:creator\" content=\"@VosgesInfo88\" \/>\n<meta name=\"twitter:site\" content=\"@VosgesInfo88\" \/>\n<meta name=\"twitter:label1\" content=\"\u00c9crit par\" \/>\n\t<meta name=\"twitter:data1\" content=\"J.J.\" \/>\n\t<meta name=\"twitter:label2\" content=\"Dur\u00e9e de lecture estim\u00e9e\" \/>\n\t<meta name=\"twitter:data2\" content=\"2 minutes\" \/>\n<script type=\"application\/ld+json\" class=\"yoast-schema-graph\">{\"@context\":\"https:\/\/schema.org\",\"@graph\":[{\"@type\":\"Article\",\"@id\":\"https:\/\/vosgesinfo.fr\/saintdieinfo\/2019\/09\/operation-de-debardage-cheval-camp-celtique-de-bure\/#article\",\"isPartOf\":{\"@id\":\"https:\/\/vosgesinfo.fr\/saintdieinfo\/2019\/09\/operation-de-debardage-cheval-camp-celtique-de-bure\/\"},\"author\":{\"name\":\"J.J.\",\"@id\":\"https:\/\/vosgesinfo.fr\/saintdieinfo\/#\/schema\/person\/fa73e9f726d67bb88f46d5b7943cb572\"},\"headline\":\"Op\u00e9ration de d\u00e9bardage au cheval sous le camp celtique de la Bure\",\"datePublished\":\"2019-09-17T04:00:37+00:00\",\"dateModified\":\"2019-09-17T04:00:37+00:00\",\"mainEntityOfPage\":{\"@id\":\"https:\/\/vosgesinfo.fr\/saintdieinfo\/2019\/09\/operation-de-debardage-cheval-camp-celtique-de-bure\/\"},\"wordCount\":337,\"commentCount\":0,\"publisher\":{\"@id\":\"https:\/\/vosgesinfo.fr\/saintdieinfo\/#organization\"},\"image\":{\"@id\":\"https:\/\/vosgesinfo.fr\/saintdieinfo\/2019\/09\/operation-de-debardage-cheval-camp-celtique-de-bure\/#primaryimage\"},\"thumbnailUrl\":\"https:\/\/vosgesinfo.fr\/app\/uploads\/sites\/4\/2024\/08\/201909debardage-camp-celtique-bure-7.jpg\",\"keywords\":[\"Camp celtique de La Bure\",\"D\u00e9bardage au cheval\",\"DRAC\",\"ONF\",\"Op\u00e9ration de d\u00e9bardage\",\"Soci\u00e9t\u00e9 Philomatique Vosgienne\",\"SRA\",\"Ville de Saint-Di\u00e9-des-Vosges\"],\"articleSection\":[\"A la Une\",\"Saint-Di\u00e9-des-Vosges et son Agglom\u00e9ration\"],\"inLanguage\":\"fr-FR\",\"potentialAction\":[{\"@type\":\"CommentAction\",\"name\":\"Comment\",\"target\":[\"https:\/\/vosgesinfo.fr\/saintdieinfo\/2019\/09\/operation-de-debardage-cheval-camp-celtique-de-bure\/#respond\"]}]},{\"@type\":\"WebPage\",\"@id\":\"https:\/\/vosgesinfo.fr\/saintdieinfo\/2019\/09\/operation-de-debardage-cheval-camp-celtique-de-bure\/\",\"url\":\"https:\/\/vosgesinfo.fr\/saintdieinfo\/2019\/09\/operation-de-debardage-cheval-camp-celtique-de-bure\/\",\"name\":\"Op\u00e9ration de d\u00e9bardage au cheval sous le camp celtique de la Bure - Saint Die Info\",\"isPartOf\":{\"@id\":\"https:\/\/vosgesinfo.fr\/saintdieinfo\/#website\"},\"primaryImageOfPage\":{\"@id\":\"https:\/\/vosgesinfo.fr\/saintdieinfo\/2019\/09\/operation-de-debardage-cheval-camp-celtique-de-bure\/#primaryimage\"},\"image\":{\"@id\":\"https:\/\/vosgesinfo.fr\/saintdieinfo\/2019\/09\/operation-de-debardage-cheval-camp-celtique-de-bure\/#primaryimage\"},\"thumbnailUrl\":\"https:\/\/vosgesinfo.fr\/app\/uploads\/sites\/4\/2024\/08\/201909debardage-camp-celtique-bure-7.jpg\",\"datePublished\":\"2019-09-17T04:00:37+00:00\",\"dateModified\":\"2019-09-17T04:00:37+00:00\",\"breadcrumb\":{\"@id\":\"https:\/\/vosgesinfo.fr\/saintdieinfo\/2019\/09\/operation-de-debardage-cheval-camp-celtique-de-bure\/#breadcrumb\"},\"inLanguage\":\"fr-FR\",\"potentialAction\":[{\"@type\":\"ReadAction\",\"target\":[\"https:\/\/vosgesinfo.fr\/saintdieinfo\/2019\/09\/operation-de-debardage-cheval-camp-celtique-de-bure\/\"]}]},{\"@type\":\"ImageObject\",\"inLanguage\":\"fr-FR\",\"@id\":\"https:\/\/vosgesinfo.fr\/saintdieinfo\/2019\/09\/operation-de-debardage-cheval-camp-celtique-de-bure\/#primaryimage\",\"url\":\"https:\/\/vosgesinfo.fr\/app\/uploads\/sites\/4\/2024\/08\/201909debardage-camp-celtique-bure-7.jpg\",\"contentUrl\":\"https:\/\/vosgesinfo.fr\/app\/uploads\/sites\/4\/2024\/08\/201909debardage-camp-celtique-bure-7.jpg\",\"width\":1000,\"height\":667},{\"@type\":\"BreadcrumbList\",\"@id\":\"https:\/\/vosgesinfo.fr\/saintdieinfo\/2019\/09\/operation-de-debardage-cheval-camp-celtique-de-bure\/#breadcrumb\",\"itemListElement\":[{\"@type\":\"ListItem\",\"position\":1,\"name\":\"Home\",\"item\":\"https:\/\/vosgesinfo.fr\/saintdieinfo\/\"},{\"@type\":\"ListItem\",\"position\":2,\"name\":\"Op\u00e9ration de d\u00e9bardage au cheval sous le camp celtique de la Bure\"}]},{\"@type\":\"WebSite\",\"@id\":\"https:\/\/vosgesinfo.fr\/saintdieinfo\/#website\",\"url\":\"https:\/\/vosgesinfo.fr\/saintdieinfo\/\",\"name\":\"Saint Die Info\",\"description\":\"Toute l&#039;actualit\u00e9 de Saint-Di\u00e9-Des-Vosges\",\"publisher\":{\"@id\":\"https:\/\/vosgesinfo.fr\/saintdieinfo\/#organization\"},\"alternateName\":\"Toute l'actualit\u00e9 de Saint-Di\u00e9-Des-Vosges\",\"potentialAction\":[{\"@type\":\"SearchAction\",\"target\":{\"@type\":\"EntryPoint\",\"urlTemplate\":\"https:\/\/vosgesinfo.fr\/saintdieinfo\/?s={search_term_string}\"},\"query-input\":\"required name=search_term_string\"}],\"inLanguage\":\"fr-FR\"},{\"@type\":\"Organization\",\"@id\":\"https:\/\/vosgesinfo.fr\/saintdieinfo\/#organization\",\"name\":\"Saint Die Info\",\"url\":\"https:\/\/vosgesinfo.fr\/saintdieinfo\/\",\"logo\":{\"@type\":\"ImageObject\",\"inLanguage\":\"fr-FR\",\"@id\":\"https:\/\/vosgesinfo.fr\/saintdieinfo\/#\/schema\/logo\/image\/\",\"url\":\"https:\/\/vosgesinfo.fr\/app\/uploads\/sites\/4\/2024\/02\/logo-sdi.jpg\",\"contentUrl\":\"https:\/\/vosgesinfo.fr\/app\/uploads\/sites\/4\/2024\/02\/logo-sdi.jpg\",\"width\":600,\"height\":600,\"caption\":\"Saint Die Info\"},\"image\":{\"@id\":\"https:\/\/vosgesinfo.fr\/saintdieinfo\/#\/schema\/logo\/image\/\"},\"sameAs\":[\"https:\/\/www.facebook.com\/Saintdieinfofr\",\"https:\/\/x.com\/VosgesInfo88\",\"https:\/\/www.youtube.com\/@vosgesinfo\"]},{\"@type\":\"Person\",\"@id\":\"https:\/\/vosgesinfo.fr\/saintdieinfo\/#\/schema\/person\/fa73e9f726d67bb88f46d5b7943cb572\",\"name\":\"J.J.\",\"image\":{\"@type\":\"ImageObject\",\"inLanguage\":\"fr-FR\",\"@id\":\"https:\/\/vosgesinfo.fr\/saintdieinfo\/#\/schema\/person\/image\/\",\"url\":\"https:\/\/secure.gravatar.com\/avatar\/219e749e47ffbcca018a360ae4add7d4cdf1cdaaf8bc7676b27efade3fe65615?s=96&d=mm&r=g\",\"contentUrl\":\"https:\/\/secure.gravatar.com\/avatar\/219e749e47ffbcca018a360ae4add7d4cdf1cdaaf8bc7676b27efade3fe65615?s=96&d=mm&r=g\",\"caption\":\"J.J.\"},\"url\":\"https:\/\/vosgesinfo.fr\/saintdieinfo\/author\/j-j\/\"}]}<\/script>\n<!-- \/ Yoast SEO plugin. -->","yoast_head_json":{"title":"Op\u00e9ration de d\u00e9bardage au cheval sous le camp celtique de la Bure - Saint Die Info","robots":{"index":"index","follow":"follow","max-snippet":"max-snippet:-1","max-image-preview":"max-image-preview:large","max-video-preview":"max-video-preview:-1"},"canonical":"https:\/\/vosgesinfo.fr\/saintdieinfo\/2019\/09\/operation-de-debardage-cheval-camp-celtique-de-bure\/","twitter_card":"summary_large_image","twitter_title":"Op\u00e9ration de d\u00e9bardage au cheval sous le camp celtique de la Bure - Saint Die Info","twitter_description":"Une op\u00e9ration de d\u00e9bardage est actuellement en cours en contrebas du camp celtique de la Bure, un site class\u00e9 Monument [&hellip;]","twitter_image":"https:\/\/vosgesinfo.fr\/app\/uploads\/sites\/4\/2024\/08\/201909debardage-camp-celtique-bure-7.jpg","twitter_creator":"@VosgesInfo88","twitter_site":"@VosgesInfo88","twitter_misc":{"\u00c9crit par":"J.J.","Dur\u00e9e de lecture estim\u00e9e":"2 minutes"},"schema":{"@context":"https:\/\/schema.org","@graph":[{"@type":"Article","@id":"https:\/\/vosgesinfo.fr\/saintdieinfo\/2019\/09\/operation-de-debardage-cheval-camp-celtique-de-bure\/#article","isPartOf":{"@id":"https:\/\/vosgesinfo.fr\/saintdieinfo\/2019\/09\/operation-de-debardage-cheval-camp-celtique-de-bure\/"},"author":{"name":"J.J.","@id":"https:\/\/vosgesinfo.fr\/saintdieinfo\/#\/schema\/person\/fa73e9f726d67bb88f46d5b7943cb572"},"headline":"Op\u00e9ration de d\u00e9bardage au cheval sous le camp celtique de la Bure","datePublished":"2019-09-17T04:00:37+00:00","dateModified":"2019-09-17T04:00:37+00:00","mainEntityOfPage":{"@id":"https:\/\/vosgesinfo.fr\/saintdieinfo\/2019\/09\/operation-de-debardage-cheval-camp-celtique-de-bure\/"},"wordCount":337,"commentCount":0,"publisher":{"@id":"https:\/\/vosgesinfo.fr\/saintdieinfo\/#organization"},"image":{"@id":"https:\/\/vosgesinfo.fr\/saintdieinfo\/2019\/09\/operation-de-debardage-cheval-camp-celtique-de-bure\/#primaryimage"},"thumbnailUrl":"https:\/\/vosgesinfo.fr\/app\/uploads\/sites\/4\/2024\/08\/201909debardage-camp-celtique-bure-7.jpg","keywords":["Camp celtique de La Bure","D\u00e9bardage au cheval","DRAC","ONF","Op\u00e9ration de d\u00e9bardage","Soci\u00e9t\u00e9 Philomatique Vosgienne","SRA","Ville de Saint-Di\u00e9-des-Vosges"],"articleSection":["A la Une","Saint-Di\u00e9-des-Vosges et son Agglom\u00e9ration"],"inLanguage":"fr-FR","potentialAction":[{"@type":"CommentAction","name":"Comment","target":["https:\/\/vosgesinfo.fr\/saintdieinfo\/2019\/09\/operation-de-debardage-cheval-camp-celtique-de-bure\/#respond"]}]},{"@type":"WebPage","@id":"https:\/\/vosgesinfo.fr\/saintdieinfo\/2019\/09\/operation-de-debardage-cheval-camp-celtique-de-bure\/","url":"https:\/\/vosgesinfo.fr\/saintdieinfo\/2019\/09\/operation-de-debardage-cheval-camp-celtique-de-bure\/","name":"Op\u00e9ration de d\u00e9bardage au cheval sous le camp celtique de la Bure - Saint Die Info","isPartOf":{"@id":"https:\/\/vosgesinfo.fr\/saintdieinfo\/#website"},"primaryImageOfPage":{"@id":"https:\/\/vosgesinfo.fr\/saintdieinfo\/2019\/09\/operation-de-debardage-cheval-camp-celtique-de-bure\/#primaryimage"},"image":{"@id":"https:\/\/vosgesinfo.fr\/saintdieinfo\/2019\/09\/operation-de-debardage-cheval-camp-celtique-de-bure\/#primaryimage"},"thumbnailUrl":"https:\/\/vosgesinfo.fr\/app\/uploads\/sites\/4\/2024\/08\/201909debardage-camp-celtique-bure-7.jpg","datePublished":"2019-09-17T04:00:37+00:00","dateModified":"2019-09-17T04:00:37+00:00","breadcrumb":{"@id":"https:\/\/vosgesinfo.fr\/saintdieinfo\/2019\/09\/operation-de-debardage-cheval-camp-celtique-de-bure\/#breadcrumb"},"inLanguage":"fr-FR","potentialAction":[{"@type":"ReadAction","target":["https:\/\/vosgesinfo.fr\/saintdieinfo\/2019\/09\/operation-de-debardage-cheval-camp-celtique-de-bure\/"]}]},{"@type":"ImageObject","inLanguage":"fr-FR","@id":"https:\/\/vosgesinfo.fr\/saintdieinfo\/2019\/09\/operation-de-debardage-cheval-camp-celtique-de-bure\/#primaryimage","url":"https:\/\/vosgesinfo.fr\/app\/uploads\/sites\/4\/2024\/08\/201909debardage-camp-celtique-bure-7.jpg","contentUrl":"https:\/\/vosgesinfo.fr\/app\/uploads\/sites\/4\/2024\/08\/201909debardage-camp-celtique-bure-7.jpg","width":1000,"height":667},{"@type":"BreadcrumbList","@id":"https:\/\/vosgesinfo.fr\/saintdieinfo\/2019\/09\/operation-de-debardage-cheval-camp-celtique-de-bure\/#breadcrumb","itemListElement":[{"@type":"ListItem","position":1,"name":"Home","item":"https:\/\/vosgesinfo.fr\/saintdieinfo\/"},{"@type":"ListItem","position":2,"name":"Op\u00e9ration de d\u00e9bardage au cheval sous le camp celtique de la Bure"}]},{"@type":"WebSite","@id":"https:\/\/vosgesinfo.fr\/saintdieinfo\/#website","url":"https:\/\/vosgesinfo.fr\/saintdieinfo\/","name":"Saint Die Info","description":"Toute l&#039;actualit\u00e9 de Saint-Di\u00e9-Des-Vosges","publisher":{"@id":"https:\/\/vosgesinfo.fr\/saintdieinfo\/#organization"},"alternateName":"Toute l'actualit\u00e9 de Saint-Di\u00e9-Des-Vosges","potentialAction":[{"@type":"SearchAction","target":{"@type":"EntryPoint","urlTemplate":"https:\/\/vosgesinfo.fr\/saintdieinfo\/?s={search_term_string}"},"query-input":"required name=search_term_string"}],"inLanguage":"fr-FR"},{"@type":"Organization","@id":"https:\/\/vosgesinfo.fr\/saintdieinfo\/#organization","name":"Saint Die Info","url":"https:\/\/vosgesinfo.fr\/saintdieinfo\/","logo":{"@type":"ImageObject","inLanguage":"fr-FR","@id":"https:\/\/vosgesinfo.fr\/saintdieinfo\/#\/schema\/logo\/image\/","url":"https:\/\/vosgesinfo.fr\/app\/uploads\/sites\/4\/2024\/02\/logo-sdi.jpg","contentUrl":"https:\/\/vosgesinfo.fr\/app\/uploads\/sites\/4\/2024\/02\/logo-sdi.jpg","width":600,"height":600,"caption":"Saint Die Info"},"image":{"@id":"https:\/\/vosgesinfo.fr\/saintdieinfo\/#\/schema\/logo\/image\/"},"sameAs":["https:\/\/www.facebook.com\/Saintdieinfofr","https:\/\/x.com\/VosgesInfo88","https:\/\/www.youtube.com\/@vosgesinfo"]},{"@type":"Person","@id":"https:\/\/vosgesinfo.fr\/saintdieinfo\/#\/schema\/person\/fa73e9f726d67bb88f46d5b7943cb572","name":"J.J.","image":{"@type":"ImageObject","inLanguage":"fr-FR","@id":"https:\/\/vosgesinfo.fr\/saintdieinfo\/#\/schema\/person\/image\/","url":"https:\/\/secure.gravatar.com\/avatar\/219e749e47ffbcca018a360ae4add7d4cdf1cdaaf8bc7676b27efade3fe65615?s=96&d=mm&r=g","contentUrl":"https:\/\/secure.gravatar.com\/avatar\/219e749e47ffbcca018a360ae4add7d4cdf1cdaaf8bc7676b27efade3fe65615?s=96&d=mm&r=g","caption":"J.J."},"url":"https:\/\/vosgesinfo.fr\/saintdieinfo\/author\/j-j\/"}]}},"_links":{"self":[{"href":"https:\/\/vosgesinfo.fr\/saintdieinfo\/wp-json\/wp\/v2\/posts\/38167","targetHints":{"allow":["GET"]}}],"collection":[{"href":"https:\/\/vosgesinfo.fr\/saintdieinfo\/wp-json\/wp\/v2\/posts"}],"about":[{"href":"https:\/\/vosgesinfo.fr\/saintdieinfo\/wp-json\/wp\/v2\/types\/post"}],"author":[{"embeddable":true,"href":"https:\/\/vosgesinfo.fr\/saintdieinfo\/wp-json\/wp\/v2\/users\/46"}],"replies":[{"embeddable":true,"href":"https:\/\/vosgesinfo.fr\/saintdieinfo\/wp-json\/wp\/v2\/comments?post=38167"}],"version-history":[{"count":0,"href":"https:\/\/vosgesinfo.fr\/saintdieinfo\/wp-json\/wp\/v2\/posts\/38167\/revisions"}],"wp:featuredmedia":[{"embeddable":true,"href":"https:\/\/vosgesinfo.fr\/saintdieinfo\/wp-json\/wp\/v2\/media\/38168"}],"wp:attachment":[{"href":"https:\/\/vosgesinfo.fr\/saintdieinfo\/wp-json\/wp\/v2\/media?parent=38167"}],"wp:term":[{"taxonomy":"category","embeddable":true,"href":"https:\/\/vosgesinfo.fr\/saintdieinfo\/wp-json\/wp\/v2\/categories?post=38167"},{"taxonomy":"post_tag","embeddable":true,"href":"https:\/\/vosgesinfo.fr\/saintdieinfo\/wp-json\/wp\/v2\/tags?post=38167"}],"curies":[{"name":"wp","href":"https:\/\/api.w.org\/{rel}","templated":true}]}}