{"id":38199,"date":"2019-09-18T07:00:15","date_gmt":"2019-09-18T05:00:15","guid":{"rendered":"https:\/\/vosgesinfo.fr\/saintdieinfo\/2019\/09\/projet-multiplexe-cinematographique-de-saint-die-vosges-a-ete-valide\/"},"modified":"2019-09-18T07:00:15","modified_gmt":"2019-09-18T05:00:15","slug":"projet-multiplexe-cinematographique-de-saint-die-vosges-a-ete-valide","status":"publish","type":"post","link":"https:\/\/vosgesinfo.fr\/saintdieinfo\/2019\/09\/projet-multiplexe-cinematographique-de-saint-die-vosges-a-ete-valide\/","title":{"rendered":"Le projet du multiplexe cin\u00e9matographique de Saint-Di\u00e9-des-Vosges a \u00e9t\u00e9 valid\u00e9"},"content":{"rendered":"<p><a href=\"\/2019\/09\/Complexe_Cin\u00e9matographique_SDDV.jpg\" target=\"_blank\" rel=\"noopener\"><img decoding=\"async\" class=\"aligncenter wp-image-144476 size-large\" src=\"\/2019\/09\/Complexe_Cin\u00e9matographique_SDDV-1024x474.jpg\" alt=\"Complexe_Cin\u00e9matographique_SDDV\" width=\"960\" height=\"444\" \/><\/a><\/p>\n<h2><span style=\"font-size: 14pt;\"><strong><span style=\"font-family: Calibri, sans-serif;\">C&rsquo;est une nouvelle qui va ravir les cin\u00e9philes de la D\u00e9odatie&#8230; En ce mardi 17 septembre, la Commission D\u00e9partementale d&rsquo;Am\u00e9nagement Cin\u00e9matographique \u2013 CDACi \u2013 a valid\u00e9 le projet du multiplexe cin\u00e9matographique de Saint-Di\u00e9-des-Vosges.<\/span><\/strong><\/span><\/h2>\n<p><!--more--><\/p>\n<p><span style=\"font-family: Calibri, sans-serif;\"><span style=\"font-size: large;\">Port\u00e9 par Thierry Tabaraud via la SARL \u00ab\u00a0Les Ecrans de Saint-Di\u00e9\u00a0\u00bb, ce projet a \u00e9t\u00e9 baptis\u00e9 \u00ab\u00a0Nova Cin\u00e9\u00a0\u00bb et repr\u00e9sente un investissement d&rsquo;environ 5 millions d&rsquo;euros. Le futur cin\u00e9ma d\u00e9odatien, qui sera situ\u00e9 quai de la R\u00e9sistance pr\u00e8s d&rsquo;AquaNova America et du bowling, comportera 8 salles pour un total de 944 places. Son ouverture est pr\u00e9vue d&rsquo;ici fin 2020.<br \/>\n<\/span><\/span><\/p>\n<p>J.J.<\/p>\n","protected":false},"excerpt":{"rendered":"<p>C&rsquo;est une nouvelle qui va ravir les cin\u00e9philes de la D\u00e9odatie&#8230; En ce mardi 17 septembre, la Commission D\u00e9partementale d&rsquo;Am\u00e9nagement [&hellip;]<\/p>\n","protected":false},"author":46,"featured_media":38200,"comment_status":"open","ping_status":"open","sticky":false,"template":"","format":"standard","meta":{"footnotes":""},"categories":[460,20,2915],"tags":[7455,7456,7457,3111,3113,7458,3114],"class_list":["post-38199","post","type-post","status-publish","format-standard","has-post-thumbnail","hentry","category-a-la-une","category-loisirs","category-saint-die-son-canton","tag-commission-departementale-damenagement-cinematographique","tag-multiplexe-cinematographique","tag-multiplexe-cinematographique-de-saint-die-des-vosges","tag-nova-cine","tag-quai-de-la-resistance","tag-sarl-les-ecrans-de-saint-die","tag-thierry-tabaraud"],"acf":[],"yoast_head":"<!-- This site is optimized with the Yoast SEO plugin v22.5 - https:\/\/yoast.com\/wordpress\/plugins\/seo\/ -->\n<title>Le projet du multiplexe cin\u00e9matographique de Saint-Di\u00e9-des-Vosges a \u00e9t\u00e9 valid\u00e9 - Saint Die Info<\/title>\n<meta name=\"robots\" content=\"index, follow, max-snippet:-1, max-image-preview:large, max-video-preview:-1\" \/>\n<link rel=\"canonical\" href=\"https:\/\/vosgesinfo.fr\/saintdieinfo\/2019\/09\/projet-multiplexe-cinematographique-de-saint-die-vosges-a-ete-valide\/\" \/>\n<meta name=\"twitter:card\" content=\"summary_large_image\" \/>\n<meta name=\"twitter:title\" content=\"Le projet du multiplexe cin\u00e9matographique de Saint-Di\u00e9-des-Vosges a \u00e9t\u00e9 valid\u00e9 - Saint Die Info\" \/>\n<meta name=\"twitter:description\" content=\"C&rsquo;est une nouvelle qui va ravir les cin\u00e9philes de la D\u00e9odatie&#8230; En ce mardi 17 septembre, la Commission D\u00e9partementale d&rsquo;Am\u00e9nagement [&hellip;]\" \/>\n<meta name=\"twitter:image\" content=\"https:\/\/vosgesinfo.fr\/app\/uploads\/sites\/4\/2024\/08\/201909complexe-cinematographique-sddv.jpg\" \/>\n<meta name=\"twitter:creator\" content=\"@VosgesInfo88\" \/>\n<meta name=\"twitter:site\" content=\"@VosgesInfo88\" \/>\n<meta name=\"twitter:label1\" content=\"\u00c9crit par\" \/>\n\t<meta name=\"twitter:data1\" content=\"J.J.\" \/>\n\t<meta name=\"twitter:label2\" content=\"Dur\u00e9e de lecture estim\u00e9e\" \/>\n\t<meta name=\"twitter:data2\" content=\"1 minute\" \/>\n<script type=\"application\/ld+json\" class=\"yoast-schema-graph\">{\"@context\":\"https:\/\/schema.org\",\"@graph\":[{\"@type\":\"Article\",\"@id\":\"https:\/\/vosgesinfo.fr\/saintdieinfo\/2019\/09\/projet-multiplexe-cinematographique-de-saint-die-vosges-a-ete-valide\/#article\",\"isPartOf\":{\"@id\":\"https:\/\/vosgesinfo.fr\/saintdieinfo\/2019\/09\/projet-multiplexe-cinematographique-de-saint-die-vosges-a-ete-valide\/\"},\"author\":{\"name\":\"J.J.\",\"@id\":\"https:\/\/vosgesinfo.fr\/saintdieinfo\/#\/schema\/person\/fa73e9f726d67bb88f46d5b7943cb572\"},\"headline\":\"Le projet du multiplexe cin\u00e9matographique de Saint-Di\u00e9-des-Vosges a \u00e9t\u00e9 valid\u00e9\",\"datePublished\":\"2019-09-18T05:00:15+00:00\",\"dateModified\":\"2019-09-18T05:00:15+00:00\",\"mainEntityOfPage\":{\"@id\":\"https:\/\/vosgesinfo.fr\/saintdieinfo\/2019\/09\/projet-multiplexe-cinematographique-de-saint-die-vosges-a-ete-valide\/\"},\"wordCount\":118,\"commentCount\":0,\"publisher\":{\"@id\":\"https:\/\/vosgesinfo.fr\/saintdieinfo\/#organization\"},\"image\":{\"@id\":\"https:\/\/vosgesinfo.fr\/saintdieinfo\/2019\/09\/projet-multiplexe-cinematographique-de-saint-die-vosges-a-ete-valide\/#primaryimage\"},\"thumbnailUrl\":\"https:\/\/vosgesinfo.fr\/app\/uploads\/sites\/4\/2024\/08\/201909complexe-cinematographique-sddv.jpg\",\"keywords\":[\"Commission D\u00e9partementale d'Am\u00e9nagement Cin\u00e9matographique\",\"Multiplexe cin\u00e9matographique\",\"Multiplexe cin\u00e9matographique de Saint-Di\u00e9-des-Vosges\",\"Nova Cin\u00e9\",\"Quai de la R\u00e9sistance\",\"SARL Les Ecrans de Saint-Di\u00e9\",\"Thierry Tabaraud\"],\"articleSection\":[\"A la Une\",\"Loisirs\",\"Saint-Di\u00e9-des-Vosges et son Agglom\u00e9ration\"],\"inLanguage\":\"fr-FR\",\"potentialAction\":[{\"@type\":\"CommentAction\",\"name\":\"Comment\",\"target\":[\"https:\/\/vosgesinfo.fr\/saintdieinfo\/2019\/09\/projet-multiplexe-cinematographique-de-saint-die-vosges-a-ete-valide\/#respond\"]}]},{\"@type\":\"WebPage\",\"@id\":\"https:\/\/vosgesinfo.fr\/saintdieinfo\/2019\/09\/projet-multiplexe-cinematographique-de-saint-die-vosges-a-ete-valide\/\",\"url\":\"https:\/\/vosgesinfo.fr\/saintdieinfo\/2019\/09\/projet-multiplexe-cinematographique-de-saint-die-vosges-a-ete-valide\/\",\"name\":\"Le projet du multiplexe cin\u00e9matographique de Saint-Di\u00e9-des-Vosges a \u00e9t\u00e9 valid\u00e9 - Saint Die Info\",\"isPartOf\":{\"@id\":\"https:\/\/vosgesinfo.fr\/saintdieinfo\/#website\"},\"primaryImageOfPage\":{\"@id\":\"https:\/\/vosgesinfo.fr\/saintdieinfo\/2019\/09\/projet-multiplexe-cinematographique-de-saint-die-vosges-a-ete-valide\/#primaryimage\"},\"image\":{\"@id\":\"https:\/\/vosgesinfo.fr\/saintdieinfo\/2019\/09\/projet-multiplexe-cinematographique-de-saint-die-vosges-a-ete-valide\/#primaryimage\"},\"thumbnailUrl\":\"https:\/\/vosgesinfo.fr\/app\/uploads\/sites\/4\/2024\/08\/201909complexe-cinematographique-sddv.jpg\",\"datePublished\":\"2019-09-18T05:00:15+00:00\",\"dateModified\":\"2019-09-18T05:00:15+00:00\",\"breadcrumb\":{\"@id\":\"https:\/\/vosgesinfo.fr\/saintdieinfo\/2019\/09\/projet-multiplexe-cinematographique-de-saint-die-vosges-a-ete-valide\/#breadcrumb\"},\"inLanguage\":\"fr-FR\",\"potentialAction\":[{\"@type\":\"ReadAction\",\"target\":[\"https:\/\/vosgesinfo.fr\/saintdieinfo\/2019\/09\/projet-multiplexe-cinematographique-de-saint-die-vosges-a-ete-valide\/\"]}]},{\"@type\":\"ImageObject\",\"inLanguage\":\"fr-FR\",\"@id\":\"https:\/\/vosgesinfo.fr\/saintdieinfo\/2019\/09\/projet-multiplexe-cinematographique-de-saint-die-vosges-a-ete-valide\/#primaryimage\",\"url\":\"https:\/\/vosgesinfo.fr\/app\/uploads\/sites\/4\/2024\/08\/201909complexe-cinematographique-sddv.jpg\",\"contentUrl\":\"https:\/\/vosgesinfo.fr\/app\/uploads\/sites\/4\/2024\/08\/201909complexe-cinematographique-sddv.jpg\",\"width\":2018,\"height\":935},{\"@type\":\"BreadcrumbList\",\"@id\":\"https:\/\/vosgesinfo.fr\/saintdieinfo\/2019\/09\/projet-multiplexe-cinematographique-de-saint-die-vosges-a-ete-valide\/#breadcrumb\",\"itemListElement\":[{\"@type\":\"ListItem\",\"position\":1,\"name\":\"Home\",\"item\":\"https:\/\/vosgesinfo.fr\/saintdieinfo\/\"},{\"@type\":\"ListItem\",\"position\":2,\"name\":\"Le projet du multiplexe cin\u00e9matographique de Saint-Di\u00e9-des-Vosges a \u00e9t\u00e9 valid\u00e9\"}]},{\"@type\":\"WebSite\",\"@id\":\"https:\/\/vosgesinfo.fr\/saintdieinfo\/#website\",\"url\":\"https:\/\/vosgesinfo.fr\/saintdieinfo\/\",\"name\":\"Saint Die Info\",\"description\":\"Toute l&#039;actualit\u00e9 de Saint-Di\u00e9-Des-Vosges\",\"publisher\":{\"@id\":\"https:\/\/vosgesinfo.fr\/saintdieinfo\/#organization\"},\"alternateName\":\"Toute l'actualit\u00e9 de Saint-Di\u00e9-Des-Vosges\",\"potentialAction\":[{\"@type\":\"SearchAction\",\"target\":{\"@type\":\"EntryPoint\",\"urlTemplate\":\"https:\/\/vosgesinfo.fr\/saintdieinfo\/?s={search_term_string}\"},\"query-input\":\"required name=search_term_string\"}],\"inLanguage\":\"fr-FR\"},{\"@type\":\"Organization\",\"@id\":\"https:\/\/vosgesinfo.fr\/saintdieinfo\/#organization\",\"name\":\"Saint Die Info\",\"url\":\"https:\/\/vosgesinfo.fr\/saintdieinfo\/\",\"logo\":{\"@type\":\"ImageObject\",\"inLanguage\":\"fr-FR\",\"@id\":\"https:\/\/vosgesinfo.fr\/saintdieinfo\/#\/schema\/logo\/image\/\",\"url\":\"https:\/\/vosgesinfo.fr\/app\/uploads\/sites\/4\/2024\/02\/logo-sdi.jpg\",\"contentUrl\":\"https:\/\/vosgesinfo.fr\/app\/uploads\/sites\/4\/2024\/02\/logo-sdi.jpg\",\"width\":600,\"height\":600,\"caption\":\"Saint Die Info\"},\"image\":{\"@id\":\"https:\/\/vosgesinfo.fr\/saintdieinfo\/#\/schema\/logo\/image\/\"},\"sameAs\":[\"https:\/\/www.facebook.com\/Saintdieinfofr\",\"https:\/\/x.com\/VosgesInfo88\",\"https:\/\/www.youtube.com\/@vosgesinfo\"]},{\"@type\":\"Person\",\"@id\":\"https:\/\/vosgesinfo.fr\/saintdieinfo\/#\/schema\/person\/fa73e9f726d67bb88f46d5b7943cb572\",\"name\":\"J.J.\",\"image\":{\"@type\":\"ImageObject\",\"inLanguage\":\"fr-FR\",\"@id\":\"https:\/\/vosgesinfo.fr\/saintdieinfo\/#\/schema\/person\/image\/\",\"url\":\"https:\/\/secure.gravatar.com\/avatar\/219e749e47ffbcca018a360ae4add7d4cdf1cdaaf8bc7676b27efade3fe65615?s=96&d=mm&r=g\",\"contentUrl\":\"https:\/\/secure.gravatar.com\/avatar\/219e749e47ffbcca018a360ae4add7d4cdf1cdaaf8bc7676b27efade3fe65615?s=96&d=mm&r=g\",\"caption\":\"J.J.\"},\"url\":\"https:\/\/vosgesinfo.fr\/saintdieinfo\/author\/j-j\/\"}]}<\/script>\n<!-- \/ Yoast SEO plugin. -->","yoast_head_json":{"title":"Le projet du multiplexe cin\u00e9matographique de Saint-Di\u00e9-des-Vosges a \u00e9t\u00e9 valid\u00e9 - Saint Die Info","robots":{"index":"index","follow":"follow","max-snippet":"max-snippet:-1","max-image-preview":"max-image-preview:large","max-video-preview":"max-video-preview:-1"},"canonical":"https:\/\/vosgesinfo.fr\/saintdieinfo\/2019\/09\/projet-multiplexe-cinematographique-de-saint-die-vosges-a-ete-valide\/","twitter_card":"summary_large_image","twitter_title":"Le projet du multiplexe cin\u00e9matographique de Saint-Di\u00e9-des-Vosges a \u00e9t\u00e9 valid\u00e9 - Saint Die Info","twitter_description":"C&rsquo;est une nouvelle qui va ravir les cin\u00e9philes de la D\u00e9odatie&#8230; En ce mardi 17 septembre, la Commission D\u00e9partementale d&rsquo;Am\u00e9nagement [&hellip;]","twitter_image":"https:\/\/vosgesinfo.fr\/app\/uploads\/sites\/4\/2024\/08\/201909complexe-cinematographique-sddv.jpg","twitter_creator":"@VosgesInfo88","twitter_site":"@VosgesInfo88","twitter_misc":{"\u00c9crit par":"J.J.","Dur\u00e9e de lecture estim\u00e9e":"1 minute"},"schema":{"@context":"https:\/\/schema.org","@graph":[{"@type":"Article","@id":"https:\/\/vosgesinfo.fr\/saintdieinfo\/2019\/09\/projet-multiplexe-cinematographique-de-saint-die-vosges-a-ete-valide\/#article","isPartOf":{"@id":"https:\/\/vosgesinfo.fr\/saintdieinfo\/2019\/09\/projet-multiplexe-cinematographique-de-saint-die-vosges-a-ete-valide\/"},"author":{"name":"J.J.","@id":"https:\/\/vosgesinfo.fr\/saintdieinfo\/#\/schema\/person\/fa73e9f726d67bb88f46d5b7943cb572"},"headline":"Le projet du multiplexe cin\u00e9matographique de Saint-Di\u00e9-des-Vosges a \u00e9t\u00e9 valid\u00e9","datePublished":"2019-09-18T05:00:15+00:00","dateModified":"2019-09-18T05:00:15+00:00","mainEntityOfPage":{"@id":"https:\/\/vosgesinfo.fr\/saintdieinfo\/2019\/09\/projet-multiplexe-cinematographique-de-saint-die-vosges-a-ete-valide\/"},"wordCount":118,"commentCount":0,"publisher":{"@id":"https:\/\/vosgesinfo.fr\/saintdieinfo\/#organization"},"image":{"@id":"https:\/\/vosgesinfo.fr\/saintdieinfo\/2019\/09\/projet-multiplexe-cinematographique-de-saint-die-vosges-a-ete-valide\/#primaryimage"},"thumbnailUrl":"https:\/\/vosgesinfo.fr\/app\/uploads\/sites\/4\/2024\/08\/201909complexe-cinematographique-sddv.jpg","keywords":["Commission D\u00e9partementale d'Am\u00e9nagement Cin\u00e9matographique","Multiplexe cin\u00e9matographique","Multiplexe cin\u00e9matographique de Saint-Di\u00e9-des-Vosges","Nova Cin\u00e9","Quai de la R\u00e9sistance","SARL Les Ecrans de Saint-Di\u00e9","Thierry Tabaraud"],"articleSection":["A la Une","Loisirs","Saint-Di\u00e9-des-Vosges et son Agglom\u00e9ration"],"inLanguage":"fr-FR","potentialAction":[{"@type":"CommentAction","name":"Comment","target":["https:\/\/vosgesinfo.fr\/saintdieinfo\/2019\/09\/projet-multiplexe-cinematographique-de-saint-die-vosges-a-ete-valide\/#respond"]}]},{"@type":"WebPage","@id":"https:\/\/vosgesinfo.fr\/saintdieinfo\/2019\/09\/projet-multiplexe-cinematographique-de-saint-die-vosges-a-ete-valide\/","url":"https:\/\/vosgesinfo.fr\/saintdieinfo\/2019\/09\/projet-multiplexe-cinematographique-de-saint-die-vosges-a-ete-valide\/","name":"Le projet du multiplexe cin\u00e9matographique de Saint-Di\u00e9-des-Vosges a \u00e9t\u00e9 valid\u00e9 - Saint Die Info","isPartOf":{"@id":"https:\/\/vosgesinfo.fr\/saintdieinfo\/#website"},"primaryImageOfPage":{"@id":"https:\/\/vosgesinfo.fr\/saintdieinfo\/2019\/09\/projet-multiplexe-cinematographique-de-saint-die-vosges-a-ete-valide\/#primaryimage"},"image":{"@id":"https:\/\/vosgesinfo.fr\/saintdieinfo\/2019\/09\/projet-multiplexe-cinematographique-de-saint-die-vosges-a-ete-valide\/#primaryimage"},"thumbnailUrl":"https:\/\/vosgesinfo.fr\/app\/uploads\/sites\/4\/2024\/08\/201909complexe-cinematographique-sddv.jpg","datePublished":"2019-09-18T05:00:15+00:00","dateModified":"2019-09-18T05:00:15+00:00","breadcrumb":{"@id":"https:\/\/vosgesinfo.fr\/saintdieinfo\/2019\/09\/projet-multiplexe-cinematographique-de-saint-die-vosges-a-ete-valide\/#breadcrumb"},"inLanguage":"fr-FR","potentialAction":[{"@type":"ReadAction","target":["https:\/\/vosgesinfo.fr\/saintdieinfo\/2019\/09\/projet-multiplexe-cinematographique-de-saint-die-vosges-a-ete-valide\/"]}]},{"@type":"ImageObject","inLanguage":"fr-FR","@id":"https:\/\/vosgesinfo.fr\/saintdieinfo\/2019\/09\/projet-multiplexe-cinematographique-de-saint-die-vosges-a-ete-valide\/#primaryimage","url":"https:\/\/vosgesinfo.fr\/app\/uploads\/sites\/4\/2024\/08\/201909complexe-cinematographique-sddv.jpg","contentUrl":"https:\/\/vosgesinfo.fr\/app\/uploads\/sites\/4\/2024\/08\/201909complexe-cinematographique-sddv.jpg","width":2018,"height":935},{"@type":"BreadcrumbList","@id":"https:\/\/vosgesinfo.fr\/saintdieinfo\/2019\/09\/projet-multiplexe-cinematographique-de-saint-die-vosges-a-ete-valide\/#breadcrumb","itemListElement":[{"@type":"ListItem","position":1,"name":"Home","item":"https:\/\/vosgesinfo.fr\/saintdieinfo\/"},{"@type":"ListItem","position":2,"name":"Le projet du multiplexe cin\u00e9matographique de Saint-Di\u00e9-des-Vosges a \u00e9t\u00e9 valid\u00e9"}]},{"@type":"WebSite","@id":"https:\/\/vosgesinfo.fr\/saintdieinfo\/#website","url":"https:\/\/vosgesinfo.fr\/saintdieinfo\/","name":"Saint Die Info","description":"Toute l&#039;actualit\u00e9 de Saint-Di\u00e9-Des-Vosges","publisher":{"@id":"https:\/\/vosgesinfo.fr\/saintdieinfo\/#organization"},"alternateName":"Toute l'actualit\u00e9 de Saint-Di\u00e9-Des-Vosges","potentialAction":[{"@type":"SearchAction","target":{"@type":"EntryPoint","urlTemplate":"https:\/\/vosgesinfo.fr\/saintdieinfo\/?s={search_term_string}"},"query-input":"required name=search_term_string"}],"inLanguage":"fr-FR"},{"@type":"Organization","@id":"https:\/\/vosgesinfo.fr\/saintdieinfo\/#organization","name":"Saint Die Info","url":"https:\/\/vosgesinfo.fr\/saintdieinfo\/","logo":{"@type":"ImageObject","inLanguage":"fr-FR","@id":"https:\/\/vosgesinfo.fr\/saintdieinfo\/#\/schema\/logo\/image\/","url":"https:\/\/vosgesinfo.fr\/app\/uploads\/sites\/4\/2024\/02\/logo-sdi.jpg","contentUrl":"https:\/\/vosgesinfo.fr\/app\/uploads\/sites\/4\/2024\/02\/logo-sdi.jpg","width":600,"height":600,"caption":"Saint Die Info"},"image":{"@id":"https:\/\/vosgesinfo.fr\/saintdieinfo\/#\/schema\/logo\/image\/"},"sameAs":["https:\/\/www.facebook.com\/Saintdieinfofr","https:\/\/x.com\/VosgesInfo88","https:\/\/www.youtube.com\/@vosgesinfo"]},{"@type":"Person","@id":"https:\/\/vosgesinfo.fr\/saintdieinfo\/#\/schema\/person\/fa73e9f726d67bb88f46d5b7943cb572","name":"J.J.","image":{"@type":"ImageObject","inLanguage":"fr-FR","@id":"https:\/\/vosgesinfo.fr\/saintdieinfo\/#\/schema\/person\/image\/","url":"https:\/\/secure.gravatar.com\/avatar\/219e749e47ffbcca018a360ae4add7d4cdf1cdaaf8bc7676b27efade3fe65615?s=96&d=mm&r=g","contentUrl":"https:\/\/secure.gravatar.com\/avatar\/219e749e47ffbcca018a360ae4add7d4cdf1cdaaf8bc7676b27efade3fe65615?s=96&d=mm&r=g","caption":"J.J."},"url":"https:\/\/vosgesinfo.fr\/saintdieinfo\/author\/j-j\/"}]}},"_links":{"self":[{"href":"https:\/\/vosgesinfo.fr\/saintdieinfo\/wp-json\/wp\/v2\/posts\/38199","targetHints":{"allow":["GET"]}}],"collection":[{"href":"https:\/\/vosgesinfo.fr\/saintdieinfo\/wp-json\/wp\/v2\/posts"}],"about":[{"href":"https:\/\/vosgesinfo.fr\/saintdieinfo\/wp-json\/wp\/v2\/types\/post"}],"author":[{"embeddable":true,"href":"https:\/\/vosgesinfo.fr\/saintdieinfo\/wp-json\/wp\/v2\/users\/46"}],"replies":[{"embeddable":true,"href":"https:\/\/vosgesinfo.fr\/saintdieinfo\/wp-json\/wp\/v2\/comments?post=38199"}],"version-history":[{"count":0,"href":"https:\/\/vosgesinfo.fr\/saintdieinfo\/wp-json\/wp\/v2\/posts\/38199\/revisions"}],"wp:featuredmedia":[{"embeddable":true,"href":"https:\/\/vosgesinfo.fr\/saintdieinfo\/wp-json\/wp\/v2\/media\/38200"}],"wp:attachment":[{"href":"https:\/\/vosgesinfo.fr\/saintdieinfo\/wp-json\/wp\/v2\/media?parent=38199"}],"wp:term":[{"taxonomy":"category","embeddable":true,"href":"https:\/\/vosgesinfo.fr\/saintdieinfo\/wp-json\/wp\/v2\/categories?post=38199"},{"taxonomy":"post_tag","embeddable":true,"href":"https:\/\/vosgesinfo.fr\/saintdieinfo\/wp-json\/wp\/v2\/tags?post=38199"}],"curies":[{"name":"wp","href":"https:\/\/api.w.org\/{rel}","templated":true}]}}