{"id":38212,"date":"2019-09-18T06:05:24","date_gmt":"2019-09-18T04:05:24","guid":{"rendered":"https:\/\/vosgesinfo.fr\/saintdieinfo\/2019\/09\/provenchere-fave-distributeur-de-billets-a-ete-retire\/"},"modified":"2019-09-18T06:05:24","modified_gmt":"2019-09-18T04:05:24","slug":"provenchere-fave-distributeur-de-billets-a-ete-retire","status":"publish","type":"post","link":"https:\/\/vosgesinfo.fr\/saintdieinfo\/2019\/09\/provenchere-fave-distributeur-de-billets-a-ete-retire\/","title":{"rendered":"Provench\u00e8re-sur-Fave \u2013 Le distributeur de billets a \u00e9t\u00e9 retir\u00e9"},"content":{"rendered":"<div id=\"attachment_144498\" style=\"width: 970px\" class=\"wp-caption aligncenter\"><a href=\"\/2019\/09\/Provench\u00e8res-Distributeur_Billets.jpg\" target=\"_blank\" rel=\"noopener\"><img decoding=\"async\" aria-describedby=\"caption-attachment-144498\" class=\"wp-image-144498 size-large\" src=\"\/2019\/09\/Provench\u00e8res-Distributeur_Billets-1024x517.jpg\" alt=\"Provench\u00e8res-Distributeur_Billets\" width=\"960\" height=\"485\" \/><\/a><p id=\"caption-attachment-144498\" class=\"wp-caption-text\">Jusque r\u00e9cemment, un distributeur de billets \u00e9tait install\u00e9 pr\u00e8s de l&rsquo;entr\u00e9e de l&rsquo;H\u00f4tel de Ville. (Capture d&rsquo;\u00e9cran Google Maps)<\/p><\/div>\n<h2><strong><span style=\"font-family: Calibri, sans-serif;\"><span style=\"font-size: large;\">Depuis quelques semaines, il n&rsquo;y a plus de distributeur de billets de banque \u00e0 Provench\u00e8re-sur-Fave. Celui qui \u00e9tait install\u00e9 pr\u00e8s de l&rsquo;entr\u00e9e de l&rsquo;H\u00f4tel de Ville a en effet \u00e9t\u00e9 retir\u00e9 par la Caisse d&rsquo;Epargne, qui demandait \u00e0 la Mairie de verser 10 000 euros par an pour maintenir son fonctionnement.<\/span><\/span><\/strong><\/h2>\n<p><!--more--><\/p>\n<p><span style=\"font-family: Calibri, sans-serif;\"><span style=\"font-size: large;\"><em>\u00ab\u00a0Aujourd\u2019hui la ville est un peu d\u00e9shabill\u00e9e de tous les services \u00e0 la personne. Il ne faut pas oublier que dans la ruralit\u00e9 les personnes fragiles, les personnes \u00e2g\u00e9es sont de plus en plus isol\u00e9es et elles n&rsquo;ont pas les moyens de se d\u00e9placer. C&rsquo;est une atteinte \u00e0 la ruralit\u00e9\u00a0\u00bb<\/em> d\u00e9plore le maire Christian Petit dans <a href=\"https:\/\/france3-regions.francetvinfo.fr\/grand-est\/vosges\/epinal\/provencheres-fave-il-n-y-plus-distributeurs-billets-banque-deplore-maire-du-village-1724023.html\" target=\"_blank\" rel=\"noopener\"><strong>l&rsquo;article publi\u00e9 ce mercredi matin par France 3 Grand Est.<\/strong><\/a> Le distributeur de billets le plus proche se trouve d\u00e9sormais au niveau de l&rsquo;hypermarch\u00e9 Cora de Sainte-Marguerite, \u00e0 11,6 km de Provench\u00e8res-sur-Fave.<\/span><\/span><\/p>\n<p>J.J.<\/p>\n","protected":false},"excerpt":{"rendered":"<p>Depuis quelques semaines, il n&rsquo;y a plus de distributeur de billets de banque \u00e0 Provench\u00e8re-sur-Fave. Celui qui \u00e9tait install\u00e9 pr\u00e8s [&hellip;]<\/p>\n","protected":false},"author":46,"featured_media":38213,"comment_status":"open","ping_status":"open","sticky":false,"template":"","format":"standard","meta":{"footnotes":""},"categories":[460,2915],"tags":[7465,7466,7467,3036,7147],"class_list":["post-38212","post","type-post","status-publish","format-standard","has-post-thumbnail","hentry","category-a-la-une","category-saint-die-son-canton","tag-caisse-depargne","tag-distributeur-de-billets-de-banque","tag-france-3-grand-est","tag-provencheres-et-colroy","tag-provencheres-sur-fave"],"acf":[],"yoast_head":"<!-- This site is optimized with the Yoast SEO plugin v22.5 - https:\/\/yoast.com\/wordpress\/plugins\/seo\/ -->\n<title>Provench\u00e8re-sur-Fave \u2013 Le distributeur de billets a \u00e9t\u00e9 retir\u00e9 - Saint Die Info<\/title>\n<meta name=\"robots\" content=\"index, follow, max-snippet:-1, max-image-preview:large, max-video-preview:-1\" \/>\n<link rel=\"canonical\" href=\"https:\/\/vosgesinfo.fr\/saintdieinfo\/2019\/09\/provenchere-fave-distributeur-de-billets-a-ete-retire\/\" \/>\n<meta name=\"twitter:card\" content=\"summary_large_image\" \/>\n<meta name=\"twitter:title\" content=\"Provench\u00e8re-sur-Fave \u2013 Le distributeur de billets a \u00e9t\u00e9 retir\u00e9 - Saint Die Info\" \/>\n<meta name=\"twitter:description\" content=\"Depuis quelques semaines, il n&rsquo;y a plus de distributeur de billets de banque \u00e0 Provench\u00e8re-sur-Fave. Celui qui \u00e9tait install\u00e9 pr\u00e8s [&hellip;]\" \/>\n<meta name=\"twitter:image\" content=\"https:\/\/vosgesinfo.fr\/app\/uploads\/sites\/4\/2024\/08\/201909provencheres-distributeur-billets.jpg\" \/>\n<meta name=\"twitter:creator\" content=\"@VosgesInfo88\" \/>\n<meta name=\"twitter:site\" content=\"@VosgesInfo88\" \/>\n<meta name=\"twitter:label1\" content=\"\u00c9crit par\" \/>\n\t<meta name=\"twitter:data1\" content=\"J.J.\" \/>\n\t<meta name=\"twitter:label2\" content=\"Dur\u00e9e de lecture estim\u00e9e\" \/>\n\t<meta name=\"twitter:data2\" content=\"1 minute\" \/>\n<script type=\"application\/ld+json\" class=\"yoast-schema-graph\">{\"@context\":\"https:\/\/schema.org\",\"@graph\":[{\"@type\":\"Article\",\"@id\":\"https:\/\/vosgesinfo.fr\/saintdieinfo\/2019\/09\/provenchere-fave-distributeur-de-billets-a-ete-retire\/#article\",\"isPartOf\":{\"@id\":\"https:\/\/vosgesinfo.fr\/saintdieinfo\/2019\/09\/provenchere-fave-distributeur-de-billets-a-ete-retire\/\"},\"author\":{\"name\":\"J.J.\",\"@id\":\"https:\/\/vosgesinfo.fr\/saintdieinfo\/#\/schema\/person\/fa73e9f726d67bb88f46d5b7943cb572\"},\"headline\":\"Provench\u00e8re-sur-Fave \u2013 Le distributeur de billets a \u00e9t\u00e9 retir\u00e9\",\"datePublished\":\"2019-09-18T04:05:24+00:00\",\"dateModified\":\"2019-09-18T04:05:24+00:00\",\"mainEntityOfPage\":{\"@id\":\"https:\/\/vosgesinfo.fr\/saintdieinfo\/2019\/09\/provenchere-fave-distributeur-de-billets-a-ete-retire\/\"},\"wordCount\":195,\"commentCount\":0,\"publisher\":{\"@id\":\"https:\/\/vosgesinfo.fr\/saintdieinfo\/#organization\"},\"image\":{\"@id\":\"https:\/\/vosgesinfo.fr\/saintdieinfo\/2019\/09\/provenchere-fave-distributeur-de-billets-a-ete-retire\/#primaryimage\"},\"thumbnailUrl\":\"https:\/\/vosgesinfo.fr\/app\/uploads\/sites\/4\/2024\/08\/201909provencheres-distributeur-billets.jpg\",\"keywords\":[\"Caisse d'Epargne\",\"Distributeur de billets de banque\",\"France 3 Grand Est\",\"Provench\u00e8res-et-Colroy\",\"Provench\u00e8res-sur-Fave\"],\"articleSection\":[\"A la Une\",\"Saint-Di\u00e9-des-Vosges et son Agglom\u00e9ration\"],\"inLanguage\":\"fr-FR\",\"potentialAction\":[{\"@type\":\"CommentAction\",\"name\":\"Comment\",\"target\":[\"https:\/\/vosgesinfo.fr\/saintdieinfo\/2019\/09\/provenchere-fave-distributeur-de-billets-a-ete-retire\/#respond\"]}]},{\"@type\":\"WebPage\",\"@id\":\"https:\/\/vosgesinfo.fr\/saintdieinfo\/2019\/09\/provenchere-fave-distributeur-de-billets-a-ete-retire\/\",\"url\":\"https:\/\/vosgesinfo.fr\/saintdieinfo\/2019\/09\/provenchere-fave-distributeur-de-billets-a-ete-retire\/\",\"name\":\"Provench\u00e8re-sur-Fave \u2013 Le distributeur de billets a \u00e9t\u00e9 retir\u00e9 - Saint Die Info\",\"isPartOf\":{\"@id\":\"https:\/\/vosgesinfo.fr\/saintdieinfo\/#website\"},\"primaryImageOfPage\":{\"@id\":\"https:\/\/vosgesinfo.fr\/saintdieinfo\/2019\/09\/provenchere-fave-distributeur-de-billets-a-ete-retire\/#primaryimage\"},\"image\":{\"@id\":\"https:\/\/vosgesinfo.fr\/saintdieinfo\/2019\/09\/provenchere-fave-distributeur-de-billets-a-ete-retire\/#primaryimage\"},\"thumbnailUrl\":\"https:\/\/vosgesinfo.fr\/app\/uploads\/sites\/4\/2024\/08\/201909provencheres-distributeur-billets.jpg\",\"datePublished\":\"2019-09-18T04:05:24+00:00\",\"dateModified\":\"2019-09-18T04:05:24+00:00\",\"breadcrumb\":{\"@id\":\"https:\/\/vosgesinfo.fr\/saintdieinfo\/2019\/09\/provenchere-fave-distributeur-de-billets-a-ete-retire\/#breadcrumb\"},\"inLanguage\":\"fr-FR\",\"potentialAction\":[{\"@type\":\"ReadAction\",\"target\":[\"https:\/\/vosgesinfo.fr\/saintdieinfo\/2019\/09\/provenchere-fave-distributeur-de-billets-a-ete-retire\/\"]}]},{\"@type\":\"ImageObject\",\"inLanguage\":\"fr-FR\",\"@id\":\"https:\/\/vosgesinfo.fr\/saintdieinfo\/2019\/09\/provenchere-fave-distributeur-de-billets-a-ete-retire\/#primaryimage\",\"url\":\"https:\/\/vosgesinfo.fr\/app\/uploads\/sites\/4\/2024\/08\/201909provencheres-distributeur-billets.jpg\",\"contentUrl\":\"https:\/\/vosgesinfo.fr\/app\/uploads\/sites\/4\/2024\/08\/201909provencheres-distributeur-billets.jpg\",\"width\":1200,\"height\":606},{\"@type\":\"BreadcrumbList\",\"@id\":\"https:\/\/vosgesinfo.fr\/saintdieinfo\/2019\/09\/provenchere-fave-distributeur-de-billets-a-ete-retire\/#breadcrumb\",\"itemListElement\":[{\"@type\":\"ListItem\",\"position\":1,\"name\":\"Home\",\"item\":\"https:\/\/vosgesinfo.fr\/saintdieinfo\/\"},{\"@type\":\"ListItem\",\"position\":2,\"name\":\"Provench\u00e8re-sur-Fave \u2013 Le distributeur de billets a \u00e9t\u00e9 retir\u00e9\"}]},{\"@type\":\"WebSite\",\"@id\":\"https:\/\/vosgesinfo.fr\/saintdieinfo\/#website\",\"url\":\"https:\/\/vosgesinfo.fr\/saintdieinfo\/\",\"name\":\"Saint Die Info\",\"description\":\"Toute l&#039;actualit\u00e9 de Saint-Di\u00e9-Des-Vosges\",\"publisher\":{\"@id\":\"https:\/\/vosgesinfo.fr\/saintdieinfo\/#organization\"},\"alternateName\":\"Toute l'actualit\u00e9 de Saint-Di\u00e9-Des-Vosges\",\"potentialAction\":[{\"@type\":\"SearchAction\",\"target\":{\"@type\":\"EntryPoint\",\"urlTemplate\":\"https:\/\/vosgesinfo.fr\/saintdieinfo\/?s={search_term_string}\"},\"query-input\":\"required name=search_term_string\"}],\"inLanguage\":\"fr-FR\"},{\"@type\":\"Organization\",\"@id\":\"https:\/\/vosgesinfo.fr\/saintdieinfo\/#organization\",\"name\":\"Saint Die Info\",\"url\":\"https:\/\/vosgesinfo.fr\/saintdieinfo\/\",\"logo\":{\"@type\":\"ImageObject\",\"inLanguage\":\"fr-FR\",\"@id\":\"https:\/\/vosgesinfo.fr\/saintdieinfo\/#\/schema\/logo\/image\/\",\"url\":\"https:\/\/vosgesinfo.fr\/app\/uploads\/sites\/4\/2024\/02\/logo-sdi.jpg\",\"contentUrl\":\"https:\/\/vosgesinfo.fr\/app\/uploads\/sites\/4\/2024\/02\/logo-sdi.jpg\",\"width\":600,\"height\":600,\"caption\":\"Saint Die Info\"},\"image\":{\"@id\":\"https:\/\/vosgesinfo.fr\/saintdieinfo\/#\/schema\/logo\/image\/\"},\"sameAs\":[\"https:\/\/www.facebook.com\/Saintdieinfofr\",\"https:\/\/x.com\/VosgesInfo88\",\"https:\/\/www.youtube.com\/@vosgesinfo\"]},{\"@type\":\"Person\",\"@id\":\"https:\/\/vosgesinfo.fr\/saintdieinfo\/#\/schema\/person\/fa73e9f726d67bb88f46d5b7943cb572\",\"name\":\"J.J.\",\"image\":{\"@type\":\"ImageObject\",\"inLanguage\":\"fr-FR\",\"@id\":\"https:\/\/vosgesinfo.fr\/saintdieinfo\/#\/schema\/person\/image\/\",\"url\":\"https:\/\/secure.gravatar.com\/avatar\/219e749e47ffbcca018a360ae4add7d4cdf1cdaaf8bc7676b27efade3fe65615?s=96&d=mm&r=g\",\"contentUrl\":\"https:\/\/secure.gravatar.com\/avatar\/219e749e47ffbcca018a360ae4add7d4cdf1cdaaf8bc7676b27efade3fe65615?s=96&d=mm&r=g\",\"caption\":\"J.J.\"},\"url\":\"https:\/\/vosgesinfo.fr\/saintdieinfo\/author\/j-j\/\"}]}<\/script>\n<!-- \/ Yoast SEO plugin. -->","yoast_head_json":{"title":"Provench\u00e8re-sur-Fave \u2013 Le distributeur de billets a \u00e9t\u00e9 retir\u00e9 - Saint Die Info","robots":{"index":"index","follow":"follow","max-snippet":"max-snippet:-1","max-image-preview":"max-image-preview:large","max-video-preview":"max-video-preview:-1"},"canonical":"https:\/\/vosgesinfo.fr\/saintdieinfo\/2019\/09\/provenchere-fave-distributeur-de-billets-a-ete-retire\/","twitter_card":"summary_large_image","twitter_title":"Provench\u00e8re-sur-Fave \u2013 Le distributeur de billets a \u00e9t\u00e9 retir\u00e9 - Saint Die Info","twitter_description":"Depuis quelques semaines, il n&rsquo;y a plus de distributeur de billets de banque \u00e0 Provench\u00e8re-sur-Fave. Celui qui \u00e9tait install\u00e9 pr\u00e8s [&hellip;]","twitter_image":"https:\/\/vosgesinfo.fr\/app\/uploads\/sites\/4\/2024\/08\/201909provencheres-distributeur-billets.jpg","twitter_creator":"@VosgesInfo88","twitter_site":"@VosgesInfo88","twitter_misc":{"\u00c9crit par":"J.J.","Dur\u00e9e de lecture estim\u00e9e":"1 minute"},"schema":{"@context":"https:\/\/schema.org","@graph":[{"@type":"Article","@id":"https:\/\/vosgesinfo.fr\/saintdieinfo\/2019\/09\/provenchere-fave-distributeur-de-billets-a-ete-retire\/#article","isPartOf":{"@id":"https:\/\/vosgesinfo.fr\/saintdieinfo\/2019\/09\/provenchere-fave-distributeur-de-billets-a-ete-retire\/"},"author":{"name":"J.J.","@id":"https:\/\/vosgesinfo.fr\/saintdieinfo\/#\/schema\/person\/fa73e9f726d67bb88f46d5b7943cb572"},"headline":"Provench\u00e8re-sur-Fave \u2013 Le distributeur de billets a \u00e9t\u00e9 retir\u00e9","datePublished":"2019-09-18T04:05:24+00:00","dateModified":"2019-09-18T04:05:24+00:00","mainEntityOfPage":{"@id":"https:\/\/vosgesinfo.fr\/saintdieinfo\/2019\/09\/provenchere-fave-distributeur-de-billets-a-ete-retire\/"},"wordCount":195,"commentCount":0,"publisher":{"@id":"https:\/\/vosgesinfo.fr\/saintdieinfo\/#organization"},"image":{"@id":"https:\/\/vosgesinfo.fr\/saintdieinfo\/2019\/09\/provenchere-fave-distributeur-de-billets-a-ete-retire\/#primaryimage"},"thumbnailUrl":"https:\/\/vosgesinfo.fr\/app\/uploads\/sites\/4\/2024\/08\/201909provencheres-distributeur-billets.jpg","keywords":["Caisse d'Epargne","Distributeur de billets de banque","France 3 Grand Est","Provench\u00e8res-et-Colroy","Provench\u00e8res-sur-Fave"],"articleSection":["A la Une","Saint-Di\u00e9-des-Vosges et son Agglom\u00e9ration"],"inLanguage":"fr-FR","potentialAction":[{"@type":"CommentAction","name":"Comment","target":["https:\/\/vosgesinfo.fr\/saintdieinfo\/2019\/09\/provenchere-fave-distributeur-de-billets-a-ete-retire\/#respond"]}]},{"@type":"WebPage","@id":"https:\/\/vosgesinfo.fr\/saintdieinfo\/2019\/09\/provenchere-fave-distributeur-de-billets-a-ete-retire\/","url":"https:\/\/vosgesinfo.fr\/saintdieinfo\/2019\/09\/provenchere-fave-distributeur-de-billets-a-ete-retire\/","name":"Provench\u00e8re-sur-Fave \u2013 Le distributeur de billets a \u00e9t\u00e9 retir\u00e9 - Saint Die Info","isPartOf":{"@id":"https:\/\/vosgesinfo.fr\/saintdieinfo\/#website"},"primaryImageOfPage":{"@id":"https:\/\/vosgesinfo.fr\/saintdieinfo\/2019\/09\/provenchere-fave-distributeur-de-billets-a-ete-retire\/#primaryimage"},"image":{"@id":"https:\/\/vosgesinfo.fr\/saintdieinfo\/2019\/09\/provenchere-fave-distributeur-de-billets-a-ete-retire\/#primaryimage"},"thumbnailUrl":"https:\/\/vosgesinfo.fr\/app\/uploads\/sites\/4\/2024\/08\/201909provencheres-distributeur-billets.jpg","datePublished":"2019-09-18T04:05:24+00:00","dateModified":"2019-09-18T04:05:24+00:00","breadcrumb":{"@id":"https:\/\/vosgesinfo.fr\/saintdieinfo\/2019\/09\/provenchere-fave-distributeur-de-billets-a-ete-retire\/#breadcrumb"},"inLanguage":"fr-FR","potentialAction":[{"@type":"ReadAction","target":["https:\/\/vosgesinfo.fr\/saintdieinfo\/2019\/09\/provenchere-fave-distributeur-de-billets-a-ete-retire\/"]}]},{"@type":"ImageObject","inLanguage":"fr-FR","@id":"https:\/\/vosgesinfo.fr\/saintdieinfo\/2019\/09\/provenchere-fave-distributeur-de-billets-a-ete-retire\/#primaryimage","url":"https:\/\/vosgesinfo.fr\/app\/uploads\/sites\/4\/2024\/08\/201909provencheres-distributeur-billets.jpg","contentUrl":"https:\/\/vosgesinfo.fr\/app\/uploads\/sites\/4\/2024\/08\/201909provencheres-distributeur-billets.jpg","width":1200,"height":606},{"@type":"BreadcrumbList","@id":"https:\/\/vosgesinfo.fr\/saintdieinfo\/2019\/09\/provenchere-fave-distributeur-de-billets-a-ete-retire\/#breadcrumb","itemListElement":[{"@type":"ListItem","position":1,"name":"Home","item":"https:\/\/vosgesinfo.fr\/saintdieinfo\/"},{"@type":"ListItem","position":2,"name":"Provench\u00e8re-sur-Fave \u2013 Le distributeur de billets a \u00e9t\u00e9 retir\u00e9"}]},{"@type":"WebSite","@id":"https:\/\/vosgesinfo.fr\/saintdieinfo\/#website","url":"https:\/\/vosgesinfo.fr\/saintdieinfo\/","name":"Saint Die Info","description":"Toute l&#039;actualit\u00e9 de Saint-Di\u00e9-Des-Vosges","publisher":{"@id":"https:\/\/vosgesinfo.fr\/saintdieinfo\/#organization"},"alternateName":"Toute l'actualit\u00e9 de Saint-Di\u00e9-Des-Vosges","potentialAction":[{"@type":"SearchAction","target":{"@type":"EntryPoint","urlTemplate":"https:\/\/vosgesinfo.fr\/saintdieinfo\/?s={search_term_string}"},"query-input":"required name=search_term_string"}],"inLanguage":"fr-FR"},{"@type":"Organization","@id":"https:\/\/vosgesinfo.fr\/saintdieinfo\/#organization","name":"Saint Die Info","url":"https:\/\/vosgesinfo.fr\/saintdieinfo\/","logo":{"@type":"ImageObject","inLanguage":"fr-FR","@id":"https:\/\/vosgesinfo.fr\/saintdieinfo\/#\/schema\/logo\/image\/","url":"https:\/\/vosgesinfo.fr\/app\/uploads\/sites\/4\/2024\/02\/logo-sdi.jpg","contentUrl":"https:\/\/vosgesinfo.fr\/app\/uploads\/sites\/4\/2024\/02\/logo-sdi.jpg","width":600,"height":600,"caption":"Saint Die Info"},"image":{"@id":"https:\/\/vosgesinfo.fr\/saintdieinfo\/#\/schema\/logo\/image\/"},"sameAs":["https:\/\/www.facebook.com\/Saintdieinfofr","https:\/\/x.com\/VosgesInfo88","https:\/\/www.youtube.com\/@vosgesinfo"]},{"@type":"Person","@id":"https:\/\/vosgesinfo.fr\/saintdieinfo\/#\/schema\/person\/fa73e9f726d67bb88f46d5b7943cb572","name":"J.J.","image":{"@type":"ImageObject","inLanguage":"fr-FR","@id":"https:\/\/vosgesinfo.fr\/saintdieinfo\/#\/schema\/person\/image\/","url":"https:\/\/secure.gravatar.com\/avatar\/219e749e47ffbcca018a360ae4add7d4cdf1cdaaf8bc7676b27efade3fe65615?s=96&d=mm&r=g","contentUrl":"https:\/\/secure.gravatar.com\/avatar\/219e749e47ffbcca018a360ae4add7d4cdf1cdaaf8bc7676b27efade3fe65615?s=96&d=mm&r=g","caption":"J.J."},"url":"https:\/\/vosgesinfo.fr\/saintdieinfo\/author\/j-j\/"}]}},"_links":{"self":[{"href":"https:\/\/vosgesinfo.fr\/saintdieinfo\/wp-json\/wp\/v2\/posts\/38212","targetHints":{"allow":["GET"]}}],"collection":[{"href":"https:\/\/vosgesinfo.fr\/saintdieinfo\/wp-json\/wp\/v2\/posts"}],"about":[{"href":"https:\/\/vosgesinfo.fr\/saintdieinfo\/wp-json\/wp\/v2\/types\/post"}],"author":[{"embeddable":true,"href":"https:\/\/vosgesinfo.fr\/saintdieinfo\/wp-json\/wp\/v2\/users\/46"}],"replies":[{"embeddable":true,"href":"https:\/\/vosgesinfo.fr\/saintdieinfo\/wp-json\/wp\/v2\/comments?post=38212"}],"version-history":[{"count":0,"href":"https:\/\/vosgesinfo.fr\/saintdieinfo\/wp-json\/wp\/v2\/posts\/38212\/revisions"}],"wp:featuredmedia":[{"embeddable":true,"href":"https:\/\/vosgesinfo.fr\/saintdieinfo\/wp-json\/wp\/v2\/media\/38213"}],"wp:attachment":[{"href":"https:\/\/vosgesinfo.fr\/saintdieinfo\/wp-json\/wp\/v2\/media?parent=38212"}],"wp:term":[{"taxonomy":"category","embeddable":true,"href":"https:\/\/vosgesinfo.fr\/saintdieinfo\/wp-json\/wp\/v2\/categories?post=38212"},{"taxonomy":"post_tag","embeddable":true,"href":"https:\/\/vosgesinfo.fr\/saintdieinfo\/wp-json\/wp\/v2\/tags?post=38212"}],"curies":[{"name":"wp","href":"https:\/\/api.w.org\/{rel}","templated":true}]}}