{"id":38222,"date":"2019-09-19T07:00:55","date_gmt":"2019-09-19T05:00:55","guid":{"rendered":"https:\/\/vosgesinfo.fr\/saintdieinfo\/2019\/09\/dimanche-amis-de-place-marche-organisent-tremplin-musical\/"},"modified":"2019-09-19T07:00:55","modified_gmt":"2019-09-19T05:00:55","slug":"dimanche-amis-de-place-marche-organisent-tremplin-musical","status":"publish","type":"post","link":"https:\/\/vosgesinfo.fr\/saintdieinfo\/2019\/09\/dimanche-amis-de-place-marche-organisent-tremplin-musical\/","title":{"rendered":"Dimanche, les Amis de la Place du March\u00e9 organisent un tremplin musical"},"content":{"rendered":"<h2><strong><span style=\"font-family: Calibri, sans-serif;\"><span style=\"font-size: large;\">L&rsquo;ann\u00e9e derni\u00e8re, les Amis de la Place du March\u00e9 avaient pr\u00e9vu d&rsquo;organiser un tremplin musical le 4\u00e8me dimanche de septembre. Tout \u00e9tait fin pr\u00eat&#8230; sauf qu&rsquo;une m\u00e9t\u00e9o ex\u00e9crable est venue jouer les trouble-f\u00eate. Les organisateurs n&rsquo;ont donc pas eu d&rsquo;autre choix que d&rsquo;annuler la manifestation. <span style=\"font-family: Calibri, sans-serif;\"><span style=\"font-size: large;\">Pas d\u00e9courag\u00e9e pour autant, l&rsquo;association pr\u00e9sid\u00e9e par Cl\u00e9ment George a d\u00e9cid\u00e9 d&rsquo;organiser un nouveau tremplin musical ce dimanche 23 septembre, en partenariat avec la Ville et la Communaut\u00e9 d&rsquo;Agglom\u00e9ration. <\/span><\/span><\/span><\/span><\/strong><\/h2>\n<p><!--more--><\/p>\n<p><span style=\"font-family: Calibri, sans-serif;\"><span style=\"font-size: large;\">L&rsquo;id\u00e9e derri\u00e8re cette initiative \u00e9tant toujours de permettre \u00e0 des musiciens amateurs originaires de la D\u00e9odatie de s&rsquo;exprimer, le temps de 30 minutes et dans des conditions professionnelles (mat\u00e9riel pro pour la sonorisation, ing\u00e9nieur du son et r\u00e9gie lumi\u00e8re). Au terme de chacune des prestations du jour, un jury compos\u00e9 d&rsquo;amateurs et de professionnels de la musique exprimera son opinion en toute objectivit\u00e9.<\/span><\/span><\/p>\n<p><span style=\"font-family: Calibri, sans-serif;\"><span style=\"font-size: large;\">De 11h \u00e0 20h dimanche, se succ\u00e9deront sur la sc\u00e8ne install\u00e9e sur la place du March\u00e9 les formations \u00ab\u00a0Alex\u00a0\u00bb, \u00ab\u00a0Meard\u00a0\u00bb, \u00ab\u00a0Horror Zombies Show\u00a0\u00bb, \u00ab\u00a0Mauser Fuckers\u00a0\u00bb, \u00ab\u00a0Beyond Remains\u00a0\u00bb et \u00ab\u00a0Toys Breakers\u00a0\u00bb. Quant aux styles musicaux propos\u00e9s, la part belle sera faite au hard-rock, punk et m\u00e9tal&#8230; mais la chanson fran\u00e7aise ne sera pas oubli\u00e9e pour autant. Et bien entendu, comme pour chacune des manifestations des Amis de la Place du March\u00e9, il sera possible de se restaurer et se d\u00e9salt\u00e9rer sur place. Il ne reste plus qu&rsquo;\u00e0 souhaiter \u00e0 l&rsquo;association de cafetiers et restaurateurs d\u00e9odatiens une m\u00e9t\u00e9o plus cl\u00e9mente que l&rsquo;an pass\u00e9.<br \/>\n<\/span><\/span><\/p>\n<p>J.J.<\/p>\n<p><a href=\"\/2019\/09\/Tremplin_Musical_Amis_Place_du_March\u00e9.jpg\" target=\"_blank\" rel=\"noopener\"><img decoding=\"async\" class=\"aligncenter wp-image-144518 size-full\" src=\"\/2019\/09\/Tremplin_Musical_Amis_Place_du_March\u00e9.jpg\" alt=\"Tremplin_Musical_Amis_Place_du_March\u00e9\" width=\"684\" height=\"960\" \/><\/a><\/p>\n","protected":false},"excerpt":{"rendered":"<p>L&rsquo;ann\u00e9e derni\u00e8re, les Amis de la Place du March\u00e9 avaient pr\u00e9vu d&rsquo;organiser un tremplin musical le 4\u00e8me dimanche de septembre. [&hellip;]<\/p>\n","protected":false},"author":46,"featured_media":38223,"comment_status":"open","ping_status":"open","sticky":false,"template":"","format":"standard","meta":{"footnotes":""},"categories":[460,20,2915,17],"tags":[7475,2931,7476],"class_list":["post-38222","post","type-post","status-publish","format-standard","has-post-thumbnail","hentry","category-a-la-une","category-loisirs","category-saint-die-son-canton","category-vie-associative","tag-amis-de-la-place-du-marche","tag-place-du-marche","tag-tremplin-musical"],"acf":[],"yoast_head":"<!-- This site is optimized with the Yoast SEO plugin v22.5 - https:\/\/yoast.com\/wordpress\/plugins\/seo\/ -->\n<title>Dimanche, les Amis de la Place du March\u00e9 organisent un tremplin musical - Saint Die Info<\/title>\n<meta name=\"robots\" content=\"index, follow, max-snippet:-1, max-image-preview:large, max-video-preview:-1\" \/>\n<link rel=\"canonical\" href=\"https:\/\/vosgesinfo.fr\/saintdieinfo\/2019\/09\/dimanche-amis-de-place-marche-organisent-tremplin-musical\/\" \/>\n<meta name=\"twitter:card\" content=\"summary_large_image\" \/>\n<meta name=\"twitter:title\" content=\"Dimanche, les Amis de la Place du March\u00e9 organisent un tremplin musical - Saint Die Info\" \/>\n<meta name=\"twitter:description\" content=\"L&rsquo;ann\u00e9e derni\u00e8re, les Amis de la Place du March\u00e9 avaient pr\u00e9vu d&rsquo;organiser un tremplin musical le 4\u00e8me dimanche de septembre. [&hellip;]\" \/>\n<meta name=\"twitter:image\" content=\"https:\/\/vosgesinfo.fr\/app\/uploads\/sites\/4\/2024\/08\/201909tremplin-musical-amis-place-du-marche-2.jpg\" \/>\n<meta name=\"twitter:creator\" content=\"@VosgesInfo88\" \/>\n<meta name=\"twitter:site\" content=\"@VosgesInfo88\" \/>\n<meta name=\"twitter:label1\" content=\"\u00c9crit par\" \/>\n\t<meta name=\"twitter:data1\" content=\"J.J.\" \/>\n\t<meta name=\"twitter:label2\" content=\"Dur\u00e9e de lecture estim\u00e9e\" \/>\n\t<meta name=\"twitter:data2\" content=\"1 minute\" \/>\n<script type=\"application\/ld+json\" class=\"yoast-schema-graph\">{\"@context\":\"https:\/\/schema.org\",\"@graph\":[{\"@type\":\"Article\",\"@id\":\"https:\/\/vosgesinfo.fr\/saintdieinfo\/2019\/09\/dimanche-amis-de-place-marche-organisent-tremplin-musical\/#article\",\"isPartOf\":{\"@id\":\"https:\/\/vosgesinfo.fr\/saintdieinfo\/2019\/09\/dimanche-amis-de-place-marche-organisent-tremplin-musical\/\"},\"author\":{\"name\":\"J.J.\",\"@id\":\"https:\/\/vosgesinfo.fr\/saintdieinfo\/#\/schema\/person\/fa73e9f726d67bb88f46d5b7943cb572\"},\"headline\":\"Dimanche, les Amis de la Place du March\u00e9 organisent un tremplin musical\",\"datePublished\":\"2019-09-19T05:00:55+00:00\",\"dateModified\":\"2019-09-19T05:00:55+00:00\",\"mainEntityOfPage\":{\"@id\":\"https:\/\/vosgesinfo.fr\/saintdieinfo\/2019\/09\/dimanche-amis-de-place-marche-organisent-tremplin-musical\/\"},\"wordCount\":296,\"commentCount\":0,\"publisher\":{\"@id\":\"https:\/\/vosgesinfo.fr\/saintdieinfo\/#organization\"},\"image\":{\"@id\":\"https:\/\/vosgesinfo.fr\/saintdieinfo\/2019\/09\/dimanche-amis-de-place-marche-organisent-tremplin-musical\/#primaryimage\"},\"thumbnailUrl\":\"https:\/\/vosgesinfo.fr\/app\/uploads\/sites\/4\/2024\/08\/201909tremplin-musical-amis-place-du-marche-2.jpg\",\"keywords\":[\"Amis de la Place du March\u00e9\",\"Place du March\u00e9\",\"Tremplin musical\"],\"articleSection\":[\"A la Une\",\"Loisirs\",\"Saint-Di\u00e9-des-Vosges et son Agglom\u00e9ration\",\"Vie Associative\"],\"inLanguage\":\"fr-FR\",\"potentialAction\":[{\"@type\":\"CommentAction\",\"name\":\"Comment\",\"target\":[\"https:\/\/vosgesinfo.fr\/saintdieinfo\/2019\/09\/dimanche-amis-de-place-marche-organisent-tremplin-musical\/#respond\"]}]},{\"@type\":\"WebPage\",\"@id\":\"https:\/\/vosgesinfo.fr\/saintdieinfo\/2019\/09\/dimanche-amis-de-place-marche-organisent-tremplin-musical\/\",\"url\":\"https:\/\/vosgesinfo.fr\/saintdieinfo\/2019\/09\/dimanche-amis-de-place-marche-organisent-tremplin-musical\/\",\"name\":\"Dimanche, les Amis de la Place du March\u00e9 organisent un tremplin musical - Saint Die Info\",\"isPartOf\":{\"@id\":\"https:\/\/vosgesinfo.fr\/saintdieinfo\/#website\"},\"primaryImageOfPage\":{\"@id\":\"https:\/\/vosgesinfo.fr\/saintdieinfo\/2019\/09\/dimanche-amis-de-place-marche-organisent-tremplin-musical\/#primaryimage\"},\"image\":{\"@id\":\"https:\/\/vosgesinfo.fr\/saintdieinfo\/2019\/09\/dimanche-amis-de-place-marche-organisent-tremplin-musical\/#primaryimage\"},\"thumbnailUrl\":\"https:\/\/vosgesinfo.fr\/app\/uploads\/sites\/4\/2024\/08\/201909tremplin-musical-amis-place-du-marche-2.jpg\",\"datePublished\":\"2019-09-19T05:00:55+00:00\",\"dateModified\":\"2019-09-19T05:00:55+00:00\",\"breadcrumb\":{\"@id\":\"https:\/\/vosgesinfo.fr\/saintdieinfo\/2019\/09\/dimanche-amis-de-place-marche-organisent-tremplin-musical\/#breadcrumb\"},\"inLanguage\":\"fr-FR\",\"potentialAction\":[{\"@type\":\"ReadAction\",\"target\":[\"https:\/\/vosgesinfo.fr\/saintdieinfo\/2019\/09\/dimanche-amis-de-place-marche-organisent-tremplin-musical\/\"]}]},{\"@type\":\"ImageObject\",\"inLanguage\":\"fr-FR\",\"@id\":\"https:\/\/vosgesinfo.fr\/saintdieinfo\/2019\/09\/dimanche-amis-de-place-marche-organisent-tremplin-musical\/#primaryimage\",\"url\":\"https:\/\/vosgesinfo.fr\/app\/uploads\/sites\/4\/2024\/08\/201909tremplin-musical-amis-place-du-marche-2.jpg\",\"contentUrl\":\"https:\/\/vosgesinfo.fr\/app\/uploads\/sites\/4\/2024\/08\/201909tremplin-musical-amis-place-du-marche-2.jpg\",\"width\":713,\"height\":464},{\"@type\":\"BreadcrumbList\",\"@id\":\"https:\/\/vosgesinfo.fr\/saintdieinfo\/2019\/09\/dimanche-amis-de-place-marche-organisent-tremplin-musical\/#breadcrumb\",\"itemListElement\":[{\"@type\":\"ListItem\",\"position\":1,\"name\":\"Home\",\"item\":\"https:\/\/vosgesinfo.fr\/saintdieinfo\/\"},{\"@type\":\"ListItem\",\"position\":2,\"name\":\"Dimanche, les Amis de la Place du March\u00e9 organisent un tremplin musical\"}]},{\"@type\":\"WebSite\",\"@id\":\"https:\/\/vosgesinfo.fr\/saintdieinfo\/#website\",\"url\":\"https:\/\/vosgesinfo.fr\/saintdieinfo\/\",\"name\":\"Saint Die Info\",\"description\":\"Toute l&#039;actualit\u00e9 de Saint-Di\u00e9-Des-Vosges\",\"publisher\":{\"@id\":\"https:\/\/vosgesinfo.fr\/saintdieinfo\/#organization\"},\"alternateName\":\"Toute l'actualit\u00e9 de Saint-Di\u00e9-Des-Vosges\",\"potentialAction\":[{\"@type\":\"SearchAction\",\"target\":{\"@type\":\"EntryPoint\",\"urlTemplate\":\"https:\/\/vosgesinfo.fr\/saintdieinfo\/?s={search_term_string}\"},\"query-input\":\"required name=search_term_string\"}],\"inLanguage\":\"fr-FR\"},{\"@type\":\"Organization\",\"@id\":\"https:\/\/vosgesinfo.fr\/saintdieinfo\/#organization\",\"name\":\"Saint Die Info\",\"url\":\"https:\/\/vosgesinfo.fr\/saintdieinfo\/\",\"logo\":{\"@type\":\"ImageObject\",\"inLanguage\":\"fr-FR\",\"@id\":\"https:\/\/vosgesinfo.fr\/saintdieinfo\/#\/schema\/logo\/image\/\",\"url\":\"https:\/\/vosgesinfo.fr\/app\/uploads\/sites\/4\/2024\/02\/logo-sdi.jpg\",\"contentUrl\":\"https:\/\/vosgesinfo.fr\/app\/uploads\/sites\/4\/2024\/02\/logo-sdi.jpg\",\"width\":600,\"height\":600,\"caption\":\"Saint Die Info\"},\"image\":{\"@id\":\"https:\/\/vosgesinfo.fr\/saintdieinfo\/#\/schema\/logo\/image\/\"},\"sameAs\":[\"https:\/\/www.facebook.com\/Saintdieinfofr\",\"https:\/\/x.com\/VosgesInfo88\",\"https:\/\/www.youtube.com\/@vosgesinfo\"]},{\"@type\":\"Person\",\"@id\":\"https:\/\/vosgesinfo.fr\/saintdieinfo\/#\/schema\/person\/fa73e9f726d67bb88f46d5b7943cb572\",\"name\":\"J.J.\",\"image\":{\"@type\":\"ImageObject\",\"inLanguage\":\"fr-FR\",\"@id\":\"https:\/\/vosgesinfo.fr\/saintdieinfo\/#\/schema\/person\/image\/\",\"url\":\"https:\/\/secure.gravatar.com\/avatar\/219e749e47ffbcca018a360ae4add7d4cdf1cdaaf8bc7676b27efade3fe65615?s=96&d=mm&r=g\",\"contentUrl\":\"https:\/\/secure.gravatar.com\/avatar\/219e749e47ffbcca018a360ae4add7d4cdf1cdaaf8bc7676b27efade3fe65615?s=96&d=mm&r=g\",\"caption\":\"J.J.\"},\"url\":\"https:\/\/vosgesinfo.fr\/saintdieinfo\/author\/j-j\/\"}]}<\/script>\n<!-- \/ Yoast SEO plugin. -->","yoast_head_json":{"title":"Dimanche, les Amis de la Place du March\u00e9 organisent un tremplin musical - Saint Die Info","robots":{"index":"index","follow":"follow","max-snippet":"max-snippet:-1","max-image-preview":"max-image-preview:large","max-video-preview":"max-video-preview:-1"},"canonical":"https:\/\/vosgesinfo.fr\/saintdieinfo\/2019\/09\/dimanche-amis-de-place-marche-organisent-tremplin-musical\/","twitter_card":"summary_large_image","twitter_title":"Dimanche, les Amis de la Place du March\u00e9 organisent un tremplin musical - Saint Die Info","twitter_description":"L&rsquo;ann\u00e9e derni\u00e8re, les Amis de la Place du March\u00e9 avaient pr\u00e9vu d&rsquo;organiser un tremplin musical le 4\u00e8me dimanche de septembre. [&hellip;]","twitter_image":"https:\/\/vosgesinfo.fr\/app\/uploads\/sites\/4\/2024\/08\/201909tremplin-musical-amis-place-du-marche-2.jpg","twitter_creator":"@VosgesInfo88","twitter_site":"@VosgesInfo88","twitter_misc":{"\u00c9crit par":"J.J.","Dur\u00e9e de lecture estim\u00e9e":"1 minute"},"schema":{"@context":"https:\/\/schema.org","@graph":[{"@type":"Article","@id":"https:\/\/vosgesinfo.fr\/saintdieinfo\/2019\/09\/dimanche-amis-de-place-marche-organisent-tremplin-musical\/#article","isPartOf":{"@id":"https:\/\/vosgesinfo.fr\/saintdieinfo\/2019\/09\/dimanche-amis-de-place-marche-organisent-tremplin-musical\/"},"author":{"name":"J.J.","@id":"https:\/\/vosgesinfo.fr\/saintdieinfo\/#\/schema\/person\/fa73e9f726d67bb88f46d5b7943cb572"},"headline":"Dimanche, les Amis de la Place du March\u00e9 organisent un tremplin musical","datePublished":"2019-09-19T05:00:55+00:00","dateModified":"2019-09-19T05:00:55+00:00","mainEntityOfPage":{"@id":"https:\/\/vosgesinfo.fr\/saintdieinfo\/2019\/09\/dimanche-amis-de-place-marche-organisent-tremplin-musical\/"},"wordCount":296,"commentCount":0,"publisher":{"@id":"https:\/\/vosgesinfo.fr\/saintdieinfo\/#organization"},"image":{"@id":"https:\/\/vosgesinfo.fr\/saintdieinfo\/2019\/09\/dimanche-amis-de-place-marche-organisent-tremplin-musical\/#primaryimage"},"thumbnailUrl":"https:\/\/vosgesinfo.fr\/app\/uploads\/sites\/4\/2024\/08\/201909tremplin-musical-amis-place-du-marche-2.jpg","keywords":["Amis de la Place du March\u00e9","Place du March\u00e9","Tremplin musical"],"articleSection":["A la Une","Loisirs","Saint-Di\u00e9-des-Vosges et son Agglom\u00e9ration","Vie Associative"],"inLanguage":"fr-FR","potentialAction":[{"@type":"CommentAction","name":"Comment","target":["https:\/\/vosgesinfo.fr\/saintdieinfo\/2019\/09\/dimanche-amis-de-place-marche-organisent-tremplin-musical\/#respond"]}]},{"@type":"WebPage","@id":"https:\/\/vosgesinfo.fr\/saintdieinfo\/2019\/09\/dimanche-amis-de-place-marche-organisent-tremplin-musical\/","url":"https:\/\/vosgesinfo.fr\/saintdieinfo\/2019\/09\/dimanche-amis-de-place-marche-organisent-tremplin-musical\/","name":"Dimanche, les Amis de la Place du March\u00e9 organisent un tremplin musical - Saint Die Info","isPartOf":{"@id":"https:\/\/vosgesinfo.fr\/saintdieinfo\/#website"},"primaryImageOfPage":{"@id":"https:\/\/vosgesinfo.fr\/saintdieinfo\/2019\/09\/dimanche-amis-de-place-marche-organisent-tremplin-musical\/#primaryimage"},"image":{"@id":"https:\/\/vosgesinfo.fr\/saintdieinfo\/2019\/09\/dimanche-amis-de-place-marche-organisent-tremplin-musical\/#primaryimage"},"thumbnailUrl":"https:\/\/vosgesinfo.fr\/app\/uploads\/sites\/4\/2024\/08\/201909tremplin-musical-amis-place-du-marche-2.jpg","datePublished":"2019-09-19T05:00:55+00:00","dateModified":"2019-09-19T05:00:55+00:00","breadcrumb":{"@id":"https:\/\/vosgesinfo.fr\/saintdieinfo\/2019\/09\/dimanche-amis-de-place-marche-organisent-tremplin-musical\/#breadcrumb"},"inLanguage":"fr-FR","potentialAction":[{"@type":"ReadAction","target":["https:\/\/vosgesinfo.fr\/saintdieinfo\/2019\/09\/dimanche-amis-de-place-marche-organisent-tremplin-musical\/"]}]},{"@type":"ImageObject","inLanguage":"fr-FR","@id":"https:\/\/vosgesinfo.fr\/saintdieinfo\/2019\/09\/dimanche-amis-de-place-marche-organisent-tremplin-musical\/#primaryimage","url":"https:\/\/vosgesinfo.fr\/app\/uploads\/sites\/4\/2024\/08\/201909tremplin-musical-amis-place-du-marche-2.jpg","contentUrl":"https:\/\/vosgesinfo.fr\/app\/uploads\/sites\/4\/2024\/08\/201909tremplin-musical-amis-place-du-marche-2.jpg","width":713,"height":464},{"@type":"BreadcrumbList","@id":"https:\/\/vosgesinfo.fr\/saintdieinfo\/2019\/09\/dimanche-amis-de-place-marche-organisent-tremplin-musical\/#breadcrumb","itemListElement":[{"@type":"ListItem","position":1,"name":"Home","item":"https:\/\/vosgesinfo.fr\/saintdieinfo\/"},{"@type":"ListItem","position":2,"name":"Dimanche, les Amis de la Place du March\u00e9 organisent un tremplin musical"}]},{"@type":"WebSite","@id":"https:\/\/vosgesinfo.fr\/saintdieinfo\/#website","url":"https:\/\/vosgesinfo.fr\/saintdieinfo\/","name":"Saint Die Info","description":"Toute l&#039;actualit\u00e9 de Saint-Di\u00e9-Des-Vosges","publisher":{"@id":"https:\/\/vosgesinfo.fr\/saintdieinfo\/#organization"},"alternateName":"Toute l'actualit\u00e9 de Saint-Di\u00e9-Des-Vosges","potentialAction":[{"@type":"SearchAction","target":{"@type":"EntryPoint","urlTemplate":"https:\/\/vosgesinfo.fr\/saintdieinfo\/?s={search_term_string}"},"query-input":"required name=search_term_string"}],"inLanguage":"fr-FR"},{"@type":"Organization","@id":"https:\/\/vosgesinfo.fr\/saintdieinfo\/#organization","name":"Saint Die Info","url":"https:\/\/vosgesinfo.fr\/saintdieinfo\/","logo":{"@type":"ImageObject","inLanguage":"fr-FR","@id":"https:\/\/vosgesinfo.fr\/saintdieinfo\/#\/schema\/logo\/image\/","url":"https:\/\/vosgesinfo.fr\/app\/uploads\/sites\/4\/2024\/02\/logo-sdi.jpg","contentUrl":"https:\/\/vosgesinfo.fr\/app\/uploads\/sites\/4\/2024\/02\/logo-sdi.jpg","width":600,"height":600,"caption":"Saint Die Info"},"image":{"@id":"https:\/\/vosgesinfo.fr\/saintdieinfo\/#\/schema\/logo\/image\/"},"sameAs":["https:\/\/www.facebook.com\/Saintdieinfofr","https:\/\/x.com\/VosgesInfo88","https:\/\/www.youtube.com\/@vosgesinfo"]},{"@type":"Person","@id":"https:\/\/vosgesinfo.fr\/saintdieinfo\/#\/schema\/person\/fa73e9f726d67bb88f46d5b7943cb572","name":"J.J.","image":{"@type":"ImageObject","inLanguage":"fr-FR","@id":"https:\/\/vosgesinfo.fr\/saintdieinfo\/#\/schema\/person\/image\/","url":"https:\/\/secure.gravatar.com\/avatar\/219e749e47ffbcca018a360ae4add7d4cdf1cdaaf8bc7676b27efade3fe65615?s=96&d=mm&r=g","contentUrl":"https:\/\/secure.gravatar.com\/avatar\/219e749e47ffbcca018a360ae4add7d4cdf1cdaaf8bc7676b27efade3fe65615?s=96&d=mm&r=g","caption":"J.J."},"url":"https:\/\/vosgesinfo.fr\/saintdieinfo\/author\/j-j\/"}]}},"_links":{"self":[{"href":"https:\/\/vosgesinfo.fr\/saintdieinfo\/wp-json\/wp\/v2\/posts\/38222","targetHints":{"allow":["GET"]}}],"collection":[{"href":"https:\/\/vosgesinfo.fr\/saintdieinfo\/wp-json\/wp\/v2\/posts"}],"about":[{"href":"https:\/\/vosgesinfo.fr\/saintdieinfo\/wp-json\/wp\/v2\/types\/post"}],"author":[{"embeddable":true,"href":"https:\/\/vosgesinfo.fr\/saintdieinfo\/wp-json\/wp\/v2\/users\/46"}],"replies":[{"embeddable":true,"href":"https:\/\/vosgesinfo.fr\/saintdieinfo\/wp-json\/wp\/v2\/comments?post=38222"}],"version-history":[{"count":0,"href":"https:\/\/vosgesinfo.fr\/saintdieinfo\/wp-json\/wp\/v2\/posts\/38222\/revisions"}],"wp:featuredmedia":[{"embeddable":true,"href":"https:\/\/vosgesinfo.fr\/saintdieinfo\/wp-json\/wp\/v2\/media\/38223"}],"wp:attachment":[{"href":"https:\/\/vosgesinfo.fr\/saintdieinfo\/wp-json\/wp\/v2\/media?parent=38222"}],"wp:term":[{"taxonomy":"category","embeddable":true,"href":"https:\/\/vosgesinfo.fr\/saintdieinfo\/wp-json\/wp\/v2\/categories?post=38222"},{"taxonomy":"post_tag","embeddable":true,"href":"https:\/\/vosgesinfo.fr\/saintdieinfo\/wp-json\/wp\/v2\/tags?post=38222"}],"curies":[{"name":"wp","href":"https:\/\/api.w.org\/{rel}","templated":true}]}}