{"id":38225,"date":"2019-09-19T07:30:14","date_gmt":"2019-09-19T05:30:14","guid":{"rendered":"https:\/\/vosgesinfo.fr\/saintdieinfo\/2019\/09\/jiu-jitsu-bresilien-judo-club-deodatien\/"},"modified":"2019-09-19T07:30:14","modified_gmt":"2019-09-19T05:30:14","slug":"jiu-jitsu-bresilien-judo-club-deodatien","status":"publish","type":"post","link":"https:\/\/vosgesinfo.fr\/saintdieinfo\/2019\/09\/jiu-jitsu-bresilien-judo-club-deodatien\/","title":{"rendered":"Du Jiu-Jitsu Br\u00e9silien au Judo Club D\u00e9odatien"},"content":{"rendered":"<div id=\"attachment_144523\" style=\"width: 970px\" class=\"wp-caption aligncenter\"><a href=\"\/2019\/09\/Jiu_Jitsu_Br\u00e9silien_Judo_Club_D\u00e9odatien.jpg\" target=\"_blank\" rel=\"noopener\"><img decoding=\"async\" aria-describedby=\"caption-attachment-144523\" class=\"wp-image-144523 size-large\" src=\"\/2019\/09\/Jiu_Jitsu_Br\u00e9silien_Judo_Club_D\u00e9odatien-1024x768.jpg\" alt=\"\" width=\"960\" height=\"720\" \/><\/a><p id=\"caption-attachment-144523\" class=\"wp-caption-text\">(Cr\u00e9dit photographique Judo Club D\u00e9odatien)<\/p><\/div>\n<h2><strong><span style=\"font-family: Calibri, sans-serif;\"><span style=\"font-size: large;\">Apr\u00e8s un essai concluant le 22 ao\u00fbt dernier, le Judo Club D\u00e9odatien proposera des s\u00e9ances de Jiu-Jitsu Br\u00e9silien \u00e0 compter du samedi 28 septembre. Des s\u00e9ances qui viennent s&rsquo;ajouter aux s\u00e9ances de Judo (de l&rsquo;\u00e9veil aux s\u00e9niors), de Ju-Jitsu et de Yoga.<\/span><\/span><\/strong><\/h2>\n<p><!--more--><\/p>\n<p><span style=\"font-family: Calibri, sans-serif;\"><span style=\"font-size: large;\"><em>\u00ab\u00a0Cette nouveaut\u00e9 peut \u00eatre mise en place gr\u00e2ce \u00e0 la mobilisation de la Team Camara et notamment de Micka\u00ebl Camara, ceinture noire deuxi\u00e8me degr\u00e9 Carlson Gracie\u2026 Il avait assur\u00e9 l\u2019initiation estivale sur le tatami d\u00e9odatien, en pr\u00e9sence d\u2019une quarantaine de volontaires\u00a0\u00bb<\/em> explique le pr\u00e9sident du club Damien Jamet, avant de se pencher sur le palmar\u00e8s du Nanc\u00e9ien. <em>\u00ab\u00a0El\u00e8ve de Gilles Ars\u00e8ne, un des pionniers de la discipline et du MMA en France, Micka\u00ebl Camara a remport\u00e9 la coupe d\u2019Allemagne, la coupe d\u2019Espagne et le super-fight de l\u2019Open d\u2019Ile-de-France. Il a \u00e9galement d\u00e9croch\u00e9 plusieurs podiums en coupe d\u2019Europe, championnat et coupe de France depuis 2001. Il s\u2019est \u00e9galement class\u00e9 second \u00e0 l\u2019Ultimate Grappling.\u00a0\u00bb<\/em><\/span><\/span><\/p>\n<p><span style=\"font-family: Calibri, sans-serif;\"><span style=\"font-size: large;\">C&rsquo;est ce m\u00eame Micka\u00ebl Camara qui se chargera des cours, \u00e0 raison d&rsquo;un samedi par mois de 10h \u00e0 12h au dojo du Palais Omnisports Joseph-Claudel. Pour celles et ceux qui ne seraient pas familiers de cette discipline, le Jiu-Jitsu Br\u00e9silien \u2013 abr\u00e9g\u00e9 JJB \u2013 est un art martial, un sport de combat et un syst\u00e8me de d\u00e9fense personnelle. D\u00e9velopp\u00e9 par la famille Gracie, le JJB est d\u00e9riv\u00e9 des techniques du Judo et du Ju-Jitsu. <em>\u00ab\u00a0Contrairement \u00e0 la majorit\u00e9 des arts martiaux qui privil\u00e9gient le combat debout, le Jiu-Jitsu Br\u00e9silien favorise le combat au sol, domaine technique o\u00f9 le gabarit importe peu, et n\u2019autorise aucune frappe\u00a0\u00bb<\/em> pr\u00e9cise Damien Jamet.<\/span><\/span><\/p>\n<p><span style=\"font-family: Calibri, sans-serif;\"><span style=\"font-size: large;\">Pour les personnes int\u00e9ress\u00e9es, les dates des premiers cours sont les suivantes : 28 septembre, 19 octobre, 9 novembre et 14 d\u00e9cembre. Prix sp\u00e9cial d&rsquo;ouverture de 100 euros par an, soit 10 s\u00e9ances. Renseignements compl\u00e9mentaires sur <strong><a href=\"http:\/\/www.judosaintdie.fr\/\" target=\"_blank\" rel=\"noopener\">www.judosaintdie.fr<\/a><\/strong><\/span><\/span><\/p>\n","protected":false},"excerpt":{"rendered":"<p>Apr\u00e8s un essai concluant le 22 ao\u00fbt dernier, le Judo Club D\u00e9odatien proposera des s\u00e9ances de Jiu-Jitsu Br\u00e9silien \u00e0 compter [&hellip;]<\/p>\n","protected":false},"author":46,"featured_media":38226,"comment_status":"open","ping_status":"open","sticky":false,"template":"","format":"standard","meta":{"footnotes":""},"categories":[460,2915,14],"tags":[2108,6610,7477,3126],"class_list":["post-38225","post","type-post","status-publish","format-standard","has-post-thumbnail","hentry","category-a-la-une","category-saint-die-son-canton","category-sport","tag-jiu-jitsu-bresilien","tag-judo-club-deodatien","tag-mickael-camara","tag-palais-omnisports-joseph-claudel"],"acf":[],"yoast_head":"<!-- This site is optimized with the Yoast SEO plugin v22.5 - https:\/\/yoast.com\/wordpress\/plugins\/seo\/ -->\n<title>Du Jiu-Jitsu Br\u00e9silien au Judo Club D\u00e9odatien - Saint Die Info<\/title>\n<meta name=\"robots\" content=\"index, follow, max-snippet:-1, max-image-preview:large, max-video-preview:-1\" \/>\n<link rel=\"canonical\" href=\"https:\/\/vosgesinfo.fr\/saintdieinfo\/2019\/09\/jiu-jitsu-bresilien-judo-club-deodatien\/\" \/>\n<meta name=\"twitter:card\" content=\"summary_large_image\" \/>\n<meta name=\"twitter:title\" content=\"Du Jiu-Jitsu Br\u00e9silien au Judo Club D\u00e9odatien - Saint Die Info\" \/>\n<meta name=\"twitter:description\" content=\"Apr\u00e8s un essai concluant le 22 ao\u00fbt dernier, le Judo Club D\u00e9odatien proposera des s\u00e9ances de Jiu-Jitsu Br\u00e9silien \u00e0 compter [&hellip;]\" \/>\n<meta name=\"twitter:image\" content=\"https:\/\/vosgesinfo.fr\/app\/uploads\/sites\/4\/2024\/08\/201909jiu-jitsu-bresilien-judo-club-deodatien.jpg\" \/>\n<meta name=\"twitter:creator\" content=\"@VosgesInfo88\" \/>\n<meta name=\"twitter:site\" content=\"@VosgesInfo88\" \/>\n<meta name=\"twitter:label1\" content=\"\u00c9crit par\" \/>\n\t<meta name=\"twitter:data1\" content=\"J.J.\" \/>\n\t<meta name=\"twitter:label2\" content=\"Dur\u00e9e de lecture estim\u00e9e\" \/>\n\t<meta name=\"twitter:data2\" content=\"2 minutes\" \/>\n<script type=\"application\/ld+json\" class=\"yoast-schema-graph\">{\"@context\":\"https:\/\/schema.org\",\"@graph\":[{\"@type\":\"Article\",\"@id\":\"https:\/\/vosgesinfo.fr\/saintdieinfo\/2019\/09\/jiu-jitsu-bresilien-judo-club-deodatien\/#article\",\"isPartOf\":{\"@id\":\"https:\/\/vosgesinfo.fr\/saintdieinfo\/2019\/09\/jiu-jitsu-bresilien-judo-club-deodatien\/\"},\"author\":{\"name\":\"J.J.\",\"@id\":\"https:\/\/vosgesinfo.fr\/saintdieinfo\/#\/schema\/person\/fa73e9f726d67bb88f46d5b7943cb572\"},\"headline\":\"Du Jiu-Jitsu Br\u00e9silien au Judo Club D\u00e9odatien\",\"datePublished\":\"2019-09-19T05:30:14+00:00\",\"dateModified\":\"2019-09-19T05:30:14+00:00\",\"mainEntityOfPage\":{\"@id\":\"https:\/\/vosgesinfo.fr\/saintdieinfo\/2019\/09\/jiu-jitsu-bresilien-judo-club-deodatien\/\"},\"wordCount\":359,\"commentCount\":0,\"publisher\":{\"@id\":\"https:\/\/vosgesinfo.fr\/saintdieinfo\/#organization\"},\"image\":{\"@id\":\"https:\/\/vosgesinfo.fr\/saintdieinfo\/2019\/09\/jiu-jitsu-bresilien-judo-club-deodatien\/#primaryimage\"},\"thumbnailUrl\":\"https:\/\/vosgesinfo.fr\/app\/uploads\/sites\/4\/2024\/08\/201909jiu-jitsu-bresilien-judo-club-deodatien.jpg\",\"keywords\":[\"jiu-jitsu br\u00e9silien\",\"Judo Club D\u00e9odatien\",\"Micka\u00ebl Camara\",\"Palais Omnisports Joseph-Claudel\"],\"articleSection\":[\"A la Une\",\"Saint-Di\u00e9-des-Vosges et son Agglom\u00e9ration\",\"Sport\"],\"inLanguage\":\"fr-FR\",\"potentialAction\":[{\"@type\":\"CommentAction\",\"name\":\"Comment\",\"target\":[\"https:\/\/vosgesinfo.fr\/saintdieinfo\/2019\/09\/jiu-jitsu-bresilien-judo-club-deodatien\/#respond\"]}]},{\"@type\":\"WebPage\",\"@id\":\"https:\/\/vosgesinfo.fr\/saintdieinfo\/2019\/09\/jiu-jitsu-bresilien-judo-club-deodatien\/\",\"url\":\"https:\/\/vosgesinfo.fr\/saintdieinfo\/2019\/09\/jiu-jitsu-bresilien-judo-club-deodatien\/\",\"name\":\"Du Jiu-Jitsu Br\u00e9silien au Judo Club D\u00e9odatien - Saint Die Info\",\"isPartOf\":{\"@id\":\"https:\/\/vosgesinfo.fr\/saintdieinfo\/#website\"},\"primaryImageOfPage\":{\"@id\":\"https:\/\/vosgesinfo.fr\/saintdieinfo\/2019\/09\/jiu-jitsu-bresilien-judo-club-deodatien\/#primaryimage\"},\"image\":{\"@id\":\"https:\/\/vosgesinfo.fr\/saintdieinfo\/2019\/09\/jiu-jitsu-bresilien-judo-club-deodatien\/#primaryimage\"},\"thumbnailUrl\":\"https:\/\/vosgesinfo.fr\/app\/uploads\/sites\/4\/2024\/08\/201909jiu-jitsu-bresilien-judo-club-deodatien.jpg\",\"datePublished\":\"2019-09-19T05:30:14+00:00\",\"dateModified\":\"2019-09-19T05:30:14+00:00\",\"breadcrumb\":{\"@id\":\"https:\/\/vosgesinfo.fr\/saintdieinfo\/2019\/09\/jiu-jitsu-bresilien-judo-club-deodatien\/#breadcrumb\"},\"inLanguage\":\"fr-FR\",\"potentialAction\":[{\"@type\":\"ReadAction\",\"target\":[\"https:\/\/vosgesinfo.fr\/saintdieinfo\/2019\/09\/jiu-jitsu-bresilien-judo-club-deodatien\/\"]}]},{\"@type\":\"ImageObject\",\"inLanguage\":\"fr-FR\",\"@id\":\"https:\/\/vosgesinfo.fr\/saintdieinfo\/2019\/09\/jiu-jitsu-bresilien-judo-club-deodatien\/#primaryimage\",\"url\":\"https:\/\/vosgesinfo.fr\/app\/uploads\/sites\/4\/2024\/08\/201909jiu-jitsu-bresilien-judo-club-deodatien.jpg\",\"contentUrl\":\"https:\/\/vosgesinfo.fr\/app\/uploads\/sites\/4\/2024\/08\/201909jiu-jitsu-bresilien-judo-club-deodatien.jpg\",\"width\":1280,\"height\":960},{\"@type\":\"BreadcrumbList\",\"@id\":\"https:\/\/vosgesinfo.fr\/saintdieinfo\/2019\/09\/jiu-jitsu-bresilien-judo-club-deodatien\/#breadcrumb\",\"itemListElement\":[{\"@type\":\"ListItem\",\"position\":1,\"name\":\"Home\",\"item\":\"https:\/\/vosgesinfo.fr\/saintdieinfo\/\"},{\"@type\":\"ListItem\",\"position\":2,\"name\":\"Du Jiu-Jitsu Br\u00e9silien au Judo Club D\u00e9odatien\"}]},{\"@type\":\"WebSite\",\"@id\":\"https:\/\/vosgesinfo.fr\/saintdieinfo\/#website\",\"url\":\"https:\/\/vosgesinfo.fr\/saintdieinfo\/\",\"name\":\"Saint Die Info\",\"description\":\"Toute l&#039;actualit\u00e9 de Saint-Di\u00e9-Des-Vosges\",\"publisher\":{\"@id\":\"https:\/\/vosgesinfo.fr\/saintdieinfo\/#organization\"},\"alternateName\":\"Toute l'actualit\u00e9 de Saint-Di\u00e9-Des-Vosges\",\"potentialAction\":[{\"@type\":\"SearchAction\",\"target\":{\"@type\":\"EntryPoint\",\"urlTemplate\":\"https:\/\/vosgesinfo.fr\/saintdieinfo\/?s={search_term_string}\"},\"query-input\":\"required name=search_term_string\"}],\"inLanguage\":\"fr-FR\"},{\"@type\":\"Organization\",\"@id\":\"https:\/\/vosgesinfo.fr\/saintdieinfo\/#organization\",\"name\":\"Saint Die Info\",\"url\":\"https:\/\/vosgesinfo.fr\/saintdieinfo\/\",\"logo\":{\"@type\":\"ImageObject\",\"inLanguage\":\"fr-FR\",\"@id\":\"https:\/\/vosgesinfo.fr\/saintdieinfo\/#\/schema\/logo\/image\/\",\"url\":\"https:\/\/vosgesinfo.fr\/app\/uploads\/sites\/4\/2024\/02\/logo-sdi.jpg\",\"contentUrl\":\"https:\/\/vosgesinfo.fr\/app\/uploads\/sites\/4\/2024\/02\/logo-sdi.jpg\",\"width\":600,\"height\":600,\"caption\":\"Saint Die Info\"},\"image\":{\"@id\":\"https:\/\/vosgesinfo.fr\/saintdieinfo\/#\/schema\/logo\/image\/\"},\"sameAs\":[\"https:\/\/www.facebook.com\/Saintdieinfofr\",\"https:\/\/x.com\/VosgesInfo88\",\"https:\/\/www.youtube.com\/@vosgesinfo\"]},{\"@type\":\"Person\",\"@id\":\"https:\/\/vosgesinfo.fr\/saintdieinfo\/#\/schema\/person\/fa73e9f726d67bb88f46d5b7943cb572\",\"name\":\"J.J.\",\"image\":{\"@type\":\"ImageObject\",\"inLanguage\":\"fr-FR\",\"@id\":\"https:\/\/vosgesinfo.fr\/saintdieinfo\/#\/schema\/person\/image\/\",\"url\":\"https:\/\/secure.gravatar.com\/avatar\/219e749e47ffbcca018a360ae4add7d4cdf1cdaaf8bc7676b27efade3fe65615?s=96&d=mm&r=g\",\"contentUrl\":\"https:\/\/secure.gravatar.com\/avatar\/219e749e47ffbcca018a360ae4add7d4cdf1cdaaf8bc7676b27efade3fe65615?s=96&d=mm&r=g\",\"caption\":\"J.J.\"},\"url\":\"https:\/\/vosgesinfo.fr\/saintdieinfo\/author\/j-j\/\"}]}<\/script>\n<!-- \/ Yoast SEO plugin. -->","yoast_head_json":{"title":"Du Jiu-Jitsu Br\u00e9silien au Judo Club D\u00e9odatien - Saint Die Info","robots":{"index":"index","follow":"follow","max-snippet":"max-snippet:-1","max-image-preview":"max-image-preview:large","max-video-preview":"max-video-preview:-1"},"canonical":"https:\/\/vosgesinfo.fr\/saintdieinfo\/2019\/09\/jiu-jitsu-bresilien-judo-club-deodatien\/","twitter_card":"summary_large_image","twitter_title":"Du Jiu-Jitsu Br\u00e9silien au Judo Club D\u00e9odatien - Saint Die Info","twitter_description":"Apr\u00e8s un essai concluant le 22 ao\u00fbt dernier, le Judo Club D\u00e9odatien proposera des s\u00e9ances de Jiu-Jitsu Br\u00e9silien \u00e0 compter [&hellip;]","twitter_image":"https:\/\/vosgesinfo.fr\/app\/uploads\/sites\/4\/2024\/08\/201909jiu-jitsu-bresilien-judo-club-deodatien.jpg","twitter_creator":"@VosgesInfo88","twitter_site":"@VosgesInfo88","twitter_misc":{"\u00c9crit par":"J.J.","Dur\u00e9e de lecture estim\u00e9e":"2 minutes"},"schema":{"@context":"https:\/\/schema.org","@graph":[{"@type":"Article","@id":"https:\/\/vosgesinfo.fr\/saintdieinfo\/2019\/09\/jiu-jitsu-bresilien-judo-club-deodatien\/#article","isPartOf":{"@id":"https:\/\/vosgesinfo.fr\/saintdieinfo\/2019\/09\/jiu-jitsu-bresilien-judo-club-deodatien\/"},"author":{"name":"J.J.","@id":"https:\/\/vosgesinfo.fr\/saintdieinfo\/#\/schema\/person\/fa73e9f726d67bb88f46d5b7943cb572"},"headline":"Du Jiu-Jitsu Br\u00e9silien au Judo Club D\u00e9odatien","datePublished":"2019-09-19T05:30:14+00:00","dateModified":"2019-09-19T05:30:14+00:00","mainEntityOfPage":{"@id":"https:\/\/vosgesinfo.fr\/saintdieinfo\/2019\/09\/jiu-jitsu-bresilien-judo-club-deodatien\/"},"wordCount":359,"commentCount":0,"publisher":{"@id":"https:\/\/vosgesinfo.fr\/saintdieinfo\/#organization"},"image":{"@id":"https:\/\/vosgesinfo.fr\/saintdieinfo\/2019\/09\/jiu-jitsu-bresilien-judo-club-deodatien\/#primaryimage"},"thumbnailUrl":"https:\/\/vosgesinfo.fr\/app\/uploads\/sites\/4\/2024\/08\/201909jiu-jitsu-bresilien-judo-club-deodatien.jpg","keywords":["jiu-jitsu br\u00e9silien","Judo Club D\u00e9odatien","Micka\u00ebl Camara","Palais Omnisports Joseph-Claudel"],"articleSection":["A la Une","Saint-Di\u00e9-des-Vosges et son Agglom\u00e9ration","Sport"],"inLanguage":"fr-FR","potentialAction":[{"@type":"CommentAction","name":"Comment","target":["https:\/\/vosgesinfo.fr\/saintdieinfo\/2019\/09\/jiu-jitsu-bresilien-judo-club-deodatien\/#respond"]}]},{"@type":"WebPage","@id":"https:\/\/vosgesinfo.fr\/saintdieinfo\/2019\/09\/jiu-jitsu-bresilien-judo-club-deodatien\/","url":"https:\/\/vosgesinfo.fr\/saintdieinfo\/2019\/09\/jiu-jitsu-bresilien-judo-club-deodatien\/","name":"Du Jiu-Jitsu Br\u00e9silien au Judo Club D\u00e9odatien - Saint Die Info","isPartOf":{"@id":"https:\/\/vosgesinfo.fr\/saintdieinfo\/#website"},"primaryImageOfPage":{"@id":"https:\/\/vosgesinfo.fr\/saintdieinfo\/2019\/09\/jiu-jitsu-bresilien-judo-club-deodatien\/#primaryimage"},"image":{"@id":"https:\/\/vosgesinfo.fr\/saintdieinfo\/2019\/09\/jiu-jitsu-bresilien-judo-club-deodatien\/#primaryimage"},"thumbnailUrl":"https:\/\/vosgesinfo.fr\/app\/uploads\/sites\/4\/2024\/08\/201909jiu-jitsu-bresilien-judo-club-deodatien.jpg","datePublished":"2019-09-19T05:30:14+00:00","dateModified":"2019-09-19T05:30:14+00:00","breadcrumb":{"@id":"https:\/\/vosgesinfo.fr\/saintdieinfo\/2019\/09\/jiu-jitsu-bresilien-judo-club-deodatien\/#breadcrumb"},"inLanguage":"fr-FR","potentialAction":[{"@type":"ReadAction","target":["https:\/\/vosgesinfo.fr\/saintdieinfo\/2019\/09\/jiu-jitsu-bresilien-judo-club-deodatien\/"]}]},{"@type":"ImageObject","inLanguage":"fr-FR","@id":"https:\/\/vosgesinfo.fr\/saintdieinfo\/2019\/09\/jiu-jitsu-bresilien-judo-club-deodatien\/#primaryimage","url":"https:\/\/vosgesinfo.fr\/app\/uploads\/sites\/4\/2024\/08\/201909jiu-jitsu-bresilien-judo-club-deodatien.jpg","contentUrl":"https:\/\/vosgesinfo.fr\/app\/uploads\/sites\/4\/2024\/08\/201909jiu-jitsu-bresilien-judo-club-deodatien.jpg","width":1280,"height":960},{"@type":"BreadcrumbList","@id":"https:\/\/vosgesinfo.fr\/saintdieinfo\/2019\/09\/jiu-jitsu-bresilien-judo-club-deodatien\/#breadcrumb","itemListElement":[{"@type":"ListItem","position":1,"name":"Home","item":"https:\/\/vosgesinfo.fr\/saintdieinfo\/"},{"@type":"ListItem","position":2,"name":"Du Jiu-Jitsu Br\u00e9silien au Judo Club D\u00e9odatien"}]},{"@type":"WebSite","@id":"https:\/\/vosgesinfo.fr\/saintdieinfo\/#website","url":"https:\/\/vosgesinfo.fr\/saintdieinfo\/","name":"Saint Die Info","description":"Toute l&#039;actualit\u00e9 de Saint-Di\u00e9-Des-Vosges","publisher":{"@id":"https:\/\/vosgesinfo.fr\/saintdieinfo\/#organization"},"alternateName":"Toute l'actualit\u00e9 de Saint-Di\u00e9-Des-Vosges","potentialAction":[{"@type":"SearchAction","target":{"@type":"EntryPoint","urlTemplate":"https:\/\/vosgesinfo.fr\/saintdieinfo\/?s={search_term_string}"},"query-input":"required name=search_term_string"}],"inLanguage":"fr-FR"},{"@type":"Organization","@id":"https:\/\/vosgesinfo.fr\/saintdieinfo\/#organization","name":"Saint Die Info","url":"https:\/\/vosgesinfo.fr\/saintdieinfo\/","logo":{"@type":"ImageObject","inLanguage":"fr-FR","@id":"https:\/\/vosgesinfo.fr\/saintdieinfo\/#\/schema\/logo\/image\/","url":"https:\/\/vosgesinfo.fr\/app\/uploads\/sites\/4\/2024\/02\/logo-sdi.jpg","contentUrl":"https:\/\/vosgesinfo.fr\/app\/uploads\/sites\/4\/2024\/02\/logo-sdi.jpg","width":600,"height":600,"caption":"Saint Die Info"},"image":{"@id":"https:\/\/vosgesinfo.fr\/saintdieinfo\/#\/schema\/logo\/image\/"},"sameAs":["https:\/\/www.facebook.com\/Saintdieinfofr","https:\/\/x.com\/VosgesInfo88","https:\/\/www.youtube.com\/@vosgesinfo"]},{"@type":"Person","@id":"https:\/\/vosgesinfo.fr\/saintdieinfo\/#\/schema\/person\/fa73e9f726d67bb88f46d5b7943cb572","name":"J.J.","image":{"@type":"ImageObject","inLanguage":"fr-FR","@id":"https:\/\/vosgesinfo.fr\/saintdieinfo\/#\/schema\/person\/image\/","url":"https:\/\/secure.gravatar.com\/avatar\/219e749e47ffbcca018a360ae4add7d4cdf1cdaaf8bc7676b27efade3fe65615?s=96&d=mm&r=g","contentUrl":"https:\/\/secure.gravatar.com\/avatar\/219e749e47ffbcca018a360ae4add7d4cdf1cdaaf8bc7676b27efade3fe65615?s=96&d=mm&r=g","caption":"J.J."},"url":"https:\/\/vosgesinfo.fr\/saintdieinfo\/author\/j-j\/"}]}},"_links":{"self":[{"href":"https:\/\/vosgesinfo.fr\/saintdieinfo\/wp-json\/wp\/v2\/posts\/38225","targetHints":{"allow":["GET"]}}],"collection":[{"href":"https:\/\/vosgesinfo.fr\/saintdieinfo\/wp-json\/wp\/v2\/posts"}],"about":[{"href":"https:\/\/vosgesinfo.fr\/saintdieinfo\/wp-json\/wp\/v2\/types\/post"}],"author":[{"embeddable":true,"href":"https:\/\/vosgesinfo.fr\/saintdieinfo\/wp-json\/wp\/v2\/users\/46"}],"replies":[{"embeddable":true,"href":"https:\/\/vosgesinfo.fr\/saintdieinfo\/wp-json\/wp\/v2\/comments?post=38225"}],"version-history":[{"count":0,"href":"https:\/\/vosgesinfo.fr\/saintdieinfo\/wp-json\/wp\/v2\/posts\/38225\/revisions"}],"wp:featuredmedia":[{"embeddable":true,"href":"https:\/\/vosgesinfo.fr\/saintdieinfo\/wp-json\/wp\/v2\/media\/38226"}],"wp:attachment":[{"href":"https:\/\/vosgesinfo.fr\/saintdieinfo\/wp-json\/wp\/v2\/media?parent=38225"}],"wp:term":[{"taxonomy":"category","embeddable":true,"href":"https:\/\/vosgesinfo.fr\/saintdieinfo\/wp-json\/wp\/v2\/categories?post=38225"},{"taxonomy":"post_tag","embeddable":true,"href":"https:\/\/vosgesinfo.fr\/saintdieinfo\/wp-json\/wp\/v2\/tags?post=38225"}],"curies":[{"name":"wp","href":"https:\/\/api.w.org\/{rel}","templated":true}]}}