{"id":38227,"date":"2019-09-19T07:45:32","date_gmt":"2019-09-19T05:45:32","guid":{"rendered":"https:\/\/vosgesinfo.fr\/saintdieinfo\/2019\/09\/seance-photo-gratuite-chez-gamm-vert-petit-compagnon\/"},"modified":"2019-09-19T07:45:32","modified_gmt":"2019-09-19T05:45:32","slug":"seance-photo-gratuite-chez-gamm-vert-petit-compagnon","status":"publish","type":"post","link":"https:\/\/vosgesinfo.fr\/saintdieinfo\/2019\/09\/seance-photo-gratuite-chez-gamm-vert-petit-compagnon\/","title":{"rendered":"S\u00e9ance photo gratuite chez Gamm Vert avec votre\u00a0\u00bb petit compagnon\u00a0\u00bb"},"content":{"rendered":"\n<h2><strong><span style=\"font-size: large;\">Le vendredi 20 et le samedi 21 septembre, votre magasin Gamm Vert de Saint-Di\u00e9-Des-Vosges organise des s\u00e9ances de photos faites par un professionnel.<\/span><\/strong><\/h2>\n<p><!--more--><\/p>\n<p><a name=\"_GoBack\"><\/a><span style=\"font-size: large;\">Prenez rendez-vous aupr\u00e8s de Gamm Vert et r\u00e9servez votre moment de complicit\u00e9 avec votre animal de compagnie.<\/span><\/p>\n<p><span style=\"font-size: large;\">Tous les animaux sont les bienvenus, \u00e0 poils, \u00e0 plumes, \u00e0 \u00e9cailles\u2026\u00a0!<\/span><\/p>\n<p><span style=\"font-size: large;\">Ils devront simplement \u00eatre tenus en laisse ou dans leur caisse de transport.<\/span><\/p>\n<p><span style=\"font-size: large;\">Alors bonne s\u00e9ance\u00a0et profitez d\u2019un portrait gratuit, sans engagement.<\/span><\/p>\n<p><strong><span style=\"font-size: large;\"><u>Informations compl\u00e9mentaires<\/u><\/span><span style=\"font-size: large;\">\u00a0:<\/span><\/strong><\/p>\n<p><strong><span style=\"font-size: large;\">Ouvert tous les jours (9h \u00e0 12h, 14h \u00e0 19h) sauf le dimanche<\/span><\/strong><\/p>\n<p><strong><span style=\"font-size: large;\">Gamm Vert, 16 rue Emile Durkheim, 88\u00a0100 Saint-Di\u00e9 &#8211; T\u00e9l.\u00a0: 03.29.56.94.70 \u2013 page Facebook\u00a0: Gamm Vert Saint-Di\u00e9-Des-Vosges \u2013 <\/span><\/strong><\/p>\n<p><span style=\"font-size: large;\">R\u00e9daction et photos\u00a0: Patricia Ferry-Demange<\/span><\/p>\n<p><a href=\"\/2019\/09\/gamm-vert-ext1.jpg\" target=\"_blank\" rel=\"noopener\"><img decoding=\"async\" class=\"aligncenter wp-image-144532 size-full\" src=\"\/2019\/09\/gamm-vert-ext1.jpg\" alt=\"gamm vert ext\" width=\"954\" height=\"443\" \/><\/a><\/p>\n","protected":false},"excerpt":{"rendered":"<p>Le vendredi 20 et le samedi 21 septembre, votre magasin Gamm Vert de Saint-Di\u00e9-Des-Vosges organise des s\u00e9ances de photos faites [&hellip;]<\/p>\n","protected":false},"author":44,"featured_media":38228,"comment_status":"open","ping_status":"open","sticky":false,"template":"","format":"standard","meta":{"footnotes":""},"categories":[460,2915],"tags":[2942],"class_list":["post-38227","post","type-post","status-publish","format-standard","has-post-thumbnail","hentry","category-a-la-une","category-saint-die-son-canton","tag-gamm-vert"],"acf":[],"yoast_head":"<!-- This site is optimized with the Yoast SEO plugin v22.5 - https:\/\/yoast.com\/wordpress\/plugins\/seo\/ -->\n<title>S\u00e9ance photo gratuite chez Gamm Vert avec votre\u00a0\u00bb petit compagnon\u00a0\u00bb - Saint Die Info<\/title>\n<meta name=\"robots\" content=\"index, follow, max-snippet:-1, max-image-preview:large, max-video-preview:-1\" \/>\n<link rel=\"canonical\" href=\"https:\/\/vosgesinfo.fr\/saintdieinfo\/2019\/09\/seance-photo-gratuite-chez-gamm-vert-petit-compagnon\/\" \/>\n<meta name=\"twitter:card\" content=\"summary_large_image\" \/>\n<meta name=\"twitter:title\" content=\"S\u00e9ance photo gratuite chez Gamm Vert avec votre\u00a0\u00bb petit compagnon\u00a0\u00bb - Saint Die Info\" \/>\n<meta name=\"twitter:description\" content=\"Le vendredi 20 et le samedi 21 septembre, votre magasin Gamm Vert de Saint-Di\u00e9-Des-Vosges organise des s\u00e9ances de photos faites [&hellip;]\" \/>\n<meta name=\"twitter:image\" content=\"https:\/\/vosgesinfo.fr\/app\/uploads\/sites\/4\/2024\/08\/201909gamm-vert-photo-seance.jpg\" \/>\n<meta name=\"twitter:creator\" content=\"@VosgesInfo88\" \/>\n<meta name=\"twitter:site\" content=\"@VosgesInfo88\" \/>\n<meta name=\"twitter:label1\" content=\"\u00c9crit par\" \/>\n\t<meta name=\"twitter:data1\" content=\"la r\u00e9daction\" \/>\n\t<meta name=\"twitter:label2\" content=\"Dur\u00e9e de lecture estim\u00e9e\" \/>\n\t<meta name=\"twitter:data2\" content=\"1 minute\" \/>\n<script type=\"application\/ld+json\" class=\"yoast-schema-graph\">{\"@context\":\"https:\/\/schema.org\",\"@graph\":[{\"@type\":\"Article\",\"@id\":\"https:\/\/vosgesinfo.fr\/saintdieinfo\/2019\/09\/seance-photo-gratuite-chez-gamm-vert-petit-compagnon\/#article\",\"isPartOf\":{\"@id\":\"https:\/\/vosgesinfo.fr\/saintdieinfo\/2019\/09\/seance-photo-gratuite-chez-gamm-vert-petit-compagnon\/\"},\"author\":{\"name\":\"la r\u00e9daction\",\"@id\":\"https:\/\/vosgesinfo.fr\/saintdieinfo\/#\/schema\/person\/faee6704a21f3977511db84bd1cd450f\"},\"headline\":\"S\u00e9ance photo gratuite chez Gamm Vert avec votre\u00a0\u00bb petit compagnon\u00a0\u00bb\",\"datePublished\":\"2019-09-19T05:45:32+00:00\",\"dateModified\":\"2019-09-19T05:45:32+00:00\",\"mainEntityOfPage\":{\"@id\":\"https:\/\/vosgesinfo.fr\/saintdieinfo\/2019\/09\/seance-photo-gratuite-chez-gamm-vert-petit-compagnon\/\"},\"wordCount\":128,\"commentCount\":0,\"publisher\":{\"@id\":\"https:\/\/vosgesinfo.fr\/saintdieinfo\/#organization\"},\"image\":{\"@id\":\"https:\/\/vosgesinfo.fr\/saintdieinfo\/2019\/09\/seance-photo-gratuite-chez-gamm-vert-petit-compagnon\/#primaryimage\"},\"thumbnailUrl\":\"https:\/\/vosgesinfo.fr\/app\/uploads\/sites\/4\/2024\/08\/201909gamm-vert-photo-seance.jpg\",\"keywords\":[\"Gamm Vert\"],\"articleSection\":[\"A la Une\",\"Saint-Di\u00e9-des-Vosges et son Agglom\u00e9ration\"],\"inLanguage\":\"fr-FR\",\"potentialAction\":[{\"@type\":\"CommentAction\",\"name\":\"Comment\",\"target\":[\"https:\/\/vosgesinfo.fr\/saintdieinfo\/2019\/09\/seance-photo-gratuite-chez-gamm-vert-petit-compagnon\/#respond\"]}]},{\"@type\":\"WebPage\",\"@id\":\"https:\/\/vosgesinfo.fr\/saintdieinfo\/2019\/09\/seance-photo-gratuite-chez-gamm-vert-petit-compagnon\/\",\"url\":\"https:\/\/vosgesinfo.fr\/saintdieinfo\/2019\/09\/seance-photo-gratuite-chez-gamm-vert-petit-compagnon\/\",\"name\":\"S\u00e9ance photo gratuite chez Gamm Vert avec votre\u00a0\u00bb petit compagnon\u00a0\u00bb - Saint Die Info\",\"isPartOf\":{\"@id\":\"https:\/\/vosgesinfo.fr\/saintdieinfo\/#website\"},\"primaryImageOfPage\":{\"@id\":\"https:\/\/vosgesinfo.fr\/saintdieinfo\/2019\/09\/seance-photo-gratuite-chez-gamm-vert-petit-compagnon\/#primaryimage\"},\"image\":{\"@id\":\"https:\/\/vosgesinfo.fr\/saintdieinfo\/2019\/09\/seance-photo-gratuite-chez-gamm-vert-petit-compagnon\/#primaryimage\"},\"thumbnailUrl\":\"https:\/\/vosgesinfo.fr\/app\/uploads\/sites\/4\/2024\/08\/201909gamm-vert-photo-seance.jpg\",\"datePublished\":\"2019-09-19T05:45:32+00:00\",\"dateModified\":\"2019-09-19T05:45:32+00:00\",\"breadcrumb\":{\"@id\":\"https:\/\/vosgesinfo.fr\/saintdieinfo\/2019\/09\/seance-photo-gratuite-chez-gamm-vert-petit-compagnon\/#breadcrumb\"},\"inLanguage\":\"fr-FR\",\"potentialAction\":[{\"@type\":\"ReadAction\",\"target\":[\"https:\/\/vosgesinfo.fr\/saintdieinfo\/2019\/09\/seance-photo-gratuite-chez-gamm-vert-petit-compagnon\/\"]}]},{\"@type\":\"ImageObject\",\"inLanguage\":\"fr-FR\",\"@id\":\"https:\/\/vosgesinfo.fr\/saintdieinfo\/2019\/09\/seance-photo-gratuite-chez-gamm-vert-petit-compagnon\/#primaryimage\",\"url\":\"https:\/\/vosgesinfo.fr\/app\/uploads\/sites\/4\/2024\/08\/201909gamm-vert-photo-seance.jpg\",\"contentUrl\":\"https:\/\/vosgesinfo.fr\/app\/uploads\/sites\/4\/2024\/08\/201909gamm-vert-photo-seance.jpg\",\"width\":418,\"height\":391},{\"@type\":\"BreadcrumbList\",\"@id\":\"https:\/\/vosgesinfo.fr\/saintdieinfo\/2019\/09\/seance-photo-gratuite-chez-gamm-vert-petit-compagnon\/#breadcrumb\",\"itemListElement\":[{\"@type\":\"ListItem\",\"position\":1,\"name\":\"Home\",\"item\":\"https:\/\/vosgesinfo.fr\/saintdieinfo\/\"},{\"@type\":\"ListItem\",\"position\":2,\"name\":\"S\u00e9ance photo gratuite chez Gamm Vert avec votre\u00a0\u00bb petit compagnon\u00a0\u00bb\"}]},{\"@type\":\"WebSite\",\"@id\":\"https:\/\/vosgesinfo.fr\/saintdieinfo\/#website\",\"url\":\"https:\/\/vosgesinfo.fr\/saintdieinfo\/\",\"name\":\"Saint Die Info\",\"description\":\"Toute l&#039;actualit\u00e9 de Saint-Di\u00e9-Des-Vosges\",\"publisher\":{\"@id\":\"https:\/\/vosgesinfo.fr\/saintdieinfo\/#organization\"},\"alternateName\":\"Toute l'actualit\u00e9 de Saint-Di\u00e9-Des-Vosges\",\"potentialAction\":[{\"@type\":\"SearchAction\",\"target\":{\"@type\":\"EntryPoint\",\"urlTemplate\":\"https:\/\/vosgesinfo.fr\/saintdieinfo\/?s={search_term_string}\"},\"query-input\":\"required name=search_term_string\"}],\"inLanguage\":\"fr-FR\"},{\"@type\":\"Organization\",\"@id\":\"https:\/\/vosgesinfo.fr\/saintdieinfo\/#organization\",\"name\":\"Saint Die Info\",\"url\":\"https:\/\/vosgesinfo.fr\/saintdieinfo\/\",\"logo\":{\"@type\":\"ImageObject\",\"inLanguage\":\"fr-FR\",\"@id\":\"https:\/\/vosgesinfo.fr\/saintdieinfo\/#\/schema\/logo\/image\/\",\"url\":\"https:\/\/vosgesinfo.fr\/app\/uploads\/sites\/4\/2024\/02\/logo-sdi.jpg\",\"contentUrl\":\"https:\/\/vosgesinfo.fr\/app\/uploads\/sites\/4\/2024\/02\/logo-sdi.jpg\",\"width\":600,\"height\":600,\"caption\":\"Saint Die Info\"},\"image\":{\"@id\":\"https:\/\/vosgesinfo.fr\/saintdieinfo\/#\/schema\/logo\/image\/\"},\"sameAs\":[\"https:\/\/www.facebook.com\/Saintdieinfofr\",\"https:\/\/x.com\/VosgesInfo88\",\"https:\/\/www.youtube.com\/@vosgesinfo\"]},{\"@type\":\"Person\",\"@id\":\"https:\/\/vosgesinfo.fr\/saintdieinfo\/#\/schema\/person\/faee6704a21f3977511db84bd1cd450f\",\"name\":\"la r\u00e9daction\",\"image\":{\"@type\":\"ImageObject\",\"inLanguage\":\"fr-FR\",\"@id\":\"https:\/\/vosgesinfo.fr\/saintdieinfo\/#\/schema\/person\/image\/\",\"url\":\"https:\/\/secure.gravatar.com\/avatar\/6673d8bc6a9c17fa9a453eaa3448de834fa308c2ec9635b7aa99441a7c8d2cf6?s=96&d=mm&r=g\",\"contentUrl\":\"https:\/\/secure.gravatar.com\/avatar\/6673d8bc6a9c17fa9a453eaa3448de834fa308c2ec9635b7aa99441a7c8d2cf6?s=96&d=mm&r=g\",\"caption\":\"la r\u00e9daction\"},\"url\":\"https:\/\/vosgesinfo.fr\/saintdieinfo\/author\/redac\/\"}]}<\/script>\n<!-- \/ Yoast SEO plugin. -->","yoast_head_json":{"title":"S\u00e9ance photo gratuite chez Gamm Vert avec votre\u00a0\u00bb petit compagnon\u00a0\u00bb - Saint Die Info","robots":{"index":"index","follow":"follow","max-snippet":"max-snippet:-1","max-image-preview":"max-image-preview:large","max-video-preview":"max-video-preview:-1"},"canonical":"https:\/\/vosgesinfo.fr\/saintdieinfo\/2019\/09\/seance-photo-gratuite-chez-gamm-vert-petit-compagnon\/","twitter_card":"summary_large_image","twitter_title":"S\u00e9ance photo gratuite chez Gamm Vert avec votre\u00a0\u00bb petit compagnon\u00a0\u00bb - Saint Die Info","twitter_description":"Le vendredi 20 et le samedi 21 septembre, votre magasin Gamm Vert de Saint-Di\u00e9-Des-Vosges organise des s\u00e9ances de photos faites [&hellip;]","twitter_image":"https:\/\/vosgesinfo.fr\/app\/uploads\/sites\/4\/2024\/08\/201909gamm-vert-photo-seance.jpg","twitter_creator":"@VosgesInfo88","twitter_site":"@VosgesInfo88","twitter_misc":{"\u00c9crit par":"la r\u00e9daction","Dur\u00e9e de lecture estim\u00e9e":"1 minute"},"schema":{"@context":"https:\/\/schema.org","@graph":[{"@type":"Article","@id":"https:\/\/vosgesinfo.fr\/saintdieinfo\/2019\/09\/seance-photo-gratuite-chez-gamm-vert-petit-compagnon\/#article","isPartOf":{"@id":"https:\/\/vosgesinfo.fr\/saintdieinfo\/2019\/09\/seance-photo-gratuite-chez-gamm-vert-petit-compagnon\/"},"author":{"name":"la r\u00e9daction","@id":"https:\/\/vosgesinfo.fr\/saintdieinfo\/#\/schema\/person\/faee6704a21f3977511db84bd1cd450f"},"headline":"S\u00e9ance photo gratuite chez Gamm Vert avec votre\u00a0\u00bb petit compagnon\u00a0\u00bb","datePublished":"2019-09-19T05:45:32+00:00","dateModified":"2019-09-19T05:45:32+00:00","mainEntityOfPage":{"@id":"https:\/\/vosgesinfo.fr\/saintdieinfo\/2019\/09\/seance-photo-gratuite-chez-gamm-vert-petit-compagnon\/"},"wordCount":128,"commentCount":0,"publisher":{"@id":"https:\/\/vosgesinfo.fr\/saintdieinfo\/#organization"},"image":{"@id":"https:\/\/vosgesinfo.fr\/saintdieinfo\/2019\/09\/seance-photo-gratuite-chez-gamm-vert-petit-compagnon\/#primaryimage"},"thumbnailUrl":"https:\/\/vosgesinfo.fr\/app\/uploads\/sites\/4\/2024\/08\/201909gamm-vert-photo-seance.jpg","keywords":["Gamm Vert"],"articleSection":["A la Une","Saint-Di\u00e9-des-Vosges et son Agglom\u00e9ration"],"inLanguage":"fr-FR","potentialAction":[{"@type":"CommentAction","name":"Comment","target":["https:\/\/vosgesinfo.fr\/saintdieinfo\/2019\/09\/seance-photo-gratuite-chez-gamm-vert-petit-compagnon\/#respond"]}]},{"@type":"WebPage","@id":"https:\/\/vosgesinfo.fr\/saintdieinfo\/2019\/09\/seance-photo-gratuite-chez-gamm-vert-petit-compagnon\/","url":"https:\/\/vosgesinfo.fr\/saintdieinfo\/2019\/09\/seance-photo-gratuite-chez-gamm-vert-petit-compagnon\/","name":"S\u00e9ance photo gratuite chez Gamm Vert avec votre\u00a0\u00bb petit compagnon\u00a0\u00bb - Saint Die Info","isPartOf":{"@id":"https:\/\/vosgesinfo.fr\/saintdieinfo\/#website"},"primaryImageOfPage":{"@id":"https:\/\/vosgesinfo.fr\/saintdieinfo\/2019\/09\/seance-photo-gratuite-chez-gamm-vert-petit-compagnon\/#primaryimage"},"image":{"@id":"https:\/\/vosgesinfo.fr\/saintdieinfo\/2019\/09\/seance-photo-gratuite-chez-gamm-vert-petit-compagnon\/#primaryimage"},"thumbnailUrl":"https:\/\/vosgesinfo.fr\/app\/uploads\/sites\/4\/2024\/08\/201909gamm-vert-photo-seance.jpg","datePublished":"2019-09-19T05:45:32+00:00","dateModified":"2019-09-19T05:45:32+00:00","breadcrumb":{"@id":"https:\/\/vosgesinfo.fr\/saintdieinfo\/2019\/09\/seance-photo-gratuite-chez-gamm-vert-petit-compagnon\/#breadcrumb"},"inLanguage":"fr-FR","potentialAction":[{"@type":"ReadAction","target":["https:\/\/vosgesinfo.fr\/saintdieinfo\/2019\/09\/seance-photo-gratuite-chez-gamm-vert-petit-compagnon\/"]}]},{"@type":"ImageObject","inLanguage":"fr-FR","@id":"https:\/\/vosgesinfo.fr\/saintdieinfo\/2019\/09\/seance-photo-gratuite-chez-gamm-vert-petit-compagnon\/#primaryimage","url":"https:\/\/vosgesinfo.fr\/app\/uploads\/sites\/4\/2024\/08\/201909gamm-vert-photo-seance.jpg","contentUrl":"https:\/\/vosgesinfo.fr\/app\/uploads\/sites\/4\/2024\/08\/201909gamm-vert-photo-seance.jpg","width":418,"height":391},{"@type":"BreadcrumbList","@id":"https:\/\/vosgesinfo.fr\/saintdieinfo\/2019\/09\/seance-photo-gratuite-chez-gamm-vert-petit-compagnon\/#breadcrumb","itemListElement":[{"@type":"ListItem","position":1,"name":"Home","item":"https:\/\/vosgesinfo.fr\/saintdieinfo\/"},{"@type":"ListItem","position":2,"name":"S\u00e9ance photo gratuite chez Gamm Vert avec votre\u00a0\u00bb petit compagnon\u00a0\u00bb"}]},{"@type":"WebSite","@id":"https:\/\/vosgesinfo.fr\/saintdieinfo\/#website","url":"https:\/\/vosgesinfo.fr\/saintdieinfo\/","name":"Saint Die Info","description":"Toute l&#039;actualit\u00e9 de Saint-Di\u00e9-Des-Vosges","publisher":{"@id":"https:\/\/vosgesinfo.fr\/saintdieinfo\/#organization"},"alternateName":"Toute l'actualit\u00e9 de Saint-Di\u00e9-Des-Vosges","potentialAction":[{"@type":"SearchAction","target":{"@type":"EntryPoint","urlTemplate":"https:\/\/vosgesinfo.fr\/saintdieinfo\/?s={search_term_string}"},"query-input":"required name=search_term_string"}],"inLanguage":"fr-FR"},{"@type":"Organization","@id":"https:\/\/vosgesinfo.fr\/saintdieinfo\/#organization","name":"Saint Die Info","url":"https:\/\/vosgesinfo.fr\/saintdieinfo\/","logo":{"@type":"ImageObject","inLanguage":"fr-FR","@id":"https:\/\/vosgesinfo.fr\/saintdieinfo\/#\/schema\/logo\/image\/","url":"https:\/\/vosgesinfo.fr\/app\/uploads\/sites\/4\/2024\/02\/logo-sdi.jpg","contentUrl":"https:\/\/vosgesinfo.fr\/app\/uploads\/sites\/4\/2024\/02\/logo-sdi.jpg","width":600,"height":600,"caption":"Saint Die Info"},"image":{"@id":"https:\/\/vosgesinfo.fr\/saintdieinfo\/#\/schema\/logo\/image\/"},"sameAs":["https:\/\/www.facebook.com\/Saintdieinfofr","https:\/\/x.com\/VosgesInfo88","https:\/\/www.youtube.com\/@vosgesinfo"]},{"@type":"Person","@id":"https:\/\/vosgesinfo.fr\/saintdieinfo\/#\/schema\/person\/faee6704a21f3977511db84bd1cd450f","name":"la r\u00e9daction","image":{"@type":"ImageObject","inLanguage":"fr-FR","@id":"https:\/\/vosgesinfo.fr\/saintdieinfo\/#\/schema\/person\/image\/","url":"https:\/\/secure.gravatar.com\/avatar\/6673d8bc6a9c17fa9a453eaa3448de834fa308c2ec9635b7aa99441a7c8d2cf6?s=96&d=mm&r=g","contentUrl":"https:\/\/secure.gravatar.com\/avatar\/6673d8bc6a9c17fa9a453eaa3448de834fa308c2ec9635b7aa99441a7c8d2cf6?s=96&d=mm&r=g","caption":"la r\u00e9daction"},"url":"https:\/\/vosgesinfo.fr\/saintdieinfo\/author\/redac\/"}]}},"_links":{"self":[{"href":"https:\/\/vosgesinfo.fr\/saintdieinfo\/wp-json\/wp\/v2\/posts\/38227","targetHints":{"allow":["GET"]}}],"collection":[{"href":"https:\/\/vosgesinfo.fr\/saintdieinfo\/wp-json\/wp\/v2\/posts"}],"about":[{"href":"https:\/\/vosgesinfo.fr\/saintdieinfo\/wp-json\/wp\/v2\/types\/post"}],"author":[{"embeddable":true,"href":"https:\/\/vosgesinfo.fr\/saintdieinfo\/wp-json\/wp\/v2\/users\/44"}],"replies":[{"embeddable":true,"href":"https:\/\/vosgesinfo.fr\/saintdieinfo\/wp-json\/wp\/v2\/comments?post=38227"}],"version-history":[{"count":0,"href":"https:\/\/vosgesinfo.fr\/saintdieinfo\/wp-json\/wp\/v2\/posts\/38227\/revisions"}],"wp:featuredmedia":[{"embeddable":true,"href":"https:\/\/vosgesinfo.fr\/saintdieinfo\/wp-json\/wp\/v2\/media\/38228"}],"wp:attachment":[{"href":"https:\/\/vosgesinfo.fr\/saintdieinfo\/wp-json\/wp\/v2\/media?parent=38227"}],"wp:term":[{"taxonomy":"category","embeddable":true,"href":"https:\/\/vosgesinfo.fr\/saintdieinfo\/wp-json\/wp\/v2\/categories?post=38227"},{"taxonomy":"post_tag","embeddable":true,"href":"https:\/\/vosgesinfo.fr\/saintdieinfo\/wp-json\/wp\/v2\/tags?post=38227"}],"curies":[{"name":"wp","href":"https:\/\/api.w.org\/{rel}","templated":true}]}}