{"id":38237,"date":"2019-09-19T08:30:36","date_gmt":"2019-09-19T06:30:36","guid":{"rendered":"https:\/\/vosgesinfo.fr\/saintdieinfo\/2019\/09\/rentree-4-0-eleves-lycee-beau-jardin\/"},"modified":"2019-09-19T08:30:36","modified_gmt":"2019-09-19T06:30:36","slug":"rentree-4-0-eleves-lycee-beau-jardin","status":"publish","type":"post","link":"https:\/\/vosgesinfo.fr\/saintdieinfo\/2019\/09\/rentree-4-0-eleves-lycee-beau-jardin\/","title":{"rendered":"Rentr\u00e9e \u00ab\u00a04.0\u00a0\u00bb pour les \u00e9l\u00e8ves du lyc\u00e9e Beau-Jardin"},"content":{"rendered":"<p><a href=\"\/2019\/09\/Beau-Jardin_Rentr\u00e9e_Num\u00e9rique-2.jpg\" target=\"_blank\" rel=\"noopener\"><img decoding=\"async\" class=\"aligncenter wp-image-144544 size-large\" src=\"\/2019\/09\/Beau-Jardin_Rentr\u00e9e_Num\u00e9rique-2-1024x683.jpg\" alt=\"Beau-Jardin_Rentr\u00e9e_Num\u00e9rique (2)\" width=\"960\" height=\"640\" \/><\/a><\/p>\n<h2><strong><span style=\"font-family: Calibri, sans-serif;\"><span style=\"font-size: large;\">L&rsquo;une des 7 unit\u00e9s p\u00e9dagogiques de l&rsquo;ensemble scolaire Marie-de-Galil\u00e9e, le lyc\u00e9e Beau-Jardin a souhait\u00e9 s&rsquo;inscrire dans le programme \u00ab\u00a0lyc\u00e9e 4.0\u00a0\u00bb.<\/span><\/span><\/strong><\/h2>\n<p><!--more--><\/p>\n<p><span style=\"font-family: Calibri, sans-serif;\"><span style=\"font-size: large;\">Afin de pr\u00e9parer les \u00e9l\u00e8ves \u00e0 la r\u00e9alit\u00e9 num\u00e9rique, la R\u00e9gion Grand Est a d\u00e9cid\u00e9 d&rsquo;inscrire les 353 lyc\u00e9es de son territoire dans ce programme in\u00e9dit. Pour cette rentr\u00e9e 2019 \u2013 2020, la R\u00e9gion a ainsi fait le choix, avec les autorit\u00e9s acad\u00e9miques, de s&rsquo;engager encore davantage en faveur du num\u00e9rique, avec 182 \u00e9tablissements suppl\u00e9mentaires venant les 111 d\u00e9j\u00e0 engag\u00e9s dans ce programme.<\/span><\/span><\/p>\n<p><span style=\"font-family: Calibri, sans-serif;\"><span style=\"font-size: large;\">Concr\u00e8tement, chaque \u00e9l\u00e8ve nouvel-entrant dans une classe 4.0 b\u00e9n\u00e9ficie gratuitement d&rsquo;un ordinateur, dont il deviendra propri\u00e9taire \u00e0 la fin de sa scolarit\u00e9. 115 000 ordinateurs ont ainsi \u00e9t\u00e9 command\u00e9s dans le cadre du \u00ab\u00a0lyc\u00e9e 4.0\u00a0\u00bb. En parall\u00e8le, plus de 3000 ressources p\u00e9dagogiques num\u00e9riques sont mises gratuitement \u00e0 disposition des \u00e9l\u00e8ves, qui y acc\u00e8dent via leur Espace Num\u00e9rique de Travail \u2013 ENT \u2013 \u00ab\u00a0Mon Bureau Num\u00e9rique\u00a0\u00bb. Un tour d&rsquo;horizon de ce dispositif ainsi que la remise des ordinateurs \u00e9taient organis\u00e9s ce jeudi matin au lyc\u00e9e Beau-Jardin, \u00e0 destination de 180 \u00e9l\u00e8ves des classes de Seconde et Premi\u00e8re.<\/span><\/span><\/p>\n<p>J.J.<\/p>\n<p><a href=\"\/2019\/09\/Beau-Jardin_Rentr\u00e9e_Num\u00e9rique-1.jpg\" target=\"_blank\" rel=\"noopener\"><img decoding=\"async\" class=\"aligncenter wp-image-144545 size-large\" src=\"\/2019\/09\/Beau-Jardin_Rentr\u00e9e_Num\u00e9rique-1-1024x683.jpg\" alt=\"Beau-Jardin_Rentr\u00e9e_Num\u00e9rique (1)\" width=\"960\" height=\"640\" \/><\/a><\/p>\n","protected":false},"excerpt":{"rendered":"<p>L&rsquo;une des 7 unit\u00e9s p\u00e9dagogiques de l&rsquo;ensemble scolaire Marie-de-Galil\u00e9e, le lyc\u00e9e Beau-Jardin a souhait\u00e9 s&rsquo;inscrire dans le programme \u00ab\u00a0lyc\u00e9e 4.0\u00a0\u00bb.<\/p>\n","protected":false},"author":46,"featured_media":38238,"comment_status":"open","ping_status":"open","sticky":false,"template":"","format":"standard","meta":{"footnotes":""},"categories":[460,6,2915],"tags":[7480,5623,852],"class_list":["post-38237","post","type-post","status-publish","format-standard","has-post-thumbnail","hentry","category-a-la-une","category-education","category-saint-die-son-canton","tag-lycee-4-0","tag-lycee-beau-jardin","tag-region-grand-est"],"acf":[],"yoast_head":"<!-- This site is optimized with the Yoast SEO plugin v22.5 - https:\/\/yoast.com\/wordpress\/plugins\/seo\/ -->\n<title>Rentr\u00e9e &quot;4.0&quot; pour les \u00e9l\u00e8ves du lyc\u00e9e Beau-Jardin - Saint Die Info<\/title>\n<meta name=\"robots\" content=\"index, follow, max-snippet:-1, max-image-preview:large, max-video-preview:-1\" \/>\n<link rel=\"canonical\" href=\"https:\/\/vosgesinfo.fr\/saintdieinfo\/2019\/09\/rentree-4-0-eleves-lycee-beau-jardin\/\" \/>\n<meta name=\"twitter:card\" content=\"summary_large_image\" \/>\n<meta name=\"twitter:title\" content=\"Rentr\u00e9e &quot;4.0&quot; pour les \u00e9l\u00e8ves du lyc\u00e9e Beau-Jardin - Saint Die Info\" \/>\n<meta name=\"twitter:description\" content=\"L&rsquo;une des 7 unit\u00e9s p\u00e9dagogiques de l&rsquo;ensemble scolaire Marie-de-Galil\u00e9e, le lyc\u00e9e Beau-Jardin a souhait\u00e9 s&rsquo;inscrire dans le programme \u00ab\u00a0lyc\u00e9e 4.0\u00a0\u00bb.\" \/>\n<meta name=\"twitter:image\" content=\"https:\/\/vosgesinfo.fr\/app\/uploads\/sites\/4\/2024\/08\/201909beau-jardin-rentree-numerique-2.jpg\" \/>\n<meta name=\"twitter:creator\" content=\"@VosgesInfo88\" \/>\n<meta name=\"twitter:site\" content=\"@VosgesInfo88\" \/>\n<meta name=\"twitter:label1\" content=\"\u00c9crit par\" \/>\n\t<meta name=\"twitter:data1\" content=\"J.J.\" \/>\n\t<meta name=\"twitter:label2\" content=\"Dur\u00e9e de lecture estim\u00e9e\" \/>\n\t<meta name=\"twitter:data2\" content=\"1 minute\" \/>\n<script type=\"application\/ld+json\" class=\"yoast-schema-graph\">{\"@context\":\"https:\/\/schema.org\",\"@graph\":[{\"@type\":\"Article\",\"@id\":\"https:\/\/vosgesinfo.fr\/saintdieinfo\/2019\/09\/rentree-4-0-eleves-lycee-beau-jardin\/#article\",\"isPartOf\":{\"@id\":\"https:\/\/vosgesinfo.fr\/saintdieinfo\/2019\/09\/rentree-4-0-eleves-lycee-beau-jardin\/\"},\"author\":{\"name\":\"J.J.\",\"@id\":\"https:\/\/vosgesinfo.fr\/saintdieinfo\/#\/schema\/person\/fa73e9f726d67bb88f46d5b7943cb572\"},\"headline\":\"Rentr\u00e9e \u00ab\u00a04.0\u00a0\u00bb pour les \u00e9l\u00e8ves du lyc\u00e9e Beau-Jardin\",\"datePublished\":\"2019-09-19T06:30:36+00:00\",\"dateModified\":\"2019-09-19T06:30:36+00:00\",\"mainEntityOfPage\":{\"@id\":\"https:\/\/vosgesinfo.fr\/saintdieinfo\/2019\/09\/rentree-4-0-eleves-lycee-beau-jardin\/\"},\"wordCount\":217,\"commentCount\":0,\"publisher\":{\"@id\":\"https:\/\/vosgesinfo.fr\/saintdieinfo\/#organization\"},\"image\":{\"@id\":\"https:\/\/vosgesinfo.fr\/saintdieinfo\/2019\/09\/rentree-4-0-eleves-lycee-beau-jardin\/#primaryimage\"},\"thumbnailUrl\":\"https:\/\/vosgesinfo.fr\/app\/uploads\/sites\/4\/2024\/08\/201909beau-jardin-rentree-numerique-2.jpg\",\"keywords\":[\"Lyc\u00e9e 4.0\",\"Lyc\u00e9e Beau Jardin\",\"R\u00e9gion Grand Est\"],\"articleSection\":[\"A la Une\",\"\u00c9ducation\",\"Saint-Di\u00e9-des-Vosges et son Agglom\u00e9ration\"],\"inLanguage\":\"fr-FR\",\"potentialAction\":[{\"@type\":\"CommentAction\",\"name\":\"Comment\",\"target\":[\"https:\/\/vosgesinfo.fr\/saintdieinfo\/2019\/09\/rentree-4-0-eleves-lycee-beau-jardin\/#respond\"]}]},{\"@type\":\"WebPage\",\"@id\":\"https:\/\/vosgesinfo.fr\/saintdieinfo\/2019\/09\/rentree-4-0-eleves-lycee-beau-jardin\/\",\"url\":\"https:\/\/vosgesinfo.fr\/saintdieinfo\/2019\/09\/rentree-4-0-eleves-lycee-beau-jardin\/\",\"name\":\"Rentr\u00e9e \\\"4.0\\\" pour les \u00e9l\u00e8ves du lyc\u00e9e Beau-Jardin - Saint Die Info\",\"isPartOf\":{\"@id\":\"https:\/\/vosgesinfo.fr\/saintdieinfo\/#website\"},\"primaryImageOfPage\":{\"@id\":\"https:\/\/vosgesinfo.fr\/saintdieinfo\/2019\/09\/rentree-4-0-eleves-lycee-beau-jardin\/#primaryimage\"},\"image\":{\"@id\":\"https:\/\/vosgesinfo.fr\/saintdieinfo\/2019\/09\/rentree-4-0-eleves-lycee-beau-jardin\/#primaryimage\"},\"thumbnailUrl\":\"https:\/\/vosgesinfo.fr\/app\/uploads\/sites\/4\/2024\/08\/201909beau-jardin-rentree-numerique-2.jpg\",\"datePublished\":\"2019-09-19T06:30:36+00:00\",\"dateModified\":\"2019-09-19T06:30:36+00:00\",\"breadcrumb\":{\"@id\":\"https:\/\/vosgesinfo.fr\/saintdieinfo\/2019\/09\/rentree-4-0-eleves-lycee-beau-jardin\/#breadcrumb\"},\"inLanguage\":\"fr-FR\",\"potentialAction\":[{\"@type\":\"ReadAction\",\"target\":[\"https:\/\/vosgesinfo.fr\/saintdieinfo\/2019\/09\/rentree-4-0-eleves-lycee-beau-jardin\/\"]}]},{\"@type\":\"ImageObject\",\"inLanguage\":\"fr-FR\",\"@id\":\"https:\/\/vosgesinfo.fr\/saintdieinfo\/2019\/09\/rentree-4-0-eleves-lycee-beau-jardin\/#primaryimage\",\"url\":\"https:\/\/vosgesinfo.fr\/app\/uploads\/sites\/4\/2024\/08\/201909beau-jardin-rentree-numerique-2.jpg\",\"contentUrl\":\"https:\/\/vosgesinfo.fr\/app\/uploads\/sites\/4\/2024\/08\/201909beau-jardin-rentree-numerique-2.jpg\",\"width\":1824,\"height\":1216},{\"@type\":\"BreadcrumbList\",\"@id\":\"https:\/\/vosgesinfo.fr\/saintdieinfo\/2019\/09\/rentree-4-0-eleves-lycee-beau-jardin\/#breadcrumb\",\"itemListElement\":[{\"@type\":\"ListItem\",\"position\":1,\"name\":\"Home\",\"item\":\"https:\/\/vosgesinfo.fr\/saintdieinfo\/\"},{\"@type\":\"ListItem\",\"position\":2,\"name\":\"Rentr\u00e9e \u00ab\u00a04.0\u00a0\u00bb pour les \u00e9l\u00e8ves du lyc\u00e9e Beau-Jardin\"}]},{\"@type\":\"WebSite\",\"@id\":\"https:\/\/vosgesinfo.fr\/saintdieinfo\/#website\",\"url\":\"https:\/\/vosgesinfo.fr\/saintdieinfo\/\",\"name\":\"Saint Die Info\",\"description\":\"Toute l&#039;actualit\u00e9 de Saint-Di\u00e9-Des-Vosges\",\"publisher\":{\"@id\":\"https:\/\/vosgesinfo.fr\/saintdieinfo\/#organization\"},\"alternateName\":\"Toute l'actualit\u00e9 de Saint-Di\u00e9-Des-Vosges\",\"potentialAction\":[{\"@type\":\"SearchAction\",\"target\":{\"@type\":\"EntryPoint\",\"urlTemplate\":\"https:\/\/vosgesinfo.fr\/saintdieinfo\/?s={search_term_string}\"},\"query-input\":\"required name=search_term_string\"}],\"inLanguage\":\"fr-FR\"},{\"@type\":\"Organization\",\"@id\":\"https:\/\/vosgesinfo.fr\/saintdieinfo\/#organization\",\"name\":\"Saint Die Info\",\"url\":\"https:\/\/vosgesinfo.fr\/saintdieinfo\/\",\"logo\":{\"@type\":\"ImageObject\",\"inLanguage\":\"fr-FR\",\"@id\":\"https:\/\/vosgesinfo.fr\/saintdieinfo\/#\/schema\/logo\/image\/\",\"url\":\"https:\/\/vosgesinfo.fr\/app\/uploads\/sites\/4\/2024\/02\/logo-sdi.jpg\",\"contentUrl\":\"https:\/\/vosgesinfo.fr\/app\/uploads\/sites\/4\/2024\/02\/logo-sdi.jpg\",\"width\":600,\"height\":600,\"caption\":\"Saint Die Info\"},\"image\":{\"@id\":\"https:\/\/vosgesinfo.fr\/saintdieinfo\/#\/schema\/logo\/image\/\"},\"sameAs\":[\"https:\/\/www.facebook.com\/Saintdieinfofr\",\"https:\/\/x.com\/VosgesInfo88\",\"https:\/\/www.youtube.com\/@vosgesinfo\"]},{\"@type\":\"Person\",\"@id\":\"https:\/\/vosgesinfo.fr\/saintdieinfo\/#\/schema\/person\/fa73e9f726d67bb88f46d5b7943cb572\",\"name\":\"J.J.\",\"image\":{\"@type\":\"ImageObject\",\"inLanguage\":\"fr-FR\",\"@id\":\"https:\/\/vosgesinfo.fr\/saintdieinfo\/#\/schema\/person\/image\/\",\"url\":\"https:\/\/secure.gravatar.com\/avatar\/219e749e47ffbcca018a360ae4add7d4cdf1cdaaf8bc7676b27efade3fe65615?s=96&d=mm&r=g\",\"contentUrl\":\"https:\/\/secure.gravatar.com\/avatar\/219e749e47ffbcca018a360ae4add7d4cdf1cdaaf8bc7676b27efade3fe65615?s=96&d=mm&r=g\",\"caption\":\"J.J.\"},\"url\":\"https:\/\/vosgesinfo.fr\/saintdieinfo\/author\/j-j\/\"}]}<\/script>\n<!-- \/ Yoast SEO plugin. -->","yoast_head_json":{"title":"Rentr\u00e9e \"4.0\" pour les \u00e9l\u00e8ves du lyc\u00e9e Beau-Jardin - Saint Die Info","robots":{"index":"index","follow":"follow","max-snippet":"max-snippet:-1","max-image-preview":"max-image-preview:large","max-video-preview":"max-video-preview:-1"},"canonical":"https:\/\/vosgesinfo.fr\/saintdieinfo\/2019\/09\/rentree-4-0-eleves-lycee-beau-jardin\/","twitter_card":"summary_large_image","twitter_title":"Rentr\u00e9e \"4.0\" pour les \u00e9l\u00e8ves du lyc\u00e9e Beau-Jardin - Saint Die Info","twitter_description":"L&rsquo;une des 7 unit\u00e9s p\u00e9dagogiques de l&rsquo;ensemble scolaire Marie-de-Galil\u00e9e, le lyc\u00e9e Beau-Jardin a souhait\u00e9 s&rsquo;inscrire dans le programme \u00ab\u00a0lyc\u00e9e 4.0\u00a0\u00bb.","twitter_image":"https:\/\/vosgesinfo.fr\/app\/uploads\/sites\/4\/2024\/08\/201909beau-jardin-rentree-numerique-2.jpg","twitter_creator":"@VosgesInfo88","twitter_site":"@VosgesInfo88","twitter_misc":{"\u00c9crit par":"J.J.","Dur\u00e9e de lecture estim\u00e9e":"1 minute"},"schema":{"@context":"https:\/\/schema.org","@graph":[{"@type":"Article","@id":"https:\/\/vosgesinfo.fr\/saintdieinfo\/2019\/09\/rentree-4-0-eleves-lycee-beau-jardin\/#article","isPartOf":{"@id":"https:\/\/vosgesinfo.fr\/saintdieinfo\/2019\/09\/rentree-4-0-eleves-lycee-beau-jardin\/"},"author":{"name":"J.J.","@id":"https:\/\/vosgesinfo.fr\/saintdieinfo\/#\/schema\/person\/fa73e9f726d67bb88f46d5b7943cb572"},"headline":"Rentr\u00e9e \u00ab\u00a04.0\u00a0\u00bb pour les \u00e9l\u00e8ves du lyc\u00e9e Beau-Jardin","datePublished":"2019-09-19T06:30:36+00:00","dateModified":"2019-09-19T06:30:36+00:00","mainEntityOfPage":{"@id":"https:\/\/vosgesinfo.fr\/saintdieinfo\/2019\/09\/rentree-4-0-eleves-lycee-beau-jardin\/"},"wordCount":217,"commentCount":0,"publisher":{"@id":"https:\/\/vosgesinfo.fr\/saintdieinfo\/#organization"},"image":{"@id":"https:\/\/vosgesinfo.fr\/saintdieinfo\/2019\/09\/rentree-4-0-eleves-lycee-beau-jardin\/#primaryimage"},"thumbnailUrl":"https:\/\/vosgesinfo.fr\/app\/uploads\/sites\/4\/2024\/08\/201909beau-jardin-rentree-numerique-2.jpg","keywords":["Lyc\u00e9e 4.0","Lyc\u00e9e Beau Jardin","R\u00e9gion Grand Est"],"articleSection":["A la Une","\u00c9ducation","Saint-Di\u00e9-des-Vosges et son Agglom\u00e9ration"],"inLanguage":"fr-FR","potentialAction":[{"@type":"CommentAction","name":"Comment","target":["https:\/\/vosgesinfo.fr\/saintdieinfo\/2019\/09\/rentree-4-0-eleves-lycee-beau-jardin\/#respond"]}]},{"@type":"WebPage","@id":"https:\/\/vosgesinfo.fr\/saintdieinfo\/2019\/09\/rentree-4-0-eleves-lycee-beau-jardin\/","url":"https:\/\/vosgesinfo.fr\/saintdieinfo\/2019\/09\/rentree-4-0-eleves-lycee-beau-jardin\/","name":"Rentr\u00e9e \"4.0\" pour les \u00e9l\u00e8ves du lyc\u00e9e Beau-Jardin - Saint Die Info","isPartOf":{"@id":"https:\/\/vosgesinfo.fr\/saintdieinfo\/#website"},"primaryImageOfPage":{"@id":"https:\/\/vosgesinfo.fr\/saintdieinfo\/2019\/09\/rentree-4-0-eleves-lycee-beau-jardin\/#primaryimage"},"image":{"@id":"https:\/\/vosgesinfo.fr\/saintdieinfo\/2019\/09\/rentree-4-0-eleves-lycee-beau-jardin\/#primaryimage"},"thumbnailUrl":"https:\/\/vosgesinfo.fr\/app\/uploads\/sites\/4\/2024\/08\/201909beau-jardin-rentree-numerique-2.jpg","datePublished":"2019-09-19T06:30:36+00:00","dateModified":"2019-09-19T06:30:36+00:00","breadcrumb":{"@id":"https:\/\/vosgesinfo.fr\/saintdieinfo\/2019\/09\/rentree-4-0-eleves-lycee-beau-jardin\/#breadcrumb"},"inLanguage":"fr-FR","potentialAction":[{"@type":"ReadAction","target":["https:\/\/vosgesinfo.fr\/saintdieinfo\/2019\/09\/rentree-4-0-eleves-lycee-beau-jardin\/"]}]},{"@type":"ImageObject","inLanguage":"fr-FR","@id":"https:\/\/vosgesinfo.fr\/saintdieinfo\/2019\/09\/rentree-4-0-eleves-lycee-beau-jardin\/#primaryimage","url":"https:\/\/vosgesinfo.fr\/app\/uploads\/sites\/4\/2024\/08\/201909beau-jardin-rentree-numerique-2.jpg","contentUrl":"https:\/\/vosgesinfo.fr\/app\/uploads\/sites\/4\/2024\/08\/201909beau-jardin-rentree-numerique-2.jpg","width":1824,"height":1216},{"@type":"BreadcrumbList","@id":"https:\/\/vosgesinfo.fr\/saintdieinfo\/2019\/09\/rentree-4-0-eleves-lycee-beau-jardin\/#breadcrumb","itemListElement":[{"@type":"ListItem","position":1,"name":"Home","item":"https:\/\/vosgesinfo.fr\/saintdieinfo\/"},{"@type":"ListItem","position":2,"name":"Rentr\u00e9e \u00ab\u00a04.0\u00a0\u00bb pour les \u00e9l\u00e8ves du lyc\u00e9e Beau-Jardin"}]},{"@type":"WebSite","@id":"https:\/\/vosgesinfo.fr\/saintdieinfo\/#website","url":"https:\/\/vosgesinfo.fr\/saintdieinfo\/","name":"Saint Die Info","description":"Toute l&#039;actualit\u00e9 de Saint-Di\u00e9-Des-Vosges","publisher":{"@id":"https:\/\/vosgesinfo.fr\/saintdieinfo\/#organization"},"alternateName":"Toute l'actualit\u00e9 de Saint-Di\u00e9-Des-Vosges","potentialAction":[{"@type":"SearchAction","target":{"@type":"EntryPoint","urlTemplate":"https:\/\/vosgesinfo.fr\/saintdieinfo\/?s={search_term_string}"},"query-input":"required name=search_term_string"}],"inLanguage":"fr-FR"},{"@type":"Organization","@id":"https:\/\/vosgesinfo.fr\/saintdieinfo\/#organization","name":"Saint Die Info","url":"https:\/\/vosgesinfo.fr\/saintdieinfo\/","logo":{"@type":"ImageObject","inLanguage":"fr-FR","@id":"https:\/\/vosgesinfo.fr\/saintdieinfo\/#\/schema\/logo\/image\/","url":"https:\/\/vosgesinfo.fr\/app\/uploads\/sites\/4\/2024\/02\/logo-sdi.jpg","contentUrl":"https:\/\/vosgesinfo.fr\/app\/uploads\/sites\/4\/2024\/02\/logo-sdi.jpg","width":600,"height":600,"caption":"Saint Die Info"},"image":{"@id":"https:\/\/vosgesinfo.fr\/saintdieinfo\/#\/schema\/logo\/image\/"},"sameAs":["https:\/\/www.facebook.com\/Saintdieinfofr","https:\/\/x.com\/VosgesInfo88","https:\/\/www.youtube.com\/@vosgesinfo"]},{"@type":"Person","@id":"https:\/\/vosgesinfo.fr\/saintdieinfo\/#\/schema\/person\/fa73e9f726d67bb88f46d5b7943cb572","name":"J.J.","image":{"@type":"ImageObject","inLanguage":"fr-FR","@id":"https:\/\/vosgesinfo.fr\/saintdieinfo\/#\/schema\/person\/image\/","url":"https:\/\/secure.gravatar.com\/avatar\/219e749e47ffbcca018a360ae4add7d4cdf1cdaaf8bc7676b27efade3fe65615?s=96&d=mm&r=g","contentUrl":"https:\/\/secure.gravatar.com\/avatar\/219e749e47ffbcca018a360ae4add7d4cdf1cdaaf8bc7676b27efade3fe65615?s=96&d=mm&r=g","caption":"J.J."},"url":"https:\/\/vosgesinfo.fr\/saintdieinfo\/author\/j-j\/"}]}},"_links":{"self":[{"href":"https:\/\/vosgesinfo.fr\/saintdieinfo\/wp-json\/wp\/v2\/posts\/38237","targetHints":{"allow":["GET"]}}],"collection":[{"href":"https:\/\/vosgesinfo.fr\/saintdieinfo\/wp-json\/wp\/v2\/posts"}],"about":[{"href":"https:\/\/vosgesinfo.fr\/saintdieinfo\/wp-json\/wp\/v2\/types\/post"}],"author":[{"embeddable":true,"href":"https:\/\/vosgesinfo.fr\/saintdieinfo\/wp-json\/wp\/v2\/users\/46"}],"replies":[{"embeddable":true,"href":"https:\/\/vosgesinfo.fr\/saintdieinfo\/wp-json\/wp\/v2\/comments?post=38237"}],"version-history":[{"count":0,"href":"https:\/\/vosgesinfo.fr\/saintdieinfo\/wp-json\/wp\/v2\/posts\/38237\/revisions"}],"wp:featuredmedia":[{"embeddable":true,"href":"https:\/\/vosgesinfo.fr\/saintdieinfo\/wp-json\/wp\/v2\/media\/38238"}],"wp:attachment":[{"href":"https:\/\/vosgesinfo.fr\/saintdieinfo\/wp-json\/wp\/v2\/media?parent=38237"}],"wp:term":[{"taxonomy":"category","embeddable":true,"href":"https:\/\/vosgesinfo.fr\/saintdieinfo\/wp-json\/wp\/v2\/categories?post=38237"},{"taxonomy":"post_tag","embeddable":true,"href":"https:\/\/vosgesinfo.fr\/saintdieinfo\/wp-json\/wp\/v2\/tags?post=38237"}],"curies":[{"name":"wp","href":"https:\/\/api.w.org\/{rel}","templated":true}]}}